{"id":100,"date":"2009-02-27T15:26:59","date_gmt":"2009-02-27T12:26:59","guid":{"rendered":"http:\/\/localhost\/wordpress\/2009\/02\/27\/at\/"},"modified":"2009-02-27T15:26:59","modified_gmt":"2009-02-27T12:26:59","slug":"at","status":"publish","type":"post","link":"https:\/\/narteks.net\/index.php\/2009\/02\/27\/at\/","title":{"rendered":"AT"},"content":{"rendered":"<p>\u00a0<\/p>\n<p>Anlat bize y\u00fcr\u00fcy\u00fc\u015f\u00fcn g\u00fczelli\u011fini <br \/>ko\u015funun r\u00fczgar\u0131n\u0131, k\u00f6p\u00fcren yeleyi <br \/>toynaklar\u0131n k\u0131zg\u0131n k\u0131v\u0131lc\u0131mlar\u0131n\u0131 <\/p>\n<p>Ki\u015fneyen bir tay\u0131n sevincini anlat <br \/>\u00f6fkeyi ve sa\u011f\u0131r\u0131ndaki mahmuz yaras\u0131n\u0131 <br \/>Masallardaki \u015fehzadeleri anlat bize <\/p>\n<p>Avrad\u0131n ve silah\u0131n karde\u015fisin ya <br \/>feodal\u0131n t\u00f6resini anlat biraz da <br \/>ve terkinde ka\u00e7\u0131rd\u0131\u011f\u0131n k\u0131zlar\u0131 <\/p>\n<p>Da\u011flar\u0131 anlat bize, e\u015fkiya gecelerini <br \/>\u00f6l\u00fcmleri \u00f6l\u00fcms\u00fczl\u00fckleri anlat bize <br \/>sonra tahta\u00b4dan tunca d\u00f6n\u00fc\u015f\u00fcn\u00fc <\/p>\n<p>Sen ki hepsini g\u00f6r\u00fcp ya\u015fayans\u0131n<\/p>\n<p>AHMET TELL\u0130<\/p>\n","protected":false},"excerpt":{"rendered":"<p>\u00a0 Anlat bize y\u00fcr\u00fcy\u00fc\u015f\u00fcn g\u00fczelli\u011fini ko\u015funun r\u00fczgar\u0131n\u0131, k\u00f6p\u00fcren yeleyi toynaklar\u0131n k\u0131zg\u0131n k\u0131v\u0131lc\u0131mlar\u0131n\u0131 Ki\u015fneyen bir tay\u0131n sevincini anlat \u00f6fkeyi ve sa\u011f\u0131r\u0131ndaki mahmuz yaras\u0131n\u0131 Masallardaki \u015fehzadeleri anlat bize Avrad\u0131n ve silah\u0131n karde\u015fisin ya feodal\u0131n t\u00f6resini anlat biraz da ve terkinde ka\u00e7\u0131rd\u0131\u011f\u0131n k\u0131zlar\u0131 Da\u011flar\u0131 anlat bize, e\u015fkiya gecelerini \u00f6l\u00fcmleri \u00f6l\u00fcms\u00fczl\u00fckleri anlat bize sonra tahta\u00b4dan tunca d\u00f6n\u00fc\u015f\u00fcn\u00fc Sen ki [&hellip;]<\/p>\n","protected":false},"author":1,"featured_media":0,"comment_status":"open","ping_status":"open","sticky":false,"template":"","format":"standard","meta":{"footnotes":""},"categories":[7],"tags":[],"class_list":{"0":"post-100","1":"post","2":"type-post","3":"status-publish","4":"format-standard","6":"category-ahmet-telli"},"yoast_head":"<!-- This site is optimized with the Yoast SEO Premium plugin v24.9 (Yoast SEO v24.9) - https:\/\/yoast.com\/wordpress\/plugins\/seo\/ -->\n<title>AT - narteks.net<\/title>\n<meta name=\"robots\" content=\"index, follow, max-snippet:-1, max-image-preview:large, max-video-preview:-1\" \/>\n<link rel=\"canonical\" href=\"https:\/\/narteks.net\/index.php\/2009\/02\/27\/at\/\" \/>\n<meta property=\"og:locale\" content=\"tr_TR\" \/>\n<meta property=\"og:type\" content=\"article\" \/>\n<meta property=\"og:title\" content=\"AT\" \/>\n<meta property=\"og:description\" content=\"\u00a0 Anlat bize y\u00fcr\u00fcy\u00fc\u015f\u00fcn g\u00fczelli\u011fini ko\u015funun r\u00fczgar\u0131n\u0131, k\u00f6p\u00fcren yeleyi toynaklar\u0131n k\u0131zg\u0131n k\u0131v\u0131lc\u0131mlar\u0131n\u0131 Ki\u015fneyen bir tay\u0131n sevincini anlat \u00f6fkeyi ve sa\u011f\u0131r\u0131ndaki mahmuz yaras\u0131n\u0131 Masallardaki \u015fehzadeleri anlat bize Avrad\u0131n ve silah\u0131n karde\u015fisin ya feodal\u0131n t\u00f6resini anlat biraz da ve terkinde ka\u00e7\u0131rd\u0131\u011f\u0131n k\u0131zlar\u0131 Da\u011flar\u0131 anlat bize, e\u015fkiya gecelerini \u00f6l\u00fcmleri \u00f6l\u00fcms\u00fczl\u00fckleri anlat bize sonra tahta\u00b4dan tunca d\u00f6n\u00fc\u015f\u00fcn\u00fc Sen ki [&hellip;]\" \/>\n<meta property=\"og:url\" content=\"https:\/\/narteks.net\/index.php\/2009\/02\/27\/at\/\" \/>\n<meta property=\"og:site_name\" content=\"narteks.net\" \/>\n<meta property=\"article:published_time\" content=\"2009-02-27T12:26:59+00:00\" \/>\n<meta property=\"og:image\" content=\"https:\/\/narteks.net\/wp-content\/uploads\/narteks.png\" \/>\n\t<meta property=\"og:image:width\" content=\"300\" \/>\n\t<meta property=\"og:image:height\" content=\"90\" \/>\n\t<meta property=\"og:image:type\" content=\"image\/png\" \/>\n<meta name=\"author\" content=\"Tar\u0131k\" \/>\n<meta name=\"twitter:card\" content=\"summary_large_image\" \/>\n<meta name=\"twitter:creator\" content=\"@narteks\" \/>\n<meta name=\"twitter:site\" content=\"@narteks\" \/>\n<meta name=\"twitter:label1\" content=\"Yazan:\" \/>\n\t<meta name=\"twitter:data1\" content=\"Tar\u0131k\" \/>\n\t<meta name=\"twitter:label2\" content=\"Tahmini okuma s\u00fcresi\" \/>\n\t<meta name=\"twitter:data2\" content=\"1 dakika\" \/>\n<script type=\"application\/ld+json\" class=\"yoast-schema-graph\">{\"@context\":\"https:\/\/schema.org\",\"@graph\":[{\"@type\":\"Article\",\"@id\":\"https:\/\/narteks.net\/index.php\/2009\/02\/27\/at\/#article\",\"isPartOf\":{\"@id\":\"https:\/\/narteks.net\/index.php\/2009\/02\/27\/at\/\"},\"author\":{\"name\":\"Tar\u0131k\",\"@id\":\"https:\/\/narteks.net\/#\/schema\/person\/61f37d9834294b72d31d274e7ed79bca\"},\"headline\":\"AT\",\"datePublished\":\"2009-02-27T12:26:59+00:00\",\"mainEntityOfPage\":{\"@id\":\"https:\/\/narteks.net\/index.php\/2009\/02\/27\/at\/\"},\"wordCount\":103,\"commentCount\":0,\"publisher\":{\"@id\":\"https:\/\/narteks.net\/#organization\"},\"articleSection\":[\"Ahmet TELL\u0130\"],\"inLanguage\":\"tr\",\"potentialAction\":[{\"@type\":\"CommentAction\",\"name\":\"Comment\",\"target\":[\"https:\/\/narteks.net\/index.php\/2009\/02\/27\/at\/#respond\"]}]},{\"@type\":\"WebPage\",\"@id\":\"https:\/\/narteks.net\/index.php\/2009\/02\/27\/at\/\",\"url\":\"https:\/\/narteks.net\/index.php\/2009\/02\/27\/at\/\",\"name\":\"AT - narteks.net\",\"isPartOf\":{\"@id\":\"https:\/\/narteks.net\/#website\"},\"datePublished\":\"2009-02-27T12:26:59+00:00\",\"breadcrumb\":{\"@id\":\"https:\/\/narteks.net\/index.php\/2009\/02\/27\/at\/#breadcrumb\"},\"inLanguage\":\"tr\",\"potentialAction\":[{\"@type\":\"ReadAction\",\"target\":[\"https:\/\/narteks.net\/index.php\/2009\/02\/27\/at\/\"]}]},{\"@type\":\"BreadcrumbList\",\"@id\":\"https:\/\/narteks.net\/index.php\/2009\/02\/27\/at\/#breadcrumb\",\"itemListElement\":[{\"@type\":\"ListItem\",\"position\":1,\"name\":\"Anasayfa\",\"item\":\"https:\/\/narteks.net\/\"},{\"@type\":\"ListItem\",\"position\":2,\"name\":\"AT\"}]},{\"@type\":\"WebSite\",\"@id\":\"https:\/\/narteks.net\/#website\",\"url\":\"https:\/\/narteks.net\/\",\"name\":\"narteks.net\",\"description\":\"K\u00fclt\u00fcr Sanat Edebiyat Felsefe\",\"publisher\":{\"@id\":\"https:\/\/narteks.net\/#organization\"},\"alternateName\":\"K\u00fclt\u00fcr Sanat Edebiyat Felsefe\",\"potentialAction\":[{\"@type\":\"SearchAction\",\"target\":{\"@type\":\"EntryPoint\",\"urlTemplate\":\"https:\/\/narteks.net\/?s={search_term_string}\"},\"query-input\":{\"@type\":\"PropertyValueSpecification\",\"valueRequired\":true,\"valueName\":\"search_term_string\"}}],\"inLanguage\":\"tr\"},{\"@type\":\"Organization\",\"@id\":\"https:\/\/narteks.net\/#organization\",\"name\":\"narteks.net\",\"url\":\"https:\/\/narteks.net\/\",\"logo\":{\"@type\":\"ImageObject\",\"inLanguage\":\"tr\",\"@id\":\"https:\/\/narteks.net\/#\/schema\/logo\/image\/\",\"url\":\"https:\/\/narteks.net\/wp-content\/uploads\/narteks.png\",\"contentUrl\":\"https:\/\/narteks.net\/wp-content\/uploads\/narteks.png\",\"width\":300,\"height\":90,\"caption\":\"narteks.net\"},\"image\":{\"@id\":\"https:\/\/narteks.net\/#\/schema\/logo\/image\/\"},\"sameAs\":[\"https:\/\/x.com\/narteks\",\"https:\/\/instagram.com\/narteksnet\"]},{\"@type\":\"Person\",\"@id\":\"https:\/\/narteks.net\/#\/schema\/person\/61f37d9834294b72d31d274e7ed79bca\",\"name\":\"Tar\u0131k\",\"image\":{\"@type\":\"ImageObject\",\"inLanguage\":\"tr\",\"@id\":\"https:\/\/narteks.net\/#\/schema\/person\/image\/\",\"url\":\"https:\/\/secure.gravatar.com\/avatar\/50865afb55632c4ae467e0af0930f6510aa2297d8014be502a55b14f3b7550cf?s=96&d=mm&r=g\",\"contentUrl\":\"https:\/\/secure.gravatar.com\/avatar\/50865afb55632c4ae467e0af0930f6510aa2297d8014be502a55b14f3b7550cf?s=96&d=mm&r=g\",\"caption\":\"Tar\u0131k\"},\"sameAs\":[\"http:\/\/narteks.net\"],\"url\":\"https:\/\/narteks.net\/index.php\/author\/narbak\/\"}]}<\/script>\n<!-- \/ Yoast SEO Premium plugin. -->","yoast_head_json":{"title":"AT - narteks.net","robots":{"index":"index","follow":"follow","max-snippet":"max-snippet:-1","max-image-preview":"max-image-preview:large","max-video-preview":"max-video-preview:-1"},"canonical":"https:\/\/narteks.net\/index.php\/2009\/02\/27\/at\/","og_locale":"tr_TR","og_type":"article","og_title":"AT","og_description":"\u00a0 Anlat bize y\u00fcr\u00fcy\u00fc\u015f\u00fcn g\u00fczelli\u011fini ko\u015funun r\u00fczgar\u0131n\u0131, k\u00f6p\u00fcren yeleyi toynaklar\u0131n k\u0131zg\u0131n k\u0131v\u0131lc\u0131mlar\u0131n\u0131 Ki\u015fneyen bir tay\u0131n sevincini anlat \u00f6fkeyi ve sa\u011f\u0131r\u0131ndaki mahmuz yaras\u0131n\u0131 Masallardaki \u015fehzadeleri anlat bize Avrad\u0131n ve silah\u0131n karde\u015fisin ya feodal\u0131n t\u00f6resini anlat biraz da ve terkinde ka\u00e7\u0131rd\u0131\u011f\u0131n k\u0131zlar\u0131 Da\u011flar\u0131 anlat bize, e\u015fkiya gecelerini \u00f6l\u00fcmleri \u00f6l\u00fcms\u00fczl\u00fckleri anlat bize sonra tahta\u00b4dan tunca d\u00f6n\u00fc\u015f\u00fcn\u00fc Sen ki [&hellip;]","og_url":"https:\/\/narteks.net\/index.php\/2009\/02\/27\/at\/","og_site_name":"narteks.net","article_published_time":"2009-02-27T12:26:59+00:00","og_image":[{"width":300,"height":90,"url":"https:\/\/narteks.net\/wp-content\/uploads\/narteks.png","type":"image\/png"}],"author":"Tar\u0131k","twitter_card":"summary_large_image","twitter_creator":"@narteks","twitter_site":"@narteks","twitter_misc":{"Yazan:":"Tar\u0131k","Tahmini okuma s\u00fcresi":"1 dakika"},"schema":{"@context":"https:\/\/schema.org","@graph":[{"@type":"Article","@id":"https:\/\/narteks.net\/index.php\/2009\/02\/27\/at\/#article","isPartOf":{"@id":"https:\/\/narteks.net\/index.php\/2009\/02\/27\/at\/"},"author":{"name":"Tar\u0131k","@id":"https:\/\/narteks.net\/#\/schema\/person\/61f37d9834294b72d31d274e7ed79bca"},"headline":"AT","datePublished":"2009-02-27T12:26:59+00:00","mainEntityOfPage":{"@id":"https:\/\/narteks.net\/index.php\/2009\/02\/27\/at\/"},"wordCount":103,"commentCount":0,"publisher":{"@id":"https:\/\/narteks.net\/#organization"},"articleSection":["Ahmet TELL\u0130"],"inLanguage":"tr","potentialAction":[{"@type":"CommentAction","name":"Comment","target":["https:\/\/narteks.net\/index.php\/2009\/02\/27\/at\/#respond"]}]},{"@type":"WebPage","@id":"https:\/\/narteks.net\/index.php\/2009\/02\/27\/at\/","url":"https:\/\/narteks.net\/index.php\/2009\/02\/27\/at\/","name":"AT - narteks.net","isPartOf":{"@id":"https:\/\/narteks.net\/#website"},"datePublished":"2009-02-27T12:26:59+00:00","breadcrumb":{"@id":"https:\/\/narteks.net\/index.php\/2009\/02\/27\/at\/#breadcrumb"},"inLanguage":"tr","potentialAction":[{"@type":"ReadAction","target":["https:\/\/narteks.net\/index.php\/2009\/02\/27\/at\/"]}]},{"@type":"BreadcrumbList","@id":"https:\/\/narteks.net\/index.php\/2009\/02\/27\/at\/#breadcrumb","itemListElement":[{"@type":"ListItem","position":1,"name":"Anasayfa","item":"https:\/\/narteks.net\/"},{"@type":"ListItem","position":2,"name":"AT"}]},{"@type":"WebSite","@id":"https:\/\/narteks.net\/#website","url":"https:\/\/narteks.net\/","name":"narteks.net","description":"K\u00fclt\u00fcr Sanat Edebiyat Felsefe","publisher":{"@id":"https:\/\/narteks.net\/#organization"},"alternateName":"K\u00fclt\u00fcr Sanat Edebiyat Felsefe","potentialAction":[{"@type":"SearchAction","target":{"@type":"EntryPoint","urlTemplate":"https:\/\/narteks.net\/?s={search_term_string}"},"query-input":{"@type":"PropertyValueSpecification","valueRequired":true,"valueName":"search_term_string"}}],"inLanguage":"tr"},{"@type":"Organization","@id":"https:\/\/narteks.net\/#organization","name":"narteks.net","url":"https:\/\/narteks.net\/","logo":{"@type":"ImageObject","inLanguage":"tr","@id":"https:\/\/narteks.net\/#\/schema\/logo\/image\/","url":"https:\/\/narteks.net\/wp-content\/uploads\/narteks.png","contentUrl":"https:\/\/narteks.net\/wp-content\/uploads\/narteks.png","width":300,"height":90,"caption":"narteks.net"},"image":{"@id":"https:\/\/narteks.net\/#\/schema\/logo\/image\/"},"sameAs":["https:\/\/x.com\/narteks","https:\/\/instagram.com\/narteksnet"]},{"@type":"Person","@id":"https:\/\/narteks.net\/#\/schema\/person\/61f37d9834294b72d31d274e7ed79bca","name":"Tar\u0131k","image":{"@type":"ImageObject","inLanguage":"tr","@id":"https:\/\/narteks.net\/#\/schema\/person\/image\/","url":"https:\/\/secure.gravatar.com\/avatar\/50865afb55632c4ae467e0af0930f6510aa2297d8014be502a55b14f3b7550cf?s=96&d=mm&r=g","contentUrl":"https:\/\/secure.gravatar.com\/avatar\/50865afb55632c4ae467e0af0930f6510aa2297d8014be502a55b14f3b7550cf?s=96&d=mm&r=g","caption":"Tar\u0131k"},"sameAs":["http:\/\/narteks.net"],"url":"https:\/\/narteks.net\/index.php\/author\/narbak\/"}]}},"_links":{"self":[{"href":"https:\/\/narteks.net\/index.php\/wp-json\/wp\/v2\/posts\/100","targetHints":{"allow":["GET"]}}],"collection":[{"href":"https:\/\/narteks.net\/index.php\/wp-json\/wp\/v2\/posts"}],"about":[{"href":"https:\/\/narteks.net\/index.php\/wp-json\/wp\/v2\/types\/post"}],"author":[{"embeddable":true,"href":"https:\/\/narteks.net\/index.php\/wp-json\/wp\/v2\/users\/1"}],"replies":[{"embeddable":true,"href":"https:\/\/narteks.net\/index.php\/wp-json\/wp\/v2\/comments?post=100"}],"version-history":[{"count":0,"href":"https:\/\/narteks.net\/index.php\/wp-json\/wp\/v2\/posts\/100\/revisions"}],"wp:attachment":[{"href":"https:\/\/narteks.net\/index.php\/wp-json\/wp\/v2\/media?parent=100"}],"wp:term":[{"taxonomy":"category","embeddable":true,"href":"https:\/\/narteks.net\/index.php\/wp-json\/wp\/v2\/categories?post=100"},{"taxonomy":"post_tag","embeddable":true,"href":"https:\/\/narteks.net\/index.php\/wp-json\/wp\/v2\/tags?post=100"}],"curies":[{"name":"wp","href":"https:\/\/api.w.org\/{rel}","templated":true}]}}