{"id":1001,"date":"2009-11-05T11:16:58","date_gmt":"2009-11-05T08:16:58","guid":{"rendered":"http:\/\/localhost\/wordpress\/2009\/11\/05\/guz-ciceklerinden-nazima-bir-celenk\/"},"modified":"2009-11-05T11:16:58","modified_gmt":"2009-11-05T08:16:58","slug":"guz-ciceklerinden-nazima-bir-celenk","status":"publish","type":"post","link":"https:\/\/narteks.net\/index.php\/2009\/11\/05\/guz-ciceklerinden-nazima-bir-celenk\/","title":{"rendered":"G\u00dcZ \u00c7\u0130\u00c7EKLER\u0130NDEN N\u00c2ZIMA B\u0130R \u00c7ELENK"},"content":{"rendered":"<p>\u00a0<\/p>\n<p>Ni\u00e7in \u00f6ld\u00fcn Naz\u0131m?<br \/> ne yapar\u0131z \u015fimdi biz<br \/> \u015fark\u0131lar\u0131ndan yoksun?<\/p>\n<p>Nerde buluruz ba\u015fka bir p\u0131nar ki<br \/> orda bizi kar\u015f\u0131lad\u0131\u011f\u0131n g\u00fcl\u00fcmseme olsun?<\/p>\n<p>Seninki gibi ate\u015fle su kar\u0131\u015f\u0131k<br \/> ac\u0131yla sevin\u00e7 dolu<br \/> ger\u00e7e\u011fe \u00e7a\u011f\u0131ran bak\u0131\u015f\u0131 nerde<br \/> bulal\u0131m?<\/p>\n<p>Karde\u015fim,<br \/> \u00f6yle yeni duygular, d\u00fc\u015f\u00fcnceler yaratt\u0131n ki<br \/> bende,<br \/> denizden esen ac\u0131 r\u00fczg\u00e2r<br \/> kapacak olsa bunlar\u0131<br \/> bulut gibi, yaprak gibi s\u00fcr\u00fcklenir<br \/> ya\u015farken se\u00e7ti\u011fin<br \/> ve \u00f6l\u00fcm\u00fcnden sonra sana bar\u0131nak olan<br \/> oraya, uzak topra\u011fa d\u00fc\u015ferler.<\/p>\n<p>Al sana bir demet \u015eili kas\u0131mpat\u0131lar\u0131<br \/> al g\u00fcney denizleri \u00fcst\u00fcndeki ay\u0131n so\u011fuk parlakl\u0131\u011f\u0131n\u0131,<br \/> halklar\u0131n sava\u015f\u0131n\u0131, kendi d\u00f6v\u00fc\u015f\u00fcm\u00fc<br \/> ve yurdumun kederli davullar\u0131n\u0131n bo\u011fuk<br \/> g\u00fcr\u00fclt\u00fcs\u00fcn\u00fc<br \/> karde\u015fim benim, d\u00fcnyada nas\u0131l yaln\u0131z\u0131m sensiz,<br \/> \u00e7i\u00e7ek a\u00e7m\u0131\u015f kiraz a\u011fac\u0131n\u0131n alt\u0131n\u0131na benzeyen<br \/> y\u00fcz\u00fcne hasret,<br \/> benim i\u00e7in ekmek olan, susuzlu\u011fumu gideren, kan\u0131ma<br \/> g\u00fc\u00e7 veren<br \/> dostlu\u011fundan yoksun.<\/p>\n<p>Hapisten \u00e7\u0131kt\u0131\u011f\u0131nda kar\u015f\u0131la\u015fm\u0131\u015ft\u0131k seninle,<br \/> zorbal\u0131k ve ac\u0131 kuyusu gibi lo\u015f hapisten,<br \/> zulm\u00fcn izlerini g\u00f6rm\u00fc\u015ft\u00fcm ellerinde,<br \/> kinin oklar\u0131n\u0131 aram\u0131\u015ft\u0131m g\u00f6zlerinde,<br \/> ama parlak bir y\u00fcre\u011fin vard\u0131,<br \/> yara ve \u0131\u015f\u0131k dolu bir y\u00fcrek.<\/p>\n<p>Ne yapay\u0131m ben \u015fimdi?<br \/> Tasarlanabilir mi d\u00fcnya<br \/> her yan\u0131na ekti\u011fin \u00e7i\u00e7ekler olmadan<br \/> Nas\u0131l ya\u015famal\u0131 seni \u00f6rnek almadan,<br \/> senin halk zekan\u0131, ozanl\u0131k g\u00fcc\u00fcn\u00fc duymadan?<br \/> B\u00f6yle oldu\u011fun i\u00e7in te\u015fekk\u00fcrler,<br \/> te\u015fekk\u00fcrler t\u00fcrk\u00fclerinle yakt\u0131\u011f\u0131n ate\u015f i\u00e7in.<\/p>\n","protected":false},"excerpt":{"rendered":"<p>\u00a0 Ni\u00e7in \u00f6ld\u00fcn Naz\u0131m? ne yapar\u0131z \u015fimdi biz \u015fark\u0131lar\u0131ndan yoksun? Nerde buluruz ba\u015fka bir p\u0131nar ki orda bizi kar\u015f\u0131lad\u0131\u011f\u0131n g\u00fcl\u00fcmseme olsun? Seninki gibi ate\u015fle su kar\u0131\u015f\u0131k ac\u0131yla sevin\u00e7 dolu ger\u00e7e\u011fe \u00e7a\u011f\u0131ran bak\u0131\u015f\u0131 nerde bulal\u0131m? Karde\u015fim, \u00f6yle yeni duygular, d\u00fc\u015f\u00fcnceler yaratt\u0131n ki bende, denizden esen ac\u0131 r\u00fczg\u00e2r kapacak olsa bunlar\u0131 bulut gibi, yaprak gibi s\u00fcr\u00fcklenir ya\u015farken [&hellip;]<\/p>\n","protected":false},"author":1,"featured_media":0,"comment_status":"open","ping_status":"open","sticky":false,"template":"","format":"standard","meta":{"footnotes":""},"categories":[175],"tags":[],"class_list":{"0":"post-1001","1":"post","2":"type-post","3":"status-publish","4":"format-standard","6":"category-pablo-neruda"},"yoast_head":"<!-- This site is optimized with the Yoast SEO Premium plugin v24.9 (Yoast SEO v24.9) - https:\/\/yoast.com\/wordpress\/plugins\/seo\/ -->\n<title>G\u00dcZ \u00c7\u0130\u00c7EKLER\u0130NDEN N\u00c2ZIMA B\u0130R \u00c7ELENK - narteks.net<\/title>\n<meta name=\"robots\" content=\"index, follow, max-snippet:-1, max-image-preview:large, max-video-preview:-1\" \/>\n<link rel=\"canonical\" href=\"https:\/\/narteks.net\/index.php\/2009\/11\/05\/guz-ciceklerinden-nazima-bir-celenk\/\" \/>\n<meta property=\"og:locale\" content=\"tr_TR\" \/>\n<meta property=\"og:type\" content=\"article\" \/>\n<meta property=\"og:title\" content=\"G\u00dcZ \u00c7\u0130\u00c7EKLER\u0130NDEN N\u00c2ZIMA B\u0130R \u00c7ELENK\" \/>\n<meta property=\"og:description\" content=\"\u00a0 Ni\u00e7in \u00f6ld\u00fcn Naz\u0131m? ne yapar\u0131z \u015fimdi biz \u015fark\u0131lar\u0131ndan yoksun? Nerde buluruz ba\u015fka bir p\u0131nar ki orda bizi kar\u015f\u0131lad\u0131\u011f\u0131n g\u00fcl\u00fcmseme olsun? Seninki gibi ate\u015fle su kar\u0131\u015f\u0131k ac\u0131yla sevin\u00e7 dolu ger\u00e7e\u011fe \u00e7a\u011f\u0131ran bak\u0131\u015f\u0131 nerde bulal\u0131m? Karde\u015fim, \u00f6yle yeni duygular, d\u00fc\u015f\u00fcnceler yaratt\u0131n ki bende, denizden esen ac\u0131 r\u00fczg\u00e2r kapacak olsa bunlar\u0131 bulut gibi, yaprak gibi s\u00fcr\u00fcklenir ya\u015farken [&hellip;]\" \/>\n<meta property=\"og:url\" content=\"https:\/\/narteks.net\/index.php\/2009\/11\/05\/guz-ciceklerinden-nazima-bir-celenk\/\" \/>\n<meta property=\"og:site_name\" content=\"narteks.net\" \/>\n<meta property=\"article:published_time\" content=\"2009-11-05T08:16:58+00:00\" \/>\n<meta property=\"og:image\" content=\"https:\/\/narteks.net\/wp-content\/uploads\/narteks.png\" \/>\n\t<meta property=\"og:image:width\" content=\"300\" \/>\n\t<meta property=\"og:image:height\" content=\"90\" \/>\n\t<meta property=\"og:image:type\" content=\"image\/png\" \/>\n<meta name=\"author\" content=\"Tar\u0131k\" \/>\n<meta name=\"twitter:card\" content=\"summary_large_image\" \/>\n<meta name=\"twitter:creator\" content=\"@narteks\" \/>\n<meta name=\"twitter:site\" content=\"@narteks\" \/>\n<meta name=\"twitter:label1\" content=\"Yazan:\" \/>\n\t<meta name=\"twitter:data1\" content=\"Tar\u0131k\" \/>\n\t<meta name=\"twitter:label2\" content=\"Tahmini okuma s\u00fcresi\" \/>\n\t<meta name=\"twitter:data2\" content=\"1 dakika\" \/>\n<script type=\"application\/ld+json\" class=\"yoast-schema-graph\">{\"@context\":\"https:\/\/schema.org\",\"@graph\":[{\"@type\":\"Article\",\"@id\":\"https:\/\/narteks.net\/index.php\/2009\/11\/05\/guz-ciceklerinden-nazima-bir-celenk\/#article\",\"isPartOf\":{\"@id\":\"https:\/\/narteks.net\/index.php\/2009\/11\/05\/guz-ciceklerinden-nazima-bir-celenk\/\"},\"author\":{\"name\":\"Tar\u0131k\",\"@id\":\"https:\/\/narteks.net\/#\/schema\/person\/61f37d9834294b72d31d274e7ed79bca\"},\"headline\":\"G\u00dcZ \u00c7\u0130\u00c7EKLER\u0130NDEN N\u00c2ZIMA B\u0130R \u00c7ELENK\",\"datePublished\":\"2009-11-05T08:16:58+00:00\",\"mainEntityOfPage\":{\"@id\":\"https:\/\/narteks.net\/index.php\/2009\/11\/05\/guz-ciceklerinden-nazima-bir-celenk\/\"},\"wordCount\":292,\"commentCount\":0,\"publisher\":{\"@id\":\"https:\/\/narteks.net\/#organization\"},\"articleSection\":[\"Pablo NERUDA\"],\"inLanguage\":\"tr\",\"potentialAction\":[{\"@type\":\"CommentAction\",\"name\":\"Comment\",\"target\":[\"https:\/\/narteks.net\/index.php\/2009\/11\/05\/guz-ciceklerinden-nazima-bir-celenk\/#respond\"]}]},{\"@type\":\"WebPage\",\"@id\":\"https:\/\/narteks.net\/index.php\/2009\/11\/05\/guz-ciceklerinden-nazima-bir-celenk\/\",\"url\":\"https:\/\/narteks.net\/index.php\/2009\/11\/05\/guz-ciceklerinden-nazima-bir-celenk\/\",\"name\":\"G\u00dcZ \u00c7\u0130\u00c7EKLER\u0130NDEN N\u00c2ZIMA B\u0130R \u00c7ELENK - narteks.net\",\"isPartOf\":{\"@id\":\"https:\/\/narteks.net\/#website\"},\"datePublished\":\"2009-11-05T08:16:58+00:00\",\"breadcrumb\":{\"@id\":\"https:\/\/narteks.net\/index.php\/2009\/11\/05\/guz-ciceklerinden-nazima-bir-celenk\/#breadcrumb\"},\"inLanguage\":\"tr\",\"potentialAction\":[{\"@type\":\"ReadAction\",\"target\":[\"https:\/\/narteks.net\/index.php\/2009\/11\/05\/guz-ciceklerinden-nazima-bir-celenk\/\"]}]},{\"@type\":\"BreadcrumbList\",\"@id\":\"https:\/\/narteks.net\/index.php\/2009\/11\/05\/guz-ciceklerinden-nazima-bir-celenk\/#breadcrumb\",\"itemListElement\":[{\"@type\":\"ListItem\",\"position\":1,\"name\":\"Anasayfa\",\"item\":\"https:\/\/narteks.net\/\"},{\"@type\":\"ListItem\",\"position\":2,\"name\":\"G\u00dcZ \u00c7\u0130\u00c7EKLER\u0130NDEN N\u00c2ZIMA B\u0130R \u00c7ELENK\"}]},{\"@type\":\"WebSite\",\"@id\":\"https:\/\/narteks.net\/#website\",\"url\":\"https:\/\/narteks.net\/\",\"name\":\"narteks.net\",\"description\":\"K\u00fclt\u00fcr Sanat Edebiyat Felsefe\",\"publisher\":{\"@id\":\"https:\/\/narteks.net\/#organization\"},\"alternateName\":\"K\u00fclt\u00fcr Sanat Edebiyat Felsefe\",\"potentialAction\":[{\"@type\":\"SearchAction\",\"target\":{\"@type\":\"EntryPoint\",\"urlTemplate\":\"https:\/\/narteks.net\/?s={search_term_string}\"},\"query-input\":{\"@type\":\"PropertyValueSpecification\",\"valueRequired\":true,\"valueName\":\"search_term_string\"}}],\"inLanguage\":\"tr\"},{\"@type\":\"Organization\",\"@id\":\"https:\/\/narteks.net\/#organization\",\"name\":\"narteks.net\",\"url\":\"https:\/\/narteks.net\/\",\"logo\":{\"@type\":\"ImageObject\",\"inLanguage\":\"tr\",\"@id\":\"https:\/\/narteks.net\/#\/schema\/logo\/image\/\",\"url\":\"https:\/\/narteks.net\/wp-content\/uploads\/narteks.png\",\"contentUrl\":\"https:\/\/narteks.net\/wp-content\/uploads\/narteks.png\",\"width\":300,\"height\":90,\"caption\":\"narteks.net\"},\"image\":{\"@id\":\"https:\/\/narteks.net\/#\/schema\/logo\/image\/\"},\"sameAs\":[\"https:\/\/x.com\/narteks\",\"https:\/\/instagram.com\/narteksnet\"]},{\"@type\":\"Person\",\"@id\":\"https:\/\/narteks.net\/#\/schema\/person\/61f37d9834294b72d31d274e7ed79bca\",\"name\":\"Tar\u0131k\",\"image\":{\"@type\":\"ImageObject\",\"inLanguage\":\"tr\",\"@id\":\"https:\/\/narteks.net\/#\/schema\/person\/image\/\",\"url\":\"https:\/\/secure.gravatar.com\/avatar\/50865afb55632c4ae467e0af0930f6510aa2297d8014be502a55b14f3b7550cf?s=96&d=mm&r=g\",\"contentUrl\":\"https:\/\/secure.gravatar.com\/avatar\/50865afb55632c4ae467e0af0930f6510aa2297d8014be502a55b14f3b7550cf?s=96&d=mm&r=g\",\"caption\":\"Tar\u0131k\"},\"sameAs\":[\"http:\/\/narteks.net\"],\"url\":\"https:\/\/narteks.net\/index.php\/author\/narbak\/\"}]}<\/script>\n<!-- \/ Yoast SEO Premium plugin. -->","yoast_head_json":{"title":"G\u00dcZ \u00c7\u0130\u00c7EKLER\u0130NDEN N\u00c2ZIMA B\u0130R \u00c7ELENK - narteks.net","robots":{"index":"index","follow":"follow","max-snippet":"max-snippet:-1","max-image-preview":"max-image-preview:large","max-video-preview":"max-video-preview:-1"},"canonical":"https:\/\/narteks.net\/index.php\/2009\/11\/05\/guz-ciceklerinden-nazima-bir-celenk\/","og_locale":"tr_TR","og_type":"article","og_title":"G\u00dcZ \u00c7\u0130\u00c7EKLER\u0130NDEN N\u00c2ZIMA B\u0130R \u00c7ELENK","og_description":"\u00a0 Ni\u00e7in \u00f6ld\u00fcn Naz\u0131m? ne yapar\u0131z \u015fimdi biz \u015fark\u0131lar\u0131ndan yoksun? Nerde buluruz ba\u015fka bir p\u0131nar ki orda bizi kar\u015f\u0131lad\u0131\u011f\u0131n g\u00fcl\u00fcmseme olsun? Seninki gibi ate\u015fle su kar\u0131\u015f\u0131k ac\u0131yla sevin\u00e7 dolu ger\u00e7e\u011fe \u00e7a\u011f\u0131ran bak\u0131\u015f\u0131 nerde bulal\u0131m? Karde\u015fim, \u00f6yle yeni duygular, d\u00fc\u015f\u00fcnceler yaratt\u0131n ki bende, denizden esen ac\u0131 r\u00fczg\u00e2r kapacak olsa bunlar\u0131 bulut gibi, yaprak gibi s\u00fcr\u00fcklenir ya\u015farken [&hellip;]","og_url":"https:\/\/narteks.net\/index.php\/2009\/11\/05\/guz-ciceklerinden-nazima-bir-celenk\/","og_site_name":"narteks.net","article_published_time":"2009-11-05T08:16:58+00:00","og_image":[{"width":300,"height":90,"url":"https:\/\/narteks.net\/wp-content\/uploads\/narteks.png","type":"image\/png"}],"author":"Tar\u0131k","twitter_card":"summary_large_image","twitter_creator":"@narteks","twitter_site":"@narteks","twitter_misc":{"Yazan:":"Tar\u0131k","Tahmini okuma s\u00fcresi":"1 dakika"},"schema":{"@context":"https:\/\/schema.org","@graph":[{"@type":"Article","@id":"https:\/\/narteks.net\/index.php\/2009\/11\/05\/guz-ciceklerinden-nazima-bir-celenk\/#article","isPartOf":{"@id":"https:\/\/narteks.net\/index.php\/2009\/11\/05\/guz-ciceklerinden-nazima-bir-celenk\/"},"author":{"name":"Tar\u0131k","@id":"https:\/\/narteks.net\/#\/schema\/person\/61f37d9834294b72d31d274e7ed79bca"},"headline":"G\u00dcZ \u00c7\u0130\u00c7EKLER\u0130NDEN N\u00c2ZIMA B\u0130R \u00c7ELENK","datePublished":"2009-11-05T08:16:58+00:00","mainEntityOfPage":{"@id":"https:\/\/narteks.net\/index.php\/2009\/11\/05\/guz-ciceklerinden-nazima-bir-celenk\/"},"wordCount":292,"commentCount":0,"publisher":{"@id":"https:\/\/narteks.net\/#organization"},"articleSection":["Pablo NERUDA"],"inLanguage":"tr","potentialAction":[{"@type":"CommentAction","name":"Comment","target":["https:\/\/narteks.net\/index.php\/2009\/11\/05\/guz-ciceklerinden-nazima-bir-celenk\/#respond"]}]},{"@type":"WebPage","@id":"https:\/\/narteks.net\/index.php\/2009\/11\/05\/guz-ciceklerinden-nazima-bir-celenk\/","url":"https:\/\/narteks.net\/index.php\/2009\/11\/05\/guz-ciceklerinden-nazima-bir-celenk\/","name":"G\u00dcZ \u00c7\u0130\u00c7EKLER\u0130NDEN N\u00c2ZIMA B\u0130R \u00c7ELENK - narteks.net","isPartOf":{"@id":"https:\/\/narteks.net\/#website"},"datePublished":"2009-11-05T08:16:58+00:00","breadcrumb":{"@id":"https:\/\/narteks.net\/index.php\/2009\/11\/05\/guz-ciceklerinden-nazima-bir-celenk\/#breadcrumb"},"inLanguage":"tr","potentialAction":[{"@type":"ReadAction","target":["https:\/\/narteks.net\/index.php\/2009\/11\/05\/guz-ciceklerinden-nazima-bir-celenk\/"]}]},{"@type":"BreadcrumbList","@id":"https:\/\/narteks.net\/index.php\/2009\/11\/05\/guz-ciceklerinden-nazima-bir-celenk\/#breadcrumb","itemListElement":[{"@type":"ListItem","position":1,"name":"Anasayfa","item":"https:\/\/narteks.net\/"},{"@type":"ListItem","position":2,"name":"G\u00dcZ \u00c7\u0130\u00c7EKLER\u0130NDEN N\u00c2ZIMA B\u0130R \u00c7ELENK"}]},{"@type":"WebSite","@id":"https:\/\/narteks.net\/#website","url":"https:\/\/narteks.net\/","name":"narteks.net","description":"K\u00fclt\u00fcr Sanat Edebiyat Felsefe","publisher":{"@id":"https:\/\/narteks.net\/#organization"},"alternateName":"K\u00fclt\u00fcr Sanat Edebiyat Felsefe","potentialAction":[{"@type":"SearchAction","target":{"@type":"EntryPoint","urlTemplate":"https:\/\/narteks.net\/?s={search_term_string}"},"query-input":{"@type":"PropertyValueSpecification","valueRequired":true,"valueName":"search_term_string"}}],"inLanguage":"tr"},{"@type":"Organization","@id":"https:\/\/narteks.net\/#organization","name":"narteks.net","url":"https:\/\/narteks.net\/","logo":{"@type":"ImageObject","inLanguage":"tr","@id":"https:\/\/narteks.net\/#\/schema\/logo\/image\/","url":"https:\/\/narteks.net\/wp-content\/uploads\/narteks.png","contentUrl":"https:\/\/narteks.net\/wp-content\/uploads\/narteks.png","width":300,"height":90,"caption":"narteks.net"},"image":{"@id":"https:\/\/narteks.net\/#\/schema\/logo\/image\/"},"sameAs":["https:\/\/x.com\/narteks","https:\/\/instagram.com\/narteksnet"]},{"@type":"Person","@id":"https:\/\/narteks.net\/#\/schema\/person\/61f37d9834294b72d31d274e7ed79bca","name":"Tar\u0131k","image":{"@type":"ImageObject","inLanguage":"tr","@id":"https:\/\/narteks.net\/#\/schema\/person\/image\/","url":"https:\/\/secure.gravatar.com\/avatar\/50865afb55632c4ae467e0af0930f6510aa2297d8014be502a55b14f3b7550cf?s=96&d=mm&r=g","contentUrl":"https:\/\/secure.gravatar.com\/avatar\/50865afb55632c4ae467e0af0930f6510aa2297d8014be502a55b14f3b7550cf?s=96&d=mm&r=g","caption":"Tar\u0131k"},"sameAs":["http:\/\/narteks.net"],"url":"https:\/\/narteks.net\/index.php\/author\/narbak\/"}]}},"_links":{"self":[{"href":"https:\/\/narteks.net\/index.php\/wp-json\/wp\/v2\/posts\/1001","targetHints":{"allow":["GET"]}}],"collection":[{"href":"https:\/\/narteks.net\/index.php\/wp-json\/wp\/v2\/posts"}],"about":[{"href":"https:\/\/narteks.net\/index.php\/wp-json\/wp\/v2\/types\/post"}],"author":[{"embeddable":true,"href":"https:\/\/narteks.net\/index.php\/wp-json\/wp\/v2\/users\/1"}],"replies":[{"embeddable":true,"href":"https:\/\/narteks.net\/index.php\/wp-json\/wp\/v2\/comments?post=1001"}],"version-history":[{"count":0,"href":"https:\/\/narteks.net\/index.php\/wp-json\/wp\/v2\/posts\/1001\/revisions"}],"wp:attachment":[{"href":"https:\/\/narteks.net\/index.php\/wp-json\/wp\/v2\/media?parent=1001"}],"wp:term":[{"taxonomy":"category","embeddable":true,"href":"https:\/\/narteks.net\/index.php\/wp-json\/wp\/v2\/categories?post=1001"},{"taxonomy":"post_tag","embeddable":true,"href":"https:\/\/narteks.net\/index.php\/wp-json\/wp\/v2\/tags?post=1001"}],"curies":[{"name":"wp","href":"https:\/\/api.w.org\/{rel}","templated":true}]}}