{"id":1002,"date":"2009-11-05T11:17:39","date_gmt":"2009-11-05T08:17:39","guid":{"rendered":"http:\/\/localhost\/wordpress\/2009\/11\/05\/matilde-icin-sone\/"},"modified":"2009-11-05T11:17:39","modified_gmt":"2009-11-05T08:17:39","slug":"matilde-icin-sone","status":"publish","type":"post","link":"https:\/\/narteks.net\/index.php\/2009\/11\/05\/matilde-icin-sone\/","title":{"rendered":"MATILDE \u0130\u00c7\u0130N SONE"},"content":{"rendered":"<p>\u00a0<\/p>\n<p>Seni sevdi\u011fimi g\u00f6receksin sevmedi\u011fim zaman,<br \/> \u00e7\u00fcnk\u00fc iki y\u00fcz\u00fcyle \u00e7\u0131kar kar\u015f\u0131na hayat.<br \/> Bir s\u00f6zc\u00fck sessizli\u011fin kanad\u0131 olur bakars\u0131n<br \/> ate\u015f de pay al\u0131r kendine so\u011fuktan.<\/p>\n<p>Seni sevmeye ba\u015flamak i\u00e7in seviyorum seni,<br \/> sana olan sevgimi sonsuzla\u015ft\u0131racak<br \/> bir yolculu\u011fa yeniden ba\u015flamak i\u00e7in:<br \/> bu y\u00fczden \u015fimdilik sevmiyorum seni.<\/p>\n<p>Sanki ellerimdeymi\u015f gibi mutlulu\u011fun<br \/> ve h\u00fcz\u00fcn dolu belirsiz bir yar\u0131n\u0131n anahtarlar\u0131<br \/> hem seviyorum, hem de sevmiyorum seni.<\/p>\n<p>Sevgimin iki can\u0131 var seni sevmeye.<br \/> Bu y\u00fczden sevmezken seviyorum seni<br \/> ve bu y\u00fczden severken seviyorum seni.<\/p>\n","protected":false},"excerpt":{"rendered":"<p>\u00a0 Seni sevdi\u011fimi g\u00f6receksin sevmedi\u011fim zaman, \u00e7\u00fcnk\u00fc iki y\u00fcz\u00fcyle \u00e7\u0131kar kar\u015f\u0131na hayat. Bir s\u00f6zc\u00fck sessizli\u011fin kanad\u0131 olur bakars\u0131n ate\u015f de pay al\u0131r kendine so\u011fuktan. Seni sevmeye ba\u015flamak i\u00e7in seviyorum seni, sana olan sevgimi sonsuzla\u015ft\u0131racak bir yolculu\u011fa yeniden ba\u015flamak i\u00e7in: bu y\u00fczden \u015fimdilik sevmiyorum seni. Sanki ellerimdeymi\u015f gibi mutlulu\u011fun ve h\u00fcz\u00fcn dolu belirsiz bir yar\u0131n\u0131n anahtarlar\u0131 [&hellip;]<\/p>\n","protected":false},"author":1,"featured_media":0,"comment_status":"open","ping_status":"open","sticky":false,"template":"","format":"standard","meta":{"footnotes":""},"categories":[175],"tags":[],"class_list":{"0":"post-1002","1":"post","2":"type-post","3":"status-publish","4":"format-standard","6":"category-pablo-neruda"},"yoast_head":"<!-- This site is optimized with the Yoast SEO Premium plugin v24.9 (Yoast SEO v24.9) - https:\/\/yoast.com\/wordpress\/plugins\/seo\/ -->\n<title>MATILDE \u0130\u00c7\u0130N SONE - narteks.net<\/title>\n<meta name=\"robots\" content=\"index, follow, max-snippet:-1, max-image-preview:large, max-video-preview:-1\" \/>\n<link rel=\"canonical\" href=\"https:\/\/narteks.net\/index.php\/2009\/11\/05\/matilde-icin-sone\/\" \/>\n<meta property=\"og:locale\" content=\"tr_TR\" \/>\n<meta property=\"og:type\" content=\"article\" \/>\n<meta property=\"og:title\" content=\"MATILDE \u0130\u00c7\u0130N SONE\" \/>\n<meta property=\"og:description\" content=\"\u00a0 Seni sevdi\u011fimi g\u00f6receksin sevmedi\u011fim zaman, \u00e7\u00fcnk\u00fc iki y\u00fcz\u00fcyle \u00e7\u0131kar kar\u015f\u0131na hayat. Bir s\u00f6zc\u00fck sessizli\u011fin kanad\u0131 olur bakars\u0131n ate\u015f de pay al\u0131r kendine so\u011fuktan. Seni sevmeye ba\u015flamak i\u00e7in seviyorum seni, sana olan sevgimi sonsuzla\u015ft\u0131racak bir yolculu\u011fa yeniden ba\u015flamak i\u00e7in: bu y\u00fczden \u015fimdilik sevmiyorum seni. Sanki ellerimdeymi\u015f gibi mutlulu\u011fun ve h\u00fcz\u00fcn dolu belirsiz bir yar\u0131n\u0131n anahtarlar\u0131 [&hellip;]\" \/>\n<meta property=\"og:url\" content=\"https:\/\/narteks.net\/index.php\/2009\/11\/05\/matilde-icin-sone\/\" \/>\n<meta property=\"og:site_name\" content=\"narteks.net\" \/>\n<meta property=\"article:published_time\" content=\"2009-11-05T08:17:39+00:00\" \/>\n<meta property=\"og:image\" content=\"https:\/\/narteks.net\/wp-content\/uploads\/narteks.png\" \/>\n\t<meta property=\"og:image:width\" content=\"300\" \/>\n\t<meta property=\"og:image:height\" content=\"90\" \/>\n\t<meta property=\"og:image:type\" content=\"image\/png\" \/>\n<meta name=\"author\" content=\"Tar\u0131k\" \/>\n<meta name=\"twitter:card\" content=\"summary_large_image\" \/>\n<meta name=\"twitter:creator\" content=\"@narteks\" \/>\n<meta name=\"twitter:site\" content=\"@narteks\" \/>\n<meta name=\"twitter:label1\" content=\"Yazan:\" \/>\n\t<meta name=\"twitter:data1\" content=\"Tar\u0131k\" \/>\n\t<meta name=\"twitter:label2\" content=\"Tahmini okuma s\u00fcresi\" \/>\n\t<meta name=\"twitter:data2\" content=\"1 dakika\" \/>\n<script type=\"application\/ld+json\" class=\"yoast-schema-graph\">{\"@context\":\"https:\/\/schema.org\",\"@graph\":[{\"@type\":\"Article\",\"@id\":\"https:\/\/narteks.net\/index.php\/2009\/11\/05\/matilde-icin-sone\/#article\",\"isPartOf\":{\"@id\":\"https:\/\/narteks.net\/index.php\/2009\/11\/05\/matilde-icin-sone\/\"},\"author\":{\"name\":\"Tar\u0131k\",\"@id\":\"https:\/\/narteks.net\/#\/schema\/person\/61f37d9834294b72d31d274e7ed79bca\"},\"headline\":\"MATILDE \u0130\u00c7\u0130N SONE\",\"datePublished\":\"2009-11-05T08:17:39+00:00\",\"mainEntityOfPage\":{\"@id\":\"https:\/\/narteks.net\/index.php\/2009\/11\/05\/matilde-icin-sone\/\"},\"wordCount\":107,\"commentCount\":0,\"publisher\":{\"@id\":\"https:\/\/narteks.net\/#organization\"},\"articleSection\":[\"Pablo NERUDA\"],\"inLanguage\":\"tr\",\"potentialAction\":[{\"@type\":\"CommentAction\",\"name\":\"Comment\",\"target\":[\"https:\/\/narteks.net\/index.php\/2009\/11\/05\/matilde-icin-sone\/#respond\"]}]},{\"@type\":\"WebPage\",\"@id\":\"https:\/\/narteks.net\/index.php\/2009\/11\/05\/matilde-icin-sone\/\",\"url\":\"https:\/\/narteks.net\/index.php\/2009\/11\/05\/matilde-icin-sone\/\",\"name\":\"MATILDE \u0130\u00c7\u0130N SONE - narteks.net\",\"isPartOf\":{\"@id\":\"https:\/\/narteks.net\/#website\"},\"datePublished\":\"2009-11-05T08:17:39+00:00\",\"breadcrumb\":{\"@id\":\"https:\/\/narteks.net\/index.php\/2009\/11\/05\/matilde-icin-sone\/#breadcrumb\"},\"inLanguage\":\"tr\",\"potentialAction\":[{\"@type\":\"ReadAction\",\"target\":[\"https:\/\/narteks.net\/index.php\/2009\/11\/05\/matilde-icin-sone\/\"]}]},{\"@type\":\"BreadcrumbList\",\"@id\":\"https:\/\/narteks.net\/index.php\/2009\/11\/05\/matilde-icin-sone\/#breadcrumb\",\"itemListElement\":[{\"@type\":\"ListItem\",\"position\":1,\"name\":\"Anasayfa\",\"item\":\"https:\/\/narteks.net\/\"},{\"@type\":\"ListItem\",\"position\":2,\"name\":\"MATILDE \u0130\u00c7\u0130N SONE\"}]},{\"@type\":\"WebSite\",\"@id\":\"https:\/\/narteks.net\/#website\",\"url\":\"https:\/\/narteks.net\/\",\"name\":\"narteks.net\",\"description\":\"K\u00fclt\u00fcr Sanat Edebiyat Felsefe\",\"publisher\":{\"@id\":\"https:\/\/narteks.net\/#organization\"},\"alternateName\":\"K\u00fclt\u00fcr Sanat Edebiyat Felsefe\",\"potentialAction\":[{\"@type\":\"SearchAction\",\"target\":{\"@type\":\"EntryPoint\",\"urlTemplate\":\"https:\/\/narteks.net\/?s={search_term_string}\"},\"query-input\":{\"@type\":\"PropertyValueSpecification\",\"valueRequired\":true,\"valueName\":\"search_term_string\"}}],\"inLanguage\":\"tr\"},{\"@type\":\"Organization\",\"@id\":\"https:\/\/narteks.net\/#organization\",\"name\":\"narteks.net\",\"url\":\"https:\/\/narteks.net\/\",\"logo\":{\"@type\":\"ImageObject\",\"inLanguage\":\"tr\",\"@id\":\"https:\/\/narteks.net\/#\/schema\/logo\/image\/\",\"url\":\"https:\/\/narteks.net\/wp-content\/uploads\/narteks.png\",\"contentUrl\":\"https:\/\/narteks.net\/wp-content\/uploads\/narteks.png\",\"width\":300,\"height\":90,\"caption\":\"narteks.net\"},\"image\":{\"@id\":\"https:\/\/narteks.net\/#\/schema\/logo\/image\/\"},\"sameAs\":[\"https:\/\/x.com\/narteks\",\"https:\/\/instagram.com\/narteksnet\"]},{\"@type\":\"Person\",\"@id\":\"https:\/\/narteks.net\/#\/schema\/person\/61f37d9834294b72d31d274e7ed79bca\",\"name\":\"Tar\u0131k\",\"image\":{\"@type\":\"ImageObject\",\"inLanguage\":\"tr\",\"@id\":\"https:\/\/narteks.net\/#\/schema\/person\/image\/\",\"url\":\"https:\/\/secure.gravatar.com\/avatar\/50865afb55632c4ae467e0af0930f6510aa2297d8014be502a55b14f3b7550cf?s=96&d=mm&r=g\",\"contentUrl\":\"https:\/\/secure.gravatar.com\/avatar\/50865afb55632c4ae467e0af0930f6510aa2297d8014be502a55b14f3b7550cf?s=96&d=mm&r=g\",\"caption\":\"Tar\u0131k\"},\"sameAs\":[\"http:\/\/narteks.net\"],\"url\":\"https:\/\/narteks.net\/index.php\/author\/narbak\/\"}]}<\/script>\n<!-- \/ Yoast SEO Premium plugin. -->","yoast_head_json":{"title":"MATILDE \u0130\u00c7\u0130N SONE - narteks.net","robots":{"index":"index","follow":"follow","max-snippet":"max-snippet:-1","max-image-preview":"max-image-preview:large","max-video-preview":"max-video-preview:-1"},"canonical":"https:\/\/narteks.net\/index.php\/2009\/11\/05\/matilde-icin-sone\/","og_locale":"tr_TR","og_type":"article","og_title":"MATILDE \u0130\u00c7\u0130N SONE","og_description":"\u00a0 Seni sevdi\u011fimi g\u00f6receksin sevmedi\u011fim zaman, \u00e7\u00fcnk\u00fc iki y\u00fcz\u00fcyle \u00e7\u0131kar kar\u015f\u0131na hayat. Bir s\u00f6zc\u00fck sessizli\u011fin kanad\u0131 olur bakars\u0131n ate\u015f de pay al\u0131r kendine so\u011fuktan. Seni sevmeye ba\u015flamak i\u00e7in seviyorum seni, sana olan sevgimi sonsuzla\u015ft\u0131racak bir yolculu\u011fa yeniden ba\u015flamak i\u00e7in: bu y\u00fczden \u015fimdilik sevmiyorum seni. Sanki ellerimdeymi\u015f gibi mutlulu\u011fun ve h\u00fcz\u00fcn dolu belirsiz bir yar\u0131n\u0131n anahtarlar\u0131 [&hellip;]","og_url":"https:\/\/narteks.net\/index.php\/2009\/11\/05\/matilde-icin-sone\/","og_site_name":"narteks.net","article_published_time":"2009-11-05T08:17:39+00:00","og_image":[{"width":300,"height":90,"url":"https:\/\/narteks.net\/wp-content\/uploads\/narteks.png","type":"image\/png"}],"author":"Tar\u0131k","twitter_card":"summary_large_image","twitter_creator":"@narteks","twitter_site":"@narteks","twitter_misc":{"Yazan:":"Tar\u0131k","Tahmini okuma s\u00fcresi":"1 dakika"},"schema":{"@context":"https:\/\/schema.org","@graph":[{"@type":"Article","@id":"https:\/\/narteks.net\/index.php\/2009\/11\/05\/matilde-icin-sone\/#article","isPartOf":{"@id":"https:\/\/narteks.net\/index.php\/2009\/11\/05\/matilde-icin-sone\/"},"author":{"name":"Tar\u0131k","@id":"https:\/\/narteks.net\/#\/schema\/person\/61f37d9834294b72d31d274e7ed79bca"},"headline":"MATILDE \u0130\u00c7\u0130N SONE","datePublished":"2009-11-05T08:17:39+00:00","mainEntityOfPage":{"@id":"https:\/\/narteks.net\/index.php\/2009\/11\/05\/matilde-icin-sone\/"},"wordCount":107,"commentCount":0,"publisher":{"@id":"https:\/\/narteks.net\/#organization"},"articleSection":["Pablo NERUDA"],"inLanguage":"tr","potentialAction":[{"@type":"CommentAction","name":"Comment","target":["https:\/\/narteks.net\/index.php\/2009\/11\/05\/matilde-icin-sone\/#respond"]}]},{"@type":"WebPage","@id":"https:\/\/narteks.net\/index.php\/2009\/11\/05\/matilde-icin-sone\/","url":"https:\/\/narteks.net\/index.php\/2009\/11\/05\/matilde-icin-sone\/","name":"MATILDE \u0130\u00c7\u0130N SONE - narteks.net","isPartOf":{"@id":"https:\/\/narteks.net\/#website"},"datePublished":"2009-11-05T08:17:39+00:00","breadcrumb":{"@id":"https:\/\/narteks.net\/index.php\/2009\/11\/05\/matilde-icin-sone\/#breadcrumb"},"inLanguage":"tr","potentialAction":[{"@type":"ReadAction","target":["https:\/\/narteks.net\/index.php\/2009\/11\/05\/matilde-icin-sone\/"]}]},{"@type":"BreadcrumbList","@id":"https:\/\/narteks.net\/index.php\/2009\/11\/05\/matilde-icin-sone\/#breadcrumb","itemListElement":[{"@type":"ListItem","position":1,"name":"Anasayfa","item":"https:\/\/narteks.net\/"},{"@type":"ListItem","position":2,"name":"MATILDE \u0130\u00c7\u0130N SONE"}]},{"@type":"WebSite","@id":"https:\/\/narteks.net\/#website","url":"https:\/\/narteks.net\/","name":"narteks.net","description":"K\u00fclt\u00fcr Sanat Edebiyat Felsefe","publisher":{"@id":"https:\/\/narteks.net\/#organization"},"alternateName":"K\u00fclt\u00fcr Sanat Edebiyat Felsefe","potentialAction":[{"@type":"SearchAction","target":{"@type":"EntryPoint","urlTemplate":"https:\/\/narteks.net\/?s={search_term_string}"},"query-input":{"@type":"PropertyValueSpecification","valueRequired":true,"valueName":"search_term_string"}}],"inLanguage":"tr"},{"@type":"Organization","@id":"https:\/\/narteks.net\/#organization","name":"narteks.net","url":"https:\/\/narteks.net\/","logo":{"@type":"ImageObject","inLanguage":"tr","@id":"https:\/\/narteks.net\/#\/schema\/logo\/image\/","url":"https:\/\/narteks.net\/wp-content\/uploads\/narteks.png","contentUrl":"https:\/\/narteks.net\/wp-content\/uploads\/narteks.png","width":300,"height":90,"caption":"narteks.net"},"image":{"@id":"https:\/\/narteks.net\/#\/schema\/logo\/image\/"},"sameAs":["https:\/\/x.com\/narteks","https:\/\/instagram.com\/narteksnet"]},{"@type":"Person","@id":"https:\/\/narteks.net\/#\/schema\/person\/61f37d9834294b72d31d274e7ed79bca","name":"Tar\u0131k","image":{"@type":"ImageObject","inLanguage":"tr","@id":"https:\/\/narteks.net\/#\/schema\/person\/image\/","url":"https:\/\/secure.gravatar.com\/avatar\/50865afb55632c4ae467e0af0930f6510aa2297d8014be502a55b14f3b7550cf?s=96&d=mm&r=g","contentUrl":"https:\/\/secure.gravatar.com\/avatar\/50865afb55632c4ae467e0af0930f6510aa2297d8014be502a55b14f3b7550cf?s=96&d=mm&r=g","caption":"Tar\u0131k"},"sameAs":["http:\/\/narteks.net"],"url":"https:\/\/narteks.net\/index.php\/author\/narbak\/"}]}},"_links":{"self":[{"href":"https:\/\/narteks.net\/index.php\/wp-json\/wp\/v2\/posts\/1002","targetHints":{"allow":["GET"]}}],"collection":[{"href":"https:\/\/narteks.net\/index.php\/wp-json\/wp\/v2\/posts"}],"about":[{"href":"https:\/\/narteks.net\/index.php\/wp-json\/wp\/v2\/types\/post"}],"author":[{"embeddable":true,"href":"https:\/\/narteks.net\/index.php\/wp-json\/wp\/v2\/users\/1"}],"replies":[{"embeddable":true,"href":"https:\/\/narteks.net\/index.php\/wp-json\/wp\/v2\/comments?post=1002"}],"version-history":[{"count":0,"href":"https:\/\/narteks.net\/index.php\/wp-json\/wp\/v2\/posts\/1002\/revisions"}],"wp:attachment":[{"href":"https:\/\/narteks.net\/index.php\/wp-json\/wp\/v2\/media?parent=1002"}],"wp:term":[{"taxonomy":"category","embeddable":true,"href":"https:\/\/narteks.net\/index.php\/wp-json\/wp\/v2\/categories?post=1002"},{"taxonomy":"post_tag","embeddable":true,"href":"https:\/\/narteks.net\/index.php\/wp-json\/wp\/v2\/tags?post=1002"}],"curies":[{"name":"wp","href":"https:\/\/api.w.org\/{rel}","templated":true}]}}