{"id":1003,"date":"2009-11-05T11:18:56","date_gmt":"2009-11-05T08:18:56","guid":{"rendered":"http:\/\/localhost\/wordpress\/2009\/11\/05\/ruzgar-saclarimi-tariyor\/"},"modified":"2009-11-05T11:18:56","modified_gmt":"2009-11-05T08:18:56","slug":"ruzgar-saclarimi-tariyor","status":"publish","type":"post","link":"https:\/\/narteks.net\/index.php\/2009\/11\/05\/ruzgar-saclarimi-tariyor\/","title":{"rendered":"R\u00dcZGAR SA\u00c7LARIMI TARIYOR"},"content":{"rendered":"<p>\u00a0<\/p>\n<p>R\u00fczgar sa\u00e7lar\u0131m\u0131 tar\u0131yor, ana\u00e7<br \/> parmaklar\u0131n\u0131 ge\u00e7iriyor sa\u00e7lar\u0131mdan.<br \/> An\u0131n\u0131n kap\u0131s\u0131n\u0131 a\u00e7\u0131yorum<br \/> D\u00fc\u015f\u00fcncem \u00e7\u0131k\u0131yor, \u00e7ekip gidiyor.<\/p>\n<p>Ba\u015fka seslerdir ta\u015f\u0131d\u0131\u011f\u0131m,<br \/> t\u00fcrk\u00fcm ba\u015fka dudaklardan,<br \/> An\u0131lar\u0131m\u0131n ma\u011faras\u0131n\u0131n<br \/> tuhaf bir ayd\u0131nl\u0131\u011f\u0131 bile var!<\/p>\n<p>Yabanc\u0131 topraklar\u0131n meyveleri,<br \/> bir ba\u015fka denizin mavi dalgalar\u0131,<br \/> ba\u015fkas\u0131n\u0131n a\u015fklar\u0131, ad\u0131n\u0131 anmaya<br \/> y\u00fcre\u011fimin elvermedi\u011fi ac\u0131lar.<\/p>\n<p>Ve r\u00fczgar, ana\u00e7 elleriyle<br \/> sa\u00e7\u0131m\u0131 tarayan r\u00fczgar!<\/p>\n<p>Ger\u00e7e\u011fimi gece al\u0131p g\u00f6t\u00fcr\u00fcyor,<br \/> ne gecem var ne de ger\u00e7e\u011fim!<\/p>\n<p>Yol ortas\u0131na yat\u0131yorum,<br \/> beni \u00e7i\u011fnemek gerek y\u00fcr\u00fcmek i\u00e7in.<\/p>\n<p>Y\u00fcrekleri \u00e7i\u011fniyor beni, \u015farap<br \/> ve d\u00fc\u015fle esrik y\u00fcrekleri.<\/p>\n<p>K\u0131p\u0131rt\u0131s\u0131z k\u00f6pr\u00fc, y\u00fcre\u011fini<br \/> sonsuzlukla ba\u011fl\u0131yorum.<\/p>\n<p>\u00d6lseydim birdenbire<br \/> b\u0131rakmazd\u0131m \u015fark\u0131 s\u00f6ylemeyi.<\/p>\n","protected":false},"excerpt":{"rendered":"<p>\u00a0 R\u00fczgar sa\u00e7lar\u0131m\u0131 tar\u0131yor, ana\u00e7 parmaklar\u0131n\u0131 ge\u00e7iriyor sa\u00e7lar\u0131mdan. An\u0131n\u0131n kap\u0131s\u0131n\u0131 a\u00e7\u0131yorum D\u00fc\u015f\u00fcncem \u00e7\u0131k\u0131yor, \u00e7ekip gidiyor. Ba\u015fka seslerdir ta\u015f\u0131d\u0131\u011f\u0131m, t\u00fcrk\u00fcm ba\u015fka dudaklardan, An\u0131lar\u0131m\u0131n ma\u011faras\u0131n\u0131n tuhaf bir ayd\u0131nl\u0131\u011f\u0131 bile var! Yabanc\u0131 topraklar\u0131n meyveleri, bir ba\u015fka denizin mavi dalgalar\u0131, ba\u015fkas\u0131n\u0131n a\u015fklar\u0131, ad\u0131n\u0131 anmaya y\u00fcre\u011fimin elvermedi\u011fi ac\u0131lar. Ve r\u00fczgar, ana\u00e7 elleriyle sa\u00e7\u0131m\u0131 tarayan r\u00fczgar! Ger\u00e7e\u011fimi gece al\u0131p g\u00f6t\u00fcr\u00fcyor, ne [&hellip;]<\/p>\n","protected":false},"author":1,"featured_media":0,"comment_status":"open","ping_status":"open","sticky":false,"template":"","format":"standard","meta":{"footnotes":""},"categories":[175],"tags":[],"class_list":{"0":"post-1003","1":"post","2":"type-post","3":"status-publish","4":"format-standard","6":"category-pablo-neruda"},"yoast_head":"<!-- This site is optimized with the Yoast SEO Premium plugin v24.9 (Yoast SEO v24.9) - https:\/\/yoast.com\/wordpress\/plugins\/seo\/ -->\n<title>R\u00dcZGAR SA\u00c7LARIMI TARIYOR - narteks.net<\/title>\n<meta name=\"robots\" content=\"index, follow, max-snippet:-1, max-image-preview:large, max-video-preview:-1\" \/>\n<link rel=\"canonical\" href=\"https:\/\/narteks.net\/index.php\/2009\/11\/05\/ruzgar-saclarimi-tariyor\/\" \/>\n<meta property=\"og:locale\" content=\"tr_TR\" \/>\n<meta property=\"og:type\" content=\"article\" \/>\n<meta property=\"og:title\" content=\"R\u00dcZGAR SA\u00c7LARIMI TARIYOR\" \/>\n<meta property=\"og:description\" content=\"\u00a0 R\u00fczgar sa\u00e7lar\u0131m\u0131 tar\u0131yor, ana\u00e7 parmaklar\u0131n\u0131 ge\u00e7iriyor sa\u00e7lar\u0131mdan. An\u0131n\u0131n kap\u0131s\u0131n\u0131 a\u00e7\u0131yorum D\u00fc\u015f\u00fcncem \u00e7\u0131k\u0131yor, \u00e7ekip gidiyor. Ba\u015fka seslerdir ta\u015f\u0131d\u0131\u011f\u0131m, t\u00fcrk\u00fcm ba\u015fka dudaklardan, An\u0131lar\u0131m\u0131n ma\u011faras\u0131n\u0131n tuhaf bir ayd\u0131nl\u0131\u011f\u0131 bile var! Yabanc\u0131 topraklar\u0131n meyveleri, bir ba\u015fka denizin mavi dalgalar\u0131, ba\u015fkas\u0131n\u0131n a\u015fklar\u0131, ad\u0131n\u0131 anmaya y\u00fcre\u011fimin elvermedi\u011fi ac\u0131lar. Ve r\u00fczgar, ana\u00e7 elleriyle sa\u00e7\u0131m\u0131 tarayan r\u00fczgar! Ger\u00e7e\u011fimi gece al\u0131p g\u00f6t\u00fcr\u00fcyor, ne [&hellip;]\" \/>\n<meta property=\"og:url\" content=\"https:\/\/narteks.net\/index.php\/2009\/11\/05\/ruzgar-saclarimi-tariyor\/\" \/>\n<meta property=\"og:site_name\" content=\"narteks.net\" \/>\n<meta property=\"article:published_time\" content=\"2009-11-05T08:18:56+00:00\" \/>\n<meta property=\"og:image\" content=\"https:\/\/narteks.net\/wp-content\/uploads\/narteks.png\" \/>\n\t<meta property=\"og:image:width\" content=\"300\" \/>\n\t<meta property=\"og:image:height\" content=\"90\" \/>\n\t<meta property=\"og:image:type\" content=\"image\/png\" \/>\n<meta name=\"author\" content=\"Tar\u0131k\" \/>\n<meta name=\"twitter:card\" content=\"summary_large_image\" \/>\n<meta name=\"twitter:creator\" content=\"@narteks\" \/>\n<meta name=\"twitter:site\" content=\"@narteks\" \/>\n<meta name=\"twitter:label1\" content=\"Yazan:\" \/>\n\t<meta name=\"twitter:data1\" content=\"Tar\u0131k\" \/>\n\t<meta name=\"twitter:label2\" content=\"Tahmini okuma s\u00fcresi\" \/>\n\t<meta name=\"twitter:data2\" content=\"1 dakika\" \/>\n<script type=\"application\/ld+json\" class=\"yoast-schema-graph\">{\"@context\":\"https:\/\/schema.org\",\"@graph\":[{\"@type\":\"Article\",\"@id\":\"https:\/\/narteks.net\/index.php\/2009\/11\/05\/ruzgar-saclarimi-tariyor\/#article\",\"isPartOf\":{\"@id\":\"https:\/\/narteks.net\/index.php\/2009\/11\/05\/ruzgar-saclarimi-tariyor\/\"},\"author\":{\"name\":\"Tar\u0131k\",\"@id\":\"https:\/\/narteks.net\/#\/schema\/person\/61f37d9834294b72d31d274e7ed79bca\"},\"headline\":\"R\u00dcZGAR SA\u00c7LARIMI TARIYOR\",\"datePublished\":\"2009-11-05T08:18:56+00:00\",\"mainEntityOfPage\":{\"@id\":\"https:\/\/narteks.net\/index.php\/2009\/11\/05\/ruzgar-saclarimi-tariyor\/\"},\"wordCount\":162,\"commentCount\":0,\"publisher\":{\"@id\":\"https:\/\/narteks.net\/#organization\"},\"articleSection\":[\"Pablo NERUDA\"],\"inLanguage\":\"tr\",\"potentialAction\":[{\"@type\":\"CommentAction\",\"name\":\"Comment\",\"target\":[\"https:\/\/narteks.net\/index.php\/2009\/11\/05\/ruzgar-saclarimi-tariyor\/#respond\"]}]},{\"@type\":\"WebPage\",\"@id\":\"https:\/\/narteks.net\/index.php\/2009\/11\/05\/ruzgar-saclarimi-tariyor\/\",\"url\":\"https:\/\/narteks.net\/index.php\/2009\/11\/05\/ruzgar-saclarimi-tariyor\/\",\"name\":\"R\u00dcZGAR SA\u00c7LARIMI TARIYOR - narteks.net\",\"isPartOf\":{\"@id\":\"https:\/\/narteks.net\/#website\"},\"datePublished\":\"2009-11-05T08:18:56+00:00\",\"breadcrumb\":{\"@id\":\"https:\/\/narteks.net\/index.php\/2009\/11\/05\/ruzgar-saclarimi-tariyor\/#breadcrumb\"},\"inLanguage\":\"tr\",\"potentialAction\":[{\"@type\":\"ReadAction\",\"target\":[\"https:\/\/narteks.net\/index.php\/2009\/11\/05\/ruzgar-saclarimi-tariyor\/\"]}]},{\"@type\":\"BreadcrumbList\",\"@id\":\"https:\/\/narteks.net\/index.php\/2009\/11\/05\/ruzgar-saclarimi-tariyor\/#breadcrumb\",\"itemListElement\":[{\"@type\":\"ListItem\",\"position\":1,\"name\":\"Anasayfa\",\"item\":\"https:\/\/narteks.net\/\"},{\"@type\":\"ListItem\",\"position\":2,\"name\":\"R\u00dcZGAR SA\u00c7LARIMI TARIYOR\"}]},{\"@type\":\"WebSite\",\"@id\":\"https:\/\/narteks.net\/#website\",\"url\":\"https:\/\/narteks.net\/\",\"name\":\"narteks.net\",\"description\":\"K\u00fclt\u00fcr Sanat Edebiyat Felsefe\",\"publisher\":{\"@id\":\"https:\/\/narteks.net\/#organization\"},\"alternateName\":\"K\u00fclt\u00fcr Sanat Edebiyat Felsefe\",\"potentialAction\":[{\"@type\":\"SearchAction\",\"target\":{\"@type\":\"EntryPoint\",\"urlTemplate\":\"https:\/\/narteks.net\/?s={search_term_string}\"},\"query-input\":{\"@type\":\"PropertyValueSpecification\",\"valueRequired\":true,\"valueName\":\"search_term_string\"}}],\"inLanguage\":\"tr\"},{\"@type\":\"Organization\",\"@id\":\"https:\/\/narteks.net\/#organization\",\"name\":\"narteks.net\",\"url\":\"https:\/\/narteks.net\/\",\"logo\":{\"@type\":\"ImageObject\",\"inLanguage\":\"tr\",\"@id\":\"https:\/\/narteks.net\/#\/schema\/logo\/image\/\",\"url\":\"https:\/\/narteks.net\/wp-content\/uploads\/narteks.png\",\"contentUrl\":\"https:\/\/narteks.net\/wp-content\/uploads\/narteks.png\",\"width\":300,\"height\":90,\"caption\":\"narteks.net\"},\"image\":{\"@id\":\"https:\/\/narteks.net\/#\/schema\/logo\/image\/\"},\"sameAs\":[\"https:\/\/x.com\/narteks\",\"https:\/\/instagram.com\/narteksnet\"]},{\"@type\":\"Person\",\"@id\":\"https:\/\/narteks.net\/#\/schema\/person\/61f37d9834294b72d31d274e7ed79bca\",\"name\":\"Tar\u0131k\",\"image\":{\"@type\":\"ImageObject\",\"inLanguage\":\"tr\",\"@id\":\"https:\/\/narteks.net\/#\/schema\/person\/image\/\",\"url\":\"https:\/\/secure.gravatar.com\/avatar\/50865afb55632c4ae467e0af0930f6510aa2297d8014be502a55b14f3b7550cf?s=96&d=mm&r=g\",\"contentUrl\":\"https:\/\/secure.gravatar.com\/avatar\/50865afb55632c4ae467e0af0930f6510aa2297d8014be502a55b14f3b7550cf?s=96&d=mm&r=g\",\"caption\":\"Tar\u0131k\"},\"sameAs\":[\"http:\/\/narteks.net\"],\"url\":\"https:\/\/narteks.net\/index.php\/author\/narbak\/\"}]}<\/script>\n<!-- \/ Yoast SEO Premium plugin. -->","yoast_head_json":{"title":"R\u00dcZGAR SA\u00c7LARIMI TARIYOR - narteks.net","robots":{"index":"index","follow":"follow","max-snippet":"max-snippet:-1","max-image-preview":"max-image-preview:large","max-video-preview":"max-video-preview:-1"},"canonical":"https:\/\/narteks.net\/index.php\/2009\/11\/05\/ruzgar-saclarimi-tariyor\/","og_locale":"tr_TR","og_type":"article","og_title":"R\u00dcZGAR SA\u00c7LARIMI TARIYOR","og_description":"\u00a0 R\u00fczgar sa\u00e7lar\u0131m\u0131 tar\u0131yor, ana\u00e7 parmaklar\u0131n\u0131 ge\u00e7iriyor sa\u00e7lar\u0131mdan. An\u0131n\u0131n kap\u0131s\u0131n\u0131 a\u00e7\u0131yorum D\u00fc\u015f\u00fcncem \u00e7\u0131k\u0131yor, \u00e7ekip gidiyor. Ba\u015fka seslerdir ta\u015f\u0131d\u0131\u011f\u0131m, t\u00fcrk\u00fcm ba\u015fka dudaklardan, An\u0131lar\u0131m\u0131n ma\u011faras\u0131n\u0131n tuhaf bir ayd\u0131nl\u0131\u011f\u0131 bile var! Yabanc\u0131 topraklar\u0131n meyveleri, bir ba\u015fka denizin mavi dalgalar\u0131, ba\u015fkas\u0131n\u0131n a\u015fklar\u0131, ad\u0131n\u0131 anmaya y\u00fcre\u011fimin elvermedi\u011fi ac\u0131lar. Ve r\u00fczgar, ana\u00e7 elleriyle sa\u00e7\u0131m\u0131 tarayan r\u00fczgar! Ger\u00e7e\u011fimi gece al\u0131p g\u00f6t\u00fcr\u00fcyor, ne [&hellip;]","og_url":"https:\/\/narteks.net\/index.php\/2009\/11\/05\/ruzgar-saclarimi-tariyor\/","og_site_name":"narteks.net","article_published_time":"2009-11-05T08:18:56+00:00","og_image":[{"width":300,"height":90,"url":"https:\/\/narteks.net\/wp-content\/uploads\/narteks.png","type":"image\/png"}],"author":"Tar\u0131k","twitter_card":"summary_large_image","twitter_creator":"@narteks","twitter_site":"@narteks","twitter_misc":{"Yazan:":"Tar\u0131k","Tahmini okuma s\u00fcresi":"1 dakika"},"schema":{"@context":"https:\/\/schema.org","@graph":[{"@type":"Article","@id":"https:\/\/narteks.net\/index.php\/2009\/11\/05\/ruzgar-saclarimi-tariyor\/#article","isPartOf":{"@id":"https:\/\/narteks.net\/index.php\/2009\/11\/05\/ruzgar-saclarimi-tariyor\/"},"author":{"name":"Tar\u0131k","@id":"https:\/\/narteks.net\/#\/schema\/person\/61f37d9834294b72d31d274e7ed79bca"},"headline":"R\u00dcZGAR SA\u00c7LARIMI TARIYOR","datePublished":"2009-11-05T08:18:56+00:00","mainEntityOfPage":{"@id":"https:\/\/narteks.net\/index.php\/2009\/11\/05\/ruzgar-saclarimi-tariyor\/"},"wordCount":162,"commentCount":0,"publisher":{"@id":"https:\/\/narteks.net\/#organization"},"articleSection":["Pablo NERUDA"],"inLanguage":"tr","potentialAction":[{"@type":"CommentAction","name":"Comment","target":["https:\/\/narteks.net\/index.php\/2009\/11\/05\/ruzgar-saclarimi-tariyor\/#respond"]}]},{"@type":"WebPage","@id":"https:\/\/narteks.net\/index.php\/2009\/11\/05\/ruzgar-saclarimi-tariyor\/","url":"https:\/\/narteks.net\/index.php\/2009\/11\/05\/ruzgar-saclarimi-tariyor\/","name":"R\u00dcZGAR SA\u00c7LARIMI TARIYOR - narteks.net","isPartOf":{"@id":"https:\/\/narteks.net\/#website"},"datePublished":"2009-11-05T08:18:56+00:00","breadcrumb":{"@id":"https:\/\/narteks.net\/index.php\/2009\/11\/05\/ruzgar-saclarimi-tariyor\/#breadcrumb"},"inLanguage":"tr","potentialAction":[{"@type":"ReadAction","target":["https:\/\/narteks.net\/index.php\/2009\/11\/05\/ruzgar-saclarimi-tariyor\/"]}]},{"@type":"BreadcrumbList","@id":"https:\/\/narteks.net\/index.php\/2009\/11\/05\/ruzgar-saclarimi-tariyor\/#breadcrumb","itemListElement":[{"@type":"ListItem","position":1,"name":"Anasayfa","item":"https:\/\/narteks.net\/"},{"@type":"ListItem","position":2,"name":"R\u00dcZGAR SA\u00c7LARIMI TARIYOR"}]},{"@type":"WebSite","@id":"https:\/\/narteks.net\/#website","url":"https:\/\/narteks.net\/","name":"narteks.net","description":"K\u00fclt\u00fcr Sanat Edebiyat Felsefe","publisher":{"@id":"https:\/\/narteks.net\/#organization"},"alternateName":"K\u00fclt\u00fcr Sanat Edebiyat Felsefe","potentialAction":[{"@type":"SearchAction","target":{"@type":"EntryPoint","urlTemplate":"https:\/\/narteks.net\/?s={search_term_string}"},"query-input":{"@type":"PropertyValueSpecification","valueRequired":true,"valueName":"search_term_string"}}],"inLanguage":"tr"},{"@type":"Organization","@id":"https:\/\/narteks.net\/#organization","name":"narteks.net","url":"https:\/\/narteks.net\/","logo":{"@type":"ImageObject","inLanguage":"tr","@id":"https:\/\/narteks.net\/#\/schema\/logo\/image\/","url":"https:\/\/narteks.net\/wp-content\/uploads\/narteks.png","contentUrl":"https:\/\/narteks.net\/wp-content\/uploads\/narteks.png","width":300,"height":90,"caption":"narteks.net"},"image":{"@id":"https:\/\/narteks.net\/#\/schema\/logo\/image\/"},"sameAs":["https:\/\/x.com\/narteks","https:\/\/instagram.com\/narteksnet"]},{"@type":"Person","@id":"https:\/\/narteks.net\/#\/schema\/person\/61f37d9834294b72d31d274e7ed79bca","name":"Tar\u0131k","image":{"@type":"ImageObject","inLanguage":"tr","@id":"https:\/\/narteks.net\/#\/schema\/person\/image\/","url":"https:\/\/secure.gravatar.com\/avatar\/50865afb55632c4ae467e0af0930f6510aa2297d8014be502a55b14f3b7550cf?s=96&d=mm&r=g","contentUrl":"https:\/\/secure.gravatar.com\/avatar\/50865afb55632c4ae467e0af0930f6510aa2297d8014be502a55b14f3b7550cf?s=96&d=mm&r=g","caption":"Tar\u0131k"},"sameAs":["http:\/\/narteks.net"],"url":"https:\/\/narteks.net\/index.php\/author\/narbak\/"}]}},"_links":{"self":[{"href":"https:\/\/narteks.net\/index.php\/wp-json\/wp\/v2\/posts\/1003","targetHints":{"allow":["GET"]}}],"collection":[{"href":"https:\/\/narteks.net\/index.php\/wp-json\/wp\/v2\/posts"}],"about":[{"href":"https:\/\/narteks.net\/index.php\/wp-json\/wp\/v2\/types\/post"}],"author":[{"embeddable":true,"href":"https:\/\/narteks.net\/index.php\/wp-json\/wp\/v2\/users\/1"}],"replies":[{"embeddable":true,"href":"https:\/\/narteks.net\/index.php\/wp-json\/wp\/v2\/comments?post=1003"}],"version-history":[{"count":0,"href":"https:\/\/narteks.net\/index.php\/wp-json\/wp\/v2\/posts\/1003\/revisions"}],"wp:attachment":[{"href":"https:\/\/narteks.net\/index.php\/wp-json\/wp\/v2\/media?parent=1003"}],"wp:term":[{"taxonomy":"category","embeddable":true,"href":"https:\/\/narteks.net\/index.php\/wp-json\/wp\/v2\/categories?post=1003"},{"taxonomy":"post_tag","embeddable":true,"href":"https:\/\/narteks.net\/index.php\/wp-json\/wp\/v2\/tags?post=1003"}],"curies":[{"name":"wp","href":"https:\/\/api.w.org\/{rel}","templated":true}]}}