{"id":1009,"date":"2009-11-05T11:23:26","date_gmt":"2009-11-05T08:23:26","guid":{"rendered":"http:\/\/localhost\/wordpress\/2009\/11\/05\/macchu-pcchunun-doruklari\/"},"modified":"2009-11-05T11:23:26","modified_gmt":"2009-11-05T08:23:26","slug":"macchu-pcchunun-doruklari","status":"publish","type":"post","link":"https:\/\/narteks.net\/index.php\/2009\/11\/05\/macchu-pcchunun-doruklari\/","title":{"rendered":"MACCHU-P\u0130CCHUNUN DORUKLARI"},"content":{"rendered":"<p>\u00a0<\/p>\n<p>(XI)<br \/> (Se\u00e7me)<\/p>\n<p>Karman \u00e7orman tantanan\u0131n,<br \/> Ta\u015f gecenin ortas\u0131na,b\u0131rak;<br \/> B\u0131rak dald\u0131ray\u0131m, ellerimi.<br \/> B\u0131rak.<br \/> Unutulmu\u015fun koca y\u00fcre\u011fi:<br \/> Bir ku\u015f gibi \u00e7\u0131rp\u0131ns\u0131n bende,<br \/> Bir ku\u015f gibi,<br \/> Bin y\u0131ld\u0131r tutsak!<br \/> Ko, bug\u00fcn unutay\u0131m,<br \/> Bu bahtiyarl\u0131\u011f\u0131;<br \/> Bu, denizden daha engin olan,<br \/> \u00c7\u00fcnk\u00fc:<br \/> Denizden ve adalardan da<br \/> Engindir insan.<br \/> \u00c7\u00fcnk\u00fc:<br \/> Bir kuyuya d\u00fc\u015fer gibi,<br \/> D\u00fc\u015fmek gerek ona,<br \/> \u0130nsana;<br \/> Bat\u0131k ger\u00e7eklere,<br \/> S\u0131rl\u0131 bir su dal\u0131na tutunarak,<br \/> \u00c7\u0131kmak i\u00e7in:<br \/> U\u00e7urumdan.<\/p>\n<p>(XII)<\/p>\n<p>\u00c7\u0131k karde\u015f,<br \/> Benimle do\u011fmaya gel.<\/p>\n<p>Ver elini,<br \/> Yay\u0131lm\u0131\u015f a\u011fr\u0131n\u0131n,<br \/> En derin yerinden.<br \/> Kaya diplerinden,<br \/> D\u00f6necek de\u011filsin,<br \/> Ve yeralt\u0131 \u00e7a\u011flar\u0131ndan;<br \/> Geri d\u00f6nmeyecek,<br \/> Ta\u015f kesilmi\u015f sesin;<br \/> Ve g\u00f6zlerin, oyuk g\u00f6zlerin.<br \/> Yerin dibinden bak bana:<br \/> Sen \u00e7ift\u00e7i, dokumac\u0131,<br \/> Garip \u00e7oban sen;<br \/> Sen, e\u011fitmen<br \/> Guanako\u00b4lar (*) e\u011fitmeni<br \/> Sen duvarc\u0131,<br \/> \u0130skelesine g\u00fcvenemeyen;<br \/> Sen, And da\u011flar\u0131ndan,<br \/> G\u00f6zya\u015f\u0131 getiren;<br \/> Sen,<br \/> Ezik parmakl\u0131 m\u00fccevherci;<br \/> Sen k\u00f6yl\u00fc,<br \/> Ekininin \u00fcst\u00fcne titreyen;<br \/> Sen,<br \/> Ta\u015f\u0131n\u0131n hamuruyla yo\u011frulmu\u015f<br \/> \u00c7\u00f6mlek\u00e7i;<br \/> Bo\u015falt\u0131n,<br \/> Bu yeni hayat\u0131n kadehine,<br \/> Eski g\u00f6m\u00fclm\u00fc\u015f ac\u0131lar\u0131n\u0131z\u0131;<br \/> Kan\u0131n\u0131z\u0131 g\u00f6sterin bana,<br \/> Saban izinizi bana.<\/p>\n<p>Buras\u0131yd\u0131,<br \/> \u0130\u015fkenceye tutuldu\u011fum yer,<br \/> I\u015f\u0131k vermiyor diye m\u00fccevher;<br \/> Deyin bana.<br \/> Deyin bana,<br \/> Ta\u015f\u0131n ve tanenin,<br \/> Vaktinde verdi\u011fini.<br \/> Ta\u015f\u0131 g\u00f6sterin bana,<br \/> G\u00f6m\u00fcld\u00fc\u011f\u00fcn\u00fcz.<br \/> A\u011fac\u0131 g\u00f6sterin,<br \/> \u00c7arm\u0131ha gerildi\u011finiz.<br \/> \u00c7ak\u0131n,<br \/> Eski \u00e7akmak ta\u015flar\u0131n\u0131;<br \/> Yak\u0131n,<br \/> Eski lambalar\u0131 bana;<br \/> K\u0131rba\u00e7lar\u0131 g\u00f6sterin,<br \/> K\u0131rba\u00e7lar\u0131;<br \/> Y\u00fczy\u0131llarca,<br \/> Yaralara i\u015flemi\u015f;<br \/> Ve p\u0131r\u0131l p\u0131r\u0131l,<br \/> Kanl\u0131 baltalar\u0131 bana.<br \/> \u00d6l\u00fc a\u011fz\u0131n\u0131zla,<br \/> Konu\u015fmaya geldim.<br \/> Derleyip toparlay\u0131n,<br \/> T\u00fcmcek;<br \/> Dil vermez dudaklar\u0131n\u0131z\u0131,<br \/> Topra\u011f\u0131n k\u0131y\u0131c\u0131\u011f\u0131nda.<br \/> Anlat\u0131n,<br \/> Bu bitmez geceyi bir bir.<br \/> Nas\u0131l,<br \/> Sizlerle ba\u011flanm\u0131\u015ft\u0131m ben:<br \/> Zincir zincir,<br \/> Halka halka, ad\u0131m ad\u0131m,<br \/> Anlat\u0131n ne varsa anlat\u0131n.<br \/> Bileyin,<br \/> Sakl\u0131 b\u0131\u00e7aklar\u0131n\u0131z\u0131;<br \/> Saplay\u0131n ellerime,<br \/> G\u00f6\u011fs\u00fcme saplay\u0131n;<br \/> Sar\u0131 \u0131\u015f\u0131kl\u0131 bir nehir gibi,<br \/> Kaplanlar\u0131n g\u00f6m\u00fcld\u00fc\u011f\u00fc,<br \/> Bir nehir gibi.<br \/> Koyun ki a\u011flayay\u0131m, koyun,<br \/> Koyun ki saatlerce,<br \/> G\u00fcnlerce, y\u0131llar y\u0131l\u0131;<br \/> Koyun ki k\u00f6r \u00e7a\u011flarca,<br \/> Y\u0131ld\u0131z y\u00fczy\u0131llar\u0131nca.<\/p>\n<p>S\u00fckun verin bana,<br \/> Su verin, \u00fcmit verin.<\/p>\n<p>Kavga verin bana,<br \/> Demir verin, volkanlar\u0131 verin.<\/p>\n<p>Sarma\u015f dola\u015f olun benimle,<br \/> Sevdal\u0131lar gibi.<\/p>\n<p>Damarlar\u0131ma se\u011firtin,<br \/> Ko\u015fun a\u011fz\u0131ma.<\/p>\n<p>Dilimle konu\u015fun, kan\u0131mla.<\/p>\n<p>(*) Guanako: G\u00fcney Amerika lamas\u0131.<\/p>\n","protected":false},"excerpt":{"rendered":"<p>\u00a0 (XI) (Se\u00e7me) Karman \u00e7orman tantanan\u0131n, Ta\u015f gecenin ortas\u0131na,b\u0131rak; B\u0131rak dald\u0131ray\u0131m, ellerimi. B\u0131rak. Unutulmu\u015fun koca y\u00fcre\u011fi: Bir ku\u015f gibi \u00e7\u0131rp\u0131ns\u0131n bende, Bir ku\u015f gibi, Bin y\u0131ld\u0131r tutsak! Ko, bug\u00fcn unutay\u0131m, Bu bahtiyarl\u0131\u011f\u0131; Bu, denizden daha engin olan, \u00c7\u00fcnk\u00fc: Denizden ve adalardan da Engindir insan. \u00c7\u00fcnk\u00fc: Bir kuyuya d\u00fc\u015fer gibi, D\u00fc\u015fmek gerek ona, \u0130nsana; Bat\u0131k ger\u00e7eklere, [&hellip;]<\/p>\n","protected":false},"author":1,"featured_media":0,"comment_status":"open","ping_status":"open","sticky":false,"template":"","format":"standard","meta":{"footnotes":""},"categories":[175],"tags":[],"class_list":{"0":"post-1009","1":"post","2":"type-post","3":"status-publish","4":"format-standard","6":"category-pablo-neruda"},"yoast_head":"<!-- This site is optimized with the Yoast SEO Premium plugin v24.9 (Yoast SEO v24.9) - https:\/\/yoast.com\/wordpress\/plugins\/seo\/ -->\n<title>MACCHU-P\u0130CCHUNUN DORUKLARI - narteks.net<\/title>\n<meta name=\"robots\" content=\"index, follow, max-snippet:-1, max-image-preview:large, max-video-preview:-1\" \/>\n<link rel=\"canonical\" href=\"https:\/\/narteks.net\/index.php\/2009\/11\/05\/macchu-pcchunun-doruklari\/\" \/>\n<meta property=\"og:locale\" content=\"tr_TR\" \/>\n<meta property=\"og:type\" content=\"article\" \/>\n<meta property=\"og:title\" content=\"MACCHU-P\u0130CCHUNUN DORUKLARI\" \/>\n<meta property=\"og:description\" content=\"\u00a0 (XI) (Se\u00e7me) Karman \u00e7orman tantanan\u0131n, Ta\u015f gecenin ortas\u0131na,b\u0131rak; B\u0131rak dald\u0131ray\u0131m, ellerimi. B\u0131rak. Unutulmu\u015fun koca y\u00fcre\u011fi: Bir ku\u015f gibi \u00e7\u0131rp\u0131ns\u0131n bende, Bir ku\u015f gibi, Bin y\u0131ld\u0131r tutsak! Ko, bug\u00fcn unutay\u0131m, Bu bahtiyarl\u0131\u011f\u0131; Bu, denizden daha engin olan, \u00c7\u00fcnk\u00fc: Denizden ve adalardan da Engindir insan. \u00c7\u00fcnk\u00fc: Bir kuyuya d\u00fc\u015fer gibi, D\u00fc\u015fmek gerek ona, \u0130nsana; Bat\u0131k ger\u00e7eklere, [&hellip;]\" \/>\n<meta property=\"og:url\" content=\"https:\/\/narteks.net\/index.php\/2009\/11\/05\/macchu-pcchunun-doruklari\/\" \/>\n<meta property=\"og:site_name\" content=\"narteks.net\" \/>\n<meta property=\"article:published_time\" content=\"2009-11-05T08:23:26+00:00\" \/>\n<meta property=\"og:image\" content=\"https:\/\/narteks.net\/wp-content\/uploads\/narteks.png\" \/>\n\t<meta property=\"og:image:width\" content=\"300\" \/>\n\t<meta property=\"og:image:height\" content=\"90\" \/>\n\t<meta property=\"og:image:type\" content=\"image\/png\" \/>\n<meta name=\"author\" content=\"Tar\u0131k\" \/>\n<meta name=\"twitter:card\" content=\"summary_large_image\" \/>\n<meta name=\"twitter:creator\" content=\"@narteks\" \/>\n<meta name=\"twitter:site\" content=\"@narteks\" \/>\n<meta name=\"twitter:label1\" content=\"Yazan:\" \/>\n\t<meta name=\"twitter:data1\" content=\"Tar\u0131k\" \/>\n\t<meta name=\"twitter:label2\" content=\"Tahmini okuma s\u00fcresi\" \/>\n\t<meta name=\"twitter:data2\" content=\"2 dakika\" \/>\n<script type=\"application\/ld+json\" class=\"yoast-schema-graph\">{\"@context\":\"https:\/\/schema.org\",\"@graph\":[{\"@type\":\"Article\",\"@id\":\"https:\/\/narteks.net\/index.php\/2009\/11\/05\/macchu-pcchunun-doruklari\/#article\",\"isPartOf\":{\"@id\":\"https:\/\/narteks.net\/index.php\/2009\/11\/05\/macchu-pcchunun-doruklari\/\"},\"author\":{\"name\":\"Tar\u0131k\",\"@id\":\"https:\/\/narteks.net\/#\/schema\/person\/61f37d9834294b72d31d274e7ed79bca\"},\"headline\":\"MACCHU-P\u0130CCHUNUN DORUKLARI\",\"datePublished\":\"2009-11-05T08:23:26+00:00\",\"mainEntityOfPage\":{\"@id\":\"https:\/\/narteks.net\/index.php\/2009\/11\/05\/macchu-pcchunun-doruklari\/\"},\"wordCount\":434,\"commentCount\":0,\"publisher\":{\"@id\":\"https:\/\/narteks.net\/#organization\"},\"articleSection\":[\"Pablo NERUDA\"],\"inLanguage\":\"tr\",\"potentialAction\":[{\"@type\":\"CommentAction\",\"name\":\"Comment\",\"target\":[\"https:\/\/narteks.net\/index.php\/2009\/11\/05\/macchu-pcchunun-doruklari\/#respond\"]}]},{\"@type\":\"WebPage\",\"@id\":\"https:\/\/narteks.net\/index.php\/2009\/11\/05\/macchu-pcchunun-doruklari\/\",\"url\":\"https:\/\/narteks.net\/index.php\/2009\/11\/05\/macchu-pcchunun-doruklari\/\",\"name\":\"MACCHU-P\u0130CCHUNUN DORUKLARI - narteks.net\",\"isPartOf\":{\"@id\":\"https:\/\/narteks.net\/#website\"},\"datePublished\":\"2009-11-05T08:23:26+00:00\",\"breadcrumb\":{\"@id\":\"https:\/\/narteks.net\/index.php\/2009\/11\/05\/macchu-pcchunun-doruklari\/#breadcrumb\"},\"inLanguage\":\"tr\",\"potentialAction\":[{\"@type\":\"ReadAction\",\"target\":[\"https:\/\/narteks.net\/index.php\/2009\/11\/05\/macchu-pcchunun-doruklari\/\"]}]},{\"@type\":\"BreadcrumbList\",\"@id\":\"https:\/\/narteks.net\/index.php\/2009\/11\/05\/macchu-pcchunun-doruklari\/#breadcrumb\",\"itemListElement\":[{\"@type\":\"ListItem\",\"position\":1,\"name\":\"Anasayfa\",\"item\":\"https:\/\/narteks.net\/\"},{\"@type\":\"ListItem\",\"position\":2,\"name\":\"MACCHU-P\u0130CCHUNUN DORUKLARI\"}]},{\"@type\":\"WebSite\",\"@id\":\"https:\/\/narteks.net\/#website\",\"url\":\"https:\/\/narteks.net\/\",\"name\":\"narteks.net\",\"description\":\"K\u00fclt\u00fcr Sanat Edebiyat Felsefe\",\"publisher\":{\"@id\":\"https:\/\/narteks.net\/#organization\"},\"alternateName\":\"K\u00fclt\u00fcr Sanat Edebiyat Felsefe\",\"potentialAction\":[{\"@type\":\"SearchAction\",\"target\":{\"@type\":\"EntryPoint\",\"urlTemplate\":\"https:\/\/narteks.net\/?s={search_term_string}\"},\"query-input\":{\"@type\":\"PropertyValueSpecification\",\"valueRequired\":true,\"valueName\":\"search_term_string\"}}],\"inLanguage\":\"tr\"},{\"@type\":\"Organization\",\"@id\":\"https:\/\/narteks.net\/#organization\",\"name\":\"narteks.net\",\"url\":\"https:\/\/narteks.net\/\",\"logo\":{\"@type\":\"ImageObject\",\"inLanguage\":\"tr\",\"@id\":\"https:\/\/narteks.net\/#\/schema\/logo\/image\/\",\"url\":\"https:\/\/narteks.net\/wp-content\/uploads\/narteks.png\",\"contentUrl\":\"https:\/\/narteks.net\/wp-content\/uploads\/narteks.png\",\"width\":300,\"height\":90,\"caption\":\"narteks.net\"},\"image\":{\"@id\":\"https:\/\/narteks.net\/#\/schema\/logo\/image\/\"},\"sameAs\":[\"https:\/\/x.com\/narteks\",\"https:\/\/instagram.com\/narteksnet\"]},{\"@type\":\"Person\",\"@id\":\"https:\/\/narteks.net\/#\/schema\/person\/61f37d9834294b72d31d274e7ed79bca\",\"name\":\"Tar\u0131k\",\"image\":{\"@type\":\"ImageObject\",\"inLanguage\":\"tr\",\"@id\":\"https:\/\/narteks.net\/#\/schema\/person\/image\/\",\"url\":\"https:\/\/secure.gravatar.com\/avatar\/50865afb55632c4ae467e0af0930f6510aa2297d8014be502a55b14f3b7550cf?s=96&d=mm&r=g\",\"contentUrl\":\"https:\/\/secure.gravatar.com\/avatar\/50865afb55632c4ae467e0af0930f6510aa2297d8014be502a55b14f3b7550cf?s=96&d=mm&r=g\",\"caption\":\"Tar\u0131k\"},\"sameAs\":[\"http:\/\/narteks.net\"],\"url\":\"https:\/\/narteks.net\/index.php\/author\/narbak\/\"}]}<\/script>\n<!-- \/ Yoast SEO Premium plugin. -->","yoast_head_json":{"title":"MACCHU-P\u0130CCHUNUN DORUKLARI - narteks.net","robots":{"index":"index","follow":"follow","max-snippet":"max-snippet:-1","max-image-preview":"max-image-preview:large","max-video-preview":"max-video-preview:-1"},"canonical":"https:\/\/narteks.net\/index.php\/2009\/11\/05\/macchu-pcchunun-doruklari\/","og_locale":"tr_TR","og_type":"article","og_title":"MACCHU-P\u0130CCHUNUN DORUKLARI","og_description":"\u00a0 (XI) (Se\u00e7me) Karman \u00e7orman tantanan\u0131n, Ta\u015f gecenin ortas\u0131na,b\u0131rak; B\u0131rak dald\u0131ray\u0131m, ellerimi. B\u0131rak. Unutulmu\u015fun koca y\u00fcre\u011fi: Bir ku\u015f gibi \u00e7\u0131rp\u0131ns\u0131n bende, Bir ku\u015f gibi, Bin y\u0131ld\u0131r tutsak! Ko, bug\u00fcn unutay\u0131m, Bu bahtiyarl\u0131\u011f\u0131; Bu, denizden daha engin olan, \u00c7\u00fcnk\u00fc: Denizden ve adalardan da Engindir insan. \u00c7\u00fcnk\u00fc: Bir kuyuya d\u00fc\u015fer gibi, D\u00fc\u015fmek gerek ona, \u0130nsana; Bat\u0131k ger\u00e7eklere, [&hellip;]","og_url":"https:\/\/narteks.net\/index.php\/2009\/11\/05\/macchu-pcchunun-doruklari\/","og_site_name":"narteks.net","article_published_time":"2009-11-05T08:23:26+00:00","og_image":[{"width":300,"height":90,"url":"https:\/\/narteks.net\/wp-content\/uploads\/narteks.png","type":"image\/png"}],"author":"Tar\u0131k","twitter_card":"summary_large_image","twitter_creator":"@narteks","twitter_site":"@narteks","twitter_misc":{"Yazan:":"Tar\u0131k","Tahmini okuma s\u00fcresi":"2 dakika"},"schema":{"@context":"https:\/\/schema.org","@graph":[{"@type":"Article","@id":"https:\/\/narteks.net\/index.php\/2009\/11\/05\/macchu-pcchunun-doruklari\/#article","isPartOf":{"@id":"https:\/\/narteks.net\/index.php\/2009\/11\/05\/macchu-pcchunun-doruklari\/"},"author":{"name":"Tar\u0131k","@id":"https:\/\/narteks.net\/#\/schema\/person\/61f37d9834294b72d31d274e7ed79bca"},"headline":"MACCHU-P\u0130CCHUNUN DORUKLARI","datePublished":"2009-11-05T08:23:26+00:00","mainEntityOfPage":{"@id":"https:\/\/narteks.net\/index.php\/2009\/11\/05\/macchu-pcchunun-doruklari\/"},"wordCount":434,"commentCount":0,"publisher":{"@id":"https:\/\/narteks.net\/#organization"},"articleSection":["Pablo NERUDA"],"inLanguage":"tr","potentialAction":[{"@type":"CommentAction","name":"Comment","target":["https:\/\/narteks.net\/index.php\/2009\/11\/05\/macchu-pcchunun-doruklari\/#respond"]}]},{"@type":"WebPage","@id":"https:\/\/narteks.net\/index.php\/2009\/11\/05\/macchu-pcchunun-doruklari\/","url":"https:\/\/narteks.net\/index.php\/2009\/11\/05\/macchu-pcchunun-doruklari\/","name":"MACCHU-P\u0130CCHUNUN DORUKLARI - narteks.net","isPartOf":{"@id":"https:\/\/narteks.net\/#website"},"datePublished":"2009-11-05T08:23:26+00:00","breadcrumb":{"@id":"https:\/\/narteks.net\/index.php\/2009\/11\/05\/macchu-pcchunun-doruklari\/#breadcrumb"},"inLanguage":"tr","potentialAction":[{"@type":"ReadAction","target":["https:\/\/narteks.net\/index.php\/2009\/11\/05\/macchu-pcchunun-doruklari\/"]}]},{"@type":"BreadcrumbList","@id":"https:\/\/narteks.net\/index.php\/2009\/11\/05\/macchu-pcchunun-doruklari\/#breadcrumb","itemListElement":[{"@type":"ListItem","position":1,"name":"Anasayfa","item":"https:\/\/narteks.net\/"},{"@type":"ListItem","position":2,"name":"MACCHU-P\u0130CCHUNUN DORUKLARI"}]},{"@type":"WebSite","@id":"https:\/\/narteks.net\/#website","url":"https:\/\/narteks.net\/","name":"narteks.net","description":"K\u00fclt\u00fcr Sanat Edebiyat Felsefe","publisher":{"@id":"https:\/\/narteks.net\/#organization"},"alternateName":"K\u00fclt\u00fcr Sanat Edebiyat Felsefe","potentialAction":[{"@type":"SearchAction","target":{"@type":"EntryPoint","urlTemplate":"https:\/\/narteks.net\/?s={search_term_string}"},"query-input":{"@type":"PropertyValueSpecification","valueRequired":true,"valueName":"search_term_string"}}],"inLanguage":"tr"},{"@type":"Organization","@id":"https:\/\/narteks.net\/#organization","name":"narteks.net","url":"https:\/\/narteks.net\/","logo":{"@type":"ImageObject","inLanguage":"tr","@id":"https:\/\/narteks.net\/#\/schema\/logo\/image\/","url":"https:\/\/narteks.net\/wp-content\/uploads\/narteks.png","contentUrl":"https:\/\/narteks.net\/wp-content\/uploads\/narteks.png","width":300,"height":90,"caption":"narteks.net"},"image":{"@id":"https:\/\/narteks.net\/#\/schema\/logo\/image\/"},"sameAs":["https:\/\/x.com\/narteks","https:\/\/instagram.com\/narteksnet"]},{"@type":"Person","@id":"https:\/\/narteks.net\/#\/schema\/person\/61f37d9834294b72d31d274e7ed79bca","name":"Tar\u0131k","image":{"@type":"ImageObject","inLanguage":"tr","@id":"https:\/\/narteks.net\/#\/schema\/person\/image\/","url":"https:\/\/secure.gravatar.com\/avatar\/50865afb55632c4ae467e0af0930f6510aa2297d8014be502a55b14f3b7550cf?s=96&d=mm&r=g","contentUrl":"https:\/\/secure.gravatar.com\/avatar\/50865afb55632c4ae467e0af0930f6510aa2297d8014be502a55b14f3b7550cf?s=96&d=mm&r=g","caption":"Tar\u0131k"},"sameAs":["http:\/\/narteks.net"],"url":"https:\/\/narteks.net\/index.php\/author\/narbak\/"}]}},"_links":{"self":[{"href":"https:\/\/narteks.net\/index.php\/wp-json\/wp\/v2\/posts\/1009","targetHints":{"allow":["GET"]}}],"collection":[{"href":"https:\/\/narteks.net\/index.php\/wp-json\/wp\/v2\/posts"}],"about":[{"href":"https:\/\/narteks.net\/index.php\/wp-json\/wp\/v2\/types\/post"}],"author":[{"embeddable":true,"href":"https:\/\/narteks.net\/index.php\/wp-json\/wp\/v2\/users\/1"}],"replies":[{"embeddable":true,"href":"https:\/\/narteks.net\/index.php\/wp-json\/wp\/v2\/comments?post=1009"}],"version-history":[{"count":0,"href":"https:\/\/narteks.net\/index.php\/wp-json\/wp\/v2\/posts\/1009\/revisions"}],"wp:attachment":[{"href":"https:\/\/narteks.net\/index.php\/wp-json\/wp\/v2\/media?parent=1009"}],"wp:term":[{"taxonomy":"category","embeddable":true,"href":"https:\/\/narteks.net\/index.php\/wp-json\/wp\/v2\/categories?post=1009"},{"taxonomy":"post_tag","embeddable":true,"href":"https:\/\/narteks.net\/index.php\/wp-json\/wp\/v2\/tags?post=1009"}],"curies":[{"name":"wp","href":"https:\/\/api.w.org\/{rel}","templated":true}]}}