{"id":1010,"date":"2009-11-05T11:24:09","date_gmt":"2009-11-05T08:24:09","guid":{"rendered":"http:\/\/localhost\/wordpress\/2009\/11\/05\/unutmak-yok\/"},"modified":"2009-11-05T11:24:09","modified_gmt":"2009-11-05T08:24:09","slug":"unutmak-yok","status":"publish","type":"post","link":"https:\/\/narteks.net\/index.php\/2009\/11\/05\/unutmak-yok\/","title":{"rendered":"UNUTMAK YOK"},"content":{"rendered":"<p>\u00a0<\/p>\n<p>Bunca zamand\u0131r nerede oldu\u011fumu soracak olursan<br \/> &#8220;Oldu bir \u015feyler&#8221; demeliyim<br \/> oturmal\u0131y\u0131m bir ta\u015fa<br \/> kararan d\u00fcnyada,<br \/> kendini yemi\u015f bitirmi\u015f bir nehirde.<br \/> Korumas\u0131n\u0131 bilmiyorum yitirdiklerini ku\u015flar\u0131n<br \/> Geride b\u0131rakt\u0131\u011f\u0131m denizi<br \/> ya da \u00e7\u0131\u011fl\u0131\u011f\u0131n\u0131 k\u0131zkarde\u015fimin.<br \/> Nedir bu topra\u011f\u0131n zenginli\u011fi?<br \/> G\u00fcn neden g\u00fcnle kapan\u0131yor?<br \/> Neden karanl\u0131k gece \u00e7alkalan\u0131yor a\u011fz\u0131mda?<br \/> Ve \u00f6l\u00fcm neden?<\/p>\n<p>Nereden geldi\u011fimi sormayacak m\u0131s\u0131n?<br \/> Anlatay\u0131m sana;<br \/> K\u0131r\u0131k \u015feyleri<br \/> Ac\u0131l\u0131 kaplar\u0131<br \/> S\u0131k s\u0131k tozlanan koca s\u0131\u011f\u0131rlar\u0131<br \/> ve tutulu kalbimi.<\/p>\n<p>Bunlar ne belle\u011fimizde uyanan sar\u0131 g\u00fcvercinler,<br \/> ne de an\u0131lard\u0131r ku\u015faktan ku\u015fa\u011fa akan.<br \/> A\u011flayan y\u00fczlerdir bunlar,<br \/> Parmaklard\u0131r g\u0131rtla\u011f\u0131m\u0131zdaki,<br \/> ve topra\u011fa d\u00fc\u015fen yapraklard\u0131r.<br \/> Yiten g\u00fcn\u00fcn karanl\u0131\u011f\u0131d\u0131r.<br \/> Ye\u015fertir kaleleri h\u00fcz\u00fcnl\u00fc kan\u0131m\u0131zdaki.<\/p>\n<p>\u0130\u015fte menek\u015feler ve i\u015fte k\u0131rlang\u0131\u00e7lar,<br \/> Sevdi\u011fim her \u015fey<br \/> Tatl\u0131 mesajlar veren g\u00fcnbeg\u00fcn<br \/> a\u00e7\u0131kta zaman<br \/> tatl\u0131l\u0131\u011f\u0131 artan.<br \/> Ka\u00e7amay\u0131z biz; Di\u015flerimizin aras\u0131ndan:<br \/> Neden kemiriyor bo\u015fa giden zaman<br \/> sessizlik kabu\u011funu?<br \/> Ne yan\u0131t verece\u011fimi bilmiyorum.<\/p>\n<p>O kadar \u00e7ok ki \u00f6l\u00fcm\u00fcz<br \/> Ve o kadar \u00e7ok ki k\u0131z\u0131l g\u00fcne\u015f \u00f6n\u00fcnde setler<br \/> Ve o kadar \u00e7ok ki \u00e7arp\u0131k kabuklu ba\u015flar<br \/> Ve o kadar \u00e7ok ki \u00f6p\u00fcc\u00fcklerimizi engelleyenler<br \/> Ve o kadar \u00e7ok ki unutmak istediklerim.<\/p>\n","protected":false},"excerpt":{"rendered":"<p>\u00a0 Bunca zamand\u0131r nerede oldu\u011fumu soracak olursan &#8220;Oldu bir \u015feyler&#8221; demeliyim oturmal\u0131y\u0131m bir ta\u015fa kararan d\u00fcnyada, kendini yemi\u015f bitirmi\u015f bir nehirde. Korumas\u0131n\u0131 bilmiyorum yitirdiklerini ku\u015flar\u0131n Geride b\u0131rakt\u0131\u011f\u0131m denizi ya da \u00e7\u0131\u011fl\u0131\u011f\u0131n\u0131 k\u0131zkarde\u015fimin. Nedir bu topra\u011f\u0131n zenginli\u011fi? G\u00fcn neden g\u00fcnle kapan\u0131yor? Neden karanl\u0131k gece \u00e7alkalan\u0131yor a\u011fz\u0131mda? Ve \u00f6l\u00fcm neden? Nereden geldi\u011fimi sormayacak m\u0131s\u0131n? Anlatay\u0131m sana; K\u0131r\u0131k [&hellip;]<\/p>\n","protected":false},"author":1,"featured_media":0,"comment_status":"open","ping_status":"open","sticky":false,"template":"","format":"standard","meta":{"footnotes":""},"categories":[175],"tags":[],"class_list":{"0":"post-1010","1":"post","2":"type-post","3":"status-publish","4":"format-standard","6":"category-pablo-neruda"},"yoast_head":"<!-- This site is optimized with the Yoast SEO Premium plugin v24.9 (Yoast SEO v24.9) - https:\/\/yoast.com\/wordpress\/plugins\/seo\/ -->\n<title>UNUTMAK YOK - narteks.net<\/title>\n<meta name=\"robots\" content=\"index, follow, max-snippet:-1, max-image-preview:large, max-video-preview:-1\" \/>\n<link rel=\"canonical\" href=\"https:\/\/narteks.net\/index.php\/2009\/11\/05\/unutmak-yok\/\" \/>\n<meta property=\"og:locale\" content=\"tr_TR\" \/>\n<meta property=\"og:type\" content=\"article\" \/>\n<meta property=\"og:title\" content=\"UNUTMAK YOK\" \/>\n<meta property=\"og:description\" content=\"\u00a0 Bunca zamand\u0131r nerede oldu\u011fumu soracak olursan &#8220;Oldu bir \u015feyler&#8221; demeliyim oturmal\u0131y\u0131m bir ta\u015fa kararan d\u00fcnyada, kendini yemi\u015f bitirmi\u015f bir nehirde. Korumas\u0131n\u0131 bilmiyorum yitirdiklerini ku\u015flar\u0131n Geride b\u0131rakt\u0131\u011f\u0131m denizi ya da \u00e7\u0131\u011fl\u0131\u011f\u0131n\u0131 k\u0131zkarde\u015fimin. Nedir bu topra\u011f\u0131n zenginli\u011fi? G\u00fcn neden g\u00fcnle kapan\u0131yor? Neden karanl\u0131k gece \u00e7alkalan\u0131yor a\u011fz\u0131mda? Ve \u00f6l\u00fcm neden? Nereden geldi\u011fimi sormayacak m\u0131s\u0131n? Anlatay\u0131m sana; K\u0131r\u0131k [&hellip;]\" \/>\n<meta property=\"og:url\" content=\"https:\/\/narteks.net\/index.php\/2009\/11\/05\/unutmak-yok\/\" \/>\n<meta property=\"og:site_name\" content=\"narteks.net\" \/>\n<meta property=\"article:published_time\" content=\"2009-11-05T08:24:09+00:00\" \/>\n<meta property=\"og:image\" content=\"https:\/\/narteks.net\/wp-content\/uploads\/narteks.png\" \/>\n\t<meta property=\"og:image:width\" content=\"300\" \/>\n\t<meta property=\"og:image:height\" content=\"90\" \/>\n\t<meta property=\"og:image:type\" content=\"image\/png\" \/>\n<meta name=\"author\" content=\"Tar\u0131k\" \/>\n<meta name=\"twitter:card\" content=\"summary_large_image\" \/>\n<meta name=\"twitter:creator\" content=\"@narteks\" \/>\n<meta name=\"twitter:site\" content=\"@narteks\" \/>\n<meta name=\"twitter:label1\" content=\"Yazan:\" \/>\n\t<meta name=\"twitter:data1\" content=\"Tar\u0131k\" \/>\n\t<meta name=\"twitter:label2\" content=\"Tahmini okuma s\u00fcresi\" \/>\n\t<meta name=\"twitter:data2\" content=\"1 dakika\" \/>\n<script type=\"application\/ld+json\" class=\"yoast-schema-graph\">{\"@context\":\"https:\/\/schema.org\",\"@graph\":[{\"@type\":\"Article\",\"@id\":\"https:\/\/narteks.net\/index.php\/2009\/11\/05\/unutmak-yok\/#article\",\"isPartOf\":{\"@id\":\"https:\/\/narteks.net\/index.php\/2009\/11\/05\/unutmak-yok\/\"},\"author\":{\"name\":\"Tar\u0131k\",\"@id\":\"https:\/\/narteks.net\/#\/schema\/person\/61f37d9834294b72d31d274e7ed79bca\"},\"headline\":\"UNUTMAK YOK\",\"datePublished\":\"2009-11-05T08:24:09+00:00\",\"mainEntityOfPage\":{\"@id\":\"https:\/\/narteks.net\/index.php\/2009\/11\/05\/unutmak-yok\/\"},\"wordCount\":248,\"commentCount\":0,\"publisher\":{\"@id\":\"https:\/\/narteks.net\/#organization\"},\"articleSection\":[\"Pablo NERUDA\"],\"inLanguage\":\"tr\",\"potentialAction\":[{\"@type\":\"CommentAction\",\"name\":\"Comment\",\"target\":[\"https:\/\/narteks.net\/index.php\/2009\/11\/05\/unutmak-yok\/#respond\"]}]},{\"@type\":\"WebPage\",\"@id\":\"https:\/\/narteks.net\/index.php\/2009\/11\/05\/unutmak-yok\/\",\"url\":\"https:\/\/narteks.net\/index.php\/2009\/11\/05\/unutmak-yok\/\",\"name\":\"UNUTMAK YOK - narteks.net\",\"isPartOf\":{\"@id\":\"https:\/\/narteks.net\/#website\"},\"datePublished\":\"2009-11-05T08:24:09+00:00\",\"breadcrumb\":{\"@id\":\"https:\/\/narteks.net\/index.php\/2009\/11\/05\/unutmak-yok\/#breadcrumb\"},\"inLanguage\":\"tr\",\"potentialAction\":[{\"@type\":\"ReadAction\",\"target\":[\"https:\/\/narteks.net\/index.php\/2009\/11\/05\/unutmak-yok\/\"]}]},{\"@type\":\"BreadcrumbList\",\"@id\":\"https:\/\/narteks.net\/index.php\/2009\/11\/05\/unutmak-yok\/#breadcrumb\",\"itemListElement\":[{\"@type\":\"ListItem\",\"position\":1,\"name\":\"Anasayfa\",\"item\":\"https:\/\/narteks.net\/\"},{\"@type\":\"ListItem\",\"position\":2,\"name\":\"UNUTMAK YOK\"}]},{\"@type\":\"WebSite\",\"@id\":\"https:\/\/narteks.net\/#website\",\"url\":\"https:\/\/narteks.net\/\",\"name\":\"narteks.net\",\"description\":\"K\u00fclt\u00fcr Sanat Edebiyat Felsefe\",\"publisher\":{\"@id\":\"https:\/\/narteks.net\/#organization\"},\"alternateName\":\"K\u00fclt\u00fcr Sanat Edebiyat Felsefe\",\"potentialAction\":[{\"@type\":\"SearchAction\",\"target\":{\"@type\":\"EntryPoint\",\"urlTemplate\":\"https:\/\/narteks.net\/?s={search_term_string}\"},\"query-input\":{\"@type\":\"PropertyValueSpecification\",\"valueRequired\":true,\"valueName\":\"search_term_string\"}}],\"inLanguage\":\"tr\"},{\"@type\":\"Organization\",\"@id\":\"https:\/\/narteks.net\/#organization\",\"name\":\"narteks.net\",\"url\":\"https:\/\/narteks.net\/\",\"logo\":{\"@type\":\"ImageObject\",\"inLanguage\":\"tr\",\"@id\":\"https:\/\/narteks.net\/#\/schema\/logo\/image\/\",\"url\":\"https:\/\/narteks.net\/wp-content\/uploads\/narteks.png\",\"contentUrl\":\"https:\/\/narteks.net\/wp-content\/uploads\/narteks.png\",\"width\":300,\"height\":90,\"caption\":\"narteks.net\"},\"image\":{\"@id\":\"https:\/\/narteks.net\/#\/schema\/logo\/image\/\"},\"sameAs\":[\"https:\/\/x.com\/narteks\",\"https:\/\/instagram.com\/narteksnet\"]},{\"@type\":\"Person\",\"@id\":\"https:\/\/narteks.net\/#\/schema\/person\/61f37d9834294b72d31d274e7ed79bca\",\"name\":\"Tar\u0131k\",\"image\":{\"@type\":\"ImageObject\",\"inLanguage\":\"tr\",\"@id\":\"https:\/\/narteks.net\/#\/schema\/person\/image\/\",\"url\":\"https:\/\/secure.gravatar.com\/avatar\/50865afb55632c4ae467e0af0930f6510aa2297d8014be502a55b14f3b7550cf?s=96&d=mm&r=g\",\"contentUrl\":\"https:\/\/secure.gravatar.com\/avatar\/50865afb55632c4ae467e0af0930f6510aa2297d8014be502a55b14f3b7550cf?s=96&d=mm&r=g\",\"caption\":\"Tar\u0131k\"},\"sameAs\":[\"http:\/\/narteks.net\"],\"url\":\"https:\/\/narteks.net\/index.php\/author\/narbak\/\"}]}<\/script>\n<!-- \/ Yoast SEO Premium plugin. -->","yoast_head_json":{"title":"UNUTMAK YOK - narteks.net","robots":{"index":"index","follow":"follow","max-snippet":"max-snippet:-1","max-image-preview":"max-image-preview:large","max-video-preview":"max-video-preview:-1"},"canonical":"https:\/\/narteks.net\/index.php\/2009\/11\/05\/unutmak-yok\/","og_locale":"tr_TR","og_type":"article","og_title":"UNUTMAK YOK","og_description":"\u00a0 Bunca zamand\u0131r nerede oldu\u011fumu soracak olursan &#8220;Oldu bir \u015feyler&#8221; demeliyim oturmal\u0131y\u0131m bir ta\u015fa kararan d\u00fcnyada, kendini yemi\u015f bitirmi\u015f bir nehirde. Korumas\u0131n\u0131 bilmiyorum yitirdiklerini ku\u015flar\u0131n Geride b\u0131rakt\u0131\u011f\u0131m denizi ya da \u00e7\u0131\u011fl\u0131\u011f\u0131n\u0131 k\u0131zkarde\u015fimin. Nedir bu topra\u011f\u0131n zenginli\u011fi? G\u00fcn neden g\u00fcnle kapan\u0131yor? Neden karanl\u0131k gece \u00e7alkalan\u0131yor a\u011fz\u0131mda? Ve \u00f6l\u00fcm neden? Nereden geldi\u011fimi sormayacak m\u0131s\u0131n? Anlatay\u0131m sana; K\u0131r\u0131k [&hellip;]","og_url":"https:\/\/narteks.net\/index.php\/2009\/11\/05\/unutmak-yok\/","og_site_name":"narteks.net","article_published_time":"2009-11-05T08:24:09+00:00","og_image":[{"width":300,"height":90,"url":"https:\/\/narteks.net\/wp-content\/uploads\/narteks.png","type":"image\/png"}],"author":"Tar\u0131k","twitter_card":"summary_large_image","twitter_creator":"@narteks","twitter_site":"@narteks","twitter_misc":{"Yazan:":"Tar\u0131k","Tahmini okuma s\u00fcresi":"1 dakika"},"schema":{"@context":"https:\/\/schema.org","@graph":[{"@type":"Article","@id":"https:\/\/narteks.net\/index.php\/2009\/11\/05\/unutmak-yok\/#article","isPartOf":{"@id":"https:\/\/narteks.net\/index.php\/2009\/11\/05\/unutmak-yok\/"},"author":{"name":"Tar\u0131k","@id":"https:\/\/narteks.net\/#\/schema\/person\/61f37d9834294b72d31d274e7ed79bca"},"headline":"UNUTMAK YOK","datePublished":"2009-11-05T08:24:09+00:00","mainEntityOfPage":{"@id":"https:\/\/narteks.net\/index.php\/2009\/11\/05\/unutmak-yok\/"},"wordCount":248,"commentCount":0,"publisher":{"@id":"https:\/\/narteks.net\/#organization"},"articleSection":["Pablo NERUDA"],"inLanguage":"tr","potentialAction":[{"@type":"CommentAction","name":"Comment","target":["https:\/\/narteks.net\/index.php\/2009\/11\/05\/unutmak-yok\/#respond"]}]},{"@type":"WebPage","@id":"https:\/\/narteks.net\/index.php\/2009\/11\/05\/unutmak-yok\/","url":"https:\/\/narteks.net\/index.php\/2009\/11\/05\/unutmak-yok\/","name":"UNUTMAK YOK - narteks.net","isPartOf":{"@id":"https:\/\/narteks.net\/#website"},"datePublished":"2009-11-05T08:24:09+00:00","breadcrumb":{"@id":"https:\/\/narteks.net\/index.php\/2009\/11\/05\/unutmak-yok\/#breadcrumb"},"inLanguage":"tr","potentialAction":[{"@type":"ReadAction","target":["https:\/\/narteks.net\/index.php\/2009\/11\/05\/unutmak-yok\/"]}]},{"@type":"BreadcrumbList","@id":"https:\/\/narteks.net\/index.php\/2009\/11\/05\/unutmak-yok\/#breadcrumb","itemListElement":[{"@type":"ListItem","position":1,"name":"Anasayfa","item":"https:\/\/narteks.net\/"},{"@type":"ListItem","position":2,"name":"UNUTMAK YOK"}]},{"@type":"WebSite","@id":"https:\/\/narteks.net\/#website","url":"https:\/\/narteks.net\/","name":"narteks.net","description":"K\u00fclt\u00fcr Sanat Edebiyat Felsefe","publisher":{"@id":"https:\/\/narteks.net\/#organization"},"alternateName":"K\u00fclt\u00fcr Sanat Edebiyat Felsefe","potentialAction":[{"@type":"SearchAction","target":{"@type":"EntryPoint","urlTemplate":"https:\/\/narteks.net\/?s={search_term_string}"},"query-input":{"@type":"PropertyValueSpecification","valueRequired":true,"valueName":"search_term_string"}}],"inLanguage":"tr"},{"@type":"Organization","@id":"https:\/\/narteks.net\/#organization","name":"narteks.net","url":"https:\/\/narteks.net\/","logo":{"@type":"ImageObject","inLanguage":"tr","@id":"https:\/\/narteks.net\/#\/schema\/logo\/image\/","url":"https:\/\/narteks.net\/wp-content\/uploads\/narteks.png","contentUrl":"https:\/\/narteks.net\/wp-content\/uploads\/narteks.png","width":300,"height":90,"caption":"narteks.net"},"image":{"@id":"https:\/\/narteks.net\/#\/schema\/logo\/image\/"},"sameAs":["https:\/\/x.com\/narteks","https:\/\/instagram.com\/narteksnet"]},{"@type":"Person","@id":"https:\/\/narteks.net\/#\/schema\/person\/61f37d9834294b72d31d274e7ed79bca","name":"Tar\u0131k","image":{"@type":"ImageObject","inLanguage":"tr","@id":"https:\/\/narteks.net\/#\/schema\/person\/image\/","url":"https:\/\/secure.gravatar.com\/avatar\/50865afb55632c4ae467e0af0930f6510aa2297d8014be502a55b14f3b7550cf?s=96&d=mm&r=g","contentUrl":"https:\/\/secure.gravatar.com\/avatar\/50865afb55632c4ae467e0af0930f6510aa2297d8014be502a55b14f3b7550cf?s=96&d=mm&r=g","caption":"Tar\u0131k"},"sameAs":["http:\/\/narteks.net"],"url":"https:\/\/narteks.net\/index.php\/author\/narbak\/"}]}},"_links":{"self":[{"href":"https:\/\/narteks.net\/index.php\/wp-json\/wp\/v2\/posts\/1010","targetHints":{"allow":["GET"]}}],"collection":[{"href":"https:\/\/narteks.net\/index.php\/wp-json\/wp\/v2\/posts"}],"about":[{"href":"https:\/\/narteks.net\/index.php\/wp-json\/wp\/v2\/types\/post"}],"author":[{"embeddable":true,"href":"https:\/\/narteks.net\/index.php\/wp-json\/wp\/v2\/users\/1"}],"replies":[{"embeddable":true,"href":"https:\/\/narteks.net\/index.php\/wp-json\/wp\/v2\/comments?post=1010"}],"version-history":[{"count":0,"href":"https:\/\/narteks.net\/index.php\/wp-json\/wp\/v2\/posts\/1010\/revisions"}],"wp:attachment":[{"href":"https:\/\/narteks.net\/index.php\/wp-json\/wp\/v2\/media?parent=1010"}],"wp:term":[{"taxonomy":"category","embeddable":true,"href":"https:\/\/narteks.net\/index.php\/wp-json\/wp\/v2\/categories?post=1010"},{"taxonomy":"post_tag","embeddable":true,"href":"https:\/\/narteks.net\/index.php\/wp-json\/wp\/v2\/tags?post=1010"}],"curies":[{"name":"wp","href":"https:\/\/api.w.org\/{rel}","templated":true}]}}