{"id":1011,"date":"2009-11-05T11:25:39","date_gmt":"2009-11-05T08:25:39","guid":{"rendered":"http:\/\/localhost\/wordpress\/2009\/11\/05\/gemi\/"},"modified":"2009-11-05T11:25:39","modified_gmt":"2009-11-05T08:25:39","slug":"gemi","status":"publish","type":"post","link":"https:\/\/narteks.net\/index.php\/2009\/11\/05\/gemi\/","title":{"rendered":"GEM\u0130"},"content":{"rendered":"<p>\u00a0<\/p>\n<p>Yolculuk \u00fccretini verdikse bu d\u00fcnyada, neden<br \/> Neden b\u0131rakm\u0131yorlar bizi otural\u0131m, yemek yiyelim..?<\/p>\n<p>Bulutlara bakmak istiyoruz,<br \/> G\u00fcne\u015fte yanmak, tuz koklamak.<br \/> Kimseyi tedirgin etmek gelmiyor i\u00e7imizden.<br \/> Neden edelim zaten: biz birer yolcusuyuz sadece.<\/p>\n<p>Gidiyoruz, zaman\u0131 da g\u00f6t\u00fcr\u00fcyoruz bizimle.<br \/> Deniz ge\u00e7iyor yan\u0131m\u0131zdan, \u00fcst\u00fcnde bir g\u00fcl var,<br \/> G\u00f6lgede gidiyor d\u00fcnya, ayd\u0131nl\u0131kta.<br \/> Siz de gelin bizim gibi, biz yolcular.<\/p>\n<p>Sizi tedirgin eden ne..?<br \/> Neden \u00f6fkeyle vuruyorsunuz..?<br \/> Tabancalar ku\u015fanm\u0131\u015f, kimi ar\u0131yorsunuz \u00f6yle..?<\/p>\n<p>Bilmiyorduk sizin oldu\u011funu her \u015feyin,<br \/> Bardaklar\u0131n, iskemlelerin,<br \/> Yataklar\u0131n, aynalar\u0131n sizin,<br \/> Sizin oldu\u011funu denizin, \u015farab\u0131n, g\u00f6ky\u00fcz\u00fcn\u00fcn<\/p>\n<p>Bak\u0131yoruz b\u00fct\u00fcn masalar tutulmu\u015f \u015fimdi.<br \/> Olamaz diye d\u00fc\u015f\u00fcn\u00fcyoruz,<br \/> Nas\u0131l, ama nas\u0131l inand\u0131racaks\u0131n\u0131z bizi..?<\/p>\n<p>Her yer karanl\u0131kt\u0131 gemiye bindi\u011fimizde.<br \/> Biz de \u00e7\u0131plakt\u0131k, ayn\u0131 yerden geliyorduk,<br \/> Kad\u0131nlardan, erkeklerden geliyorduk, sizin gibi.<\/p>\n<p>A\u00e7 do\u011fmu\u015ftuk, \u00e7abuk \u00e7\u0131kt\u0131 di\u015flerimiz.<br \/> Ellerimiz oldu zamanla, g\u00f6zlerimiz oldu,<br \/> \u00c7al\u0131\u015fal\u0131m diye, a\u011flayal\u0131m diye g\u00f6rd\u00fcklerimiz i\u00e7in.<\/p>\n<p>Hi\u00e7bir hakk\u0131m\u0131z yok \u015fimdi elimizde,<br \/> \u00d6yle diyorsunuz, gemide yer yok.<br \/> Bizimle konu\u015fmuyorsunuz,<br \/> Oynam\u0131yorsunuz bizimle.<\/p>\n<p>Neden bu \u00fcst\u00fcnl\u00fc\u011f\u00fcn\u00fcz, neden..?<br \/> Kim ka\u015f\u0131k verdi daha do\u011fmadan size.?<\/p>\n<p>Sevmem yolculukta, gizli k\u00f6\u015felerde<br \/> A\u015fk \u0131\u015f\u0131\u011f\u0131ndan yoksun bo\u015f g\u00f6zler bulmay\u0131,<br \/> A\u00e7 a\u011f\u0131zlar bulmay\u0131 sevmem.<\/p>\n<p>Yakla\u015fan g\u00fcz i\u00e7in elbisemiz yok;<br \/> K\u0131\u015f gelecek; k\u0131\u015f i\u00e7in hi\u00e7, hi\u00e7 yok.<br \/> Nas\u0131l y\u00fcr\u00fcr\u00fcz kunduram\u0131z olmazsa<br \/> D\u00fcnyan\u0131n keskin \u00e7ak\u0131llar\u0131nda.?<\/p>\n<p>Nerde yemek yeriz masam\u0131z olmazsa.?<br \/> \u0130skemlemiz olmazsa nereye otururuz.?<br \/> Tats\u0131z bir \u015fakaysa bu, beyler,<br \/> Karar verin, kesin bu \u015fakay\u0131,<br \/> S\u0131ras\u0131 geldi ciddi olman\u0131n art\u0131k.<br \/> Deniz kudurmu\u015f. Kan ya\u011f\u0131yor.<\/p>\n","protected":false},"excerpt":{"rendered":"<p>\u00a0 Yolculuk \u00fccretini verdikse bu d\u00fcnyada, neden Neden b\u0131rakm\u0131yorlar bizi otural\u0131m, yemek yiyelim..? Bulutlara bakmak istiyoruz, G\u00fcne\u015fte yanmak, tuz koklamak. Kimseyi tedirgin etmek gelmiyor i\u00e7imizden. Neden edelim zaten: biz birer yolcusuyuz sadece. Gidiyoruz, zaman\u0131 da g\u00f6t\u00fcr\u00fcyoruz bizimle. Deniz ge\u00e7iyor yan\u0131m\u0131zdan, \u00fcst\u00fcnde bir g\u00fcl var, G\u00f6lgede gidiyor d\u00fcnya, ayd\u0131nl\u0131kta. Siz de gelin bizim gibi, biz yolcular. [&hellip;]<\/p>\n","protected":false},"author":1,"featured_media":0,"comment_status":"open","ping_status":"open","sticky":false,"template":"","format":"standard","meta":{"footnotes":""},"categories":[175],"tags":[],"class_list":{"0":"post-1011","1":"post","2":"type-post","3":"status-publish","4":"format-standard","6":"category-pablo-neruda"},"yoast_head":"<!-- This site is optimized with the Yoast SEO Premium plugin v24.9 (Yoast SEO v24.9) - https:\/\/yoast.com\/wordpress\/plugins\/seo\/ -->\n<title>GEM\u0130 - narteks.net<\/title>\n<meta name=\"robots\" content=\"index, follow, max-snippet:-1, max-image-preview:large, max-video-preview:-1\" \/>\n<link rel=\"canonical\" href=\"https:\/\/narteks.net\/index.php\/2009\/11\/05\/gemi\/\" \/>\n<meta property=\"og:locale\" content=\"tr_TR\" \/>\n<meta property=\"og:type\" content=\"article\" \/>\n<meta property=\"og:title\" content=\"GEM\u0130\" \/>\n<meta property=\"og:description\" content=\"\u00a0 Yolculuk \u00fccretini verdikse bu d\u00fcnyada, neden Neden b\u0131rakm\u0131yorlar bizi otural\u0131m, yemek yiyelim..? Bulutlara bakmak istiyoruz, G\u00fcne\u015fte yanmak, tuz koklamak. Kimseyi tedirgin etmek gelmiyor i\u00e7imizden. Neden edelim zaten: biz birer yolcusuyuz sadece. Gidiyoruz, zaman\u0131 da g\u00f6t\u00fcr\u00fcyoruz bizimle. Deniz ge\u00e7iyor yan\u0131m\u0131zdan, \u00fcst\u00fcnde bir g\u00fcl var, G\u00f6lgede gidiyor d\u00fcnya, ayd\u0131nl\u0131kta. Siz de gelin bizim gibi, biz yolcular. [&hellip;]\" \/>\n<meta property=\"og:url\" content=\"https:\/\/narteks.net\/index.php\/2009\/11\/05\/gemi\/\" \/>\n<meta property=\"og:site_name\" content=\"narteks.net\" \/>\n<meta property=\"article:published_time\" content=\"2009-11-05T08:25:39+00:00\" \/>\n<meta property=\"og:image\" content=\"https:\/\/narteks.net\/wp-content\/uploads\/narteks.png\" \/>\n\t<meta property=\"og:image:width\" content=\"300\" \/>\n\t<meta property=\"og:image:height\" content=\"90\" \/>\n\t<meta property=\"og:image:type\" content=\"image\/png\" \/>\n<meta name=\"author\" content=\"Tar\u0131k\" \/>\n<meta name=\"twitter:card\" content=\"summary_large_image\" \/>\n<meta name=\"twitter:creator\" content=\"@narteks\" \/>\n<meta name=\"twitter:site\" content=\"@narteks\" \/>\n<meta name=\"twitter:label1\" content=\"Yazan:\" \/>\n\t<meta name=\"twitter:data1\" content=\"Tar\u0131k\" \/>\n\t<meta name=\"twitter:label2\" content=\"Tahmini okuma s\u00fcresi\" \/>\n\t<meta name=\"twitter:data2\" content=\"2 dakika\" \/>\n<script type=\"application\/ld+json\" class=\"yoast-schema-graph\">{\"@context\":\"https:\/\/schema.org\",\"@graph\":[{\"@type\":\"Article\",\"@id\":\"https:\/\/narteks.net\/index.php\/2009\/11\/05\/gemi\/#article\",\"isPartOf\":{\"@id\":\"https:\/\/narteks.net\/index.php\/2009\/11\/05\/gemi\/\"},\"author\":{\"name\":\"Tar\u0131k\",\"@id\":\"https:\/\/narteks.net\/#\/schema\/person\/61f37d9834294b72d31d274e7ed79bca\"},\"headline\":\"GEM\u0130\",\"datePublished\":\"2009-11-05T08:25:39+00:00\",\"mainEntityOfPage\":{\"@id\":\"https:\/\/narteks.net\/index.php\/2009\/11\/05\/gemi\/\"},\"wordCount\":301,\"commentCount\":0,\"publisher\":{\"@id\":\"https:\/\/narteks.net\/#organization\"},\"articleSection\":[\"Pablo NERUDA\"],\"inLanguage\":\"tr\",\"potentialAction\":[{\"@type\":\"CommentAction\",\"name\":\"Comment\",\"target\":[\"https:\/\/narteks.net\/index.php\/2009\/11\/05\/gemi\/#respond\"]}]},{\"@type\":\"WebPage\",\"@id\":\"https:\/\/narteks.net\/index.php\/2009\/11\/05\/gemi\/\",\"url\":\"https:\/\/narteks.net\/index.php\/2009\/11\/05\/gemi\/\",\"name\":\"GEM\u0130 - narteks.net\",\"isPartOf\":{\"@id\":\"https:\/\/narteks.net\/#website\"},\"datePublished\":\"2009-11-05T08:25:39+00:00\",\"breadcrumb\":{\"@id\":\"https:\/\/narteks.net\/index.php\/2009\/11\/05\/gemi\/#breadcrumb\"},\"inLanguage\":\"tr\",\"potentialAction\":[{\"@type\":\"ReadAction\",\"target\":[\"https:\/\/narteks.net\/index.php\/2009\/11\/05\/gemi\/\"]}]},{\"@type\":\"BreadcrumbList\",\"@id\":\"https:\/\/narteks.net\/index.php\/2009\/11\/05\/gemi\/#breadcrumb\",\"itemListElement\":[{\"@type\":\"ListItem\",\"position\":1,\"name\":\"Anasayfa\",\"item\":\"https:\/\/narteks.net\/\"},{\"@type\":\"ListItem\",\"position\":2,\"name\":\"GEM\u0130\"}]},{\"@type\":\"WebSite\",\"@id\":\"https:\/\/narteks.net\/#website\",\"url\":\"https:\/\/narteks.net\/\",\"name\":\"narteks.net\",\"description\":\"K\u00fclt\u00fcr Sanat Edebiyat Felsefe\",\"publisher\":{\"@id\":\"https:\/\/narteks.net\/#organization\"},\"alternateName\":\"K\u00fclt\u00fcr Sanat Edebiyat Felsefe\",\"potentialAction\":[{\"@type\":\"SearchAction\",\"target\":{\"@type\":\"EntryPoint\",\"urlTemplate\":\"https:\/\/narteks.net\/?s={search_term_string}\"},\"query-input\":{\"@type\":\"PropertyValueSpecification\",\"valueRequired\":true,\"valueName\":\"search_term_string\"}}],\"inLanguage\":\"tr\"},{\"@type\":\"Organization\",\"@id\":\"https:\/\/narteks.net\/#organization\",\"name\":\"narteks.net\",\"url\":\"https:\/\/narteks.net\/\",\"logo\":{\"@type\":\"ImageObject\",\"inLanguage\":\"tr\",\"@id\":\"https:\/\/narteks.net\/#\/schema\/logo\/image\/\",\"url\":\"https:\/\/narteks.net\/wp-content\/uploads\/narteks.png\",\"contentUrl\":\"https:\/\/narteks.net\/wp-content\/uploads\/narteks.png\",\"width\":300,\"height\":90,\"caption\":\"narteks.net\"},\"image\":{\"@id\":\"https:\/\/narteks.net\/#\/schema\/logo\/image\/\"},\"sameAs\":[\"https:\/\/x.com\/narteks\",\"https:\/\/instagram.com\/narteksnet\"]},{\"@type\":\"Person\",\"@id\":\"https:\/\/narteks.net\/#\/schema\/person\/61f37d9834294b72d31d274e7ed79bca\",\"name\":\"Tar\u0131k\",\"image\":{\"@type\":\"ImageObject\",\"inLanguage\":\"tr\",\"@id\":\"https:\/\/narteks.net\/#\/schema\/person\/image\/\",\"url\":\"https:\/\/secure.gravatar.com\/avatar\/50865afb55632c4ae467e0af0930f6510aa2297d8014be502a55b14f3b7550cf?s=96&d=mm&r=g\",\"contentUrl\":\"https:\/\/secure.gravatar.com\/avatar\/50865afb55632c4ae467e0af0930f6510aa2297d8014be502a55b14f3b7550cf?s=96&d=mm&r=g\",\"caption\":\"Tar\u0131k\"},\"sameAs\":[\"http:\/\/narteks.net\"],\"url\":\"https:\/\/narteks.net\/index.php\/author\/narbak\/\"}]}<\/script>\n<!-- \/ Yoast SEO Premium plugin. -->","yoast_head_json":{"title":"GEM\u0130 - narteks.net","robots":{"index":"index","follow":"follow","max-snippet":"max-snippet:-1","max-image-preview":"max-image-preview:large","max-video-preview":"max-video-preview:-1"},"canonical":"https:\/\/narteks.net\/index.php\/2009\/11\/05\/gemi\/","og_locale":"tr_TR","og_type":"article","og_title":"GEM\u0130","og_description":"\u00a0 Yolculuk \u00fccretini verdikse bu d\u00fcnyada, neden Neden b\u0131rakm\u0131yorlar bizi otural\u0131m, yemek yiyelim..? Bulutlara bakmak istiyoruz, G\u00fcne\u015fte yanmak, tuz koklamak. Kimseyi tedirgin etmek gelmiyor i\u00e7imizden. Neden edelim zaten: biz birer yolcusuyuz sadece. Gidiyoruz, zaman\u0131 da g\u00f6t\u00fcr\u00fcyoruz bizimle. Deniz ge\u00e7iyor yan\u0131m\u0131zdan, \u00fcst\u00fcnde bir g\u00fcl var, G\u00f6lgede gidiyor d\u00fcnya, ayd\u0131nl\u0131kta. Siz de gelin bizim gibi, biz yolcular. [&hellip;]","og_url":"https:\/\/narteks.net\/index.php\/2009\/11\/05\/gemi\/","og_site_name":"narteks.net","article_published_time":"2009-11-05T08:25:39+00:00","og_image":[{"width":300,"height":90,"url":"https:\/\/narteks.net\/wp-content\/uploads\/narteks.png","type":"image\/png"}],"author":"Tar\u0131k","twitter_card":"summary_large_image","twitter_creator":"@narteks","twitter_site":"@narteks","twitter_misc":{"Yazan:":"Tar\u0131k","Tahmini okuma s\u00fcresi":"2 dakika"},"schema":{"@context":"https:\/\/schema.org","@graph":[{"@type":"Article","@id":"https:\/\/narteks.net\/index.php\/2009\/11\/05\/gemi\/#article","isPartOf":{"@id":"https:\/\/narteks.net\/index.php\/2009\/11\/05\/gemi\/"},"author":{"name":"Tar\u0131k","@id":"https:\/\/narteks.net\/#\/schema\/person\/61f37d9834294b72d31d274e7ed79bca"},"headline":"GEM\u0130","datePublished":"2009-11-05T08:25:39+00:00","mainEntityOfPage":{"@id":"https:\/\/narteks.net\/index.php\/2009\/11\/05\/gemi\/"},"wordCount":301,"commentCount":0,"publisher":{"@id":"https:\/\/narteks.net\/#organization"},"articleSection":["Pablo NERUDA"],"inLanguage":"tr","potentialAction":[{"@type":"CommentAction","name":"Comment","target":["https:\/\/narteks.net\/index.php\/2009\/11\/05\/gemi\/#respond"]}]},{"@type":"WebPage","@id":"https:\/\/narteks.net\/index.php\/2009\/11\/05\/gemi\/","url":"https:\/\/narteks.net\/index.php\/2009\/11\/05\/gemi\/","name":"GEM\u0130 - narteks.net","isPartOf":{"@id":"https:\/\/narteks.net\/#website"},"datePublished":"2009-11-05T08:25:39+00:00","breadcrumb":{"@id":"https:\/\/narteks.net\/index.php\/2009\/11\/05\/gemi\/#breadcrumb"},"inLanguage":"tr","potentialAction":[{"@type":"ReadAction","target":["https:\/\/narteks.net\/index.php\/2009\/11\/05\/gemi\/"]}]},{"@type":"BreadcrumbList","@id":"https:\/\/narteks.net\/index.php\/2009\/11\/05\/gemi\/#breadcrumb","itemListElement":[{"@type":"ListItem","position":1,"name":"Anasayfa","item":"https:\/\/narteks.net\/"},{"@type":"ListItem","position":2,"name":"GEM\u0130"}]},{"@type":"WebSite","@id":"https:\/\/narteks.net\/#website","url":"https:\/\/narteks.net\/","name":"narteks.net","description":"K\u00fclt\u00fcr Sanat Edebiyat Felsefe","publisher":{"@id":"https:\/\/narteks.net\/#organization"},"alternateName":"K\u00fclt\u00fcr Sanat Edebiyat Felsefe","potentialAction":[{"@type":"SearchAction","target":{"@type":"EntryPoint","urlTemplate":"https:\/\/narteks.net\/?s={search_term_string}"},"query-input":{"@type":"PropertyValueSpecification","valueRequired":true,"valueName":"search_term_string"}}],"inLanguage":"tr"},{"@type":"Organization","@id":"https:\/\/narteks.net\/#organization","name":"narteks.net","url":"https:\/\/narteks.net\/","logo":{"@type":"ImageObject","inLanguage":"tr","@id":"https:\/\/narteks.net\/#\/schema\/logo\/image\/","url":"https:\/\/narteks.net\/wp-content\/uploads\/narteks.png","contentUrl":"https:\/\/narteks.net\/wp-content\/uploads\/narteks.png","width":300,"height":90,"caption":"narteks.net"},"image":{"@id":"https:\/\/narteks.net\/#\/schema\/logo\/image\/"},"sameAs":["https:\/\/x.com\/narteks","https:\/\/instagram.com\/narteksnet"]},{"@type":"Person","@id":"https:\/\/narteks.net\/#\/schema\/person\/61f37d9834294b72d31d274e7ed79bca","name":"Tar\u0131k","image":{"@type":"ImageObject","inLanguage":"tr","@id":"https:\/\/narteks.net\/#\/schema\/person\/image\/","url":"https:\/\/secure.gravatar.com\/avatar\/50865afb55632c4ae467e0af0930f6510aa2297d8014be502a55b14f3b7550cf?s=96&d=mm&r=g","contentUrl":"https:\/\/secure.gravatar.com\/avatar\/50865afb55632c4ae467e0af0930f6510aa2297d8014be502a55b14f3b7550cf?s=96&d=mm&r=g","caption":"Tar\u0131k"},"sameAs":["http:\/\/narteks.net"],"url":"https:\/\/narteks.net\/index.php\/author\/narbak\/"}]}},"_links":{"self":[{"href":"https:\/\/narteks.net\/index.php\/wp-json\/wp\/v2\/posts\/1011","targetHints":{"allow":["GET"]}}],"collection":[{"href":"https:\/\/narteks.net\/index.php\/wp-json\/wp\/v2\/posts"}],"about":[{"href":"https:\/\/narteks.net\/index.php\/wp-json\/wp\/v2\/types\/post"}],"author":[{"embeddable":true,"href":"https:\/\/narteks.net\/index.php\/wp-json\/wp\/v2\/users\/1"}],"replies":[{"embeddable":true,"href":"https:\/\/narteks.net\/index.php\/wp-json\/wp\/v2\/comments?post=1011"}],"version-history":[{"count":0,"href":"https:\/\/narteks.net\/index.php\/wp-json\/wp\/v2\/posts\/1011\/revisions"}],"wp:attachment":[{"href":"https:\/\/narteks.net\/index.php\/wp-json\/wp\/v2\/media?parent=1011"}],"wp:term":[{"taxonomy":"category","embeddable":true,"href":"https:\/\/narteks.net\/index.php\/wp-json\/wp\/v2\/categories?post=1011"},{"taxonomy":"post_tag","embeddable":true,"href":"https:\/\/narteks.net\/index.php\/wp-json\/wp\/v2\/tags?post=1011"}],"curies":[{"name":"wp","href":"https:\/\/api.w.org\/{rel}","templated":true}]}}