{"id":1012,"date":"2009-11-05T11:26:18","date_gmt":"2009-11-05T08:26:18","guid":{"rendered":"http:\/\/localhost\/wordpress\/2009\/11\/05\/federico-garcia-lorcaya-yanik-siir\/"},"modified":"2009-11-05T11:26:18","modified_gmt":"2009-11-05T08:26:18","slug":"federico-garcia-lorcaya-yanik-siir","status":"publish","type":"post","link":"https:\/\/narteks.net\/index.php\/2009\/11\/05\/federico-garcia-lorcaya-yanik-siir\/","title":{"rendered":"FEDER\u0130CO GARC\u0130A LORCAYA YANIK \u015e\u0130\u0130R"},"content":{"rendered":"<p>\u00a0<\/p>\n<p>Iss\u0131z bir evde,<br \/> Korkudan a\u011flayabilseydim;<br \/> G\u00f6zlerimi \u00e7\u0131karabilsem de,<br \/> Yiyebilseydim;<br \/> Senin sesin i\u00e7in yapard\u0131m<br \/> Bunlar\u0131,<br \/> Ya\u015fl\u0131 portakal a\u011fac\u0131 sesin;<br \/> Senin \u015fiirin i\u00e7in yapard\u0131m<br \/> Bunlar\u0131,<br \/> \u00c7\u0131\u011fl\u0131k \u00e7\u0131\u011fl\u0131\u011fa f\u0131\u015fk\u0131ran \u015fiirin.<br \/> Baksana,<br \/> Maviye boyuyorlar hastaneleri,<br \/> Senin i\u00e7in;<br \/> K\u0131y\u0131daki kenar mahalleleri<br \/> Ve okullar,<br \/> Senin i\u00e7in b\u00fcy\u00fcyorlar;<br \/> T\u00fcy sal\u0131yorlar,<br \/> Yaral\u0131 melekler;<br \/> Pullar \u00f6rt\u00fcn\u00fcyor,<br \/> D\u00fc\u011f\u00fcn bal\u0131klar\u0131;<br \/> Deniz kestaneleri,<br \/> G\u00f6\u011fe u\u00e7uyorlar;<br \/> Siyah t\u00fclleriyle terzi d\u00fckkanlar\u0131:<br \/> Kanla doluyorlar, ka\u015f\u0131klarla,<br \/> Senin i\u00e7in;<br \/> Ve,<br \/> Yutuyorlar,<br \/> Y\u0131rt\u0131lm\u0131\u015f kurdeleleri;<br \/> \u00d6z canlar\u0131na k\u0131y\u0131yorlar,<br \/> \u00d6p\u00fc\u015fe \u00f6p\u00fc\u015fe;<br \/> Ve ak sadeler giyiniyorlar.<br \/> Bir \u015feftali a\u011fac\u0131<br \/> Giyinip de,<br \/> Ku\u015f gibi se\u011firtirken sen;<br \/> Kas\u0131rga gibi f\u0131r\u0131l f\u0131r\u0131l,<br \/> Bir pirin\u00e7 g\u00fcl\u00fc\u015f\u00fcyle g\u00fclerken;<br \/> T\u00fcrk\u00fcler \u00e7a\u011f\u0131rd\u0131\u011f\u0131nda;<br \/> Allak bullak ederken,<br \/> Atardamarlar\u0131n\u0131,<br \/> Di\u015flerini, g\u0131rtla\u011f\u0131n\u0131,<br \/> Parmaklar\u0131n\u0131;<br \/> Vay ne \u015firindin,<br \/> Kahrolurdum ben<br \/> Kahrolurdum ben<br \/> K\u0131z\u0131l g\u00f6ller i\u00e7in:<br \/> G\u00fcz ortas\u0131nda bir \u015fahbaz at<br \/> Ve kana belenmi\u015f bir tanr\u0131yla,<br \/> Beraber ya\u015fad\u0131\u011f\u0131n.<br \/> Kahrolurdum ben,<br \/> Mezarl\u0131klar i\u00e7in:<br \/> Gece, sesi k\u0131s\u0131lm\u0131\u015f<br \/> \u00c7anlar aras\u0131ndan,<br \/> Suyla, mezarlarla k\u00fcllenmi\u015f<br \/> Nehirler gibi ge\u00e7en;<br \/> Nehirler:<br \/> Hasta asker ko\u011fu\u015flar\u0131 sanki,<br \/> T\u0131kl\u0131m t\u0131kl\u0131m dolu;<br \/> Ve matem ya\u011fl\u0131 \u00f6l\u00fcme,<br \/> \u00c7\u00fcr\u00fck ta\u00e7l\u0131 mermer \u015fifreli \u00f6l\u00fcme,<br \/> Nehir nehir gelen \u00f6l\u00fcme do\u011fru;<br \/> Birdenbire ta\u015f\u0131veren nehirler.<br \/> Gece, ayakta, a\u011flaya a\u011flaya,<br \/> Bo\u011fulmu\u015f \u00e7arm\u0131hlar\u0131n ge\u00e7i\u015fini<br \/> Seyrederken sen;<br \/> Kahrolurdum seni g\u00f6rmek i\u00e7in:<br \/> Bak,<br \/> \u00d6l\u00fcm nehrinin \u00f6n\u00fcnde a\u011fl\u0131yorsun<br \/> Perperi\u015fan;<br \/> Garip kalm\u0131\u015f k\u00f6\u015felerde ba\u015f\u0131n,<br \/> Durmaz ha, durmaz g\u00f6zlerin<br \/> A\u011flar ya\u015f\u0131n ya\u015f\u0131n.<br \/> Gece ve \u00e7\u0131ld\u0131ras\u0131ya yaln\u0131z,<br \/> K\u00fclleri \u0131s\u0131ra \u0131s\u0131ra;<br \/> Duman\u0131, g\u00f6lgeyi, unutmay\u0131:<br \/> Siyah bir huniyle y\u0131\u011fabilseydim,<br \/> Trenlerin, gemilerin \u00fcst\u00fcne;<br \/> Filizlendi\u011fin a\u011fa\u00e7 i\u00e7in,<br \/> Yapard\u0131m bunlar\u0131,<br \/> Toplad\u0131\u011f\u0131n,<br \/> Yald\u0131zl\u0131 su yuvalar\u0131 i\u00e7in;<br \/> Sarma\u015f\u0131k i\u00e7in,<br \/> Yapard\u0131m bunlar\u0131;<br \/> Gecenin s\u0131rr\u0131n\u0131 sana ileterek,<br \/> Kemiklerini saran<br \/> Sarma\u015f\u0131k i\u00e7in.<br \/> Islak so\u011fan kokusu gelen<br \/> \u015eehirlerden,<br \/> Seni bekliyorlar;<br \/> Bo\u011fuk bir sesle,<br \/> \u015eark\u0131 s\u00f6yleyerek<br \/> Ge\u00e7esin diye.<br \/> Ye\u015fil k\u0131rlang\u0131\u00e7lar,<br \/> Sa\u00e7lar\u0131n\u0131n aras\u0131na yap\u0131yorlar,<br \/> Yuvalar\u0131n\u0131;<br \/> Dilsiz sperma sandallar\u0131,<br \/> Pe\u015fin s\u0131ra geliyorlar;<br \/> S\u00fcm\u00fckl\u00fc b\u00f6cekler, haftalar,<br \/> Yelkenleri d\u00fc\u015f\u00fcr\u00fclm\u00fc\u015f serenler,<br \/> Kirazlar da,<br \/> D\u00f6n\u00fcveriyorlar ossaat:<br \/> G\u00f6z\u00fck\u00fcnce solgun ba\u015f\u0131n,<br \/> On be\u015f g\u00f6zl\u00fc ba\u015f\u0131n,<br \/> Al kan i\u00e7indeki a\u011fz\u0131n.<br \/> \u015eehrin otellerini,<br \/> \u0130sle doldurabilseydim;<br \/> H\u0131\u00e7k\u0131ra h\u0131\u00e7k\u0131ra,<br \/> Yok edebilseydim<br \/> \u00c7alar saatlar\u0131;<br \/> Ezik dudaklar\u0131yla yaz ay\u0131,<br \/> Evine nas\u0131l gelecek,<br \/> G\u00f6reyim diye<br \/> Yapard\u0131m bunlar\u0131;<br \/> Y\u0131\u011f\u0131n y\u0131\u011f\u0131n insanlar\u0131n,<br \/> Melil mahzun tantanalar\u0131yla<br \/> \u00dclkelerin,<br \/> \u0130\u015flemez sabanlar\u0131n,<br \/> Gelincik \u00e7i\u00e7eklerinin;<br \/> Mezar kaz\u0131c\u0131lar\u0131n, s\u00fcvarilerin,<br \/> Kanl\u0131 haritalar\u0131n, gezegenlerin,<br \/> Evine nas\u0131l geldiklerini<br \/> G\u00f6reyim diye;<br \/> Yapard\u0131m bunlar\u0131.<br \/> K\u00fcllerle \u00f6rt\u00fcl\u00fc dalg\u0131\u00e7lar\u0131n,<br \/> Uzun b\u0131\u00e7aklarla delik de\u015fik olmu\u015f<br \/> Meryem Ana tasvirlerini<br \/> S\u00fcr\u00fcte s\u00fcr\u00fcte gelen maskelerin;<br \/> Damarlar\u0131n, k\u00f6klerin, hastanelerin,<br \/> Kar\u0131ncalar\u0131n, su g\u00f6zelerinin,<br \/> Evine nas\u0131l geldiklerini<br \/> G\u00f6reyim diye;<br \/> Yapard\u0131m bunlar\u0131.<br \/> \u0130\u00e7ine kapanm\u0131\u015f atl\u0131n\u0131n<br \/> \u00d6r\u00fcmcekler aras\u0131nda \u00f6ld\u00fc\u011f\u00fc<br \/> Bir yatakla,<br \/> Gecenin;<br \/> Kinden, dikenlerden bir g\u00fcl\u00fcn,<br \/> Sar\u0131ya \u00e7alan bir geminin,<br \/> R\u00fczgarl\u0131 bir g\u00fcnle, bir bebe\u011fin;<br \/> Evine nas\u0131l geldiklerini<br \/> G\u00f6reyim diye:<br \/> Yapard\u0131m bunlar\u0131.<br \/> Ben, Oliverio, Norah,<br \/> Vicente Aleixandre, Delia,<br \/> Maruca, Malva, Marina,<br \/> Maria Luisa, Larco, La Rubia,<br \/> Rafael Ugarte, Cotapos,<br \/> Rafael Alberti, Carlos,<br \/> Manolo Altolaguirre, Beb\u00e9,<br \/> Molinari, Rosales, Concha M\u00e9ndez,<br \/> Ve daha da unuttuklar\u0131m;<br \/> Evine nas\u0131l gelecektik,<br \/> G\u00f6reyim diye<br \/> Yapard\u0131m bunlar\u0131.<br \/> Gel de ta\u00e7lar takay\u0131m,<br \/> Gel, sa\u011fl\u0131k esenlik delikanl\u0131s\u0131,<br \/> Gel, kelebek k\u0131ravatl\u0131 civan;<br \/> Sen ey,<br \/> Sonsuz h\u00fcr siyah bir \u015fim\u015fek gibi:<br \/> P\u0131r\u0131l p\u0131r\u0131l insan;<br \/> Madem, ge\u00e7 vakitlere dek,<br \/> Kal\u0131nam\u0131yor daha kayal\u0131klarda;<br \/> Bari aram\u0131zda konu\u015fal\u0131m,<br \/> Gel,<br \/> \u015e\u00f6ylece bir, oldu\u011fumuz gibi;<br \/> \u00c7i\u011f i\u00e7in olmad\u0131ktan sonra,<br \/> \u015eiirlerde n\u00b4olacak yani?<br \/> Bir a\u011fu han\u00e7erin,<br \/> \u0130\u00e7imize i\u015fledi\u011fi bu gece i\u00e7in<br \/> Olmad\u0131ktan sonra;<br \/> \u015eiirlerde n\u00b4olacak yani?<br \/> Bu tan k\u0131z\u0131ll\u0131\u011f\u0131 i\u00e7in,<br \/> Olmad\u0131ktan sonra;<br \/> \u0130nsan\u0131n vurulmu\u015f y\u00fcre\u011finin,<br \/> \u00d6l\u00fcme haz\u0131rland\u0131\u011f\u0131,<br \/> \u015eu viran k\u00f6\u015fe i\u00e7in olmad\u0131ktan sonra<br \/> \u015eiirlerde n\u00b4olacak yani?<br \/> En \u00e7ok gece, geceleyin:<br \/> K\u0131yamet gibi y\u0131ld\u0131zlard\u0131r,<br \/> Dolmu\u015flar hepten \u0131rma\u011fa;<br \/> Bir kurdele gibiler,<br \/> Fakir fukara dolu evlerin<br \/> Pencerelerindeki..<\/p>\n<p>Bir \u00f6len var,<br \/> Onlar\u0131n evlerinde;<br \/> B\u00fcrolarda, hastanelerde belki,<br \/> Belki asans\u00f6r ve madenlerde,<br \/> \u0130\u015flerinden oldular.<br \/> Onulur \u015fey de\u011fil yaralar\u0131,<br \/> Yarat\u0131klar,<br \/> Ac\u0131 \u00e7ekiyorlar.<br \/> Her yanda dert yan\u0131\u015f,<br \/> Her yanda,<br \/> Vay \u015fuymu\u015f vay bu;<br \/> Pencereler,<br \/> G\u00f6z ya\u015f\u0131yla dolu,<br \/> A\u015f\u0131nm\u0131\u015f e\u015fikler,<br \/> G\u00f6z ya\u015f\u0131ndan;<br \/> Y\u00fckl\u00fckler \u0131slak,<br \/> Bir dalga gibi<br \/> Hal\u0131lar\u0131 di\u015flemeye gelen<br \/> G\u00f6z ya\u015f\u0131ndan,<br \/> Oysa ki y\u0131ld\u0131zlard\u0131r akar<br \/> U\u00e7suz bucaks\u0131z bir nehirde.<br \/> Federico,<br \/> D\u00fcnyay\u0131 g\u00f6r\u00fcyorsun.<br \/> Yollar\u0131 g\u00f6r\u00fcyorsun,<br \/> Sirkeyi g\u00f6r\u00fcyorsun;<br \/> Birka\u00e7 ayr\u0131l\u0131\u015ftan,<br \/> Ta\u015flardan, raylardan gayr\u0131,<br \/> Kimseciklerin kalmad\u0131\u011f\u0131,<br \/> K\u00f6\u015feden:<br \/> Duman ha deyince,<br \/> Zalim tekerleklerine;<br \/> Ho\u015f\u00e7a kallar\u0131 g\u00f6r\u00fcyorsun,<br \/> \u0130stasyonlardaki..<\/p>\n<p>Her yanda, sorunlar koyuyorlar,<br \/> \u00c7e\u015fit \u00e7e\u015fit insan var:<br \/> Kanl\u0131 b\u0131\u00e7akl\u0131 k\u00f6r var,<br \/> \u00d6fkelisi, \u00fcmitsizi var,<br \/> Yoksul var, t\u0131rnak a\u011fa\u00e7lar\u0131 var;<br \/> \u015eunun bunun s\u0131rt\u0131ndan,<br \/> Ge\u00e7inmek sevdas\u0131yla;<br \/> Harami var.<\/p>\n<p>Hayat b\u00f6yle, Federico,<br \/> Ey babayi\u011fit,<br \/> Ey kara sevdal\u0131 adam.<br \/> Sana,<br \/> Dostlu\u011fumun sunabilece\u011fi \u015fey<br \/> \u0130\u015fte bunlar..<br \/> Sen de epeyce \u015fey biliyorsun<br \/> \u015eimdiden.<br \/> Yava\u015f yava\u015f, daha da,<br \/> \u00d6\u011freneceklerin var.<\/p>\n","protected":false},"excerpt":{"rendered":"<p>\u00a0 Iss\u0131z bir evde, Korkudan a\u011flayabilseydim; G\u00f6zlerimi \u00e7\u0131karabilsem de, Yiyebilseydim; Senin sesin i\u00e7in yapard\u0131m Bunlar\u0131, Ya\u015fl\u0131 portakal a\u011fac\u0131 sesin; Senin \u015fiirin i\u00e7in yapard\u0131m Bunlar\u0131, \u00c7\u0131\u011fl\u0131k \u00e7\u0131\u011fl\u0131\u011fa f\u0131\u015fk\u0131ran \u015fiirin. Baksana, Maviye boyuyorlar hastaneleri, Senin i\u00e7in; K\u0131y\u0131daki kenar mahalleleri Ve okullar, Senin i\u00e7in b\u00fcy\u00fcyorlar; T\u00fcy sal\u0131yorlar, Yaral\u0131 melekler; Pullar \u00f6rt\u00fcn\u00fcyor, D\u00fc\u011f\u00fcn bal\u0131klar\u0131; Deniz kestaneleri, G\u00f6\u011fe u\u00e7uyorlar; Siyah [&hellip;]<\/p>\n","protected":false},"author":1,"featured_media":0,"comment_status":"open","ping_status":"open","sticky":false,"template":"","format":"standard","meta":{"footnotes":""},"categories":[175],"tags":[],"class_list":{"0":"post-1012","1":"post","2":"type-post","3":"status-publish","4":"format-standard","6":"category-pablo-neruda"},"yoast_head":"<!-- This site is optimized with the Yoast SEO Premium plugin v24.9 (Yoast SEO v24.9) - https:\/\/yoast.com\/wordpress\/plugins\/seo\/ -->\n<title>FEDER\u0130CO GARC\u0130A LORCAYA YANIK \u015e\u0130\u0130R - narteks.net<\/title>\n<meta name=\"robots\" content=\"index, follow, max-snippet:-1, max-image-preview:large, max-video-preview:-1\" \/>\n<link rel=\"canonical\" href=\"https:\/\/narteks.net\/index.php\/2009\/11\/05\/federico-garcia-lorcaya-yanik-siir\/\" \/>\n<meta property=\"og:locale\" content=\"tr_TR\" \/>\n<meta property=\"og:type\" content=\"article\" \/>\n<meta property=\"og:title\" content=\"FEDER\u0130CO GARC\u0130A LORCAYA YANIK \u015e\u0130\u0130R\" \/>\n<meta property=\"og:description\" content=\"\u00a0 Iss\u0131z bir evde, Korkudan a\u011flayabilseydim; G\u00f6zlerimi \u00e7\u0131karabilsem de, Yiyebilseydim; Senin sesin i\u00e7in yapard\u0131m Bunlar\u0131, Ya\u015fl\u0131 portakal a\u011fac\u0131 sesin; Senin \u015fiirin i\u00e7in yapard\u0131m Bunlar\u0131, \u00c7\u0131\u011fl\u0131k \u00e7\u0131\u011fl\u0131\u011fa f\u0131\u015fk\u0131ran \u015fiirin. Baksana, Maviye boyuyorlar hastaneleri, Senin i\u00e7in; K\u0131y\u0131daki kenar mahalleleri Ve okullar, Senin i\u00e7in b\u00fcy\u00fcyorlar; T\u00fcy sal\u0131yorlar, Yaral\u0131 melekler; Pullar \u00f6rt\u00fcn\u00fcyor, D\u00fc\u011f\u00fcn bal\u0131klar\u0131; Deniz kestaneleri, G\u00f6\u011fe u\u00e7uyorlar; Siyah [&hellip;]\" \/>\n<meta property=\"og:url\" content=\"https:\/\/narteks.net\/index.php\/2009\/11\/05\/federico-garcia-lorcaya-yanik-siir\/\" \/>\n<meta property=\"og:site_name\" content=\"narteks.net\" \/>\n<meta property=\"article:published_time\" content=\"2009-11-05T08:26:18+00:00\" \/>\n<meta property=\"og:image\" content=\"https:\/\/narteks.net\/wp-content\/uploads\/narteks.png\" \/>\n\t<meta property=\"og:image:width\" content=\"300\" \/>\n\t<meta property=\"og:image:height\" content=\"90\" \/>\n\t<meta property=\"og:image:type\" content=\"image\/png\" \/>\n<meta name=\"author\" content=\"Tar\u0131k\" \/>\n<meta name=\"twitter:card\" content=\"summary_large_image\" \/>\n<meta name=\"twitter:creator\" content=\"@narteks\" \/>\n<meta name=\"twitter:site\" content=\"@narteks\" \/>\n<meta name=\"twitter:label1\" content=\"Yazan:\" \/>\n\t<meta name=\"twitter:data1\" content=\"Tar\u0131k\" \/>\n\t<meta name=\"twitter:label2\" content=\"Tahmini okuma s\u00fcresi\" \/>\n\t<meta name=\"twitter:data2\" content=\"5 dakika\" \/>\n<script type=\"application\/ld+json\" class=\"yoast-schema-graph\">{\"@context\":\"https:\/\/schema.org\",\"@graph\":[{\"@type\":\"Article\",\"@id\":\"https:\/\/narteks.net\/index.php\/2009\/11\/05\/federico-garcia-lorcaya-yanik-siir\/#article\",\"isPartOf\":{\"@id\":\"https:\/\/narteks.net\/index.php\/2009\/11\/05\/federico-garcia-lorcaya-yanik-siir\/\"},\"author\":{\"name\":\"Tar\u0131k\",\"@id\":\"https:\/\/narteks.net\/#\/schema\/person\/61f37d9834294b72d31d274e7ed79bca\"},\"headline\":\"FEDER\u0130CO GARC\u0130A LORCAYA YANIK \u015e\u0130\u0130R\",\"datePublished\":\"2009-11-05T08:26:18+00:00\",\"mainEntityOfPage\":{\"@id\":\"https:\/\/narteks.net\/index.php\/2009\/11\/05\/federico-garcia-lorcaya-yanik-siir\/\"},\"wordCount\":975,\"commentCount\":0,\"publisher\":{\"@id\":\"https:\/\/narteks.net\/#organization\"},\"articleSection\":[\"Pablo NERUDA\"],\"inLanguage\":\"tr\",\"potentialAction\":[{\"@type\":\"CommentAction\",\"name\":\"Comment\",\"target\":[\"https:\/\/narteks.net\/index.php\/2009\/11\/05\/federico-garcia-lorcaya-yanik-siir\/#respond\"]}]},{\"@type\":\"WebPage\",\"@id\":\"https:\/\/narteks.net\/index.php\/2009\/11\/05\/federico-garcia-lorcaya-yanik-siir\/\",\"url\":\"https:\/\/narteks.net\/index.php\/2009\/11\/05\/federico-garcia-lorcaya-yanik-siir\/\",\"name\":\"FEDER\u0130CO GARC\u0130A LORCAYA YANIK \u015e\u0130\u0130R - narteks.net\",\"isPartOf\":{\"@id\":\"https:\/\/narteks.net\/#website\"},\"datePublished\":\"2009-11-05T08:26:18+00:00\",\"breadcrumb\":{\"@id\":\"https:\/\/narteks.net\/index.php\/2009\/11\/05\/federico-garcia-lorcaya-yanik-siir\/#breadcrumb\"},\"inLanguage\":\"tr\",\"potentialAction\":[{\"@type\":\"ReadAction\",\"target\":[\"https:\/\/narteks.net\/index.php\/2009\/11\/05\/federico-garcia-lorcaya-yanik-siir\/\"]}]},{\"@type\":\"BreadcrumbList\",\"@id\":\"https:\/\/narteks.net\/index.php\/2009\/11\/05\/federico-garcia-lorcaya-yanik-siir\/#breadcrumb\",\"itemListElement\":[{\"@type\":\"ListItem\",\"position\":1,\"name\":\"Anasayfa\",\"item\":\"https:\/\/narteks.net\/\"},{\"@type\":\"ListItem\",\"position\":2,\"name\":\"FEDER\u0130CO GARC\u0130A LORCAYA YANIK \u015e\u0130\u0130R\"}]},{\"@type\":\"WebSite\",\"@id\":\"https:\/\/narteks.net\/#website\",\"url\":\"https:\/\/narteks.net\/\",\"name\":\"narteks.net\",\"description\":\"K\u00fclt\u00fcr Sanat Edebiyat Felsefe\",\"publisher\":{\"@id\":\"https:\/\/narteks.net\/#organization\"},\"alternateName\":\"K\u00fclt\u00fcr Sanat Edebiyat Felsefe\",\"potentialAction\":[{\"@type\":\"SearchAction\",\"target\":{\"@type\":\"EntryPoint\",\"urlTemplate\":\"https:\/\/narteks.net\/?s={search_term_string}\"},\"query-input\":{\"@type\":\"PropertyValueSpecification\",\"valueRequired\":true,\"valueName\":\"search_term_string\"}}],\"inLanguage\":\"tr\"},{\"@type\":\"Organization\",\"@id\":\"https:\/\/narteks.net\/#organization\",\"name\":\"narteks.net\",\"url\":\"https:\/\/narteks.net\/\",\"logo\":{\"@type\":\"ImageObject\",\"inLanguage\":\"tr\",\"@id\":\"https:\/\/narteks.net\/#\/schema\/logo\/image\/\",\"url\":\"https:\/\/narteks.net\/wp-content\/uploads\/narteks.png\",\"contentUrl\":\"https:\/\/narteks.net\/wp-content\/uploads\/narteks.png\",\"width\":300,\"height\":90,\"caption\":\"narteks.net\"},\"image\":{\"@id\":\"https:\/\/narteks.net\/#\/schema\/logo\/image\/\"},\"sameAs\":[\"https:\/\/x.com\/narteks\",\"https:\/\/instagram.com\/narteksnet\"]},{\"@type\":\"Person\",\"@id\":\"https:\/\/narteks.net\/#\/schema\/person\/61f37d9834294b72d31d274e7ed79bca\",\"name\":\"Tar\u0131k\",\"image\":{\"@type\":\"ImageObject\",\"inLanguage\":\"tr\",\"@id\":\"https:\/\/narteks.net\/#\/schema\/person\/image\/\",\"url\":\"https:\/\/secure.gravatar.com\/avatar\/50865afb55632c4ae467e0af0930f6510aa2297d8014be502a55b14f3b7550cf?s=96&d=mm&r=g\",\"contentUrl\":\"https:\/\/secure.gravatar.com\/avatar\/50865afb55632c4ae467e0af0930f6510aa2297d8014be502a55b14f3b7550cf?s=96&d=mm&r=g\",\"caption\":\"Tar\u0131k\"},\"sameAs\":[\"http:\/\/narteks.net\"],\"url\":\"https:\/\/narteks.net\/index.php\/author\/narbak\/\"}]}<\/script>\n<!-- \/ Yoast SEO Premium plugin. -->","yoast_head_json":{"title":"FEDER\u0130CO GARC\u0130A LORCAYA YANIK \u015e\u0130\u0130R - narteks.net","robots":{"index":"index","follow":"follow","max-snippet":"max-snippet:-1","max-image-preview":"max-image-preview:large","max-video-preview":"max-video-preview:-1"},"canonical":"https:\/\/narteks.net\/index.php\/2009\/11\/05\/federico-garcia-lorcaya-yanik-siir\/","og_locale":"tr_TR","og_type":"article","og_title":"FEDER\u0130CO GARC\u0130A LORCAYA YANIK \u015e\u0130\u0130R","og_description":"\u00a0 Iss\u0131z bir evde, Korkudan a\u011flayabilseydim; G\u00f6zlerimi \u00e7\u0131karabilsem de, Yiyebilseydim; Senin sesin i\u00e7in yapard\u0131m Bunlar\u0131, Ya\u015fl\u0131 portakal a\u011fac\u0131 sesin; Senin \u015fiirin i\u00e7in yapard\u0131m Bunlar\u0131, \u00c7\u0131\u011fl\u0131k \u00e7\u0131\u011fl\u0131\u011fa f\u0131\u015fk\u0131ran \u015fiirin. Baksana, Maviye boyuyorlar hastaneleri, Senin i\u00e7in; K\u0131y\u0131daki kenar mahalleleri Ve okullar, Senin i\u00e7in b\u00fcy\u00fcyorlar; T\u00fcy sal\u0131yorlar, Yaral\u0131 melekler; Pullar \u00f6rt\u00fcn\u00fcyor, D\u00fc\u011f\u00fcn bal\u0131klar\u0131; Deniz kestaneleri, G\u00f6\u011fe u\u00e7uyorlar; Siyah [&hellip;]","og_url":"https:\/\/narteks.net\/index.php\/2009\/11\/05\/federico-garcia-lorcaya-yanik-siir\/","og_site_name":"narteks.net","article_published_time":"2009-11-05T08:26:18+00:00","og_image":[{"width":300,"height":90,"url":"https:\/\/narteks.net\/wp-content\/uploads\/narteks.png","type":"image\/png"}],"author":"Tar\u0131k","twitter_card":"summary_large_image","twitter_creator":"@narteks","twitter_site":"@narteks","twitter_misc":{"Yazan:":"Tar\u0131k","Tahmini okuma s\u00fcresi":"5 dakika"},"schema":{"@context":"https:\/\/schema.org","@graph":[{"@type":"Article","@id":"https:\/\/narteks.net\/index.php\/2009\/11\/05\/federico-garcia-lorcaya-yanik-siir\/#article","isPartOf":{"@id":"https:\/\/narteks.net\/index.php\/2009\/11\/05\/federico-garcia-lorcaya-yanik-siir\/"},"author":{"name":"Tar\u0131k","@id":"https:\/\/narteks.net\/#\/schema\/person\/61f37d9834294b72d31d274e7ed79bca"},"headline":"FEDER\u0130CO GARC\u0130A LORCAYA YANIK \u015e\u0130\u0130R","datePublished":"2009-11-05T08:26:18+00:00","mainEntityOfPage":{"@id":"https:\/\/narteks.net\/index.php\/2009\/11\/05\/federico-garcia-lorcaya-yanik-siir\/"},"wordCount":975,"commentCount":0,"publisher":{"@id":"https:\/\/narteks.net\/#organization"},"articleSection":["Pablo NERUDA"],"inLanguage":"tr","potentialAction":[{"@type":"CommentAction","name":"Comment","target":["https:\/\/narteks.net\/index.php\/2009\/11\/05\/federico-garcia-lorcaya-yanik-siir\/#respond"]}]},{"@type":"WebPage","@id":"https:\/\/narteks.net\/index.php\/2009\/11\/05\/federico-garcia-lorcaya-yanik-siir\/","url":"https:\/\/narteks.net\/index.php\/2009\/11\/05\/federico-garcia-lorcaya-yanik-siir\/","name":"FEDER\u0130CO GARC\u0130A LORCAYA YANIK \u015e\u0130\u0130R - narteks.net","isPartOf":{"@id":"https:\/\/narteks.net\/#website"},"datePublished":"2009-11-05T08:26:18+00:00","breadcrumb":{"@id":"https:\/\/narteks.net\/index.php\/2009\/11\/05\/federico-garcia-lorcaya-yanik-siir\/#breadcrumb"},"inLanguage":"tr","potentialAction":[{"@type":"ReadAction","target":["https:\/\/narteks.net\/index.php\/2009\/11\/05\/federico-garcia-lorcaya-yanik-siir\/"]}]},{"@type":"BreadcrumbList","@id":"https:\/\/narteks.net\/index.php\/2009\/11\/05\/federico-garcia-lorcaya-yanik-siir\/#breadcrumb","itemListElement":[{"@type":"ListItem","position":1,"name":"Anasayfa","item":"https:\/\/narteks.net\/"},{"@type":"ListItem","position":2,"name":"FEDER\u0130CO GARC\u0130A LORCAYA YANIK \u015e\u0130\u0130R"}]},{"@type":"WebSite","@id":"https:\/\/narteks.net\/#website","url":"https:\/\/narteks.net\/","name":"narteks.net","description":"K\u00fclt\u00fcr Sanat Edebiyat Felsefe","publisher":{"@id":"https:\/\/narteks.net\/#organization"},"alternateName":"K\u00fclt\u00fcr Sanat Edebiyat Felsefe","potentialAction":[{"@type":"SearchAction","target":{"@type":"EntryPoint","urlTemplate":"https:\/\/narteks.net\/?s={search_term_string}"},"query-input":{"@type":"PropertyValueSpecification","valueRequired":true,"valueName":"search_term_string"}}],"inLanguage":"tr"},{"@type":"Organization","@id":"https:\/\/narteks.net\/#organization","name":"narteks.net","url":"https:\/\/narteks.net\/","logo":{"@type":"ImageObject","inLanguage":"tr","@id":"https:\/\/narteks.net\/#\/schema\/logo\/image\/","url":"https:\/\/narteks.net\/wp-content\/uploads\/narteks.png","contentUrl":"https:\/\/narteks.net\/wp-content\/uploads\/narteks.png","width":300,"height":90,"caption":"narteks.net"},"image":{"@id":"https:\/\/narteks.net\/#\/schema\/logo\/image\/"},"sameAs":["https:\/\/x.com\/narteks","https:\/\/instagram.com\/narteksnet"]},{"@type":"Person","@id":"https:\/\/narteks.net\/#\/schema\/person\/61f37d9834294b72d31d274e7ed79bca","name":"Tar\u0131k","image":{"@type":"ImageObject","inLanguage":"tr","@id":"https:\/\/narteks.net\/#\/schema\/person\/image\/","url":"https:\/\/secure.gravatar.com\/avatar\/50865afb55632c4ae467e0af0930f6510aa2297d8014be502a55b14f3b7550cf?s=96&d=mm&r=g","contentUrl":"https:\/\/secure.gravatar.com\/avatar\/50865afb55632c4ae467e0af0930f6510aa2297d8014be502a55b14f3b7550cf?s=96&d=mm&r=g","caption":"Tar\u0131k"},"sameAs":["http:\/\/narteks.net"],"url":"https:\/\/narteks.net\/index.php\/author\/narbak\/"}]}},"_links":{"self":[{"href":"https:\/\/narteks.net\/index.php\/wp-json\/wp\/v2\/posts\/1012","targetHints":{"allow":["GET"]}}],"collection":[{"href":"https:\/\/narteks.net\/index.php\/wp-json\/wp\/v2\/posts"}],"about":[{"href":"https:\/\/narteks.net\/index.php\/wp-json\/wp\/v2\/types\/post"}],"author":[{"embeddable":true,"href":"https:\/\/narteks.net\/index.php\/wp-json\/wp\/v2\/users\/1"}],"replies":[{"embeddable":true,"href":"https:\/\/narteks.net\/index.php\/wp-json\/wp\/v2\/comments?post=1012"}],"version-history":[{"count":0,"href":"https:\/\/narteks.net\/index.php\/wp-json\/wp\/v2\/posts\/1012\/revisions"}],"wp:attachment":[{"href":"https:\/\/narteks.net\/index.php\/wp-json\/wp\/v2\/media?parent=1012"}],"wp:term":[{"taxonomy":"category","embeddable":true,"href":"https:\/\/narteks.net\/index.php\/wp-json\/wp\/v2\/categories?post=1012"},{"taxonomy":"post_tag","embeddable":true,"href":"https:\/\/narteks.net\/index.php\/wp-json\/wp\/v2\/tags?post=1012"}],"curies":[{"name":"wp","href":"https:\/\/api.w.org\/{rel}","templated":true}]}}