{"id":1013,"date":"2009-11-05T11:28:02","date_gmt":"2009-11-05T08:28:02","guid":{"rendered":"http:\/\/localhost\/wordpress\/2009\/11\/05\/isliklerde-gece\/"},"modified":"2009-11-05T11:28:02","modified_gmt":"2009-11-05T08:28:02","slug":"isliklerde-gece","status":"publish","type":"post","link":"https:\/\/narteks.net\/index.php\/2009\/11\/05\/isliklerde-gece\/","title":{"rendered":"\u0130\u015eL\u0130KLERDE GECE"},"content":{"rendered":"<p>\u00a0<\/p>\n<p>Dinlenen kara demir, g\u00f6zenekleri ac\u0131<br \/> \u00e7\u0131\u011fl\u0131klar\u0131yla inleyen kara demir.<\/p>\n<p>\u0130\u00e7ler ac\u0131s\u0131 toprakta h\u00e2l\u00e2 k\u0131z\u0131l k\u00fcl,<br \/> bronzun ac\u0131s\u0131n\u0131 eritti\u011fi d\u00f6k\u00fcm.<\/p>\n<p>Hangi ac\u0131 \u00fclkesinden gelir ac\u0131l\u0131 ve bitmez<br \/> gecede gak gak \u00f6ten ku\u015flar?<\/p>\n<p>\u00c7\u0131\u011fl\u0131k kas\u0131l\u0131r i\u00e7imde d\u00fc\u011f\u00fcmlenen bir sinir gibi<br \/> ya da k\u0131r\u0131k bir teli gibi bir keman\u0131n.<\/p>\n<p>Her makine bir g\u00f6zbebe\u011fi saklar<br \/> bakmak i\u00e7in bana.<\/p>\n<p>Duvarlara as\u0131lm\u0131\u015ft\u0131r soru i\u015faretleri,<br \/> bronzun ruhu a\u00e7\u0131l\u0131p sa\u00e7\u0131l\u0131r \u00f6rs \u00fcst\u00fcnde,<br \/> \u0131ss\u0131z b\u00fcrolarda titredi\u011fi duyulur ayak seslerinin.<\/p>\n<p>Ve karanl\u0131kta ko\u015far -umutsuz-<br \/> \u00f6l\u00fc i\u015f\u00e7ilerin h\u0131\u00e7k\u0131ran ruhlar\u0131.<\/p>\n","protected":false},"excerpt":{"rendered":"<p>\u00a0 Dinlenen kara demir, g\u00f6zenekleri ac\u0131 \u00e7\u0131\u011fl\u0131klar\u0131yla inleyen kara demir. \u0130\u00e7ler ac\u0131s\u0131 toprakta h\u00e2l\u00e2 k\u0131z\u0131l k\u00fcl, bronzun ac\u0131s\u0131n\u0131 eritti\u011fi d\u00f6k\u00fcm. Hangi ac\u0131 \u00fclkesinden gelir ac\u0131l\u0131 ve bitmez gecede gak gak \u00f6ten ku\u015flar? \u00c7\u0131\u011fl\u0131k kas\u0131l\u0131r i\u00e7imde d\u00fc\u011f\u00fcmlenen bir sinir gibi ya da k\u0131r\u0131k bir teli gibi bir keman\u0131n. Her makine bir g\u00f6zbebe\u011fi saklar bakmak i\u00e7in bana. [&hellip;]<\/p>\n","protected":false},"author":1,"featured_media":0,"comment_status":"open","ping_status":"open","sticky":false,"template":"","format":"standard","meta":{"footnotes":""},"categories":[175],"tags":[],"class_list":{"0":"post-1013","1":"post","2":"type-post","3":"status-publish","4":"format-standard","6":"category-pablo-neruda"},"yoast_head":"<!-- This site is optimized with the Yoast SEO Premium plugin v24.9 (Yoast SEO v24.9) - https:\/\/yoast.com\/wordpress\/plugins\/seo\/ -->\n<title>\u0130\u015eL\u0130KLERDE GECE - narteks.net<\/title>\n<meta name=\"robots\" content=\"index, follow, max-snippet:-1, max-image-preview:large, max-video-preview:-1\" \/>\n<link rel=\"canonical\" href=\"https:\/\/narteks.net\/index.php\/2009\/11\/05\/isliklerde-gece\/\" \/>\n<meta property=\"og:locale\" content=\"tr_TR\" \/>\n<meta property=\"og:type\" content=\"article\" \/>\n<meta property=\"og:title\" content=\"\u0130\u015eL\u0130KLERDE GECE\" \/>\n<meta property=\"og:description\" content=\"\u00a0 Dinlenen kara demir, g\u00f6zenekleri ac\u0131 \u00e7\u0131\u011fl\u0131klar\u0131yla inleyen kara demir. \u0130\u00e7ler ac\u0131s\u0131 toprakta h\u00e2l\u00e2 k\u0131z\u0131l k\u00fcl, bronzun ac\u0131s\u0131n\u0131 eritti\u011fi d\u00f6k\u00fcm. Hangi ac\u0131 \u00fclkesinden gelir ac\u0131l\u0131 ve bitmez gecede gak gak \u00f6ten ku\u015flar? \u00c7\u0131\u011fl\u0131k kas\u0131l\u0131r i\u00e7imde d\u00fc\u011f\u00fcmlenen bir sinir gibi ya da k\u0131r\u0131k bir teli gibi bir keman\u0131n. Her makine bir g\u00f6zbebe\u011fi saklar bakmak i\u00e7in bana. [&hellip;]\" \/>\n<meta property=\"og:url\" content=\"https:\/\/narteks.net\/index.php\/2009\/11\/05\/isliklerde-gece\/\" \/>\n<meta property=\"og:site_name\" content=\"narteks.net\" \/>\n<meta property=\"article:published_time\" content=\"2009-11-05T08:28:02+00:00\" \/>\n<meta property=\"og:image\" content=\"https:\/\/narteks.net\/wp-content\/uploads\/narteks.png\" \/>\n\t<meta property=\"og:image:width\" content=\"300\" \/>\n\t<meta property=\"og:image:height\" content=\"90\" \/>\n\t<meta property=\"og:image:type\" content=\"image\/png\" \/>\n<meta name=\"author\" content=\"Tar\u0131k\" \/>\n<meta name=\"twitter:card\" content=\"summary_large_image\" \/>\n<meta name=\"twitter:creator\" content=\"@narteks\" \/>\n<meta name=\"twitter:site\" content=\"@narteks\" \/>\n<meta name=\"twitter:label1\" content=\"Yazan:\" \/>\n\t<meta name=\"twitter:data1\" content=\"Tar\u0131k\" \/>\n\t<meta name=\"twitter:label2\" content=\"Tahmini okuma s\u00fcresi\" \/>\n\t<meta name=\"twitter:data2\" content=\"1 dakika\" \/>\n<script type=\"application\/ld+json\" class=\"yoast-schema-graph\">{\"@context\":\"https:\/\/schema.org\",\"@graph\":[{\"@type\":\"Article\",\"@id\":\"https:\/\/narteks.net\/index.php\/2009\/11\/05\/isliklerde-gece\/#article\",\"isPartOf\":{\"@id\":\"https:\/\/narteks.net\/index.php\/2009\/11\/05\/isliklerde-gece\/\"},\"author\":{\"name\":\"Tar\u0131k\",\"@id\":\"https:\/\/narteks.net\/#\/schema\/person\/61f37d9834294b72d31d274e7ed79bca\"},\"headline\":\"\u0130\u015eL\u0130KLERDE GECE\",\"datePublished\":\"2009-11-05T08:28:02+00:00\",\"mainEntityOfPage\":{\"@id\":\"https:\/\/narteks.net\/index.php\/2009\/11\/05\/isliklerde-gece\/\"},\"wordCount\":124,\"commentCount\":0,\"publisher\":{\"@id\":\"https:\/\/narteks.net\/#organization\"},\"articleSection\":[\"Pablo NERUDA\"],\"inLanguage\":\"tr\",\"potentialAction\":[{\"@type\":\"CommentAction\",\"name\":\"Comment\",\"target\":[\"https:\/\/narteks.net\/index.php\/2009\/11\/05\/isliklerde-gece\/#respond\"]}]},{\"@type\":\"WebPage\",\"@id\":\"https:\/\/narteks.net\/index.php\/2009\/11\/05\/isliklerde-gece\/\",\"url\":\"https:\/\/narteks.net\/index.php\/2009\/11\/05\/isliklerde-gece\/\",\"name\":\"\u0130\u015eL\u0130KLERDE GECE - narteks.net\",\"isPartOf\":{\"@id\":\"https:\/\/narteks.net\/#website\"},\"datePublished\":\"2009-11-05T08:28:02+00:00\",\"breadcrumb\":{\"@id\":\"https:\/\/narteks.net\/index.php\/2009\/11\/05\/isliklerde-gece\/#breadcrumb\"},\"inLanguage\":\"tr\",\"potentialAction\":[{\"@type\":\"ReadAction\",\"target\":[\"https:\/\/narteks.net\/index.php\/2009\/11\/05\/isliklerde-gece\/\"]}]},{\"@type\":\"BreadcrumbList\",\"@id\":\"https:\/\/narteks.net\/index.php\/2009\/11\/05\/isliklerde-gece\/#breadcrumb\",\"itemListElement\":[{\"@type\":\"ListItem\",\"position\":1,\"name\":\"Anasayfa\",\"item\":\"https:\/\/narteks.net\/\"},{\"@type\":\"ListItem\",\"position\":2,\"name\":\"\u0130\u015eL\u0130KLERDE GECE\"}]},{\"@type\":\"WebSite\",\"@id\":\"https:\/\/narteks.net\/#website\",\"url\":\"https:\/\/narteks.net\/\",\"name\":\"narteks.net\",\"description\":\"K\u00fclt\u00fcr Sanat Edebiyat Felsefe\",\"publisher\":{\"@id\":\"https:\/\/narteks.net\/#organization\"},\"alternateName\":\"K\u00fclt\u00fcr Sanat Edebiyat Felsefe\",\"potentialAction\":[{\"@type\":\"SearchAction\",\"target\":{\"@type\":\"EntryPoint\",\"urlTemplate\":\"https:\/\/narteks.net\/?s={search_term_string}\"},\"query-input\":{\"@type\":\"PropertyValueSpecification\",\"valueRequired\":true,\"valueName\":\"search_term_string\"}}],\"inLanguage\":\"tr\"},{\"@type\":\"Organization\",\"@id\":\"https:\/\/narteks.net\/#organization\",\"name\":\"narteks.net\",\"url\":\"https:\/\/narteks.net\/\",\"logo\":{\"@type\":\"ImageObject\",\"inLanguage\":\"tr\",\"@id\":\"https:\/\/narteks.net\/#\/schema\/logo\/image\/\",\"url\":\"https:\/\/narteks.net\/wp-content\/uploads\/narteks.png\",\"contentUrl\":\"https:\/\/narteks.net\/wp-content\/uploads\/narteks.png\",\"width\":300,\"height\":90,\"caption\":\"narteks.net\"},\"image\":{\"@id\":\"https:\/\/narteks.net\/#\/schema\/logo\/image\/\"},\"sameAs\":[\"https:\/\/x.com\/narteks\",\"https:\/\/instagram.com\/narteksnet\"]},{\"@type\":\"Person\",\"@id\":\"https:\/\/narteks.net\/#\/schema\/person\/61f37d9834294b72d31d274e7ed79bca\",\"name\":\"Tar\u0131k\",\"image\":{\"@type\":\"ImageObject\",\"inLanguage\":\"tr\",\"@id\":\"https:\/\/narteks.net\/#\/schema\/person\/image\/\",\"url\":\"https:\/\/secure.gravatar.com\/avatar\/50865afb55632c4ae467e0af0930f6510aa2297d8014be502a55b14f3b7550cf?s=96&d=mm&r=g\",\"contentUrl\":\"https:\/\/secure.gravatar.com\/avatar\/50865afb55632c4ae467e0af0930f6510aa2297d8014be502a55b14f3b7550cf?s=96&d=mm&r=g\",\"caption\":\"Tar\u0131k\"},\"sameAs\":[\"http:\/\/narteks.net\"],\"url\":\"https:\/\/narteks.net\/index.php\/author\/narbak\/\"}]}<\/script>\n<!-- \/ Yoast SEO Premium plugin. -->","yoast_head_json":{"title":"\u0130\u015eL\u0130KLERDE GECE - narteks.net","robots":{"index":"index","follow":"follow","max-snippet":"max-snippet:-1","max-image-preview":"max-image-preview:large","max-video-preview":"max-video-preview:-1"},"canonical":"https:\/\/narteks.net\/index.php\/2009\/11\/05\/isliklerde-gece\/","og_locale":"tr_TR","og_type":"article","og_title":"\u0130\u015eL\u0130KLERDE GECE","og_description":"\u00a0 Dinlenen kara demir, g\u00f6zenekleri ac\u0131 \u00e7\u0131\u011fl\u0131klar\u0131yla inleyen kara demir. \u0130\u00e7ler ac\u0131s\u0131 toprakta h\u00e2l\u00e2 k\u0131z\u0131l k\u00fcl, bronzun ac\u0131s\u0131n\u0131 eritti\u011fi d\u00f6k\u00fcm. Hangi ac\u0131 \u00fclkesinden gelir ac\u0131l\u0131 ve bitmez gecede gak gak \u00f6ten ku\u015flar? \u00c7\u0131\u011fl\u0131k kas\u0131l\u0131r i\u00e7imde d\u00fc\u011f\u00fcmlenen bir sinir gibi ya da k\u0131r\u0131k bir teli gibi bir keman\u0131n. Her makine bir g\u00f6zbebe\u011fi saklar bakmak i\u00e7in bana. [&hellip;]","og_url":"https:\/\/narteks.net\/index.php\/2009\/11\/05\/isliklerde-gece\/","og_site_name":"narteks.net","article_published_time":"2009-11-05T08:28:02+00:00","og_image":[{"width":300,"height":90,"url":"https:\/\/narteks.net\/wp-content\/uploads\/narteks.png","type":"image\/png"}],"author":"Tar\u0131k","twitter_card":"summary_large_image","twitter_creator":"@narteks","twitter_site":"@narteks","twitter_misc":{"Yazan:":"Tar\u0131k","Tahmini okuma s\u00fcresi":"1 dakika"},"schema":{"@context":"https:\/\/schema.org","@graph":[{"@type":"Article","@id":"https:\/\/narteks.net\/index.php\/2009\/11\/05\/isliklerde-gece\/#article","isPartOf":{"@id":"https:\/\/narteks.net\/index.php\/2009\/11\/05\/isliklerde-gece\/"},"author":{"name":"Tar\u0131k","@id":"https:\/\/narteks.net\/#\/schema\/person\/61f37d9834294b72d31d274e7ed79bca"},"headline":"\u0130\u015eL\u0130KLERDE GECE","datePublished":"2009-11-05T08:28:02+00:00","mainEntityOfPage":{"@id":"https:\/\/narteks.net\/index.php\/2009\/11\/05\/isliklerde-gece\/"},"wordCount":124,"commentCount":0,"publisher":{"@id":"https:\/\/narteks.net\/#organization"},"articleSection":["Pablo NERUDA"],"inLanguage":"tr","potentialAction":[{"@type":"CommentAction","name":"Comment","target":["https:\/\/narteks.net\/index.php\/2009\/11\/05\/isliklerde-gece\/#respond"]}]},{"@type":"WebPage","@id":"https:\/\/narteks.net\/index.php\/2009\/11\/05\/isliklerde-gece\/","url":"https:\/\/narteks.net\/index.php\/2009\/11\/05\/isliklerde-gece\/","name":"\u0130\u015eL\u0130KLERDE GECE - narteks.net","isPartOf":{"@id":"https:\/\/narteks.net\/#website"},"datePublished":"2009-11-05T08:28:02+00:00","breadcrumb":{"@id":"https:\/\/narteks.net\/index.php\/2009\/11\/05\/isliklerde-gece\/#breadcrumb"},"inLanguage":"tr","potentialAction":[{"@type":"ReadAction","target":["https:\/\/narteks.net\/index.php\/2009\/11\/05\/isliklerde-gece\/"]}]},{"@type":"BreadcrumbList","@id":"https:\/\/narteks.net\/index.php\/2009\/11\/05\/isliklerde-gece\/#breadcrumb","itemListElement":[{"@type":"ListItem","position":1,"name":"Anasayfa","item":"https:\/\/narteks.net\/"},{"@type":"ListItem","position":2,"name":"\u0130\u015eL\u0130KLERDE GECE"}]},{"@type":"WebSite","@id":"https:\/\/narteks.net\/#website","url":"https:\/\/narteks.net\/","name":"narteks.net","description":"K\u00fclt\u00fcr Sanat Edebiyat Felsefe","publisher":{"@id":"https:\/\/narteks.net\/#organization"},"alternateName":"K\u00fclt\u00fcr Sanat Edebiyat Felsefe","potentialAction":[{"@type":"SearchAction","target":{"@type":"EntryPoint","urlTemplate":"https:\/\/narteks.net\/?s={search_term_string}"},"query-input":{"@type":"PropertyValueSpecification","valueRequired":true,"valueName":"search_term_string"}}],"inLanguage":"tr"},{"@type":"Organization","@id":"https:\/\/narteks.net\/#organization","name":"narteks.net","url":"https:\/\/narteks.net\/","logo":{"@type":"ImageObject","inLanguage":"tr","@id":"https:\/\/narteks.net\/#\/schema\/logo\/image\/","url":"https:\/\/narteks.net\/wp-content\/uploads\/narteks.png","contentUrl":"https:\/\/narteks.net\/wp-content\/uploads\/narteks.png","width":300,"height":90,"caption":"narteks.net"},"image":{"@id":"https:\/\/narteks.net\/#\/schema\/logo\/image\/"},"sameAs":["https:\/\/x.com\/narteks","https:\/\/instagram.com\/narteksnet"]},{"@type":"Person","@id":"https:\/\/narteks.net\/#\/schema\/person\/61f37d9834294b72d31d274e7ed79bca","name":"Tar\u0131k","image":{"@type":"ImageObject","inLanguage":"tr","@id":"https:\/\/narteks.net\/#\/schema\/person\/image\/","url":"https:\/\/secure.gravatar.com\/avatar\/50865afb55632c4ae467e0af0930f6510aa2297d8014be502a55b14f3b7550cf?s=96&d=mm&r=g","contentUrl":"https:\/\/secure.gravatar.com\/avatar\/50865afb55632c4ae467e0af0930f6510aa2297d8014be502a55b14f3b7550cf?s=96&d=mm&r=g","caption":"Tar\u0131k"},"sameAs":["http:\/\/narteks.net"],"url":"https:\/\/narteks.net\/index.php\/author\/narbak\/"}]}},"_links":{"self":[{"href":"https:\/\/narteks.net\/index.php\/wp-json\/wp\/v2\/posts\/1013","targetHints":{"allow":["GET"]}}],"collection":[{"href":"https:\/\/narteks.net\/index.php\/wp-json\/wp\/v2\/posts"}],"about":[{"href":"https:\/\/narteks.net\/index.php\/wp-json\/wp\/v2\/types\/post"}],"author":[{"embeddable":true,"href":"https:\/\/narteks.net\/index.php\/wp-json\/wp\/v2\/users\/1"}],"replies":[{"embeddable":true,"href":"https:\/\/narteks.net\/index.php\/wp-json\/wp\/v2\/comments?post=1013"}],"version-history":[{"count":0,"href":"https:\/\/narteks.net\/index.php\/wp-json\/wp\/v2\/posts\/1013\/revisions"}],"wp:attachment":[{"href":"https:\/\/narteks.net\/index.php\/wp-json\/wp\/v2\/media?parent=1013"}],"wp:term":[{"taxonomy":"category","embeddable":true,"href":"https:\/\/narteks.net\/index.php\/wp-json\/wp\/v2\/categories?post=1013"},{"taxonomy":"post_tag","embeddable":true,"href":"https:\/\/narteks.net\/index.php\/wp-json\/wp\/v2\/tags?post=1013"}],"curies":[{"name":"wp","href":"https:\/\/api.w.org\/{rel}","templated":true}]}}