{"id":1015,"date":"2009-11-05T11:29:32","date_gmt":"2009-11-05T08:29:32","guid":{"rendered":"http:\/\/localhost\/wordpress\/2009\/11\/05\/ogullari-olen-analara-turku\/"},"modified":"2009-11-05T11:29:32","modified_gmt":"2009-11-05T08:29:32","slug":"ogullari-olen-analara-turku","status":"publish","type":"post","link":"https:\/\/narteks.net\/index.php\/2009\/11\/05\/ogullari-olen-analara-turku\/","title":{"rendered":"O\u011eULLARI \u00d6LEN ANALARA T\u00dcRK\u00dc"},"content":{"rendered":"<p>\u00a0<\/p>\n<p>Onlar \u00f6lmediler yok,<br \/> Ate\u015f fitilleri gibi:<br \/> Dimdik ayakta,<br \/> Barut ortas\u0131ndalar!<\/p>\n<p>Kar\u0131\u015ft\u0131, bak\u0131r tenli<br \/> \u00c7ay\u0131r \u00e7imene,<br \/> Kar\u0131\u015ft\u0131,<br \/> O can\u0131m hayalleri:<br \/> Z\u0131rhl\u0131 bir r\u00fczg\u00e2r,<br \/> Perdesi gibi;<br \/> Bir set gibi:<br \/> K\u0131zg\u0131n \u00e7ehreli,<br \/> G\u00f6\u011f\u00fcs gibi:<br \/> G\u00f6\u011f\u00fcn g\u00f6r\u00fcnmez g\u00f6\u011fs\u00fc gibi!<\/p>\n<p>Analar, onlar ayakta<br \/> Bu\u011fday i\u00e7indeler, onlar,<br \/> Y\u00fccelerden y\u00fcce dururlar:<br \/> D\u00fcnyay\u0131 doruktan seyreden,<br \/> Bir \u00f6\u011fle g\u00fcne\u015fi gibi.<br \/> Bir \u00e7an darbeleri gibi,<br \/> Onlar.<br \/> \u00d6lm\u00fc\u015f g\u00f6vdeler aras\u0131nda,<br \/> Zaferi \u00e7eki\u00e7leyen bir ses gibi<br \/> Onlar,<br \/> Kara bir ses gibi.<br \/> Ey canevinden vurulmu\u015f,<br \/> Toz duman olmu\u015f bac\u0131lar!<br \/> \u0130nan\u0131n o\u011fullar\u0131n\u0131za.<br \/> K\u00f6k oldu onlar,<br \/> Sade k\u00f6k:<br \/> Kan suratl\u0131,<br \/> Ta\u015flar alt\u0131nda.<br \/> Kar\u0131\u015fmad\u0131 topra\u011fa,<br \/> Da\u011f\u0131lm\u0131\u015f kemik\u00e7ikleri.<br \/> A\u011f\u0131zlar\u0131 \u0131s\u0131r\u0131r hala,<br \/> Kuru barutu;<br \/> Ve demir bir okyanus gibi,<br \/> Titre\u015firler h\u00e2l\u00e2.<br \/> Ben \u00f6lmedim, der,<br \/> Yumruklar\u0131;<br \/> Yukar\u0131 kalk\u0131k yumruklar\u0131,<br \/> Daha.<\/p>\n<p>Bunca yere d\u00fc\u015fm\u00fc\u015flerden,<br \/> Yenilmez bir hayat do\u011far:<br \/> Bir tek beden olur,<br \/> Analar, bayraklar, \u00e7ocuklar,<br \/> Hayat gibi canl\u0131 tek bir beden;<br \/> Bir y\u00fcz bekler karanl\u0131klar\u0131,<br \/> \u00d6l\u00fc g\u00f6zleriyle,<br \/> K\u0131l\u0131c\u0131 dopdolu,<br \/> D\u00fcnya \u00fcmitlerinden.<\/p>\n<p>Dursun,<\/p>\n<p>Dursun yas esvaplar\u0131n\u0131z.<br \/> Y\u0131\u011f\u0131n derleyin,<br \/> G\u00f6zya\u015flar\u0131n\u0131z\u0131;<br \/> Bir metal oluncaya kadar:<br \/> Bununla vuraca\u011f\u0131z,<br \/> G\u00fcnd\u00fcz gece;<br \/> Bununla \u00e7i\u011fneyece\u011fiz,<br \/> G\u00fcnd\u00fcz gece;<br \/> Bununla t\u00fck\u00fcrece\u011fiz<br \/> G\u00fcnd\u00fcz gece<br \/> Kin kap\u0131lar\u0131n\u0131,<br \/> K\u0131r\u0131ncaya kadar.<\/p>\n<p>O\u011fullar\u0131n\u0131z\u0131 bilirdim,<br \/> Unutmad\u0131m ac\u0131lar\u0131n\u0131z\u0131.<br \/> \u00d6l\u00fcmleriyle nas\u0131l k\u0131vand\u0131ysam,<br \/> Hayatlar\u0131yla da \u00f6yleyimdir.<br \/> Onlar\u0131n g\u00fcl\u00fc\u015fleridir:<br \/> Karanl\u0131k at\u00f6lyeleri \u0131\u015f\u0131tan.<br \/> Her g\u00fcn metroda, yan\u0131ba\u015f\u0131mda:<br \/> Onlar\u0131n ayak sesleridir,<br \/> \u00c7\u0131n \u00e7\u0131n.<br \/> Akdeniz portakallar\u0131nda,<br \/> G\u00fcney a\u011flar\u0131 i\u00e7inde;<br \/> Yap\u0131larda,<br \/> Bas\u0131mevi m\u00fcrekkeplerinde;<br \/> Kalplerini tutu\u015fur g\u00f6rd\u00fcm onlar\u0131n,<br \/> G\u00fc\u00e7le, yang\u0131nla.<\/p>\n<p>Ben de sizler gibiyim, analar.<br \/> Benim kalbim de yas dolu, \u00f6l\u00fcm dolu.<br \/> G\u00fcl\u00fc\u015flerinizi \u00f6ld\u00fcren kanla,<br \/> Serpilip geli\u015fmi\u015f;<br \/> Bir orman gibidir kalbim.<br \/> G\u00fcnlerin kahredici yaln\u0131zl\u0131\u011f\u0131,<br \/> Uyan\u0131\u015f\u0131n sisli \u00f6fkeleri<br \/> Girmi\u015ftir i\u00e7ine.<\/p>\n<p>Susam\u0131\u015f s\u0131rtlanlar\u0131,<br \/> Bitip t\u00fckenmez \u00fcrmeleriyle<br \/> Afrika\u00b4dan g\u00fcrleyen hayvan sesini;<br \/> \u00d6fkeyi, iniltileri, ho\u015f g\u00f6rmeleri,<br \/> B\u0131rak\u0131n, bir yana b\u0131rak\u0131n.<br \/> \u00d6l\u00fcm\u00fcn ve tasan\u0131n<br \/> \u00c7emberinden ge\u00e7mi\u015f analar,<br \/> Do\u011fan ulu g\u00fcn\u00fcn ortas\u0131na bak\u0131n:<br \/> Bu topraktan g\u00fcler \u00f6l\u00fcleriniz.<br \/> Kalk\u0131k yumruklar\u0131 titrer,<br \/> Bu\u011fday\u0131n \u00fcst\u00fcnde,<br \/> Bilesiniz.<\/p>\n","protected":false},"excerpt":{"rendered":"<p>\u00a0 Onlar \u00f6lmediler yok, Ate\u015f fitilleri gibi: Dimdik ayakta, Barut ortas\u0131ndalar! Kar\u0131\u015ft\u0131, bak\u0131r tenli \u00c7ay\u0131r \u00e7imene, Kar\u0131\u015ft\u0131, O can\u0131m hayalleri: Z\u0131rhl\u0131 bir r\u00fczg\u00e2r, Perdesi gibi; Bir set gibi: K\u0131zg\u0131n \u00e7ehreli, G\u00f6\u011f\u00fcs gibi: G\u00f6\u011f\u00fcn g\u00f6r\u00fcnmez g\u00f6\u011fs\u00fc gibi! Analar, onlar ayakta Bu\u011fday i\u00e7indeler, onlar, Y\u00fccelerden y\u00fcce dururlar: D\u00fcnyay\u0131 doruktan seyreden, Bir \u00f6\u011fle g\u00fcne\u015fi gibi. Bir \u00e7an darbeleri [&hellip;]<\/p>\n","protected":false},"author":1,"featured_media":0,"comment_status":"open","ping_status":"open","sticky":false,"template":"","format":"standard","meta":{"footnotes":""},"categories":[175],"tags":[],"class_list":{"0":"post-1015","1":"post","2":"type-post","3":"status-publish","4":"format-standard","6":"category-pablo-neruda"},"yoast_head":"<!-- This site is optimized with the Yoast SEO Premium plugin v24.9 (Yoast SEO v24.9) - https:\/\/yoast.com\/wordpress\/plugins\/seo\/ -->\n<title>O\u011eULLARI \u00d6LEN ANALARA T\u00dcRK\u00dc - narteks.net<\/title>\n<meta name=\"robots\" content=\"index, follow, max-snippet:-1, max-image-preview:large, max-video-preview:-1\" \/>\n<link rel=\"canonical\" href=\"https:\/\/narteks.net\/index.php\/2009\/11\/05\/ogullari-olen-analara-turku\/\" \/>\n<meta property=\"og:locale\" content=\"tr_TR\" \/>\n<meta property=\"og:type\" content=\"article\" \/>\n<meta property=\"og:title\" content=\"O\u011eULLARI \u00d6LEN ANALARA T\u00dcRK\u00dc\" \/>\n<meta property=\"og:description\" content=\"\u00a0 Onlar \u00f6lmediler yok, Ate\u015f fitilleri gibi: Dimdik ayakta, Barut ortas\u0131ndalar! Kar\u0131\u015ft\u0131, bak\u0131r tenli \u00c7ay\u0131r \u00e7imene, Kar\u0131\u015ft\u0131, O can\u0131m hayalleri: Z\u0131rhl\u0131 bir r\u00fczg\u00e2r, Perdesi gibi; Bir set gibi: K\u0131zg\u0131n \u00e7ehreli, G\u00f6\u011f\u00fcs gibi: G\u00f6\u011f\u00fcn g\u00f6r\u00fcnmez g\u00f6\u011fs\u00fc gibi! Analar, onlar ayakta Bu\u011fday i\u00e7indeler, onlar, Y\u00fccelerden y\u00fcce dururlar: D\u00fcnyay\u0131 doruktan seyreden, Bir \u00f6\u011fle g\u00fcne\u015fi gibi. Bir \u00e7an darbeleri [&hellip;]\" \/>\n<meta property=\"og:url\" content=\"https:\/\/narteks.net\/index.php\/2009\/11\/05\/ogullari-olen-analara-turku\/\" \/>\n<meta property=\"og:site_name\" content=\"narteks.net\" \/>\n<meta property=\"article:published_time\" content=\"2009-11-05T08:29:32+00:00\" \/>\n<meta property=\"og:image\" content=\"https:\/\/narteks.net\/wp-content\/uploads\/narteks.png\" \/>\n\t<meta property=\"og:image:width\" content=\"300\" \/>\n\t<meta property=\"og:image:height\" content=\"90\" \/>\n\t<meta property=\"og:image:type\" content=\"image\/png\" \/>\n<meta name=\"author\" content=\"Tar\u0131k\" \/>\n<meta name=\"twitter:card\" content=\"summary_large_image\" \/>\n<meta name=\"twitter:creator\" content=\"@narteks\" \/>\n<meta name=\"twitter:site\" content=\"@narteks\" \/>\n<meta name=\"twitter:label1\" content=\"Yazan:\" \/>\n\t<meta name=\"twitter:data1\" content=\"Tar\u0131k\" \/>\n\t<meta name=\"twitter:label2\" content=\"Tahmini okuma s\u00fcresi\" \/>\n\t<meta name=\"twitter:data2\" content=\"2 dakika\" \/>\n<script type=\"application\/ld+json\" class=\"yoast-schema-graph\">{\"@context\":\"https:\/\/schema.org\",\"@graph\":[{\"@type\":\"Article\",\"@id\":\"https:\/\/narteks.net\/index.php\/2009\/11\/05\/ogullari-olen-analara-turku\/#article\",\"isPartOf\":{\"@id\":\"https:\/\/narteks.net\/index.php\/2009\/11\/05\/ogullari-olen-analara-turku\/\"},\"author\":{\"name\":\"Tar\u0131k\",\"@id\":\"https:\/\/narteks.net\/#\/schema\/person\/61f37d9834294b72d31d274e7ed79bca\"},\"headline\":\"O\u011eULLARI \u00d6LEN ANALARA T\u00dcRK\u00dc\",\"datePublished\":\"2009-11-05T08:29:32+00:00\",\"mainEntityOfPage\":{\"@id\":\"https:\/\/narteks.net\/index.php\/2009\/11\/05\/ogullari-olen-analara-turku\/\"},\"wordCount\":424,\"commentCount\":0,\"publisher\":{\"@id\":\"https:\/\/narteks.net\/#organization\"},\"articleSection\":[\"Pablo NERUDA\"],\"inLanguage\":\"tr\",\"potentialAction\":[{\"@type\":\"CommentAction\",\"name\":\"Comment\",\"target\":[\"https:\/\/narteks.net\/index.php\/2009\/11\/05\/ogullari-olen-analara-turku\/#respond\"]}]},{\"@type\":\"WebPage\",\"@id\":\"https:\/\/narteks.net\/index.php\/2009\/11\/05\/ogullari-olen-analara-turku\/\",\"url\":\"https:\/\/narteks.net\/index.php\/2009\/11\/05\/ogullari-olen-analara-turku\/\",\"name\":\"O\u011eULLARI \u00d6LEN ANALARA T\u00dcRK\u00dc - narteks.net\",\"isPartOf\":{\"@id\":\"https:\/\/narteks.net\/#website\"},\"datePublished\":\"2009-11-05T08:29:32+00:00\",\"breadcrumb\":{\"@id\":\"https:\/\/narteks.net\/index.php\/2009\/11\/05\/ogullari-olen-analara-turku\/#breadcrumb\"},\"inLanguage\":\"tr\",\"potentialAction\":[{\"@type\":\"ReadAction\",\"target\":[\"https:\/\/narteks.net\/index.php\/2009\/11\/05\/ogullari-olen-analara-turku\/\"]}]},{\"@type\":\"BreadcrumbList\",\"@id\":\"https:\/\/narteks.net\/index.php\/2009\/11\/05\/ogullari-olen-analara-turku\/#breadcrumb\",\"itemListElement\":[{\"@type\":\"ListItem\",\"position\":1,\"name\":\"Anasayfa\",\"item\":\"https:\/\/narteks.net\/\"},{\"@type\":\"ListItem\",\"position\":2,\"name\":\"O\u011eULLARI \u00d6LEN ANALARA T\u00dcRK\u00dc\"}]},{\"@type\":\"WebSite\",\"@id\":\"https:\/\/narteks.net\/#website\",\"url\":\"https:\/\/narteks.net\/\",\"name\":\"narteks.net\",\"description\":\"K\u00fclt\u00fcr Sanat Edebiyat Felsefe\",\"publisher\":{\"@id\":\"https:\/\/narteks.net\/#organization\"},\"alternateName\":\"K\u00fclt\u00fcr Sanat Edebiyat Felsefe\",\"potentialAction\":[{\"@type\":\"SearchAction\",\"target\":{\"@type\":\"EntryPoint\",\"urlTemplate\":\"https:\/\/narteks.net\/?s={search_term_string}\"},\"query-input\":{\"@type\":\"PropertyValueSpecification\",\"valueRequired\":true,\"valueName\":\"search_term_string\"}}],\"inLanguage\":\"tr\"},{\"@type\":\"Organization\",\"@id\":\"https:\/\/narteks.net\/#organization\",\"name\":\"narteks.net\",\"url\":\"https:\/\/narteks.net\/\",\"logo\":{\"@type\":\"ImageObject\",\"inLanguage\":\"tr\",\"@id\":\"https:\/\/narteks.net\/#\/schema\/logo\/image\/\",\"url\":\"https:\/\/narteks.net\/wp-content\/uploads\/narteks.png\",\"contentUrl\":\"https:\/\/narteks.net\/wp-content\/uploads\/narteks.png\",\"width\":300,\"height\":90,\"caption\":\"narteks.net\"},\"image\":{\"@id\":\"https:\/\/narteks.net\/#\/schema\/logo\/image\/\"},\"sameAs\":[\"https:\/\/x.com\/narteks\",\"https:\/\/instagram.com\/narteksnet\"]},{\"@type\":\"Person\",\"@id\":\"https:\/\/narteks.net\/#\/schema\/person\/61f37d9834294b72d31d274e7ed79bca\",\"name\":\"Tar\u0131k\",\"image\":{\"@type\":\"ImageObject\",\"inLanguage\":\"tr\",\"@id\":\"https:\/\/narteks.net\/#\/schema\/person\/image\/\",\"url\":\"https:\/\/secure.gravatar.com\/avatar\/50865afb55632c4ae467e0af0930f6510aa2297d8014be502a55b14f3b7550cf?s=96&d=mm&r=g\",\"contentUrl\":\"https:\/\/secure.gravatar.com\/avatar\/50865afb55632c4ae467e0af0930f6510aa2297d8014be502a55b14f3b7550cf?s=96&d=mm&r=g\",\"caption\":\"Tar\u0131k\"},\"sameAs\":[\"http:\/\/narteks.net\"],\"url\":\"https:\/\/narteks.net\/index.php\/author\/narbak\/\"}]}<\/script>\n<!-- \/ Yoast SEO Premium plugin. -->","yoast_head_json":{"title":"O\u011eULLARI \u00d6LEN ANALARA T\u00dcRK\u00dc - narteks.net","robots":{"index":"index","follow":"follow","max-snippet":"max-snippet:-1","max-image-preview":"max-image-preview:large","max-video-preview":"max-video-preview:-1"},"canonical":"https:\/\/narteks.net\/index.php\/2009\/11\/05\/ogullari-olen-analara-turku\/","og_locale":"tr_TR","og_type":"article","og_title":"O\u011eULLARI \u00d6LEN ANALARA T\u00dcRK\u00dc","og_description":"\u00a0 Onlar \u00f6lmediler yok, Ate\u015f fitilleri gibi: Dimdik ayakta, Barut ortas\u0131ndalar! Kar\u0131\u015ft\u0131, bak\u0131r tenli \u00c7ay\u0131r \u00e7imene, Kar\u0131\u015ft\u0131, O can\u0131m hayalleri: Z\u0131rhl\u0131 bir r\u00fczg\u00e2r, Perdesi gibi; Bir set gibi: K\u0131zg\u0131n \u00e7ehreli, G\u00f6\u011f\u00fcs gibi: G\u00f6\u011f\u00fcn g\u00f6r\u00fcnmez g\u00f6\u011fs\u00fc gibi! Analar, onlar ayakta Bu\u011fday i\u00e7indeler, onlar, Y\u00fccelerden y\u00fcce dururlar: D\u00fcnyay\u0131 doruktan seyreden, Bir \u00f6\u011fle g\u00fcne\u015fi gibi. Bir \u00e7an darbeleri [&hellip;]","og_url":"https:\/\/narteks.net\/index.php\/2009\/11\/05\/ogullari-olen-analara-turku\/","og_site_name":"narteks.net","article_published_time":"2009-11-05T08:29:32+00:00","og_image":[{"width":300,"height":90,"url":"https:\/\/narteks.net\/wp-content\/uploads\/narteks.png","type":"image\/png"}],"author":"Tar\u0131k","twitter_card":"summary_large_image","twitter_creator":"@narteks","twitter_site":"@narteks","twitter_misc":{"Yazan:":"Tar\u0131k","Tahmini okuma s\u00fcresi":"2 dakika"},"schema":{"@context":"https:\/\/schema.org","@graph":[{"@type":"Article","@id":"https:\/\/narteks.net\/index.php\/2009\/11\/05\/ogullari-olen-analara-turku\/#article","isPartOf":{"@id":"https:\/\/narteks.net\/index.php\/2009\/11\/05\/ogullari-olen-analara-turku\/"},"author":{"name":"Tar\u0131k","@id":"https:\/\/narteks.net\/#\/schema\/person\/61f37d9834294b72d31d274e7ed79bca"},"headline":"O\u011eULLARI \u00d6LEN ANALARA T\u00dcRK\u00dc","datePublished":"2009-11-05T08:29:32+00:00","mainEntityOfPage":{"@id":"https:\/\/narteks.net\/index.php\/2009\/11\/05\/ogullari-olen-analara-turku\/"},"wordCount":424,"commentCount":0,"publisher":{"@id":"https:\/\/narteks.net\/#organization"},"articleSection":["Pablo NERUDA"],"inLanguage":"tr","potentialAction":[{"@type":"CommentAction","name":"Comment","target":["https:\/\/narteks.net\/index.php\/2009\/11\/05\/ogullari-olen-analara-turku\/#respond"]}]},{"@type":"WebPage","@id":"https:\/\/narteks.net\/index.php\/2009\/11\/05\/ogullari-olen-analara-turku\/","url":"https:\/\/narteks.net\/index.php\/2009\/11\/05\/ogullari-olen-analara-turku\/","name":"O\u011eULLARI \u00d6LEN ANALARA T\u00dcRK\u00dc - narteks.net","isPartOf":{"@id":"https:\/\/narteks.net\/#website"},"datePublished":"2009-11-05T08:29:32+00:00","breadcrumb":{"@id":"https:\/\/narteks.net\/index.php\/2009\/11\/05\/ogullari-olen-analara-turku\/#breadcrumb"},"inLanguage":"tr","potentialAction":[{"@type":"ReadAction","target":["https:\/\/narteks.net\/index.php\/2009\/11\/05\/ogullari-olen-analara-turku\/"]}]},{"@type":"BreadcrumbList","@id":"https:\/\/narteks.net\/index.php\/2009\/11\/05\/ogullari-olen-analara-turku\/#breadcrumb","itemListElement":[{"@type":"ListItem","position":1,"name":"Anasayfa","item":"https:\/\/narteks.net\/"},{"@type":"ListItem","position":2,"name":"O\u011eULLARI \u00d6LEN ANALARA T\u00dcRK\u00dc"}]},{"@type":"WebSite","@id":"https:\/\/narteks.net\/#website","url":"https:\/\/narteks.net\/","name":"narteks.net","description":"K\u00fclt\u00fcr Sanat Edebiyat Felsefe","publisher":{"@id":"https:\/\/narteks.net\/#organization"},"alternateName":"K\u00fclt\u00fcr Sanat Edebiyat Felsefe","potentialAction":[{"@type":"SearchAction","target":{"@type":"EntryPoint","urlTemplate":"https:\/\/narteks.net\/?s={search_term_string}"},"query-input":{"@type":"PropertyValueSpecification","valueRequired":true,"valueName":"search_term_string"}}],"inLanguage":"tr"},{"@type":"Organization","@id":"https:\/\/narteks.net\/#organization","name":"narteks.net","url":"https:\/\/narteks.net\/","logo":{"@type":"ImageObject","inLanguage":"tr","@id":"https:\/\/narteks.net\/#\/schema\/logo\/image\/","url":"https:\/\/narteks.net\/wp-content\/uploads\/narteks.png","contentUrl":"https:\/\/narteks.net\/wp-content\/uploads\/narteks.png","width":300,"height":90,"caption":"narteks.net"},"image":{"@id":"https:\/\/narteks.net\/#\/schema\/logo\/image\/"},"sameAs":["https:\/\/x.com\/narteks","https:\/\/instagram.com\/narteksnet"]},{"@type":"Person","@id":"https:\/\/narteks.net\/#\/schema\/person\/61f37d9834294b72d31d274e7ed79bca","name":"Tar\u0131k","image":{"@type":"ImageObject","inLanguage":"tr","@id":"https:\/\/narteks.net\/#\/schema\/person\/image\/","url":"https:\/\/secure.gravatar.com\/avatar\/50865afb55632c4ae467e0af0930f6510aa2297d8014be502a55b14f3b7550cf?s=96&d=mm&r=g","contentUrl":"https:\/\/secure.gravatar.com\/avatar\/50865afb55632c4ae467e0af0930f6510aa2297d8014be502a55b14f3b7550cf?s=96&d=mm&r=g","caption":"Tar\u0131k"},"sameAs":["http:\/\/narteks.net"],"url":"https:\/\/narteks.net\/index.php\/author\/narbak\/"}]}},"_links":{"self":[{"href":"https:\/\/narteks.net\/index.php\/wp-json\/wp\/v2\/posts\/1015","targetHints":{"allow":["GET"]}}],"collection":[{"href":"https:\/\/narteks.net\/index.php\/wp-json\/wp\/v2\/posts"}],"about":[{"href":"https:\/\/narteks.net\/index.php\/wp-json\/wp\/v2\/types\/post"}],"author":[{"embeddable":true,"href":"https:\/\/narteks.net\/index.php\/wp-json\/wp\/v2\/users\/1"}],"replies":[{"embeddable":true,"href":"https:\/\/narteks.net\/index.php\/wp-json\/wp\/v2\/comments?post=1015"}],"version-history":[{"count":0,"href":"https:\/\/narteks.net\/index.php\/wp-json\/wp\/v2\/posts\/1015\/revisions"}],"wp:attachment":[{"href":"https:\/\/narteks.net\/index.php\/wp-json\/wp\/v2\/media?parent=1015"}],"wp:term":[{"taxonomy":"category","embeddable":true,"href":"https:\/\/narteks.net\/index.php\/wp-json\/wp\/v2\/categories?post=1015"},{"taxonomy":"post_tag","embeddable":true,"href":"https:\/\/narteks.net\/index.php\/wp-json\/wp\/v2\/tags?post=1015"}],"curies":[{"name":"wp","href":"https:\/\/api.w.org\/{rel}","templated":true}]}}