{"id":1019,"date":"2009-11-05T11:32:36","date_gmt":"2009-11-05T08:32:36","guid":{"rendered":"http:\/\/localhost\/wordpress\/2009\/11\/05\/bir-suru-ad\/"},"modified":"2009-11-05T11:32:36","modified_gmt":"2009-11-05T08:32:36","slug":"bir-suru-ad","status":"publish","type":"post","link":"https:\/\/narteks.net\/index.php\/2009\/11\/05\/bir-suru-ad\/","title":{"rendered":"B\u0130R S\u00dcR\u00dc AD"},"content":{"rendered":"<p>\u00a0<\/p>\n<p>Pazartesiler kar\u0131\u015fm\u0131\u015f Sal\u0131lara<br \/> ve hafta b\u00fct\u00fcn bir y\u0131lla:<br \/> kesemez zaman\u0131<br \/> bezgin makaslar\u0131n\u0131z sizin<br \/> ve g\u00fcn\u00fcn b\u00fct\u00fcn adlar\u0131<br \/> y\u0131kan\u0131p gider gecenin sular\u0131yla.<\/p>\n<p>Kimse ben Pedro&#8217;yum diyemez,<br \/> Rosa de\u011fil, Maria de\u011fil kimse,<br \/> ya tozuz, ya kumuz hepimiz,<br \/> hepimiz ya\u011fmuruz ya\u011fmur alt\u0131nda.<br \/> Venezuelalardan s\u00f6z ettiler bana,<br \/> Paraguaylardan, \u015eililerden,<br \/> bir \u015fey anlam\u0131yorum dediklerinden:<br \/> yery\u00fcz\u00fcn\u00fcn derisini biliyorum yaln\u0131z<br \/> ve onun ads\u0131z oldu\u011funu.<\/p>\n<p>K\u00f6kler aras\u0131nda ya\u015farken<br \/> \u00e7i\u00e7eklerden daha zevk duyduydum,<br \/> \u00e7an gibi \u00e7alard\u0131<br \/> ne zaman bir ta\u015fla konu\u015fsam.<\/p>\n<p>\u00c7ok uzundur k\u0131\u015f boyu<br \/> s\u00fcr\u00fcp giden bahar:<br \/> zaman kaybetmi\u015f ayakkab\u0131lar\u0131n\u0131:<br \/> bir y\u0131l d\u00f6rt y\u00fczy\u0131l eder.<\/p>\n<p>Uyurken beni her gece<br \/> nas\u0131l \u00e7a\u011f\u0131r\u0131rlar ya da \u00e7a\u011f\u0131rmazlar?<br \/> Ben ben de\u011filsem uykuda<br \/> uyan\u0131nca peki kimim ben?<\/p>\n<p>Diyorum, g\u00fc\u00e7bela<br \/> ayak bast\u0131\u011f\u0131m\u0131z \u015fu ya\u015famda,<br \/> gelelim yeni do\u011fmu\u015f gibi,<br \/> doldurmayal\u0131m a\u011fz\u0131m\u0131z\u0131,<br \/> bir s\u00fcr\u00fc belli belirsiz adla<br \/> bir s\u00fcr\u00fc kasvetli resmiyet<br \/> bir s\u00fcr\u00fc cafcafl\u0131 kelam<br \/> senindiyle benimdiyle<br \/> bir s\u00fcr\u00fc ka\u011f\u0131t imzalamakla.<\/p>\n<p>Her \u015feyi kar\u0131\u015ft\u0131ran bir kafam var benim,<br \/> birle\u015ftirip hayat veren<br \/> i\u00e7i\u00e7e sokan, soyan,<br \/> ta ki d\u00fcnyan\u0131n \u0131\u015f\u0131\u011f\u0131<br \/> okyanusun birli\u011fine vars\u0131n,<br \/> bir esirgemez b\u00fct\u00fcnl\u00fc\u011fe,<br \/> bir \u00e7at\u0131rdayan miskokuya.<\/p>\n","protected":false},"excerpt":{"rendered":"<p>\u00a0 Pazartesiler kar\u0131\u015fm\u0131\u015f Sal\u0131lara ve hafta b\u00fct\u00fcn bir y\u0131lla: kesemez zaman\u0131 bezgin makaslar\u0131n\u0131z sizin ve g\u00fcn\u00fcn b\u00fct\u00fcn adlar\u0131 y\u0131kan\u0131p gider gecenin sular\u0131yla. Kimse ben Pedro&#8217;yum diyemez, Rosa de\u011fil, Maria de\u011fil kimse, ya tozuz, ya kumuz hepimiz, hepimiz ya\u011fmuruz ya\u011fmur alt\u0131nda. Venezuelalardan s\u00f6z ettiler bana, Paraguaylardan, \u015eililerden, bir \u015fey anlam\u0131yorum dediklerinden: yery\u00fcz\u00fcn\u00fcn derisini biliyorum yaln\u0131z ve [&hellip;]<\/p>\n","protected":false},"author":1,"featured_media":0,"comment_status":"open","ping_status":"open","sticky":false,"template":"","format":"standard","meta":{"footnotes":""},"categories":[175],"tags":[],"class_list":{"0":"post-1019","1":"post","2":"type-post","3":"status-publish","4":"format-standard","6":"category-pablo-neruda"},"yoast_head":"<!-- This site is optimized with the Yoast SEO Premium plugin v24.9 (Yoast SEO v24.9) - https:\/\/yoast.com\/wordpress\/plugins\/seo\/ -->\n<title>B\u0130R S\u00dcR\u00dc AD - narteks.net<\/title>\n<meta name=\"robots\" content=\"index, follow, max-snippet:-1, max-image-preview:large, max-video-preview:-1\" \/>\n<link rel=\"canonical\" href=\"https:\/\/narteks.net\/index.php\/2009\/11\/05\/bir-suru-ad\/\" \/>\n<meta property=\"og:locale\" content=\"tr_TR\" \/>\n<meta property=\"og:type\" content=\"article\" \/>\n<meta property=\"og:title\" content=\"B\u0130R S\u00dcR\u00dc AD\" \/>\n<meta property=\"og:description\" content=\"\u00a0 Pazartesiler kar\u0131\u015fm\u0131\u015f Sal\u0131lara ve hafta b\u00fct\u00fcn bir y\u0131lla: kesemez zaman\u0131 bezgin makaslar\u0131n\u0131z sizin ve g\u00fcn\u00fcn b\u00fct\u00fcn adlar\u0131 y\u0131kan\u0131p gider gecenin sular\u0131yla. Kimse ben Pedro&#8217;yum diyemez, Rosa de\u011fil, Maria de\u011fil kimse, ya tozuz, ya kumuz hepimiz, hepimiz ya\u011fmuruz ya\u011fmur alt\u0131nda. Venezuelalardan s\u00f6z ettiler bana, Paraguaylardan, \u015eililerden, bir \u015fey anlam\u0131yorum dediklerinden: yery\u00fcz\u00fcn\u00fcn derisini biliyorum yaln\u0131z ve [&hellip;]\" \/>\n<meta property=\"og:url\" content=\"https:\/\/narteks.net\/index.php\/2009\/11\/05\/bir-suru-ad\/\" \/>\n<meta property=\"og:site_name\" content=\"narteks.net\" \/>\n<meta property=\"article:published_time\" content=\"2009-11-05T08:32:36+00:00\" \/>\n<meta property=\"og:image\" content=\"https:\/\/narteks.net\/wp-content\/uploads\/narteks.png\" \/>\n\t<meta property=\"og:image:width\" content=\"300\" \/>\n\t<meta property=\"og:image:height\" content=\"90\" \/>\n\t<meta property=\"og:image:type\" content=\"image\/png\" \/>\n<meta name=\"author\" content=\"Tar\u0131k\" \/>\n<meta name=\"twitter:card\" content=\"summary_large_image\" \/>\n<meta name=\"twitter:creator\" content=\"@narteks\" \/>\n<meta name=\"twitter:site\" content=\"@narteks\" \/>\n<meta name=\"twitter:label1\" content=\"Yazan:\" \/>\n\t<meta name=\"twitter:data1\" content=\"Tar\u0131k\" \/>\n\t<meta name=\"twitter:label2\" content=\"Tahmini okuma s\u00fcresi\" \/>\n\t<meta name=\"twitter:data2\" content=\"1 dakika\" \/>\n<script type=\"application\/ld+json\" class=\"yoast-schema-graph\">{\"@context\":\"https:\/\/schema.org\",\"@graph\":[{\"@type\":\"Article\",\"@id\":\"https:\/\/narteks.net\/index.php\/2009\/11\/05\/bir-suru-ad\/#article\",\"isPartOf\":{\"@id\":\"https:\/\/narteks.net\/index.php\/2009\/11\/05\/bir-suru-ad\/\"},\"author\":{\"name\":\"Tar\u0131k\",\"@id\":\"https:\/\/narteks.net\/#\/schema\/person\/61f37d9834294b72d31d274e7ed79bca\"},\"headline\":\"B\u0130R S\u00dcR\u00dc AD\",\"datePublished\":\"2009-11-05T08:32:36+00:00\",\"mainEntityOfPage\":{\"@id\":\"https:\/\/narteks.net\/index.php\/2009\/11\/05\/bir-suru-ad\/\"},\"wordCount\":239,\"commentCount\":0,\"publisher\":{\"@id\":\"https:\/\/narteks.net\/#organization\"},\"articleSection\":[\"Pablo NERUDA\"],\"inLanguage\":\"tr\",\"potentialAction\":[{\"@type\":\"CommentAction\",\"name\":\"Comment\",\"target\":[\"https:\/\/narteks.net\/index.php\/2009\/11\/05\/bir-suru-ad\/#respond\"]}]},{\"@type\":\"WebPage\",\"@id\":\"https:\/\/narteks.net\/index.php\/2009\/11\/05\/bir-suru-ad\/\",\"url\":\"https:\/\/narteks.net\/index.php\/2009\/11\/05\/bir-suru-ad\/\",\"name\":\"B\u0130R S\u00dcR\u00dc AD - narteks.net\",\"isPartOf\":{\"@id\":\"https:\/\/narteks.net\/#website\"},\"datePublished\":\"2009-11-05T08:32:36+00:00\",\"breadcrumb\":{\"@id\":\"https:\/\/narteks.net\/index.php\/2009\/11\/05\/bir-suru-ad\/#breadcrumb\"},\"inLanguage\":\"tr\",\"potentialAction\":[{\"@type\":\"ReadAction\",\"target\":[\"https:\/\/narteks.net\/index.php\/2009\/11\/05\/bir-suru-ad\/\"]}]},{\"@type\":\"BreadcrumbList\",\"@id\":\"https:\/\/narteks.net\/index.php\/2009\/11\/05\/bir-suru-ad\/#breadcrumb\",\"itemListElement\":[{\"@type\":\"ListItem\",\"position\":1,\"name\":\"Anasayfa\",\"item\":\"https:\/\/narteks.net\/\"},{\"@type\":\"ListItem\",\"position\":2,\"name\":\"B\u0130R S\u00dcR\u00dc AD\"}]},{\"@type\":\"WebSite\",\"@id\":\"https:\/\/narteks.net\/#website\",\"url\":\"https:\/\/narteks.net\/\",\"name\":\"narteks.net\",\"description\":\"K\u00fclt\u00fcr Sanat Edebiyat Felsefe\",\"publisher\":{\"@id\":\"https:\/\/narteks.net\/#organization\"},\"alternateName\":\"K\u00fclt\u00fcr Sanat Edebiyat Felsefe\",\"potentialAction\":[{\"@type\":\"SearchAction\",\"target\":{\"@type\":\"EntryPoint\",\"urlTemplate\":\"https:\/\/narteks.net\/?s={search_term_string}\"},\"query-input\":{\"@type\":\"PropertyValueSpecification\",\"valueRequired\":true,\"valueName\":\"search_term_string\"}}],\"inLanguage\":\"tr\"},{\"@type\":\"Organization\",\"@id\":\"https:\/\/narteks.net\/#organization\",\"name\":\"narteks.net\",\"url\":\"https:\/\/narteks.net\/\",\"logo\":{\"@type\":\"ImageObject\",\"inLanguage\":\"tr\",\"@id\":\"https:\/\/narteks.net\/#\/schema\/logo\/image\/\",\"url\":\"https:\/\/narteks.net\/wp-content\/uploads\/narteks.png\",\"contentUrl\":\"https:\/\/narteks.net\/wp-content\/uploads\/narteks.png\",\"width\":300,\"height\":90,\"caption\":\"narteks.net\"},\"image\":{\"@id\":\"https:\/\/narteks.net\/#\/schema\/logo\/image\/\"},\"sameAs\":[\"https:\/\/x.com\/narteks\",\"https:\/\/instagram.com\/narteksnet\"]},{\"@type\":\"Person\",\"@id\":\"https:\/\/narteks.net\/#\/schema\/person\/61f37d9834294b72d31d274e7ed79bca\",\"name\":\"Tar\u0131k\",\"image\":{\"@type\":\"ImageObject\",\"inLanguage\":\"tr\",\"@id\":\"https:\/\/narteks.net\/#\/schema\/person\/image\/\",\"url\":\"https:\/\/secure.gravatar.com\/avatar\/50865afb55632c4ae467e0af0930f6510aa2297d8014be502a55b14f3b7550cf?s=96&d=mm&r=g\",\"contentUrl\":\"https:\/\/secure.gravatar.com\/avatar\/50865afb55632c4ae467e0af0930f6510aa2297d8014be502a55b14f3b7550cf?s=96&d=mm&r=g\",\"caption\":\"Tar\u0131k\"},\"sameAs\":[\"http:\/\/narteks.net\"],\"url\":\"https:\/\/narteks.net\/index.php\/author\/narbak\/\"}]}<\/script>\n<!-- \/ Yoast SEO Premium plugin. -->","yoast_head_json":{"title":"B\u0130R S\u00dcR\u00dc AD - narteks.net","robots":{"index":"index","follow":"follow","max-snippet":"max-snippet:-1","max-image-preview":"max-image-preview:large","max-video-preview":"max-video-preview:-1"},"canonical":"https:\/\/narteks.net\/index.php\/2009\/11\/05\/bir-suru-ad\/","og_locale":"tr_TR","og_type":"article","og_title":"B\u0130R S\u00dcR\u00dc AD","og_description":"\u00a0 Pazartesiler kar\u0131\u015fm\u0131\u015f Sal\u0131lara ve hafta b\u00fct\u00fcn bir y\u0131lla: kesemez zaman\u0131 bezgin makaslar\u0131n\u0131z sizin ve g\u00fcn\u00fcn b\u00fct\u00fcn adlar\u0131 y\u0131kan\u0131p gider gecenin sular\u0131yla. Kimse ben Pedro&#8217;yum diyemez, Rosa de\u011fil, Maria de\u011fil kimse, ya tozuz, ya kumuz hepimiz, hepimiz ya\u011fmuruz ya\u011fmur alt\u0131nda. Venezuelalardan s\u00f6z ettiler bana, Paraguaylardan, \u015eililerden, bir \u015fey anlam\u0131yorum dediklerinden: yery\u00fcz\u00fcn\u00fcn derisini biliyorum yaln\u0131z ve [&hellip;]","og_url":"https:\/\/narteks.net\/index.php\/2009\/11\/05\/bir-suru-ad\/","og_site_name":"narteks.net","article_published_time":"2009-11-05T08:32:36+00:00","og_image":[{"width":300,"height":90,"url":"https:\/\/narteks.net\/wp-content\/uploads\/narteks.png","type":"image\/png"}],"author":"Tar\u0131k","twitter_card":"summary_large_image","twitter_creator":"@narteks","twitter_site":"@narteks","twitter_misc":{"Yazan:":"Tar\u0131k","Tahmini okuma s\u00fcresi":"1 dakika"},"schema":{"@context":"https:\/\/schema.org","@graph":[{"@type":"Article","@id":"https:\/\/narteks.net\/index.php\/2009\/11\/05\/bir-suru-ad\/#article","isPartOf":{"@id":"https:\/\/narteks.net\/index.php\/2009\/11\/05\/bir-suru-ad\/"},"author":{"name":"Tar\u0131k","@id":"https:\/\/narteks.net\/#\/schema\/person\/61f37d9834294b72d31d274e7ed79bca"},"headline":"B\u0130R S\u00dcR\u00dc AD","datePublished":"2009-11-05T08:32:36+00:00","mainEntityOfPage":{"@id":"https:\/\/narteks.net\/index.php\/2009\/11\/05\/bir-suru-ad\/"},"wordCount":239,"commentCount":0,"publisher":{"@id":"https:\/\/narteks.net\/#organization"},"articleSection":["Pablo NERUDA"],"inLanguage":"tr","potentialAction":[{"@type":"CommentAction","name":"Comment","target":["https:\/\/narteks.net\/index.php\/2009\/11\/05\/bir-suru-ad\/#respond"]}]},{"@type":"WebPage","@id":"https:\/\/narteks.net\/index.php\/2009\/11\/05\/bir-suru-ad\/","url":"https:\/\/narteks.net\/index.php\/2009\/11\/05\/bir-suru-ad\/","name":"B\u0130R S\u00dcR\u00dc AD - narteks.net","isPartOf":{"@id":"https:\/\/narteks.net\/#website"},"datePublished":"2009-11-05T08:32:36+00:00","breadcrumb":{"@id":"https:\/\/narteks.net\/index.php\/2009\/11\/05\/bir-suru-ad\/#breadcrumb"},"inLanguage":"tr","potentialAction":[{"@type":"ReadAction","target":["https:\/\/narteks.net\/index.php\/2009\/11\/05\/bir-suru-ad\/"]}]},{"@type":"BreadcrumbList","@id":"https:\/\/narteks.net\/index.php\/2009\/11\/05\/bir-suru-ad\/#breadcrumb","itemListElement":[{"@type":"ListItem","position":1,"name":"Anasayfa","item":"https:\/\/narteks.net\/"},{"@type":"ListItem","position":2,"name":"B\u0130R S\u00dcR\u00dc AD"}]},{"@type":"WebSite","@id":"https:\/\/narteks.net\/#website","url":"https:\/\/narteks.net\/","name":"narteks.net","description":"K\u00fclt\u00fcr Sanat Edebiyat Felsefe","publisher":{"@id":"https:\/\/narteks.net\/#organization"},"alternateName":"K\u00fclt\u00fcr Sanat Edebiyat Felsefe","potentialAction":[{"@type":"SearchAction","target":{"@type":"EntryPoint","urlTemplate":"https:\/\/narteks.net\/?s={search_term_string}"},"query-input":{"@type":"PropertyValueSpecification","valueRequired":true,"valueName":"search_term_string"}}],"inLanguage":"tr"},{"@type":"Organization","@id":"https:\/\/narteks.net\/#organization","name":"narteks.net","url":"https:\/\/narteks.net\/","logo":{"@type":"ImageObject","inLanguage":"tr","@id":"https:\/\/narteks.net\/#\/schema\/logo\/image\/","url":"https:\/\/narteks.net\/wp-content\/uploads\/narteks.png","contentUrl":"https:\/\/narteks.net\/wp-content\/uploads\/narteks.png","width":300,"height":90,"caption":"narteks.net"},"image":{"@id":"https:\/\/narteks.net\/#\/schema\/logo\/image\/"},"sameAs":["https:\/\/x.com\/narteks","https:\/\/instagram.com\/narteksnet"]},{"@type":"Person","@id":"https:\/\/narteks.net\/#\/schema\/person\/61f37d9834294b72d31d274e7ed79bca","name":"Tar\u0131k","image":{"@type":"ImageObject","inLanguage":"tr","@id":"https:\/\/narteks.net\/#\/schema\/person\/image\/","url":"https:\/\/secure.gravatar.com\/avatar\/50865afb55632c4ae467e0af0930f6510aa2297d8014be502a55b14f3b7550cf?s=96&d=mm&r=g","contentUrl":"https:\/\/secure.gravatar.com\/avatar\/50865afb55632c4ae467e0af0930f6510aa2297d8014be502a55b14f3b7550cf?s=96&d=mm&r=g","caption":"Tar\u0131k"},"sameAs":["http:\/\/narteks.net"],"url":"https:\/\/narteks.net\/index.php\/author\/narbak\/"}]}},"_links":{"self":[{"href":"https:\/\/narteks.net\/index.php\/wp-json\/wp\/v2\/posts\/1019","targetHints":{"allow":["GET"]}}],"collection":[{"href":"https:\/\/narteks.net\/index.php\/wp-json\/wp\/v2\/posts"}],"about":[{"href":"https:\/\/narteks.net\/index.php\/wp-json\/wp\/v2\/types\/post"}],"author":[{"embeddable":true,"href":"https:\/\/narteks.net\/index.php\/wp-json\/wp\/v2\/users\/1"}],"replies":[{"embeddable":true,"href":"https:\/\/narteks.net\/index.php\/wp-json\/wp\/v2\/comments?post=1019"}],"version-history":[{"count":0,"href":"https:\/\/narteks.net\/index.php\/wp-json\/wp\/v2\/posts\/1019\/revisions"}],"wp:attachment":[{"href":"https:\/\/narteks.net\/index.php\/wp-json\/wp\/v2\/media?parent=1019"}],"wp:term":[{"taxonomy":"category","embeddable":true,"href":"https:\/\/narteks.net\/index.php\/wp-json\/wp\/v2\/categories?post=1019"},{"taxonomy":"post_tag","embeddable":true,"href":"https:\/\/narteks.net\/index.php\/wp-json\/wp\/v2\/tags?post=1019"}],"curies":[{"name":"wp","href":"https:\/\/api.w.org\/{rel}","templated":true}]}}