{"id":102,"date":"2009-02-27T15:28:53","date_gmt":"2009-02-27T12:28:53","guid":{"rendered":"http:\/\/localhost\/wordpress\/2009\/02\/27\/ayrilik-ayraci\/"},"modified":"2009-02-27T15:28:53","modified_gmt":"2009-02-27T12:28:53","slug":"ayrilik-ayraci","status":"publish","type":"post","link":"https:\/\/narteks.net\/index.php\/2009\/02\/27\/ayrilik-ayraci\/","title":{"rendered":"AYRILIK AYRACI"},"content":{"rendered":"<p>\u00a0<\/p>\n<p>B\u00fct\u00fcn ayra\u00e7lar\u0131 kald\u0131rd\u0131n ama unuttu\u011fun <br \/>Bir \u015fey vard\u0131 yine de, \u00e7i\u00e7ekleri sulamad\u0131n <br \/>G\u00f6ky\u00fcz\u00fc sarard\u0131 o zaman bulutlar kirlendi <br \/>Ve ne kadar az konu\u015fur olduk g\u00fcnboyu <br \/>Birden ayr\u0131msad\u0131k ki ayr\u0131l\u0131k orda ba\u015fl\u0131yor <br \/>Tam da susu\u015flar\u0131n birbirine eklendi\u011fi yerde <\/p>\n<p>Ezberlenecek hi\u00e7bir \u015fey yok bu d\u00fcnyada <br \/>Kirletilmemi\u015f bir bulut bile yok art\u0131k <br \/>B\u00f6yle diyorsun her yolculu\u011fa \u00e7\u0131k\u0131\u015f\u0131mda <br \/>Ya\u015fad\u0131\u011f\u0131n kent de sana benziyor gitgide <br \/>Ne zaman d\u00f6nmeyi d\u00fc\u015f\u00fcnsem yang\u0131n \u00e7\u0131k\u0131yor <br \/>Ya da erteletiyorum biletimi son anda <\/p>\n<p>Uzun bir sessizlik oluyorsun da\u011flara baksam <br \/>Kar\u015f\u0131l\u0131ks\u0131z mektuplar kadar burkuluyor kalbin <br \/>Yazd\u0131\u011f\u0131m \u015fiirler de can\u0131m\u0131 s\u0131k\u0131yor art\u0131k <br \/>Foto\u011fraflar\u0131m\u0131 y\u0131rt\u0131p at\u0131yorum tek tek <br \/>Ve ben b\u00fct\u00fcn yapraklar\u0131m\u0131 d\u00f6k\u00fcyorken \u015fimdi <br \/>Eyl\u00fcl diyorsun, tam da orda ba\u015fl\u0131yor ayr\u0131l\u0131k <\/p>\n<p>\u00dc\u015f\u00fcy\u00fcnce a\u011fl\u0131yorsun yaln\u0131z\u0131m dememek i\u00e7in <br \/>U\u00e7aklar gemiler trenler \u00e7iziyorsun duvarlara <br \/>Kendine bir deniz bul art\u0131k bir de r\u00fczg\u00e2r <br \/>Par\u00e7alanaca\u011f\u0131n bir u\u00e7urum bul bu d\u00fcnyada <br \/>Tek tutkun o kenti b\u0131rak\u0131p gelmek olmal\u0131 <br \/>Ve gelirken havaya u\u00e7urmak bindi\u011fin otob\u00fcs\u00fc <\/p>\n<p>Birden ayr\u0131msad\u0131k ki ayr\u0131l\u0131k orda ba\u015fl\u0131yor <br \/>Tam da \u00e7i\u00e7eklerin sulanmad\u0131\u011f\u0131 yerde <br \/>Konu\u015facak bir \u015feyler bulam\u0131yorsak g\u00fcnboyu <br \/>Derim ki ayr\u0131l\u0131k g\u00fcndemdedir ne yap\u0131lsa <br \/>Ve sen b\u00fct\u00fcn ayra\u00e7lar\u0131 kald\u0131rd\u0131\u011f\u0131n\u0131 sanm\u0131\u015ft\u0131n <br \/>Ama unutmu\u015fsun yine de ayr\u0131l\u0131k ayrac\u0131n\u0131<\/p>\n<p>AHMET TELL\u0130<\/p>\n","protected":false},"excerpt":{"rendered":"<p>\u00a0 B\u00fct\u00fcn ayra\u00e7lar\u0131 kald\u0131rd\u0131n ama unuttu\u011fun Bir \u015fey vard\u0131 yine de, \u00e7i\u00e7ekleri sulamad\u0131n G\u00f6ky\u00fcz\u00fc sarard\u0131 o zaman bulutlar kirlendi Ve ne kadar az konu\u015fur olduk g\u00fcnboyu Birden ayr\u0131msad\u0131k ki ayr\u0131l\u0131k orda ba\u015fl\u0131yor Tam da susu\u015flar\u0131n birbirine eklendi\u011fi yerde Ezberlenecek hi\u00e7bir \u015fey yok bu d\u00fcnyada Kirletilmemi\u015f bir bulut bile yok art\u0131k B\u00f6yle diyorsun her yolculu\u011fa \u00e7\u0131k\u0131\u015f\u0131mda [&hellip;]<\/p>\n","protected":false},"author":1,"featured_media":0,"comment_status":"open","ping_status":"open","sticky":false,"template":"","format":"standard","meta":{"footnotes":""},"categories":[7],"tags":[],"class_list":{"0":"post-102","1":"post","2":"type-post","3":"status-publish","4":"format-standard","6":"category-ahmet-telli"},"yoast_head":"<!-- This site is optimized with the Yoast SEO Premium plugin v24.9 (Yoast SEO v24.9) - https:\/\/yoast.com\/wordpress\/plugins\/seo\/ -->\n<title>AYRILIK AYRACI - narteks.net<\/title>\n<meta name=\"robots\" content=\"index, follow, max-snippet:-1, max-image-preview:large, max-video-preview:-1\" \/>\n<link rel=\"canonical\" href=\"https:\/\/narteks.net\/index.php\/2009\/02\/27\/ayrilik-ayraci\/\" \/>\n<meta property=\"og:locale\" content=\"tr_TR\" \/>\n<meta property=\"og:type\" content=\"article\" \/>\n<meta property=\"og:title\" content=\"AYRILIK AYRACI\" \/>\n<meta property=\"og:description\" content=\"\u00a0 B\u00fct\u00fcn ayra\u00e7lar\u0131 kald\u0131rd\u0131n ama unuttu\u011fun Bir \u015fey vard\u0131 yine de, \u00e7i\u00e7ekleri sulamad\u0131n G\u00f6ky\u00fcz\u00fc sarard\u0131 o zaman bulutlar kirlendi Ve ne kadar az konu\u015fur olduk g\u00fcnboyu Birden ayr\u0131msad\u0131k ki ayr\u0131l\u0131k orda ba\u015fl\u0131yor Tam da susu\u015flar\u0131n birbirine eklendi\u011fi yerde Ezberlenecek hi\u00e7bir \u015fey yok bu d\u00fcnyada Kirletilmemi\u015f bir bulut bile yok art\u0131k B\u00f6yle diyorsun her yolculu\u011fa \u00e7\u0131k\u0131\u015f\u0131mda [&hellip;]\" \/>\n<meta property=\"og:url\" content=\"https:\/\/narteks.net\/index.php\/2009\/02\/27\/ayrilik-ayraci\/\" \/>\n<meta property=\"og:site_name\" content=\"narteks.net\" \/>\n<meta property=\"article:published_time\" content=\"2009-02-27T12:28:53+00:00\" \/>\n<meta property=\"og:image\" content=\"https:\/\/narteks.net\/wp-content\/uploads\/narteks.png\" \/>\n\t<meta property=\"og:image:width\" content=\"300\" \/>\n\t<meta property=\"og:image:height\" content=\"90\" \/>\n\t<meta property=\"og:image:type\" content=\"image\/png\" \/>\n<meta name=\"author\" content=\"Tar\u0131k\" \/>\n<meta name=\"twitter:card\" content=\"summary_large_image\" \/>\n<meta name=\"twitter:creator\" content=\"@narteks\" \/>\n<meta name=\"twitter:site\" content=\"@narteks\" \/>\n<meta name=\"twitter:label1\" content=\"Yazan:\" \/>\n\t<meta name=\"twitter:data1\" content=\"Tar\u0131k\" \/>\n\t<meta name=\"twitter:label2\" content=\"Tahmini okuma s\u00fcresi\" \/>\n\t<meta name=\"twitter:data2\" content=\"1 dakika\" \/>\n<script type=\"application\/ld+json\" class=\"yoast-schema-graph\">{\"@context\":\"https:\/\/schema.org\",\"@graph\":[{\"@type\":\"Article\",\"@id\":\"https:\/\/narteks.net\/index.php\/2009\/02\/27\/ayrilik-ayraci\/#article\",\"isPartOf\":{\"@id\":\"https:\/\/narteks.net\/index.php\/2009\/02\/27\/ayrilik-ayraci\/\"},\"author\":{\"name\":\"Tar\u0131k\",\"@id\":\"https:\/\/narteks.net\/#\/schema\/person\/61f37d9834294b72d31d274e7ed79bca\"},\"headline\":\"AYRILIK AYRACI\",\"datePublished\":\"2009-02-27T12:28:53+00:00\",\"mainEntityOfPage\":{\"@id\":\"https:\/\/narteks.net\/index.php\/2009\/02\/27\/ayrilik-ayraci\/\"},\"wordCount\":283,\"commentCount\":0,\"publisher\":{\"@id\":\"https:\/\/narteks.net\/#organization\"},\"articleSection\":[\"Ahmet TELL\u0130\"],\"inLanguage\":\"tr\",\"potentialAction\":[{\"@type\":\"CommentAction\",\"name\":\"Comment\",\"target\":[\"https:\/\/narteks.net\/index.php\/2009\/02\/27\/ayrilik-ayraci\/#respond\"]}]},{\"@type\":\"WebPage\",\"@id\":\"https:\/\/narteks.net\/index.php\/2009\/02\/27\/ayrilik-ayraci\/\",\"url\":\"https:\/\/narteks.net\/index.php\/2009\/02\/27\/ayrilik-ayraci\/\",\"name\":\"AYRILIK AYRACI - narteks.net\",\"isPartOf\":{\"@id\":\"https:\/\/narteks.net\/#website\"},\"datePublished\":\"2009-02-27T12:28:53+00:00\",\"breadcrumb\":{\"@id\":\"https:\/\/narteks.net\/index.php\/2009\/02\/27\/ayrilik-ayraci\/#breadcrumb\"},\"inLanguage\":\"tr\",\"potentialAction\":[{\"@type\":\"ReadAction\",\"target\":[\"https:\/\/narteks.net\/index.php\/2009\/02\/27\/ayrilik-ayraci\/\"]}]},{\"@type\":\"BreadcrumbList\",\"@id\":\"https:\/\/narteks.net\/index.php\/2009\/02\/27\/ayrilik-ayraci\/#breadcrumb\",\"itemListElement\":[{\"@type\":\"ListItem\",\"position\":1,\"name\":\"Anasayfa\",\"item\":\"https:\/\/narteks.net\/\"},{\"@type\":\"ListItem\",\"position\":2,\"name\":\"AYRILIK AYRACI\"}]},{\"@type\":\"WebSite\",\"@id\":\"https:\/\/narteks.net\/#website\",\"url\":\"https:\/\/narteks.net\/\",\"name\":\"narteks.net\",\"description\":\"K\u00fclt\u00fcr Sanat Edebiyat Felsefe\",\"publisher\":{\"@id\":\"https:\/\/narteks.net\/#organization\"},\"alternateName\":\"K\u00fclt\u00fcr Sanat Edebiyat Felsefe\",\"potentialAction\":[{\"@type\":\"SearchAction\",\"target\":{\"@type\":\"EntryPoint\",\"urlTemplate\":\"https:\/\/narteks.net\/?s={search_term_string}\"},\"query-input\":{\"@type\":\"PropertyValueSpecification\",\"valueRequired\":true,\"valueName\":\"search_term_string\"}}],\"inLanguage\":\"tr\"},{\"@type\":\"Organization\",\"@id\":\"https:\/\/narteks.net\/#organization\",\"name\":\"narteks.net\",\"url\":\"https:\/\/narteks.net\/\",\"logo\":{\"@type\":\"ImageObject\",\"inLanguage\":\"tr\",\"@id\":\"https:\/\/narteks.net\/#\/schema\/logo\/image\/\",\"url\":\"https:\/\/narteks.net\/wp-content\/uploads\/narteks.png\",\"contentUrl\":\"https:\/\/narteks.net\/wp-content\/uploads\/narteks.png\",\"width\":300,\"height\":90,\"caption\":\"narteks.net\"},\"image\":{\"@id\":\"https:\/\/narteks.net\/#\/schema\/logo\/image\/\"},\"sameAs\":[\"https:\/\/x.com\/narteks\",\"https:\/\/instagram.com\/narteksnet\"]},{\"@type\":\"Person\",\"@id\":\"https:\/\/narteks.net\/#\/schema\/person\/61f37d9834294b72d31d274e7ed79bca\",\"name\":\"Tar\u0131k\",\"image\":{\"@type\":\"ImageObject\",\"inLanguage\":\"tr\",\"@id\":\"https:\/\/narteks.net\/#\/schema\/person\/image\/\",\"url\":\"https:\/\/secure.gravatar.com\/avatar\/50865afb55632c4ae467e0af0930f6510aa2297d8014be502a55b14f3b7550cf?s=96&d=mm&r=g\",\"contentUrl\":\"https:\/\/secure.gravatar.com\/avatar\/50865afb55632c4ae467e0af0930f6510aa2297d8014be502a55b14f3b7550cf?s=96&d=mm&r=g\",\"caption\":\"Tar\u0131k\"},\"sameAs\":[\"http:\/\/narteks.net\"],\"url\":\"https:\/\/narteks.net\/index.php\/author\/narbak\/\"}]}<\/script>\n<!-- \/ Yoast SEO Premium plugin. -->","yoast_head_json":{"title":"AYRILIK AYRACI - narteks.net","robots":{"index":"index","follow":"follow","max-snippet":"max-snippet:-1","max-image-preview":"max-image-preview:large","max-video-preview":"max-video-preview:-1"},"canonical":"https:\/\/narteks.net\/index.php\/2009\/02\/27\/ayrilik-ayraci\/","og_locale":"tr_TR","og_type":"article","og_title":"AYRILIK AYRACI","og_description":"\u00a0 B\u00fct\u00fcn ayra\u00e7lar\u0131 kald\u0131rd\u0131n ama unuttu\u011fun Bir \u015fey vard\u0131 yine de, \u00e7i\u00e7ekleri sulamad\u0131n G\u00f6ky\u00fcz\u00fc sarard\u0131 o zaman bulutlar kirlendi Ve ne kadar az konu\u015fur olduk g\u00fcnboyu Birden ayr\u0131msad\u0131k ki ayr\u0131l\u0131k orda ba\u015fl\u0131yor Tam da susu\u015flar\u0131n birbirine eklendi\u011fi yerde Ezberlenecek hi\u00e7bir \u015fey yok bu d\u00fcnyada Kirletilmemi\u015f bir bulut bile yok art\u0131k B\u00f6yle diyorsun her yolculu\u011fa \u00e7\u0131k\u0131\u015f\u0131mda [&hellip;]","og_url":"https:\/\/narteks.net\/index.php\/2009\/02\/27\/ayrilik-ayraci\/","og_site_name":"narteks.net","article_published_time":"2009-02-27T12:28:53+00:00","og_image":[{"width":300,"height":90,"url":"https:\/\/narteks.net\/wp-content\/uploads\/narteks.png","type":"image\/png"}],"author":"Tar\u0131k","twitter_card":"summary_large_image","twitter_creator":"@narteks","twitter_site":"@narteks","twitter_misc":{"Yazan:":"Tar\u0131k","Tahmini okuma s\u00fcresi":"1 dakika"},"schema":{"@context":"https:\/\/schema.org","@graph":[{"@type":"Article","@id":"https:\/\/narteks.net\/index.php\/2009\/02\/27\/ayrilik-ayraci\/#article","isPartOf":{"@id":"https:\/\/narteks.net\/index.php\/2009\/02\/27\/ayrilik-ayraci\/"},"author":{"name":"Tar\u0131k","@id":"https:\/\/narteks.net\/#\/schema\/person\/61f37d9834294b72d31d274e7ed79bca"},"headline":"AYRILIK AYRACI","datePublished":"2009-02-27T12:28:53+00:00","mainEntityOfPage":{"@id":"https:\/\/narteks.net\/index.php\/2009\/02\/27\/ayrilik-ayraci\/"},"wordCount":283,"commentCount":0,"publisher":{"@id":"https:\/\/narteks.net\/#organization"},"articleSection":["Ahmet TELL\u0130"],"inLanguage":"tr","potentialAction":[{"@type":"CommentAction","name":"Comment","target":["https:\/\/narteks.net\/index.php\/2009\/02\/27\/ayrilik-ayraci\/#respond"]}]},{"@type":"WebPage","@id":"https:\/\/narteks.net\/index.php\/2009\/02\/27\/ayrilik-ayraci\/","url":"https:\/\/narteks.net\/index.php\/2009\/02\/27\/ayrilik-ayraci\/","name":"AYRILIK AYRACI - narteks.net","isPartOf":{"@id":"https:\/\/narteks.net\/#website"},"datePublished":"2009-02-27T12:28:53+00:00","breadcrumb":{"@id":"https:\/\/narteks.net\/index.php\/2009\/02\/27\/ayrilik-ayraci\/#breadcrumb"},"inLanguage":"tr","potentialAction":[{"@type":"ReadAction","target":["https:\/\/narteks.net\/index.php\/2009\/02\/27\/ayrilik-ayraci\/"]}]},{"@type":"BreadcrumbList","@id":"https:\/\/narteks.net\/index.php\/2009\/02\/27\/ayrilik-ayraci\/#breadcrumb","itemListElement":[{"@type":"ListItem","position":1,"name":"Anasayfa","item":"https:\/\/narteks.net\/"},{"@type":"ListItem","position":2,"name":"AYRILIK AYRACI"}]},{"@type":"WebSite","@id":"https:\/\/narteks.net\/#website","url":"https:\/\/narteks.net\/","name":"narteks.net","description":"K\u00fclt\u00fcr Sanat Edebiyat Felsefe","publisher":{"@id":"https:\/\/narteks.net\/#organization"},"alternateName":"K\u00fclt\u00fcr Sanat Edebiyat Felsefe","potentialAction":[{"@type":"SearchAction","target":{"@type":"EntryPoint","urlTemplate":"https:\/\/narteks.net\/?s={search_term_string}"},"query-input":{"@type":"PropertyValueSpecification","valueRequired":true,"valueName":"search_term_string"}}],"inLanguage":"tr"},{"@type":"Organization","@id":"https:\/\/narteks.net\/#organization","name":"narteks.net","url":"https:\/\/narteks.net\/","logo":{"@type":"ImageObject","inLanguage":"tr","@id":"https:\/\/narteks.net\/#\/schema\/logo\/image\/","url":"https:\/\/narteks.net\/wp-content\/uploads\/narteks.png","contentUrl":"https:\/\/narteks.net\/wp-content\/uploads\/narteks.png","width":300,"height":90,"caption":"narteks.net"},"image":{"@id":"https:\/\/narteks.net\/#\/schema\/logo\/image\/"},"sameAs":["https:\/\/x.com\/narteks","https:\/\/instagram.com\/narteksnet"]},{"@type":"Person","@id":"https:\/\/narteks.net\/#\/schema\/person\/61f37d9834294b72d31d274e7ed79bca","name":"Tar\u0131k","image":{"@type":"ImageObject","inLanguage":"tr","@id":"https:\/\/narteks.net\/#\/schema\/person\/image\/","url":"https:\/\/secure.gravatar.com\/avatar\/50865afb55632c4ae467e0af0930f6510aa2297d8014be502a55b14f3b7550cf?s=96&d=mm&r=g","contentUrl":"https:\/\/secure.gravatar.com\/avatar\/50865afb55632c4ae467e0af0930f6510aa2297d8014be502a55b14f3b7550cf?s=96&d=mm&r=g","caption":"Tar\u0131k"},"sameAs":["http:\/\/narteks.net"],"url":"https:\/\/narteks.net\/index.php\/author\/narbak\/"}]}},"_links":{"self":[{"href":"https:\/\/narteks.net\/index.php\/wp-json\/wp\/v2\/posts\/102","targetHints":{"allow":["GET"]}}],"collection":[{"href":"https:\/\/narteks.net\/index.php\/wp-json\/wp\/v2\/posts"}],"about":[{"href":"https:\/\/narteks.net\/index.php\/wp-json\/wp\/v2\/types\/post"}],"author":[{"embeddable":true,"href":"https:\/\/narteks.net\/index.php\/wp-json\/wp\/v2\/users\/1"}],"replies":[{"embeddable":true,"href":"https:\/\/narteks.net\/index.php\/wp-json\/wp\/v2\/comments?post=102"}],"version-history":[{"count":0,"href":"https:\/\/narteks.net\/index.php\/wp-json\/wp\/v2\/posts\/102\/revisions"}],"wp:attachment":[{"href":"https:\/\/narteks.net\/index.php\/wp-json\/wp\/v2\/media?parent=102"}],"wp:term":[{"taxonomy":"category","embeddable":true,"href":"https:\/\/narteks.net\/index.php\/wp-json\/wp\/v2\/categories?post=102"},{"taxonomy":"post_tag","embeddable":true,"href":"https:\/\/narteks.net\/index.php\/wp-json\/wp\/v2\/tags?post=102"}],"curies":[{"name":"wp","href":"https:\/\/api.w.org\/{rel}","templated":true}]}}