{"id":1020,"date":"2009-11-05T11:33:13","date_gmt":"2009-11-05T08:33:13","guid":{"rendered":"http:\/\/localhost\/wordpress\/2009\/11\/05\/sonsuz-insanin-girisimi\/"},"modified":"2009-11-05T11:33:13","modified_gmt":"2009-11-05T08:33:13","slug":"sonsuz-insanin-girisimi","status":"publish","type":"post","link":"https:\/\/narteks.net\/index.php\/2009\/11\/05\/sonsuz-insanin-girisimi\/","title":{"rendered":"SONSUZ \u0130NSANIN G\u0130R\u0130\u015e\u0130M\u0130"},"content":{"rendered":"<p>\u00a0<\/p>\n<p>(&#8230;)<\/p>\n<p>ve i\u015fte evim<br \/> ormanlar kokular\u0131yla dolduruyorlar yine<br \/> arabayla ta\u015f\u0131nd\u0131\u011f\u0131 bu yerden<br \/> par\u00e7alad\u0131m y\u00fcre\u011fimi ayna gibi ge\u00e7ip gitmek i\u00e7in i\u00e7imden<br \/> i\u015fte y\u00fcksek pencere ve a\u011fa\u00e7 bedenlerini d\u00fc\u015f\u00fcren balta olandan<br \/> kalan kap\u0131lar<br \/> r\u00fczgar kalaslara ast\u0131 belki<br \/> derin a\u011f\u0131rl\u0131\u011f\u0131 kendisini unuttu\u011funda<br \/> dans ediyordu gece a\u011flar\u0131nda<br \/> h\u0131\u00e7k\u0131rarak uyan\u0131yordu \u00e7ocuk<br \/> anlatm\u0131yorum mutsuz s\u00f6zc\u00fcklerle s\u00f6yl\u00fcyorum<br \/> alacakaranl\u0131\u011f\u0131 dilimliyor yine yap\u0131 iskeleleri<br \/> ve camlar ard\u0131nda ya\u011fdanl\u0131\u011f\u0131n alevi<br \/> bakmak i\u00e7inde g\u00f6kten yana<br \/> gece d\u00fc\u015f\u00fcyordu cam ta\u00e7yapraklar olarak<br \/> f\u0131rt\u0131naya g\u00f6t\u00fcren yolu izledin sen<br \/> ne istiyordun ne koyuyordun \u00f6l\u00fcrken s\u0131k s\u0131k<br \/> s\u0131k s\u0131k<br \/> b\u00fct\u00fcn nesneler \u00e7\u0131k\u0131yor b\u00fcy\u00fck bir sessizli\u011fe do\u011fru<br \/> ve o g\u00fcvertesinde e\u011filmi\u015f umutsuzdu<br \/> ac\u0131l\u0131 bir \u00e7i\u00e7e\u011fi tutuyordun<br \/> ta\u00e7yapraklar\u0131 aras\u0131nda d\u00f6n\u00fcyordu g\u00fcnler<br \/> yenik pilot papatyalar<br \/> yenik g\u00f6lge terk etmi\u015f kar\u0131\u015ft\u0131r\u0131yordun<br \/> son s\u0131n\u0131rlar\u0131n metalini<br \/> orada bekliyordu saatin<br \/> yine de \u015fafak y\u00fckseldi topra\u011f\u0131n kadranlar\u0131 \u00fczerinde<br \/> g\u00fcnler birdenbire t\u0131rmand\u0131lar y\u0131llara<br \/> i\u015fte y\u00fcr\u00fcyen y\u00fcre\u011fin bitkinsin<br \/> olmayan mevsimi u\u011furlayan ku\u015flar\u0131 tutuyorsun yan\u0131nda<\/p>\n<p>kabul ediyorum g\u011f\u00fc bak\u0131yorum en derinine d\u00fc\u015f\u00fcn\u00fcyorum<br \/> belirsizlikle oturmu\u015f da bu k\u0131y\u0131ya<br \/> ey sular ve ka\u011f\u0131tlarla dokunmu\u015f g\u00f6k<br \/> kendi kendime konu\u015fmaya ba\u015flad\u0131m al\u00e7ak sesle<br \/> gitmemeye kararl\u0131 k\u00f6klerimin terlemesiyle s\u00fcr\u00fcklenerek<br \/> k\u0131p\u0131rt\u0131s\u0131z bu mavi dillere a\u00e7 gemi gibi<br \/> titriyordun bal\u0131klar izlemeye ba\u015flad\u0131lar seni<br \/> bu susuzluk an\u0131n\u0131 b\u00fcy\u00fckl\u00fckle \u015fark\u0131ya d\u00f6kmekti iste\u011fin<br \/> \u015fark\u0131 s\u00f6ylemek istiyordun<br \/> oturmu\u015f odana \u015fark\u0131 s\u00f6ylemek istiyordun o g\u00fcn<br \/> ama bir \u00e7anda gibi so\u011fuktu hava y\u00fcre\u011finde<br \/> say\u0131klayan bir halat bozacakt\u0131 so\u011fu\u011funu<br \/> baca\u011f\u0131m uyu\u015ftu bu pozisyonda<br \/> \u015fark\u0131 s\u00f6yleyerek konu\u015ftum onunla y\u00fcre\u011fim bana ait<br \/> g\u00f6ky\u00fcz\u00fc sesli damlayd\u0131 ve b\u00fcy\u00fck sessizli\u011fe d\u00fc\u015f\u00fcyordu<br \/> kulak kabart\u0131yorum ve zaman okalipt\u00fcs gibi<br \/> \u015fark\u0131 s\u00f6yl\u00fcyor kendinden ge\u00e7mi\u015f \u015furda burda<br \/> \u0131sl\u0131k \u00e7alan bir h\u0131rs\u0131z\u0131 bar\u0131nd\u0131rarak<br \/> vadilerin s\u0131n\u0131rlar\u0131nda durdurdum at\u0131m\u0131<br \/> \u00fcrkm\u00fc\u015f kayg\u0131l\u0131 k\u0131p\u0131rt\u0131s\u0131z i\u015femeden<br \/> o anda yemin ederim ey g\u00f6\u011f\u00fcn zay\u0131fl\u0131\u011f\u0131nda capcanl\u0131<br \/> sepetin ho\u015fnut bal\u0131k\u00e7\u0131 gibi gelen gece<\/p>\n<p>kimden sat\u0131n ald\u0131m o gece benim olan yaln\u0131zl\u0131\u011f\u0131<br \/> r\u00fczgara aya\u011f\u0131na \u00e7abuk olmay\u0131 emir veren<br \/> tamamlanmam\u0131\u015f yapraklar i\u00e7inde so\u011fuk \u00e7i\u00e7e\u011fine<br \/> f\u0131rt\u0131na diyorsan bana ve yank\u0131lan\u0131yorsan uzaktan<br \/> bir tren gibi ayaklar\u0131m\u0131n dibine d\u00fc\u015fm\u00fc\u015f<br \/> sana kan uyurgezeri diyen h\u00fcz\u00fcnl\u00fc dalga<br \/> gidiyordun bazen \u015fafa\u011f\u0131 aramaya<br \/> tan\u0131yordum seni ama uzakta a\u00e7\u0131kta<br \/> g\u00f6zlerine e\u011filip yitik gemi demirini ar\u0131yorum<br \/> i\u015fte senin tuttu\u011fun<br \/> sedef kollar\u0131nda a\u00e7m\u0131\u015f<br \/> bitirmek i\u00e7in daha ileriye gitmeyi b\u0131rakmak i\u00e7in<br \/> \u00f6v\u00fcyorum seni bunun i\u00e7in y\u00fcre\u011fimi izleyen<br \/> tersine kald\u0131rarak g\u00f6zleri<br \/> seni geri d\u00f6n\u00fc\u015f belirtilerinde ar\u0131yorum<br \/> ormanlar\u0131n sessizli\u011finde gibi uyuyan ku\u015flarla dolusun<br \/> k\u0131rg\u0131n zambak a\u011f\u0131r ta\u00e7yaprak ba\u015fka yerlere bak\u0131yorsun<br \/> seninle konu\u015ftu\u011fumda ac\u0131 benimsin kad\u0131n\u0131ms\u0131n \u00f6ylesine uzak<br \/> s\u0131kla\u015ft\u0131r ad\u0131mlar\u0131n\u0131 s\u0131kla\u015ft\u0131r ve yak ate\u015fb\u00f6ceklerini<\/p>\n<p>(&#8230;)<br \/> geri ver bana b\u00fcy\u00fck g\u00fcl\u00fc gitti\u011fim \u015feyleri e\u015fit d\u00fc\u015f\u00fcnd\u00fc\u011f\u00fcm<br \/> bu d\u00fcnyaya ta\u015f\u0131nan susuzlu\u011fu<br \/> gece \u00f6nemli ve h\u00fcz\u00fcnl\u00fc ve burada \u015fikayetim<br \/> uzun sular\u0131n gemicisi birdenbire<br \/> bir mart\u0131 \u015fakaklar\u0131nda b\u00fcy\u00fcd\u00fc\u011f\u00fcnde<br \/> y\u00fcre\u011fim daha bir g\u00fczelle\u015fir<br \/> gri aya\u011f\u0131nla damgan\u0131 vur bana uzakl\u0131kla dolu<br \/> ac\u0131 okyanus k\u0131y\u0131s\u0131ndaki yolculu\u011fun ya da bekle beni<br \/> bir menek\u015fe gibi uyan\u0131r sis<br \/> sevgili gecede a\u011fac\u0131na bir \u00e7ocuk t\u0131rman\u0131r<br \/> meyvelerini \u00e7almaya<br \/> ve kertenkeleler f\u0131\u015fk\u0131r\u0131r a\u011f\u0131r yele\u011finden<br \/> o zaman g\u00fcn atlar ar\u0131s\u0131n\u0131n \u00fcst\u00fcnden<br \/> ayaktay\u0131m \u0131\u015f\u0131kta nas\u0131lsa \u00f6\u011fle zaman\u0131 toprakta<br \/> her \u015feyi sevecenlikle anlatmak istiyorum<br \/> i\u015fte sen k\u00f6t\u00fc mevsimlerin n\u00f6bet\u00e7isi<br \/> kayg\u0131l\u0131 bal\u0131k\u00e7\u0131 b\u0131rak beni s\u00fcsleyeyim \u00f6rne\u011fin<br \/> meyvelerden tatl\u0131 bir kemerle h\u00fczn\u00fcn\u00fc<br \/> bekle beni gitti\u011fim yerde ah iniyor gece<br \/> yemek okyanusun gemici t\u00fcrk\u00fcleri ve bekle beni<br \/> sana ilerleyerek bir \u00e7\u0131\u011fl\u0131k gibi geride kalarak<br \/> bir iz gibi oh bekle beni<br \/> bu son g\u00f6lgeye oturmu\u015f ya da yine ondan sonra<\/p>\n","protected":false},"excerpt":{"rendered":"<p>\u00a0 (&#8230;) ve i\u015fte evim ormanlar kokular\u0131yla dolduruyorlar yine arabayla ta\u015f\u0131nd\u0131\u011f\u0131 bu yerden par\u00e7alad\u0131m y\u00fcre\u011fimi ayna gibi ge\u00e7ip gitmek i\u00e7in i\u00e7imden i\u015fte y\u00fcksek pencere ve a\u011fa\u00e7 bedenlerini d\u00fc\u015f\u00fcren balta olandan kalan kap\u0131lar r\u00fczgar kalaslara ast\u0131 belki derin a\u011f\u0131rl\u0131\u011f\u0131 kendisini unuttu\u011funda dans ediyordu gece a\u011flar\u0131nda h\u0131\u00e7k\u0131rarak uyan\u0131yordu \u00e7ocuk anlatm\u0131yorum mutsuz s\u00f6zc\u00fcklerle s\u00f6yl\u00fcyorum alacakaranl\u0131\u011f\u0131 dilimliyor yine yap\u0131 [&hellip;]<\/p>\n","protected":false},"author":1,"featured_media":0,"comment_status":"open","ping_status":"open","sticky":false,"template":"","format":"standard","meta":{"footnotes":""},"categories":[175],"tags":[],"class_list":{"0":"post-1020","1":"post","2":"type-post","3":"status-publish","4":"format-standard","6":"category-pablo-neruda"},"yoast_head":"<!-- This site is optimized with the Yoast SEO Premium plugin v24.9 (Yoast SEO v24.9) - https:\/\/yoast.com\/wordpress\/plugins\/seo\/ -->\n<title>SONSUZ \u0130NSANIN G\u0130R\u0130\u015e\u0130M\u0130 - narteks.net<\/title>\n<meta name=\"robots\" content=\"index, follow, max-snippet:-1, max-image-preview:large, max-video-preview:-1\" \/>\n<link rel=\"canonical\" href=\"https:\/\/narteks.net\/index.php\/2009\/11\/05\/sonsuz-insanin-girisimi\/\" \/>\n<meta property=\"og:locale\" content=\"tr_TR\" \/>\n<meta property=\"og:type\" content=\"article\" \/>\n<meta property=\"og:title\" content=\"SONSUZ \u0130NSANIN G\u0130R\u0130\u015e\u0130M\u0130\" \/>\n<meta property=\"og:description\" content=\"\u00a0 (&#8230;) ve i\u015fte evim ormanlar kokular\u0131yla dolduruyorlar yine arabayla ta\u015f\u0131nd\u0131\u011f\u0131 bu yerden par\u00e7alad\u0131m y\u00fcre\u011fimi ayna gibi ge\u00e7ip gitmek i\u00e7in i\u00e7imden i\u015fte y\u00fcksek pencere ve a\u011fa\u00e7 bedenlerini d\u00fc\u015f\u00fcren balta olandan kalan kap\u0131lar r\u00fczgar kalaslara ast\u0131 belki derin a\u011f\u0131rl\u0131\u011f\u0131 kendisini unuttu\u011funda dans ediyordu gece a\u011flar\u0131nda h\u0131\u00e7k\u0131rarak uyan\u0131yordu \u00e7ocuk anlatm\u0131yorum mutsuz s\u00f6zc\u00fcklerle s\u00f6yl\u00fcyorum alacakaranl\u0131\u011f\u0131 dilimliyor yine yap\u0131 [&hellip;]\" \/>\n<meta property=\"og:url\" content=\"https:\/\/narteks.net\/index.php\/2009\/11\/05\/sonsuz-insanin-girisimi\/\" \/>\n<meta property=\"og:site_name\" content=\"narteks.net\" \/>\n<meta property=\"article:published_time\" content=\"2009-11-05T08:33:13+00:00\" \/>\n<meta property=\"og:image\" content=\"https:\/\/narteks.net\/wp-content\/uploads\/narteks.png\" \/>\n\t<meta property=\"og:image:width\" content=\"300\" \/>\n\t<meta property=\"og:image:height\" content=\"90\" \/>\n\t<meta property=\"og:image:type\" content=\"image\/png\" \/>\n<meta name=\"author\" content=\"Tar\u0131k\" \/>\n<meta name=\"twitter:card\" content=\"summary_large_image\" \/>\n<meta name=\"twitter:creator\" content=\"@narteks\" \/>\n<meta name=\"twitter:site\" content=\"@narteks\" \/>\n<meta name=\"twitter:label1\" content=\"Yazan:\" \/>\n\t<meta name=\"twitter:data1\" content=\"Tar\u0131k\" \/>\n\t<meta name=\"twitter:label2\" content=\"Tahmini okuma s\u00fcresi\" \/>\n\t<meta name=\"twitter:data2\" content=\"4 dakika\" \/>\n<script type=\"application\/ld+json\" class=\"yoast-schema-graph\">{\"@context\":\"https:\/\/schema.org\",\"@graph\":[{\"@type\":\"Article\",\"@id\":\"https:\/\/narteks.net\/index.php\/2009\/11\/05\/sonsuz-insanin-girisimi\/#article\",\"isPartOf\":{\"@id\":\"https:\/\/narteks.net\/index.php\/2009\/11\/05\/sonsuz-insanin-girisimi\/\"},\"author\":{\"name\":\"Tar\u0131k\",\"@id\":\"https:\/\/narteks.net\/#\/schema\/person\/61f37d9834294b72d31d274e7ed79bca\"},\"headline\":\"SONSUZ \u0130NSANIN G\u0130R\u0130\u015e\u0130M\u0130\",\"datePublished\":\"2009-11-05T08:33:13+00:00\",\"mainEntityOfPage\":{\"@id\":\"https:\/\/narteks.net\/index.php\/2009\/11\/05\/sonsuz-insanin-girisimi\/\"},\"wordCount\":787,\"commentCount\":0,\"publisher\":{\"@id\":\"https:\/\/narteks.net\/#organization\"},\"articleSection\":[\"Pablo NERUDA\"],\"inLanguage\":\"tr\",\"potentialAction\":[{\"@type\":\"CommentAction\",\"name\":\"Comment\",\"target\":[\"https:\/\/narteks.net\/index.php\/2009\/11\/05\/sonsuz-insanin-girisimi\/#respond\"]}]},{\"@type\":\"WebPage\",\"@id\":\"https:\/\/narteks.net\/index.php\/2009\/11\/05\/sonsuz-insanin-girisimi\/\",\"url\":\"https:\/\/narteks.net\/index.php\/2009\/11\/05\/sonsuz-insanin-girisimi\/\",\"name\":\"SONSUZ \u0130NSANIN G\u0130R\u0130\u015e\u0130M\u0130 - narteks.net\",\"isPartOf\":{\"@id\":\"https:\/\/narteks.net\/#website\"},\"datePublished\":\"2009-11-05T08:33:13+00:00\",\"breadcrumb\":{\"@id\":\"https:\/\/narteks.net\/index.php\/2009\/11\/05\/sonsuz-insanin-girisimi\/#breadcrumb\"},\"inLanguage\":\"tr\",\"potentialAction\":[{\"@type\":\"ReadAction\",\"target\":[\"https:\/\/narteks.net\/index.php\/2009\/11\/05\/sonsuz-insanin-girisimi\/\"]}]},{\"@type\":\"BreadcrumbList\",\"@id\":\"https:\/\/narteks.net\/index.php\/2009\/11\/05\/sonsuz-insanin-girisimi\/#breadcrumb\",\"itemListElement\":[{\"@type\":\"ListItem\",\"position\":1,\"name\":\"Anasayfa\",\"item\":\"https:\/\/narteks.net\/\"},{\"@type\":\"ListItem\",\"position\":2,\"name\":\"SONSUZ \u0130NSANIN G\u0130R\u0130\u015e\u0130M\u0130\"}]},{\"@type\":\"WebSite\",\"@id\":\"https:\/\/narteks.net\/#website\",\"url\":\"https:\/\/narteks.net\/\",\"name\":\"narteks.net\",\"description\":\"K\u00fclt\u00fcr Sanat Edebiyat Felsefe\",\"publisher\":{\"@id\":\"https:\/\/narteks.net\/#organization\"},\"alternateName\":\"K\u00fclt\u00fcr Sanat Edebiyat Felsefe\",\"potentialAction\":[{\"@type\":\"SearchAction\",\"target\":{\"@type\":\"EntryPoint\",\"urlTemplate\":\"https:\/\/narteks.net\/?s={search_term_string}\"},\"query-input\":{\"@type\":\"PropertyValueSpecification\",\"valueRequired\":true,\"valueName\":\"search_term_string\"}}],\"inLanguage\":\"tr\"},{\"@type\":\"Organization\",\"@id\":\"https:\/\/narteks.net\/#organization\",\"name\":\"narteks.net\",\"url\":\"https:\/\/narteks.net\/\",\"logo\":{\"@type\":\"ImageObject\",\"inLanguage\":\"tr\",\"@id\":\"https:\/\/narteks.net\/#\/schema\/logo\/image\/\",\"url\":\"https:\/\/narteks.net\/wp-content\/uploads\/narteks.png\",\"contentUrl\":\"https:\/\/narteks.net\/wp-content\/uploads\/narteks.png\",\"width\":300,\"height\":90,\"caption\":\"narteks.net\"},\"image\":{\"@id\":\"https:\/\/narteks.net\/#\/schema\/logo\/image\/\"},\"sameAs\":[\"https:\/\/x.com\/narteks\",\"https:\/\/instagram.com\/narteksnet\"]},{\"@type\":\"Person\",\"@id\":\"https:\/\/narteks.net\/#\/schema\/person\/61f37d9834294b72d31d274e7ed79bca\",\"name\":\"Tar\u0131k\",\"image\":{\"@type\":\"ImageObject\",\"inLanguage\":\"tr\",\"@id\":\"https:\/\/narteks.net\/#\/schema\/person\/image\/\",\"url\":\"https:\/\/secure.gravatar.com\/avatar\/50865afb55632c4ae467e0af0930f6510aa2297d8014be502a55b14f3b7550cf?s=96&d=mm&r=g\",\"contentUrl\":\"https:\/\/secure.gravatar.com\/avatar\/50865afb55632c4ae467e0af0930f6510aa2297d8014be502a55b14f3b7550cf?s=96&d=mm&r=g\",\"caption\":\"Tar\u0131k\"},\"sameAs\":[\"http:\/\/narteks.net\"],\"url\":\"https:\/\/narteks.net\/index.php\/author\/narbak\/\"}]}<\/script>\n<!-- \/ Yoast SEO Premium plugin. -->","yoast_head_json":{"title":"SONSUZ \u0130NSANIN G\u0130R\u0130\u015e\u0130M\u0130 - narteks.net","robots":{"index":"index","follow":"follow","max-snippet":"max-snippet:-1","max-image-preview":"max-image-preview:large","max-video-preview":"max-video-preview:-1"},"canonical":"https:\/\/narteks.net\/index.php\/2009\/11\/05\/sonsuz-insanin-girisimi\/","og_locale":"tr_TR","og_type":"article","og_title":"SONSUZ \u0130NSANIN G\u0130R\u0130\u015e\u0130M\u0130","og_description":"\u00a0 (&#8230;) ve i\u015fte evim ormanlar kokular\u0131yla dolduruyorlar yine arabayla ta\u015f\u0131nd\u0131\u011f\u0131 bu yerden par\u00e7alad\u0131m y\u00fcre\u011fimi ayna gibi ge\u00e7ip gitmek i\u00e7in i\u00e7imden i\u015fte y\u00fcksek pencere ve a\u011fa\u00e7 bedenlerini d\u00fc\u015f\u00fcren balta olandan kalan kap\u0131lar r\u00fczgar kalaslara ast\u0131 belki derin a\u011f\u0131rl\u0131\u011f\u0131 kendisini unuttu\u011funda dans ediyordu gece a\u011flar\u0131nda h\u0131\u00e7k\u0131rarak uyan\u0131yordu \u00e7ocuk anlatm\u0131yorum mutsuz s\u00f6zc\u00fcklerle s\u00f6yl\u00fcyorum alacakaranl\u0131\u011f\u0131 dilimliyor yine yap\u0131 [&hellip;]","og_url":"https:\/\/narteks.net\/index.php\/2009\/11\/05\/sonsuz-insanin-girisimi\/","og_site_name":"narteks.net","article_published_time":"2009-11-05T08:33:13+00:00","og_image":[{"width":300,"height":90,"url":"https:\/\/narteks.net\/wp-content\/uploads\/narteks.png","type":"image\/png"}],"author":"Tar\u0131k","twitter_card":"summary_large_image","twitter_creator":"@narteks","twitter_site":"@narteks","twitter_misc":{"Yazan:":"Tar\u0131k","Tahmini okuma s\u00fcresi":"4 dakika"},"schema":{"@context":"https:\/\/schema.org","@graph":[{"@type":"Article","@id":"https:\/\/narteks.net\/index.php\/2009\/11\/05\/sonsuz-insanin-girisimi\/#article","isPartOf":{"@id":"https:\/\/narteks.net\/index.php\/2009\/11\/05\/sonsuz-insanin-girisimi\/"},"author":{"name":"Tar\u0131k","@id":"https:\/\/narteks.net\/#\/schema\/person\/61f37d9834294b72d31d274e7ed79bca"},"headline":"SONSUZ \u0130NSANIN G\u0130R\u0130\u015e\u0130M\u0130","datePublished":"2009-11-05T08:33:13+00:00","mainEntityOfPage":{"@id":"https:\/\/narteks.net\/index.php\/2009\/11\/05\/sonsuz-insanin-girisimi\/"},"wordCount":787,"commentCount":0,"publisher":{"@id":"https:\/\/narteks.net\/#organization"},"articleSection":["Pablo NERUDA"],"inLanguage":"tr","potentialAction":[{"@type":"CommentAction","name":"Comment","target":["https:\/\/narteks.net\/index.php\/2009\/11\/05\/sonsuz-insanin-girisimi\/#respond"]}]},{"@type":"WebPage","@id":"https:\/\/narteks.net\/index.php\/2009\/11\/05\/sonsuz-insanin-girisimi\/","url":"https:\/\/narteks.net\/index.php\/2009\/11\/05\/sonsuz-insanin-girisimi\/","name":"SONSUZ \u0130NSANIN G\u0130R\u0130\u015e\u0130M\u0130 - narteks.net","isPartOf":{"@id":"https:\/\/narteks.net\/#website"},"datePublished":"2009-11-05T08:33:13+00:00","breadcrumb":{"@id":"https:\/\/narteks.net\/index.php\/2009\/11\/05\/sonsuz-insanin-girisimi\/#breadcrumb"},"inLanguage":"tr","potentialAction":[{"@type":"ReadAction","target":["https:\/\/narteks.net\/index.php\/2009\/11\/05\/sonsuz-insanin-girisimi\/"]}]},{"@type":"BreadcrumbList","@id":"https:\/\/narteks.net\/index.php\/2009\/11\/05\/sonsuz-insanin-girisimi\/#breadcrumb","itemListElement":[{"@type":"ListItem","position":1,"name":"Anasayfa","item":"https:\/\/narteks.net\/"},{"@type":"ListItem","position":2,"name":"SONSUZ \u0130NSANIN G\u0130R\u0130\u015e\u0130M\u0130"}]},{"@type":"WebSite","@id":"https:\/\/narteks.net\/#website","url":"https:\/\/narteks.net\/","name":"narteks.net","description":"K\u00fclt\u00fcr Sanat Edebiyat Felsefe","publisher":{"@id":"https:\/\/narteks.net\/#organization"},"alternateName":"K\u00fclt\u00fcr Sanat Edebiyat Felsefe","potentialAction":[{"@type":"SearchAction","target":{"@type":"EntryPoint","urlTemplate":"https:\/\/narteks.net\/?s={search_term_string}"},"query-input":{"@type":"PropertyValueSpecification","valueRequired":true,"valueName":"search_term_string"}}],"inLanguage":"tr"},{"@type":"Organization","@id":"https:\/\/narteks.net\/#organization","name":"narteks.net","url":"https:\/\/narteks.net\/","logo":{"@type":"ImageObject","inLanguage":"tr","@id":"https:\/\/narteks.net\/#\/schema\/logo\/image\/","url":"https:\/\/narteks.net\/wp-content\/uploads\/narteks.png","contentUrl":"https:\/\/narteks.net\/wp-content\/uploads\/narteks.png","width":300,"height":90,"caption":"narteks.net"},"image":{"@id":"https:\/\/narteks.net\/#\/schema\/logo\/image\/"},"sameAs":["https:\/\/x.com\/narteks","https:\/\/instagram.com\/narteksnet"]},{"@type":"Person","@id":"https:\/\/narteks.net\/#\/schema\/person\/61f37d9834294b72d31d274e7ed79bca","name":"Tar\u0131k","image":{"@type":"ImageObject","inLanguage":"tr","@id":"https:\/\/narteks.net\/#\/schema\/person\/image\/","url":"https:\/\/secure.gravatar.com\/avatar\/50865afb55632c4ae467e0af0930f6510aa2297d8014be502a55b14f3b7550cf?s=96&d=mm&r=g","contentUrl":"https:\/\/secure.gravatar.com\/avatar\/50865afb55632c4ae467e0af0930f6510aa2297d8014be502a55b14f3b7550cf?s=96&d=mm&r=g","caption":"Tar\u0131k"},"sameAs":["http:\/\/narteks.net"],"url":"https:\/\/narteks.net\/index.php\/author\/narbak\/"}]}},"_links":{"self":[{"href":"https:\/\/narteks.net\/index.php\/wp-json\/wp\/v2\/posts\/1020","targetHints":{"allow":["GET"]}}],"collection":[{"href":"https:\/\/narteks.net\/index.php\/wp-json\/wp\/v2\/posts"}],"about":[{"href":"https:\/\/narteks.net\/index.php\/wp-json\/wp\/v2\/types\/post"}],"author":[{"embeddable":true,"href":"https:\/\/narteks.net\/index.php\/wp-json\/wp\/v2\/users\/1"}],"replies":[{"embeddable":true,"href":"https:\/\/narteks.net\/index.php\/wp-json\/wp\/v2\/comments?post=1020"}],"version-history":[{"count":0,"href":"https:\/\/narteks.net\/index.php\/wp-json\/wp\/v2\/posts\/1020\/revisions"}],"wp:attachment":[{"href":"https:\/\/narteks.net\/index.php\/wp-json\/wp\/v2\/media?parent=1020"}],"wp:term":[{"taxonomy":"category","embeddable":true,"href":"https:\/\/narteks.net\/index.php\/wp-json\/wp\/v2\/categories?post=1020"},{"taxonomy":"post_tag","embeddable":true,"href":"https:\/\/narteks.net\/index.php\/wp-json\/wp\/v2\/tags?post=1020"}],"curies":[{"name":"wp","href":"https:\/\/api.w.org\/{rel}","templated":true}]}}