{"id":1022,"date":"2009-11-05T11:34:41","date_gmt":"2009-11-05T08:34:41","guid":{"rendered":"http:\/\/localhost\/wordpress\/2009\/11\/05\/son-2\/"},"modified":"2009-11-05T11:34:41","modified_gmt":"2009-11-05T08:34:41","slug":"son-2","status":"publish","type":"post","link":"https:\/\/narteks.net\/index.php\/2009\/11\/05\/son-2\/","title":{"rendered":"SON"},"content":{"rendered":"<p>\u00a0<\/p>\n<p>Bu s\u00f6zc\u00fckleri kan\u0131mla yaratt\u0131m,<br \/> evet, ac\u0131lar\u0131mla yaratt\u0131m bu s\u00f6zc\u00fckleri!<br \/> Anl\u0131yorum sizi dostlar, her \u015feyi anl\u0131yorum.<br \/> Benim olmayan s\u00f6zc\u00fckler girdi araya,<br \/> anl\u0131yorum sizi dostlar!<br \/> Havalanmak istiyormu\u015fum gibi<br \/> ku\u015flar\u0131n kanatlar\u0131, b\u00fct\u00fcn kanatlar<br \/> imdad\u0131ma yeti\u015fti,<br \/> i\u015fte benim olmayan bu s\u00f6zc\u00fckler<br \/> ruhumun bu karanl\u0131k esrikli\u011fini kurtarmaya geldi.<\/p>\n<p>\u015eafak,<br \/> s\u0131k\u0131nt\u0131 d\u00fc\u011f\u00fcmlerini bo\u011faz\u0131mda hi\u00e7<br \/> bu kadar s\u0131kmad\u0131 sanki.<br \/> Yine de<br \/> kan\u0131mla yaratt\u0131m, evet, ac\u0131lar\u0131mla<br \/> bu s\u00f6zc\u00fckleri. Yaratt\u0131m onlar\u0131!<\/p>\n<p>Ne\u015fe i\u00e7in s\u00f6zc\u00fckler yaratt\u0131m<br \/> alev alev bir ta\u00e7ken y\u00fcre\u011fim;<br \/> \u00e7ivileyen ac\u0131n\u0131n s\u00f6zc\u00fcklerini,<br \/> sizi kemiren i\u00e7g\u00fcd\u00fcleri,<br \/> tehdit eden at\u0131l\u0131mlar\u0131,<br \/> sonsuz istekleri,<br \/> a\u00e7\u0131 kayg\u0131lar\u0131,<br \/> ak \u015femsiye \u00e7i\u00e7ekleriyle dolu k\u0131rm\u0131z\u0131 bir toprak gibi<br \/> \u00e7i\u00e7eklenen \u00f6mr\u00fcm\u00fc \u00f6rten a\u015fk s\u00f6zc\u00fcklerini.<br \/> \u0130\u00e7imden ta\u015f\u0131yorlard\u0131. Hep ta\u015fm\u0131\u015flard\u0131r.<br \/> \u00c7ocuk, ac\u0131m \u00e7\u0131\u011fl\u0131kt\u0131r<br \/> ve sevincimdir sessizli\u011fim.<\/p>\n<p>Daha sonra unuttular g\u00f6zler<br \/> herkesin y\u00fcre\u011finin r\u00fczgar\u0131yla<br \/> s\u00fcp\u00fcr\u00fclen g\u00f6zya\u015flar\u0131n\u0131.<\/p>\n<p>\u015eimdi s\u00f6yleyin bana dostlar<br \/> nereye sakland\u0131\u011f\u0131n\u0131<br \/> h\u0131\u00e7k\u0131r\u0131klar\u0131n bu buruk \u00f6fkesinin.<\/p>\n<p>Dostlar, nereye sakland\u0131\u011f\u0131n\u0131 sessizli\u011fin,<br \/> hi\u00e7bir kulak, hi\u00e7bir bak\u0131\u015f<br \/> kendisini su\u00e7\u00fcst\u00fc yakalamas\u0131n diye.<\/p>\n<p>S\u00f6zc\u00fckler geldi ve bir \u015fafak gibi<br \/> bast\u0131r\u0131lamaz y\u00fcre\u011fim par\u00e7aland\u0131 onlar aras\u0131nda,<br \/> as\u0131larak u\u00e7u\u015flar\u0131na,<br \/> s\u00fcr\u00fcklenip, \u00e7ekilip kahramanca ka\u00e7\u0131\u015flar\u0131nda,<br \/> terkedilmi\u015f ve \u00e7\u0131lg\u0131n ve onlar alt\u0131nda unutulmu\u015f y\u00fcre\u011fim<br \/> \u00f6l\u00fc bir ku\u015f gibi, kanatlar\u0131n\u0131n g\u00f6lgesinde.<\/p>\n","protected":false},"excerpt":{"rendered":"<p>\u00a0 Bu s\u00f6zc\u00fckleri kan\u0131mla yaratt\u0131m, evet, ac\u0131lar\u0131mla yaratt\u0131m bu s\u00f6zc\u00fckleri! Anl\u0131yorum sizi dostlar, her \u015feyi anl\u0131yorum. Benim olmayan s\u00f6zc\u00fckler girdi araya, anl\u0131yorum sizi dostlar! Havalanmak istiyormu\u015fum gibi ku\u015flar\u0131n kanatlar\u0131, b\u00fct\u00fcn kanatlar imdad\u0131ma yeti\u015fti, i\u015fte benim olmayan bu s\u00f6zc\u00fckler ruhumun bu karanl\u0131k esrikli\u011fini kurtarmaya geldi. \u015eafak, s\u0131k\u0131nt\u0131 d\u00fc\u011f\u00fcmlerini bo\u011faz\u0131mda hi\u00e7 bu kadar s\u0131kmad\u0131 sanki. Yine de [&hellip;]<\/p>\n","protected":false},"author":1,"featured_media":0,"comment_status":"open","ping_status":"open","sticky":false,"template":"","format":"standard","meta":{"footnotes":""},"categories":[175],"tags":[],"class_list":{"0":"post-1022","1":"post","2":"type-post","3":"status-publish","4":"format-standard","6":"category-pablo-neruda"},"yoast_head":"<!-- This site is optimized with the Yoast SEO Premium plugin v24.9 (Yoast SEO v24.9) - https:\/\/yoast.com\/wordpress\/plugins\/seo\/ -->\n<title>SON - narteks.net<\/title>\n<meta name=\"robots\" content=\"index, follow, max-snippet:-1, max-image-preview:large, max-video-preview:-1\" \/>\n<link rel=\"canonical\" href=\"https:\/\/narteks.net\/index.php\/2009\/11\/05\/son-2\/\" \/>\n<meta property=\"og:locale\" content=\"tr_TR\" \/>\n<meta property=\"og:type\" content=\"article\" \/>\n<meta property=\"og:title\" content=\"SON\" \/>\n<meta property=\"og:description\" content=\"\u00a0 Bu s\u00f6zc\u00fckleri kan\u0131mla yaratt\u0131m, evet, ac\u0131lar\u0131mla yaratt\u0131m bu s\u00f6zc\u00fckleri! Anl\u0131yorum sizi dostlar, her \u015feyi anl\u0131yorum. Benim olmayan s\u00f6zc\u00fckler girdi araya, anl\u0131yorum sizi dostlar! Havalanmak istiyormu\u015fum gibi ku\u015flar\u0131n kanatlar\u0131, b\u00fct\u00fcn kanatlar imdad\u0131ma yeti\u015fti, i\u015fte benim olmayan bu s\u00f6zc\u00fckler ruhumun bu karanl\u0131k esrikli\u011fini kurtarmaya geldi. \u015eafak, s\u0131k\u0131nt\u0131 d\u00fc\u011f\u00fcmlerini bo\u011faz\u0131mda hi\u00e7 bu kadar s\u0131kmad\u0131 sanki. Yine de [&hellip;]\" \/>\n<meta property=\"og:url\" content=\"https:\/\/narteks.net\/index.php\/2009\/11\/05\/son-2\/\" \/>\n<meta property=\"og:site_name\" content=\"narteks.net\" \/>\n<meta property=\"article:published_time\" content=\"2009-11-05T08:34:41+00:00\" \/>\n<meta property=\"og:image\" content=\"https:\/\/narteks.net\/wp-content\/uploads\/narteks.png\" \/>\n\t<meta property=\"og:image:width\" content=\"300\" \/>\n\t<meta property=\"og:image:height\" content=\"90\" \/>\n\t<meta property=\"og:image:type\" content=\"image\/png\" \/>\n<meta name=\"author\" content=\"Tar\u0131k\" \/>\n<meta name=\"twitter:card\" content=\"summary_large_image\" \/>\n<meta name=\"twitter:creator\" content=\"@narteks\" \/>\n<meta name=\"twitter:site\" content=\"@narteks\" \/>\n<meta name=\"twitter:label1\" content=\"Yazan:\" \/>\n\t<meta name=\"twitter:data1\" content=\"Tar\u0131k\" \/>\n\t<meta name=\"twitter:label2\" content=\"Tahmini okuma s\u00fcresi\" \/>\n\t<meta name=\"twitter:data2\" content=\"1 dakika\" \/>\n<script type=\"application\/ld+json\" class=\"yoast-schema-graph\">{\"@context\":\"https:\/\/schema.org\",\"@graph\":[{\"@type\":\"Article\",\"@id\":\"https:\/\/narteks.net\/index.php\/2009\/11\/05\/son-2\/#article\",\"isPartOf\":{\"@id\":\"https:\/\/narteks.net\/index.php\/2009\/11\/05\/son-2\/\"},\"author\":{\"name\":\"Tar\u0131k\",\"@id\":\"https:\/\/narteks.net\/#\/schema\/person\/61f37d9834294b72d31d274e7ed79bca\"},\"headline\":\"SON\",\"datePublished\":\"2009-11-05T08:34:41+00:00\",\"mainEntityOfPage\":{\"@id\":\"https:\/\/narteks.net\/index.php\/2009\/11\/05\/son-2\/\"},\"wordCount\":289,\"commentCount\":0,\"publisher\":{\"@id\":\"https:\/\/narteks.net\/#organization\"},\"articleSection\":[\"Pablo NERUDA\"],\"inLanguage\":\"tr\",\"potentialAction\":[{\"@type\":\"CommentAction\",\"name\":\"Comment\",\"target\":[\"https:\/\/narteks.net\/index.php\/2009\/11\/05\/son-2\/#respond\"]}]},{\"@type\":\"WebPage\",\"@id\":\"https:\/\/narteks.net\/index.php\/2009\/11\/05\/son-2\/\",\"url\":\"https:\/\/narteks.net\/index.php\/2009\/11\/05\/son-2\/\",\"name\":\"SON - narteks.net\",\"isPartOf\":{\"@id\":\"https:\/\/narteks.net\/#website\"},\"datePublished\":\"2009-11-05T08:34:41+00:00\",\"breadcrumb\":{\"@id\":\"https:\/\/narteks.net\/index.php\/2009\/11\/05\/son-2\/#breadcrumb\"},\"inLanguage\":\"tr\",\"potentialAction\":[{\"@type\":\"ReadAction\",\"target\":[\"https:\/\/narteks.net\/index.php\/2009\/11\/05\/son-2\/\"]}]},{\"@type\":\"BreadcrumbList\",\"@id\":\"https:\/\/narteks.net\/index.php\/2009\/11\/05\/son-2\/#breadcrumb\",\"itemListElement\":[{\"@type\":\"ListItem\",\"position\":1,\"name\":\"Anasayfa\",\"item\":\"https:\/\/narteks.net\/\"},{\"@type\":\"ListItem\",\"position\":2,\"name\":\"SON\"}]},{\"@type\":\"WebSite\",\"@id\":\"https:\/\/narteks.net\/#website\",\"url\":\"https:\/\/narteks.net\/\",\"name\":\"narteks.net\",\"description\":\"K\u00fclt\u00fcr Sanat Edebiyat Felsefe\",\"publisher\":{\"@id\":\"https:\/\/narteks.net\/#organization\"},\"alternateName\":\"K\u00fclt\u00fcr Sanat Edebiyat Felsefe\",\"potentialAction\":[{\"@type\":\"SearchAction\",\"target\":{\"@type\":\"EntryPoint\",\"urlTemplate\":\"https:\/\/narteks.net\/?s={search_term_string}\"},\"query-input\":{\"@type\":\"PropertyValueSpecification\",\"valueRequired\":true,\"valueName\":\"search_term_string\"}}],\"inLanguage\":\"tr\"},{\"@type\":\"Organization\",\"@id\":\"https:\/\/narteks.net\/#organization\",\"name\":\"narteks.net\",\"url\":\"https:\/\/narteks.net\/\",\"logo\":{\"@type\":\"ImageObject\",\"inLanguage\":\"tr\",\"@id\":\"https:\/\/narteks.net\/#\/schema\/logo\/image\/\",\"url\":\"https:\/\/narteks.net\/wp-content\/uploads\/narteks.png\",\"contentUrl\":\"https:\/\/narteks.net\/wp-content\/uploads\/narteks.png\",\"width\":300,\"height\":90,\"caption\":\"narteks.net\"},\"image\":{\"@id\":\"https:\/\/narteks.net\/#\/schema\/logo\/image\/\"},\"sameAs\":[\"https:\/\/x.com\/narteks\",\"https:\/\/instagram.com\/narteksnet\"]},{\"@type\":\"Person\",\"@id\":\"https:\/\/narteks.net\/#\/schema\/person\/61f37d9834294b72d31d274e7ed79bca\",\"name\":\"Tar\u0131k\",\"image\":{\"@type\":\"ImageObject\",\"inLanguage\":\"tr\",\"@id\":\"https:\/\/narteks.net\/#\/schema\/person\/image\/\",\"url\":\"https:\/\/secure.gravatar.com\/avatar\/50865afb55632c4ae467e0af0930f6510aa2297d8014be502a55b14f3b7550cf?s=96&d=mm&r=g\",\"contentUrl\":\"https:\/\/secure.gravatar.com\/avatar\/50865afb55632c4ae467e0af0930f6510aa2297d8014be502a55b14f3b7550cf?s=96&d=mm&r=g\",\"caption\":\"Tar\u0131k\"},\"sameAs\":[\"http:\/\/narteks.net\"],\"url\":\"https:\/\/narteks.net\/index.php\/author\/narbak\/\"}]}<\/script>\n<!-- \/ Yoast SEO Premium plugin. -->","yoast_head_json":{"title":"SON - narteks.net","robots":{"index":"index","follow":"follow","max-snippet":"max-snippet:-1","max-image-preview":"max-image-preview:large","max-video-preview":"max-video-preview:-1"},"canonical":"https:\/\/narteks.net\/index.php\/2009\/11\/05\/son-2\/","og_locale":"tr_TR","og_type":"article","og_title":"SON","og_description":"\u00a0 Bu s\u00f6zc\u00fckleri kan\u0131mla yaratt\u0131m, evet, ac\u0131lar\u0131mla yaratt\u0131m bu s\u00f6zc\u00fckleri! Anl\u0131yorum sizi dostlar, her \u015feyi anl\u0131yorum. Benim olmayan s\u00f6zc\u00fckler girdi araya, anl\u0131yorum sizi dostlar! Havalanmak istiyormu\u015fum gibi ku\u015flar\u0131n kanatlar\u0131, b\u00fct\u00fcn kanatlar imdad\u0131ma yeti\u015fti, i\u015fte benim olmayan bu s\u00f6zc\u00fckler ruhumun bu karanl\u0131k esrikli\u011fini kurtarmaya geldi. \u015eafak, s\u0131k\u0131nt\u0131 d\u00fc\u011f\u00fcmlerini bo\u011faz\u0131mda hi\u00e7 bu kadar s\u0131kmad\u0131 sanki. Yine de [&hellip;]","og_url":"https:\/\/narteks.net\/index.php\/2009\/11\/05\/son-2\/","og_site_name":"narteks.net","article_published_time":"2009-11-05T08:34:41+00:00","og_image":[{"width":300,"height":90,"url":"https:\/\/narteks.net\/wp-content\/uploads\/narteks.png","type":"image\/png"}],"author":"Tar\u0131k","twitter_card":"summary_large_image","twitter_creator":"@narteks","twitter_site":"@narteks","twitter_misc":{"Yazan:":"Tar\u0131k","Tahmini okuma s\u00fcresi":"1 dakika"},"schema":{"@context":"https:\/\/schema.org","@graph":[{"@type":"Article","@id":"https:\/\/narteks.net\/index.php\/2009\/11\/05\/son-2\/#article","isPartOf":{"@id":"https:\/\/narteks.net\/index.php\/2009\/11\/05\/son-2\/"},"author":{"name":"Tar\u0131k","@id":"https:\/\/narteks.net\/#\/schema\/person\/61f37d9834294b72d31d274e7ed79bca"},"headline":"SON","datePublished":"2009-11-05T08:34:41+00:00","mainEntityOfPage":{"@id":"https:\/\/narteks.net\/index.php\/2009\/11\/05\/son-2\/"},"wordCount":289,"commentCount":0,"publisher":{"@id":"https:\/\/narteks.net\/#organization"},"articleSection":["Pablo NERUDA"],"inLanguage":"tr","potentialAction":[{"@type":"CommentAction","name":"Comment","target":["https:\/\/narteks.net\/index.php\/2009\/11\/05\/son-2\/#respond"]}]},{"@type":"WebPage","@id":"https:\/\/narteks.net\/index.php\/2009\/11\/05\/son-2\/","url":"https:\/\/narteks.net\/index.php\/2009\/11\/05\/son-2\/","name":"SON - narteks.net","isPartOf":{"@id":"https:\/\/narteks.net\/#website"},"datePublished":"2009-11-05T08:34:41+00:00","breadcrumb":{"@id":"https:\/\/narteks.net\/index.php\/2009\/11\/05\/son-2\/#breadcrumb"},"inLanguage":"tr","potentialAction":[{"@type":"ReadAction","target":["https:\/\/narteks.net\/index.php\/2009\/11\/05\/son-2\/"]}]},{"@type":"BreadcrumbList","@id":"https:\/\/narteks.net\/index.php\/2009\/11\/05\/son-2\/#breadcrumb","itemListElement":[{"@type":"ListItem","position":1,"name":"Anasayfa","item":"https:\/\/narteks.net\/"},{"@type":"ListItem","position":2,"name":"SON"}]},{"@type":"WebSite","@id":"https:\/\/narteks.net\/#website","url":"https:\/\/narteks.net\/","name":"narteks.net","description":"K\u00fclt\u00fcr Sanat Edebiyat Felsefe","publisher":{"@id":"https:\/\/narteks.net\/#organization"},"alternateName":"K\u00fclt\u00fcr Sanat Edebiyat Felsefe","potentialAction":[{"@type":"SearchAction","target":{"@type":"EntryPoint","urlTemplate":"https:\/\/narteks.net\/?s={search_term_string}"},"query-input":{"@type":"PropertyValueSpecification","valueRequired":true,"valueName":"search_term_string"}}],"inLanguage":"tr"},{"@type":"Organization","@id":"https:\/\/narteks.net\/#organization","name":"narteks.net","url":"https:\/\/narteks.net\/","logo":{"@type":"ImageObject","inLanguage":"tr","@id":"https:\/\/narteks.net\/#\/schema\/logo\/image\/","url":"https:\/\/narteks.net\/wp-content\/uploads\/narteks.png","contentUrl":"https:\/\/narteks.net\/wp-content\/uploads\/narteks.png","width":300,"height":90,"caption":"narteks.net"},"image":{"@id":"https:\/\/narteks.net\/#\/schema\/logo\/image\/"},"sameAs":["https:\/\/x.com\/narteks","https:\/\/instagram.com\/narteksnet"]},{"@type":"Person","@id":"https:\/\/narteks.net\/#\/schema\/person\/61f37d9834294b72d31d274e7ed79bca","name":"Tar\u0131k","image":{"@type":"ImageObject","inLanguage":"tr","@id":"https:\/\/narteks.net\/#\/schema\/person\/image\/","url":"https:\/\/secure.gravatar.com\/avatar\/50865afb55632c4ae467e0af0930f6510aa2297d8014be502a55b14f3b7550cf?s=96&d=mm&r=g","contentUrl":"https:\/\/secure.gravatar.com\/avatar\/50865afb55632c4ae467e0af0930f6510aa2297d8014be502a55b14f3b7550cf?s=96&d=mm&r=g","caption":"Tar\u0131k"},"sameAs":["http:\/\/narteks.net"],"url":"https:\/\/narteks.net\/index.php\/author\/narbak\/"}]}},"_links":{"self":[{"href":"https:\/\/narteks.net\/index.php\/wp-json\/wp\/v2\/posts\/1022","targetHints":{"allow":["GET"]}}],"collection":[{"href":"https:\/\/narteks.net\/index.php\/wp-json\/wp\/v2\/posts"}],"about":[{"href":"https:\/\/narteks.net\/index.php\/wp-json\/wp\/v2\/types\/post"}],"author":[{"embeddable":true,"href":"https:\/\/narteks.net\/index.php\/wp-json\/wp\/v2\/users\/1"}],"replies":[{"embeddable":true,"href":"https:\/\/narteks.net\/index.php\/wp-json\/wp\/v2\/comments?post=1022"}],"version-history":[{"count":0,"href":"https:\/\/narteks.net\/index.php\/wp-json\/wp\/v2\/posts\/1022\/revisions"}],"wp:attachment":[{"href":"https:\/\/narteks.net\/index.php\/wp-json\/wp\/v2\/media?parent=1022"}],"wp:term":[{"taxonomy":"category","embeddable":true,"href":"https:\/\/narteks.net\/index.php\/wp-json\/wp\/v2\/categories?post=1022"},{"taxonomy":"post_tag","embeddable":true,"href":"https:\/\/narteks.net\/index.php\/wp-json\/wp\/v2\/tags?post=1022"}],"curies":[{"name":"wp","href":"https:\/\/api.w.org\/{rel}","templated":true}]}}