{"id":1026,"date":"2009-11-05T11:38:48","date_gmt":"2009-11-05T08:38:48","guid":{"rendered":"http:\/\/localhost\/wordpress\/2009\/11\/05\/aydin-misin\/"},"modified":"2009-11-05T11:38:48","modified_gmt":"2009-11-05T08:38:48","slug":"aydin-misin","status":"publish","type":"post","link":"https:\/\/narteks.net\/index.php\/2009\/11\/05\/aydin-misin\/","title":{"rendered":"AYDIN MISIN?"},"content":{"rendered":"<p>\u00a0<\/p>\n<p>Kilim gibi dokumada mutsuzlu\u011fu<br \/> Gidip gelen kara ku\u015flar havada<br \/> Saflar tutulmu\u015f top sesleri gerilerden<br \/> Taban\u0131nda depremi kara g\u00fcllelerin<br \/> Duymuyor musun<\/p>\n<p>Kald\u0131r ba\u015f\u0131n\u0131 kan uykulardan<br \/> B\u00f6yle y\u00fcrek b\u00f6yle atardamar<br \/> Atmaz olsun<br \/> Ses ol \u0131\u015f\u0131k ol yumruk ol<br \/> Karayeller ba\u015f\u0131na indirmeden \u00e7at\u0131n\u0131<br \/> Sel sular\u0131 bast\u0131\u011f\u0131n topra\u011f\u0131 d\u00f6n\u00fcm d\u00f6n\u00fcm<br \/> Al\u0131p g\u00f6t\u00fcrmeden b\u00fcy\u00fck denizlere<br \/> \u00c7abuk ol<\/p>\n<p>Tam \u00e7a\u011f\u0131 ise ba\u015flaman\u0131n do\u011fan g\u00fcnle<br \/> Bul i\u00e7ine t\u00fck\u00fcrd\u00fc\u011f\u00fcn kitaplar\u0131 yeniden<br \/> Her sat\u0131r\u0131nda buram buram al\u0131n teri<br \/> Her sayfas\u0131 g\u00fcnl\u00fck g\u00fcne\u015flik<br \/> Utanma su\u00e7un t\u00fcm\u00fc senin de\u011fil<br \/> Y\u0131rt otuzunda ald\u0131\u011f\u0131n diplomay\u0131<br \/> Alfabelik \u00e7ocuk ol<br \/> Yollar kesilmi\u015f alanlar sar\u0131lm\u0131\u015f<br \/> Tel \u00f6rg\u00fcler \u00e7evirmi\u015f y\u00f6reni<br \/> F\u0131r\u0131l f\u0131r\u0131l al\u0131c\u0131 ku\u015flar tepende<br \/> Benden ge\u00e7ti mi demek istiyorsun<br \/> A\u00e7 iki kolunu iki yan\u0131na<br \/> Korkuluk ol<\/p>\n<p>Rifat ILGAZ<\/p>\n","protected":false},"excerpt":{"rendered":"<p>\u00a0 Kilim gibi dokumada mutsuzlu\u011fu Gidip gelen kara ku\u015flar havada Saflar tutulmu\u015f top sesleri gerilerden Taban\u0131nda depremi kara g\u00fcllelerin Duymuyor musun Kald\u0131r ba\u015f\u0131n\u0131 kan uykulardan B\u00f6yle y\u00fcrek b\u00f6yle atardamar Atmaz olsun Ses ol \u0131\u015f\u0131k ol yumruk ol Karayeller ba\u015f\u0131na indirmeden \u00e7at\u0131n\u0131 Sel sular\u0131 bast\u0131\u011f\u0131n topra\u011f\u0131 d\u00f6n\u00fcm d\u00f6n\u00fcm Al\u0131p g\u00f6t\u00fcrmeden b\u00fcy\u00fck denizlere \u00c7abuk ol Tam \u00e7a\u011f\u0131 [&hellip;]<\/p>\n","protected":false},"author":1,"featured_media":0,"comment_status":"open","ping_status":"open","sticky":false,"template":"","format":"standard","meta":{"footnotes":""},"categories":[30],"tags":[],"class_list":{"0":"post-1026","1":"post","2":"type-post","3":"status-publish","4":"format-standard","6":"category-rifat-ilgaz"},"yoast_head":"<!-- This site is optimized with the Yoast SEO Premium plugin v24.9 (Yoast SEO v24.9) - https:\/\/yoast.com\/wordpress\/plugins\/seo\/ -->\n<title>AYDIN MISIN? - narteks.net<\/title>\n<meta name=\"robots\" content=\"index, follow, max-snippet:-1, max-image-preview:large, max-video-preview:-1\" \/>\n<link rel=\"canonical\" href=\"https:\/\/narteks.net\/index.php\/2009\/11\/05\/aydin-misin\/\" \/>\n<meta property=\"og:locale\" content=\"tr_TR\" \/>\n<meta property=\"og:type\" content=\"article\" \/>\n<meta property=\"og:title\" content=\"AYDIN MISIN?\" \/>\n<meta property=\"og:description\" content=\"\u00a0 Kilim gibi dokumada mutsuzlu\u011fu Gidip gelen kara ku\u015flar havada Saflar tutulmu\u015f top sesleri gerilerden Taban\u0131nda depremi kara g\u00fcllelerin Duymuyor musun Kald\u0131r ba\u015f\u0131n\u0131 kan uykulardan B\u00f6yle y\u00fcrek b\u00f6yle atardamar Atmaz olsun Ses ol \u0131\u015f\u0131k ol yumruk ol Karayeller ba\u015f\u0131na indirmeden \u00e7at\u0131n\u0131 Sel sular\u0131 bast\u0131\u011f\u0131n topra\u011f\u0131 d\u00f6n\u00fcm d\u00f6n\u00fcm Al\u0131p g\u00f6t\u00fcrmeden b\u00fcy\u00fck denizlere \u00c7abuk ol Tam \u00e7a\u011f\u0131 [&hellip;]\" \/>\n<meta property=\"og:url\" content=\"https:\/\/narteks.net\/index.php\/2009\/11\/05\/aydin-misin\/\" \/>\n<meta property=\"og:site_name\" content=\"narteks.net\" \/>\n<meta property=\"article:published_time\" content=\"2009-11-05T08:38:48+00:00\" \/>\n<meta property=\"og:image\" content=\"https:\/\/narteks.net\/wp-content\/uploads\/narteks.png\" \/>\n\t<meta property=\"og:image:width\" content=\"300\" \/>\n\t<meta property=\"og:image:height\" content=\"90\" \/>\n\t<meta property=\"og:image:type\" content=\"image\/png\" \/>\n<meta name=\"author\" content=\"Tar\u0131k\" \/>\n<meta name=\"twitter:card\" content=\"summary_large_image\" \/>\n<meta name=\"twitter:creator\" content=\"@narteks\" \/>\n<meta name=\"twitter:site\" content=\"@narteks\" \/>\n<meta name=\"twitter:label1\" content=\"Yazan:\" \/>\n\t<meta name=\"twitter:data1\" content=\"Tar\u0131k\" \/>\n\t<meta name=\"twitter:label2\" content=\"Tahmini okuma s\u00fcresi\" \/>\n\t<meta name=\"twitter:data2\" content=\"1 dakika\" \/>\n<script type=\"application\/ld+json\" class=\"yoast-schema-graph\">{\"@context\":\"https:\/\/schema.org\",\"@graph\":[{\"@type\":\"Article\",\"@id\":\"https:\/\/narteks.net\/index.php\/2009\/11\/05\/aydin-misin\/#article\",\"isPartOf\":{\"@id\":\"https:\/\/narteks.net\/index.php\/2009\/11\/05\/aydin-misin\/\"},\"author\":{\"name\":\"Tar\u0131k\",\"@id\":\"https:\/\/narteks.net\/#\/schema\/person\/61f37d9834294b72d31d274e7ed79bca\"},\"headline\":\"AYDIN MISIN?\",\"datePublished\":\"2009-11-05T08:38:48+00:00\",\"mainEntityOfPage\":{\"@id\":\"https:\/\/narteks.net\/index.php\/2009\/11\/05\/aydin-misin\/\"},\"wordCount\":166,\"commentCount\":0,\"publisher\":{\"@id\":\"https:\/\/narteks.net\/#organization\"},\"articleSection\":[\"Rifat ILGAZ\"],\"inLanguage\":\"tr\",\"potentialAction\":[{\"@type\":\"CommentAction\",\"name\":\"Comment\",\"target\":[\"https:\/\/narteks.net\/index.php\/2009\/11\/05\/aydin-misin\/#respond\"]}]},{\"@type\":\"WebPage\",\"@id\":\"https:\/\/narteks.net\/index.php\/2009\/11\/05\/aydin-misin\/\",\"url\":\"https:\/\/narteks.net\/index.php\/2009\/11\/05\/aydin-misin\/\",\"name\":\"AYDIN MISIN? - narteks.net\",\"isPartOf\":{\"@id\":\"https:\/\/narteks.net\/#website\"},\"datePublished\":\"2009-11-05T08:38:48+00:00\",\"breadcrumb\":{\"@id\":\"https:\/\/narteks.net\/index.php\/2009\/11\/05\/aydin-misin\/#breadcrumb\"},\"inLanguage\":\"tr\",\"potentialAction\":[{\"@type\":\"ReadAction\",\"target\":[\"https:\/\/narteks.net\/index.php\/2009\/11\/05\/aydin-misin\/\"]}]},{\"@type\":\"BreadcrumbList\",\"@id\":\"https:\/\/narteks.net\/index.php\/2009\/11\/05\/aydin-misin\/#breadcrumb\",\"itemListElement\":[{\"@type\":\"ListItem\",\"position\":1,\"name\":\"Anasayfa\",\"item\":\"https:\/\/narteks.net\/\"},{\"@type\":\"ListItem\",\"position\":2,\"name\":\"AYDIN MISIN?\"}]},{\"@type\":\"WebSite\",\"@id\":\"https:\/\/narteks.net\/#website\",\"url\":\"https:\/\/narteks.net\/\",\"name\":\"narteks.net\",\"description\":\"K\u00fclt\u00fcr Sanat Edebiyat Felsefe\",\"publisher\":{\"@id\":\"https:\/\/narteks.net\/#organization\"},\"alternateName\":\"K\u00fclt\u00fcr Sanat Edebiyat Felsefe\",\"potentialAction\":[{\"@type\":\"SearchAction\",\"target\":{\"@type\":\"EntryPoint\",\"urlTemplate\":\"https:\/\/narteks.net\/?s={search_term_string}\"},\"query-input\":{\"@type\":\"PropertyValueSpecification\",\"valueRequired\":true,\"valueName\":\"search_term_string\"}}],\"inLanguage\":\"tr\"},{\"@type\":\"Organization\",\"@id\":\"https:\/\/narteks.net\/#organization\",\"name\":\"narteks.net\",\"url\":\"https:\/\/narteks.net\/\",\"logo\":{\"@type\":\"ImageObject\",\"inLanguage\":\"tr\",\"@id\":\"https:\/\/narteks.net\/#\/schema\/logo\/image\/\",\"url\":\"https:\/\/narteks.net\/wp-content\/uploads\/narteks.png\",\"contentUrl\":\"https:\/\/narteks.net\/wp-content\/uploads\/narteks.png\",\"width\":300,\"height\":90,\"caption\":\"narteks.net\"},\"image\":{\"@id\":\"https:\/\/narteks.net\/#\/schema\/logo\/image\/\"},\"sameAs\":[\"https:\/\/x.com\/narteks\",\"https:\/\/instagram.com\/narteksnet\"]},{\"@type\":\"Person\",\"@id\":\"https:\/\/narteks.net\/#\/schema\/person\/61f37d9834294b72d31d274e7ed79bca\",\"name\":\"Tar\u0131k\",\"image\":{\"@type\":\"ImageObject\",\"inLanguage\":\"tr\",\"@id\":\"https:\/\/narteks.net\/#\/schema\/person\/image\/\",\"url\":\"https:\/\/secure.gravatar.com\/avatar\/50865afb55632c4ae467e0af0930f6510aa2297d8014be502a55b14f3b7550cf?s=96&d=mm&r=g\",\"contentUrl\":\"https:\/\/secure.gravatar.com\/avatar\/50865afb55632c4ae467e0af0930f6510aa2297d8014be502a55b14f3b7550cf?s=96&d=mm&r=g\",\"caption\":\"Tar\u0131k\"},\"sameAs\":[\"http:\/\/narteks.net\"],\"url\":\"https:\/\/narteks.net\/index.php\/author\/narbak\/\"}]}<\/script>\n<!-- \/ Yoast SEO Premium plugin. -->","yoast_head_json":{"title":"AYDIN MISIN? - narteks.net","robots":{"index":"index","follow":"follow","max-snippet":"max-snippet:-1","max-image-preview":"max-image-preview:large","max-video-preview":"max-video-preview:-1"},"canonical":"https:\/\/narteks.net\/index.php\/2009\/11\/05\/aydin-misin\/","og_locale":"tr_TR","og_type":"article","og_title":"AYDIN MISIN?","og_description":"\u00a0 Kilim gibi dokumada mutsuzlu\u011fu Gidip gelen kara ku\u015flar havada Saflar tutulmu\u015f top sesleri gerilerden Taban\u0131nda depremi kara g\u00fcllelerin Duymuyor musun Kald\u0131r ba\u015f\u0131n\u0131 kan uykulardan B\u00f6yle y\u00fcrek b\u00f6yle atardamar Atmaz olsun Ses ol \u0131\u015f\u0131k ol yumruk ol Karayeller ba\u015f\u0131na indirmeden \u00e7at\u0131n\u0131 Sel sular\u0131 bast\u0131\u011f\u0131n topra\u011f\u0131 d\u00f6n\u00fcm d\u00f6n\u00fcm Al\u0131p g\u00f6t\u00fcrmeden b\u00fcy\u00fck denizlere \u00c7abuk ol Tam \u00e7a\u011f\u0131 [&hellip;]","og_url":"https:\/\/narteks.net\/index.php\/2009\/11\/05\/aydin-misin\/","og_site_name":"narteks.net","article_published_time":"2009-11-05T08:38:48+00:00","og_image":[{"width":300,"height":90,"url":"https:\/\/narteks.net\/wp-content\/uploads\/narteks.png","type":"image\/png"}],"author":"Tar\u0131k","twitter_card":"summary_large_image","twitter_creator":"@narteks","twitter_site":"@narteks","twitter_misc":{"Yazan:":"Tar\u0131k","Tahmini okuma s\u00fcresi":"1 dakika"},"schema":{"@context":"https:\/\/schema.org","@graph":[{"@type":"Article","@id":"https:\/\/narteks.net\/index.php\/2009\/11\/05\/aydin-misin\/#article","isPartOf":{"@id":"https:\/\/narteks.net\/index.php\/2009\/11\/05\/aydin-misin\/"},"author":{"name":"Tar\u0131k","@id":"https:\/\/narteks.net\/#\/schema\/person\/61f37d9834294b72d31d274e7ed79bca"},"headline":"AYDIN MISIN?","datePublished":"2009-11-05T08:38:48+00:00","mainEntityOfPage":{"@id":"https:\/\/narteks.net\/index.php\/2009\/11\/05\/aydin-misin\/"},"wordCount":166,"commentCount":0,"publisher":{"@id":"https:\/\/narteks.net\/#organization"},"articleSection":["Rifat ILGAZ"],"inLanguage":"tr","potentialAction":[{"@type":"CommentAction","name":"Comment","target":["https:\/\/narteks.net\/index.php\/2009\/11\/05\/aydin-misin\/#respond"]}]},{"@type":"WebPage","@id":"https:\/\/narteks.net\/index.php\/2009\/11\/05\/aydin-misin\/","url":"https:\/\/narteks.net\/index.php\/2009\/11\/05\/aydin-misin\/","name":"AYDIN MISIN? - narteks.net","isPartOf":{"@id":"https:\/\/narteks.net\/#website"},"datePublished":"2009-11-05T08:38:48+00:00","breadcrumb":{"@id":"https:\/\/narteks.net\/index.php\/2009\/11\/05\/aydin-misin\/#breadcrumb"},"inLanguage":"tr","potentialAction":[{"@type":"ReadAction","target":["https:\/\/narteks.net\/index.php\/2009\/11\/05\/aydin-misin\/"]}]},{"@type":"BreadcrumbList","@id":"https:\/\/narteks.net\/index.php\/2009\/11\/05\/aydin-misin\/#breadcrumb","itemListElement":[{"@type":"ListItem","position":1,"name":"Anasayfa","item":"https:\/\/narteks.net\/"},{"@type":"ListItem","position":2,"name":"AYDIN MISIN?"}]},{"@type":"WebSite","@id":"https:\/\/narteks.net\/#website","url":"https:\/\/narteks.net\/","name":"narteks.net","description":"K\u00fclt\u00fcr Sanat Edebiyat Felsefe","publisher":{"@id":"https:\/\/narteks.net\/#organization"},"alternateName":"K\u00fclt\u00fcr Sanat Edebiyat Felsefe","potentialAction":[{"@type":"SearchAction","target":{"@type":"EntryPoint","urlTemplate":"https:\/\/narteks.net\/?s={search_term_string}"},"query-input":{"@type":"PropertyValueSpecification","valueRequired":true,"valueName":"search_term_string"}}],"inLanguage":"tr"},{"@type":"Organization","@id":"https:\/\/narteks.net\/#organization","name":"narteks.net","url":"https:\/\/narteks.net\/","logo":{"@type":"ImageObject","inLanguage":"tr","@id":"https:\/\/narteks.net\/#\/schema\/logo\/image\/","url":"https:\/\/narteks.net\/wp-content\/uploads\/narteks.png","contentUrl":"https:\/\/narteks.net\/wp-content\/uploads\/narteks.png","width":300,"height":90,"caption":"narteks.net"},"image":{"@id":"https:\/\/narteks.net\/#\/schema\/logo\/image\/"},"sameAs":["https:\/\/x.com\/narteks","https:\/\/instagram.com\/narteksnet"]},{"@type":"Person","@id":"https:\/\/narteks.net\/#\/schema\/person\/61f37d9834294b72d31d274e7ed79bca","name":"Tar\u0131k","image":{"@type":"ImageObject","inLanguage":"tr","@id":"https:\/\/narteks.net\/#\/schema\/person\/image\/","url":"https:\/\/secure.gravatar.com\/avatar\/50865afb55632c4ae467e0af0930f6510aa2297d8014be502a55b14f3b7550cf?s=96&d=mm&r=g","contentUrl":"https:\/\/secure.gravatar.com\/avatar\/50865afb55632c4ae467e0af0930f6510aa2297d8014be502a55b14f3b7550cf?s=96&d=mm&r=g","caption":"Tar\u0131k"},"sameAs":["http:\/\/narteks.net"],"url":"https:\/\/narteks.net\/index.php\/author\/narbak\/"}]}},"_links":{"self":[{"href":"https:\/\/narteks.net\/index.php\/wp-json\/wp\/v2\/posts\/1026","targetHints":{"allow":["GET"]}}],"collection":[{"href":"https:\/\/narteks.net\/index.php\/wp-json\/wp\/v2\/posts"}],"about":[{"href":"https:\/\/narteks.net\/index.php\/wp-json\/wp\/v2\/types\/post"}],"author":[{"embeddable":true,"href":"https:\/\/narteks.net\/index.php\/wp-json\/wp\/v2\/users\/1"}],"replies":[{"embeddable":true,"href":"https:\/\/narteks.net\/index.php\/wp-json\/wp\/v2\/comments?post=1026"}],"version-history":[{"count":0,"href":"https:\/\/narteks.net\/index.php\/wp-json\/wp\/v2\/posts\/1026\/revisions"}],"wp:attachment":[{"href":"https:\/\/narteks.net\/index.php\/wp-json\/wp\/v2\/media?parent=1026"}],"wp:term":[{"taxonomy":"category","embeddable":true,"href":"https:\/\/narteks.net\/index.php\/wp-json\/wp\/v2\/categories?post=1026"},{"taxonomy":"post_tag","embeddable":true,"href":"https:\/\/narteks.net\/index.php\/wp-json\/wp\/v2\/tags?post=1026"}],"curies":[{"name":"wp","href":"https:\/\/api.w.org\/{rel}","templated":true}]}}