{"id":1035,"date":"2009-11-05T11:45:39","date_gmt":"2009-11-05T08:45:39","guid":{"rendered":"http:\/\/localhost\/wordpress\/2009\/11\/05\/kulagimiz-kiriste\/"},"modified":"2009-11-05T11:45:39","modified_gmt":"2009-11-05T08:45:39","slug":"kulagimiz-kiriste","status":"publish","type":"post","link":"https:\/\/narteks.net\/index.php\/2009\/11\/05\/kulagimiz-kiriste\/","title":{"rendered":"KULA\u011eIMIZ K\u0130R\u0130\u015eTE"},"content":{"rendered":"<p>\u00a0<\/p>\n<p>Ya\u015fl\u0131lar ad\u0131na konu\u015fman\u0131n tam zaman\u0131<br \/> K\u00fct\u00fckte ya\u015f\u0131 yetmi\u015flerin aras\u0131nday\u0131m.<br \/> Bir tekerlemenin \u00e7a\u011fr\u0131\u015f\u0131m\u0131nda<br \/> \u0130nan\u0131vermeyin i\u015fimin bitti\u011fine.<br \/> Ne var ki dertlerimiz tasalar\u0131m\u0131z art\u0131yor,<br \/> Ya\u015f ilerledik\u00e7e.<\/p>\n<p>Biz ya\u015fl\u0131lar t\u00fcrl\u00fc nedenlerden<br \/> Ku\u015flarla birlikte uyanmak zorunday\u0131z<br \/> Saks\u0131dak\u0131 karanfil bak\u0131m ister.<br \/> T\u00fcm \u00e7i\u00e7ekler, a\u011fa\u00e7lar, parklar,<br \/> Yollar kopr\u00fcler bak\u0131m ister.<br \/> Bal\u0131k\u00e7\u0131 bar\u0131na\u011f\u0131, bar\u0131naktaki gemiler,<br \/> G\u00fcn do\u011fmadan deniz fenerimiz,<br \/> K\u0131y\u0131lar\u0131m\u0131z, g\u00f6ky\u00fcz\u00fc, bulutlar,<br \/> Bir u\u00e7tan bir uca esen r\u00fczgar,<br \/> B\u00fct\u00fcn g\u00fcn g\u00f6z\u00fcm\u00fcz \u00fczerlerinde olmal\u0131.<\/p>\n<p>Bu arada torun torba \u00e7ocuklar\u0131m\u0131z<br \/> Mart\u0131larla birlikte \u00e7o\u011falan&#8230;<br \/> Onlar da bak\u0131m ister ku\u015fkusuz.<br \/> Erken de kalksak alaca karanl\u0131kta<br \/> Hangi birine yeti\u015febiliriz ki&#8230;<\/p>\n<p>Biz ya\u015fl\u0131lar i\u00e7in en \u00f6nemlisi<br \/> Kuzeyden esen nemli r\u00fczgarlar,<br \/> Karayel de \u00f6nemli, g\u00fcndo\u011frusu da.<br \/> Raporlar yaz\u0131lmal\u0131, hava raporlar\u0131,<br \/> So\u011fuk s\u0131cak t\u00fcm dalgalar, ak\u0131mlar,<br \/> Al\u00e7ak bas\u0131n\u00e7 radyolarda, y\u00fcksek bas\u0131n\u00e7,<br \/> Guneyden esen yellerle birlikte<br \/> Sisli puslu havalarda durulmal\u0131.<\/p>\n<p>Ya\u015fland\u0131kca az\u0131yor romatizmalar\u0131m\u0131z,<br \/> Bir g\u00fcn\u00fcm\u00fcz bir g\u00fcn\u00fcm\u00fcze uymuyor,<br \/> Art\u0131yor a\u011fr\u0131lar\u0131m\u0131z, s\u0131z\u0131lar\u0131m\u0131z,<br \/> Kap\u0131y\u0131 kim vuracak belli olmaz,<br \/> Kula\u011f\u0131m\u0131z kiri\u015fte olmal\u0131<\/p>\n<p>Rifat ILGAZ<\/p>\n","protected":false},"excerpt":{"rendered":"<p>\u00a0 Ya\u015fl\u0131lar ad\u0131na konu\u015fman\u0131n tam zaman\u0131 K\u00fct\u00fckte ya\u015f\u0131 yetmi\u015flerin aras\u0131nday\u0131m. Bir tekerlemenin \u00e7a\u011fr\u0131\u015f\u0131m\u0131nda \u0130nan\u0131vermeyin i\u015fimin bitti\u011fine. Ne var ki dertlerimiz tasalar\u0131m\u0131z art\u0131yor, Ya\u015f ilerledik\u00e7e. Biz ya\u015fl\u0131lar t\u00fcrl\u00fc nedenlerden Ku\u015flarla birlikte uyanmak zorunday\u0131z Saks\u0131dak\u0131 karanfil bak\u0131m ister. T\u00fcm \u00e7i\u00e7ekler, a\u011fa\u00e7lar, parklar, Yollar kopr\u00fcler bak\u0131m ister. Bal\u0131k\u00e7\u0131 bar\u0131na\u011f\u0131, bar\u0131naktaki gemiler, G\u00fcn do\u011fmadan deniz fenerimiz, K\u0131y\u0131lar\u0131m\u0131z, g\u00f6ky\u00fcz\u00fc, bulutlar, [&hellip;]<\/p>\n","protected":false},"author":1,"featured_media":0,"comment_status":"open","ping_status":"open","sticky":false,"template":"","format":"standard","meta":{"footnotes":""},"categories":[30],"tags":[],"class_list":{"0":"post-1035","1":"post","2":"type-post","3":"status-publish","4":"format-standard","6":"category-rifat-ilgaz"},"yoast_head":"<!-- This site is optimized with the Yoast SEO Premium plugin v24.9 (Yoast SEO v24.9) - https:\/\/yoast.com\/wordpress\/plugins\/seo\/ -->\n<title>KULA\u011eIMIZ K\u0130R\u0130\u015eTE - narteks.net<\/title>\n<meta name=\"robots\" content=\"index, follow, max-snippet:-1, max-image-preview:large, max-video-preview:-1\" \/>\n<link rel=\"canonical\" href=\"https:\/\/narteks.net\/index.php\/2009\/11\/05\/kulagimiz-kiriste\/\" \/>\n<meta property=\"og:locale\" content=\"tr_TR\" \/>\n<meta property=\"og:type\" content=\"article\" \/>\n<meta property=\"og:title\" content=\"KULA\u011eIMIZ K\u0130R\u0130\u015eTE\" \/>\n<meta property=\"og:description\" content=\"\u00a0 Ya\u015fl\u0131lar ad\u0131na konu\u015fman\u0131n tam zaman\u0131 K\u00fct\u00fckte ya\u015f\u0131 yetmi\u015flerin aras\u0131nday\u0131m. Bir tekerlemenin \u00e7a\u011fr\u0131\u015f\u0131m\u0131nda \u0130nan\u0131vermeyin i\u015fimin bitti\u011fine. Ne var ki dertlerimiz tasalar\u0131m\u0131z art\u0131yor, Ya\u015f ilerledik\u00e7e. Biz ya\u015fl\u0131lar t\u00fcrl\u00fc nedenlerden Ku\u015flarla birlikte uyanmak zorunday\u0131z Saks\u0131dak\u0131 karanfil bak\u0131m ister. T\u00fcm \u00e7i\u00e7ekler, a\u011fa\u00e7lar, parklar, Yollar kopr\u00fcler bak\u0131m ister. Bal\u0131k\u00e7\u0131 bar\u0131na\u011f\u0131, bar\u0131naktaki gemiler, G\u00fcn do\u011fmadan deniz fenerimiz, K\u0131y\u0131lar\u0131m\u0131z, g\u00f6ky\u00fcz\u00fc, bulutlar, [&hellip;]\" \/>\n<meta property=\"og:url\" content=\"https:\/\/narteks.net\/index.php\/2009\/11\/05\/kulagimiz-kiriste\/\" \/>\n<meta property=\"og:site_name\" content=\"narteks.net\" \/>\n<meta property=\"article:published_time\" content=\"2009-11-05T08:45:39+00:00\" \/>\n<meta property=\"og:image\" content=\"https:\/\/narteks.net\/wp-content\/uploads\/narteks.png\" \/>\n\t<meta property=\"og:image:width\" content=\"300\" \/>\n\t<meta property=\"og:image:height\" content=\"90\" \/>\n\t<meta property=\"og:image:type\" content=\"image\/png\" \/>\n<meta name=\"author\" content=\"Tar\u0131k\" \/>\n<meta name=\"twitter:card\" content=\"summary_large_image\" \/>\n<meta name=\"twitter:creator\" content=\"@narteks\" \/>\n<meta name=\"twitter:site\" content=\"@narteks\" \/>\n<meta name=\"twitter:label1\" content=\"Yazan:\" \/>\n\t<meta name=\"twitter:data1\" content=\"Tar\u0131k\" \/>\n\t<meta name=\"twitter:label2\" content=\"Tahmini okuma s\u00fcresi\" \/>\n\t<meta name=\"twitter:data2\" content=\"1 dakika\" \/>\n<script type=\"application\/ld+json\" class=\"yoast-schema-graph\">{\"@context\":\"https:\/\/schema.org\",\"@graph\":[{\"@type\":\"Article\",\"@id\":\"https:\/\/narteks.net\/index.php\/2009\/11\/05\/kulagimiz-kiriste\/#article\",\"isPartOf\":{\"@id\":\"https:\/\/narteks.net\/index.php\/2009\/11\/05\/kulagimiz-kiriste\/\"},\"author\":{\"name\":\"Tar\u0131k\",\"@id\":\"https:\/\/narteks.net\/#\/schema\/person\/61f37d9834294b72d31d274e7ed79bca\"},\"headline\":\"KULA\u011eIMIZ K\u0130R\u0130\u015eTE\",\"datePublished\":\"2009-11-05T08:45:39+00:00\",\"mainEntityOfPage\":{\"@id\":\"https:\/\/narteks.net\/index.php\/2009\/11\/05\/kulagimiz-kiriste\/\"},\"wordCount\":248,\"commentCount\":0,\"publisher\":{\"@id\":\"https:\/\/narteks.net\/#organization\"},\"articleSection\":[\"Rifat ILGAZ\"],\"inLanguage\":\"tr\",\"potentialAction\":[{\"@type\":\"CommentAction\",\"name\":\"Comment\",\"target\":[\"https:\/\/narteks.net\/index.php\/2009\/11\/05\/kulagimiz-kiriste\/#respond\"]}]},{\"@type\":\"WebPage\",\"@id\":\"https:\/\/narteks.net\/index.php\/2009\/11\/05\/kulagimiz-kiriste\/\",\"url\":\"https:\/\/narteks.net\/index.php\/2009\/11\/05\/kulagimiz-kiriste\/\",\"name\":\"KULA\u011eIMIZ K\u0130R\u0130\u015eTE - narteks.net\",\"isPartOf\":{\"@id\":\"https:\/\/narteks.net\/#website\"},\"datePublished\":\"2009-11-05T08:45:39+00:00\",\"breadcrumb\":{\"@id\":\"https:\/\/narteks.net\/index.php\/2009\/11\/05\/kulagimiz-kiriste\/#breadcrumb\"},\"inLanguage\":\"tr\",\"potentialAction\":[{\"@type\":\"ReadAction\",\"target\":[\"https:\/\/narteks.net\/index.php\/2009\/11\/05\/kulagimiz-kiriste\/\"]}]},{\"@type\":\"BreadcrumbList\",\"@id\":\"https:\/\/narteks.net\/index.php\/2009\/11\/05\/kulagimiz-kiriste\/#breadcrumb\",\"itemListElement\":[{\"@type\":\"ListItem\",\"position\":1,\"name\":\"Anasayfa\",\"item\":\"https:\/\/narteks.net\/\"},{\"@type\":\"ListItem\",\"position\":2,\"name\":\"KULA\u011eIMIZ K\u0130R\u0130\u015eTE\"}]},{\"@type\":\"WebSite\",\"@id\":\"https:\/\/narteks.net\/#website\",\"url\":\"https:\/\/narteks.net\/\",\"name\":\"narteks.net\",\"description\":\"K\u00fclt\u00fcr Sanat Edebiyat Felsefe\",\"publisher\":{\"@id\":\"https:\/\/narteks.net\/#organization\"},\"alternateName\":\"K\u00fclt\u00fcr Sanat Edebiyat Felsefe\",\"potentialAction\":[{\"@type\":\"SearchAction\",\"target\":{\"@type\":\"EntryPoint\",\"urlTemplate\":\"https:\/\/narteks.net\/?s={search_term_string}\"},\"query-input\":{\"@type\":\"PropertyValueSpecification\",\"valueRequired\":true,\"valueName\":\"search_term_string\"}}],\"inLanguage\":\"tr\"},{\"@type\":\"Organization\",\"@id\":\"https:\/\/narteks.net\/#organization\",\"name\":\"narteks.net\",\"url\":\"https:\/\/narteks.net\/\",\"logo\":{\"@type\":\"ImageObject\",\"inLanguage\":\"tr\",\"@id\":\"https:\/\/narteks.net\/#\/schema\/logo\/image\/\",\"url\":\"https:\/\/narteks.net\/wp-content\/uploads\/narteks.png\",\"contentUrl\":\"https:\/\/narteks.net\/wp-content\/uploads\/narteks.png\",\"width\":300,\"height\":90,\"caption\":\"narteks.net\"},\"image\":{\"@id\":\"https:\/\/narteks.net\/#\/schema\/logo\/image\/\"},\"sameAs\":[\"https:\/\/x.com\/narteks\",\"https:\/\/instagram.com\/narteksnet\"]},{\"@type\":\"Person\",\"@id\":\"https:\/\/narteks.net\/#\/schema\/person\/61f37d9834294b72d31d274e7ed79bca\",\"name\":\"Tar\u0131k\",\"image\":{\"@type\":\"ImageObject\",\"inLanguage\":\"tr\",\"@id\":\"https:\/\/narteks.net\/#\/schema\/person\/image\/\",\"url\":\"https:\/\/secure.gravatar.com\/avatar\/50865afb55632c4ae467e0af0930f6510aa2297d8014be502a55b14f3b7550cf?s=96&d=mm&r=g\",\"contentUrl\":\"https:\/\/secure.gravatar.com\/avatar\/50865afb55632c4ae467e0af0930f6510aa2297d8014be502a55b14f3b7550cf?s=96&d=mm&r=g\",\"caption\":\"Tar\u0131k\"},\"sameAs\":[\"http:\/\/narteks.net\"],\"url\":\"https:\/\/narteks.net\/index.php\/author\/narbak\/\"}]}<\/script>\n<!-- \/ Yoast SEO Premium plugin. -->","yoast_head_json":{"title":"KULA\u011eIMIZ K\u0130R\u0130\u015eTE - narteks.net","robots":{"index":"index","follow":"follow","max-snippet":"max-snippet:-1","max-image-preview":"max-image-preview:large","max-video-preview":"max-video-preview:-1"},"canonical":"https:\/\/narteks.net\/index.php\/2009\/11\/05\/kulagimiz-kiriste\/","og_locale":"tr_TR","og_type":"article","og_title":"KULA\u011eIMIZ K\u0130R\u0130\u015eTE","og_description":"\u00a0 Ya\u015fl\u0131lar ad\u0131na konu\u015fman\u0131n tam zaman\u0131 K\u00fct\u00fckte ya\u015f\u0131 yetmi\u015flerin aras\u0131nday\u0131m. Bir tekerlemenin \u00e7a\u011fr\u0131\u015f\u0131m\u0131nda \u0130nan\u0131vermeyin i\u015fimin bitti\u011fine. Ne var ki dertlerimiz tasalar\u0131m\u0131z art\u0131yor, Ya\u015f ilerledik\u00e7e. Biz ya\u015fl\u0131lar t\u00fcrl\u00fc nedenlerden Ku\u015flarla birlikte uyanmak zorunday\u0131z Saks\u0131dak\u0131 karanfil bak\u0131m ister. T\u00fcm \u00e7i\u00e7ekler, a\u011fa\u00e7lar, parklar, Yollar kopr\u00fcler bak\u0131m ister. Bal\u0131k\u00e7\u0131 bar\u0131na\u011f\u0131, bar\u0131naktaki gemiler, G\u00fcn do\u011fmadan deniz fenerimiz, K\u0131y\u0131lar\u0131m\u0131z, g\u00f6ky\u00fcz\u00fc, bulutlar, [&hellip;]","og_url":"https:\/\/narteks.net\/index.php\/2009\/11\/05\/kulagimiz-kiriste\/","og_site_name":"narteks.net","article_published_time":"2009-11-05T08:45:39+00:00","og_image":[{"width":300,"height":90,"url":"https:\/\/narteks.net\/wp-content\/uploads\/narteks.png","type":"image\/png"}],"author":"Tar\u0131k","twitter_card":"summary_large_image","twitter_creator":"@narteks","twitter_site":"@narteks","twitter_misc":{"Yazan:":"Tar\u0131k","Tahmini okuma s\u00fcresi":"1 dakika"},"schema":{"@context":"https:\/\/schema.org","@graph":[{"@type":"Article","@id":"https:\/\/narteks.net\/index.php\/2009\/11\/05\/kulagimiz-kiriste\/#article","isPartOf":{"@id":"https:\/\/narteks.net\/index.php\/2009\/11\/05\/kulagimiz-kiriste\/"},"author":{"name":"Tar\u0131k","@id":"https:\/\/narteks.net\/#\/schema\/person\/61f37d9834294b72d31d274e7ed79bca"},"headline":"KULA\u011eIMIZ K\u0130R\u0130\u015eTE","datePublished":"2009-11-05T08:45:39+00:00","mainEntityOfPage":{"@id":"https:\/\/narteks.net\/index.php\/2009\/11\/05\/kulagimiz-kiriste\/"},"wordCount":248,"commentCount":0,"publisher":{"@id":"https:\/\/narteks.net\/#organization"},"articleSection":["Rifat ILGAZ"],"inLanguage":"tr","potentialAction":[{"@type":"CommentAction","name":"Comment","target":["https:\/\/narteks.net\/index.php\/2009\/11\/05\/kulagimiz-kiriste\/#respond"]}]},{"@type":"WebPage","@id":"https:\/\/narteks.net\/index.php\/2009\/11\/05\/kulagimiz-kiriste\/","url":"https:\/\/narteks.net\/index.php\/2009\/11\/05\/kulagimiz-kiriste\/","name":"KULA\u011eIMIZ K\u0130R\u0130\u015eTE - narteks.net","isPartOf":{"@id":"https:\/\/narteks.net\/#website"},"datePublished":"2009-11-05T08:45:39+00:00","breadcrumb":{"@id":"https:\/\/narteks.net\/index.php\/2009\/11\/05\/kulagimiz-kiriste\/#breadcrumb"},"inLanguage":"tr","potentialAction":[{"@type":"ReadAction","target":["https:\/\/narteks.net\/index.php\/2009\/11\/05\/kulagimiz-kiriste\/"]}]},{"@type":"BreadcrumbList","@id":"https:\/\/narteks.net\/index.php\/2009\/11\/05\/kulagimiz-kiriste\/#breadcrumb","itemListElement":[{"@type":"ListItem","position":1,"name":"Anasayfa","item":"https:\/\/narteks.net\/"},{"@type":"ListItem","position":2,"name":"KULA\u011eIMIZ K\u0130R\u0130\u015eTE"}]},{"@type":"WebSite","@id":"https:\/\/narteks.net\/#website","url":"https:\/\/narteks.net\/","name":"narteks.net","description":"K\u00fclt\u00fcr Sanat Edebiyat Felsefe","publisher":{"@id":"https:\/\/narteks.net\/#organization"},"alternateName":"K\u00fclt\u00fcr Sanat Edebiyat Felsefe","potentialAction":[{"@type":"SearchAction","target":{"@type":"EntryPoint","urlTemplate":"https:\/\/narteks.net\/?s={search_term_string}"},"query-input":{"@type":"PropertyValueSpecification","valueRequired":true,"valueName":"search_term_string"}}],"inLanguage":"tr"},{"@type":"Organization","@id":"https:\/\/narteks.net\/#organization","name":"narteks.net","url":"https:\/\/narteks.net\/","logo":{"@type":"ImageObject","inLanguage":"tr","@id":"https:\/\/narteks.net\/#\/schema\/logo\/image\/","url":"https:\/\/narteks.net\/wp-content\/uploads\/narteks.png","contentUrl":"https:\/\/narteks.net\/wp-content\/uploads\/narteks.png","width":300,"height":90,"caption":"narteks.net"},"image":{"@id":"https:\/\/narteks.net\/#\/schema\/logo\/image\/"},"sameAs":["https:\/\/x.com\/narteks","https:\/\/instagram.com\/narteksnet"]},{"@type":"Person","@id":"https:\/\/narteks.net\/#\/schema\/person\/61f37d9834294b72d31d274e7ed79bca","name":"Tar\u0131k","image":{"@type":"ImageObject","inLanguage":"tr","@id":"https:\/\/narteks.net\/#\/schema\/person\/image\/","url":"https:\/\/secure.gravatar.com\/avatar\/50865afb55632c4ae467e0af0930f6510aa2297d8014be502a55b14f3b7550cf?s=96&d=mm&r=g","contentUrl":"https:\/\/secure.gravatar.com\/avatar\/50865afb55632c4ae467e0af0930f6510aa2297d8014be502a55b14f3b7550cf?s=96&d=mm&r=g","caption":"Tar\u0131k"},"sameAs":["http:\/\/narteks.net"],"url":"https:\/\/narteks.net\/index.php\/author\/narbak\/"}]}},"_links":{"self":[{"href":"https:\/\/narteks.net\/index.php\/wp-json\/wp\/v2\/posts\/1035","targetHints":{"allow":["GET"]}}],"collection":[{"href":"https:\/\/narteks.net\/index.php\/wp-json\/wp\/v2\/posts"}],"about":[{"href":"https:\/\/narteks.net\/index.php\/wp-json\/wp\/v2\/types\/post"}],"author":[{"embeddable":true,"href":"https:\/\/narteks.net\/index.php\/wp-json\/wp\/v2\/users\/1"}],"replies":[{"embeddable":true,"href":"https:\/\/narteks.net\/index.php\/wp-json\/wp\/v2\/comments?post=1035"}],"version-history":[{"count":0,"href":"https:\/\/narteks.net\/index.php\/wp-json\/wp\/v2\/posts\/1035\/revisions"}],"wp:attachment":[{"href":"https:\/\/narteks.net\/index.php\/wp-json\/wp\/v2\/media?parent=1035"}],"wp:term":[{"taxonomy":"category","embeddable":true,"href":"https:\/\/narteks.net\/index.php\/wp-json\/wp\/v2\/categories?post=1035"},{"taxonomy":"post_tag","embeddable":true,"href":"https:\/\/narteks.net\/index.php\/wp-json\/wp\/v2\/tags?post=1035"}],"curies":[{"name":"wp","href":"https:\/\/api.w.org\/{rel}","templated":true}]}}