{"id":1039,"date":"2009-11-05T11:48:09","date_gmt":"2009-11-05T08:48:09","guid":{"rendered":"http:\/\/localhost\/wordpress\/2009\/11\/05\/parmakligin-otesinden\/"},"modified":"2009-11-05T11:48:09","modified_gmt":"2009-11-05T08:48:09","slug":"parmakligin-otesinden","status":"publish","type":"post","link":"https:\/\/narteks.net\/index.php\/2009\/11\/05\/parmakligin-otesinden\/","title":{"rendered":"PARMAKLI\u011eIN \u00d6TES\u0130NDEN"},"content":{"rendered":"<p>\u00a0<\/p>\n<p>Bu sefer bayra\u011f\u0131n\u0131 \u00e7ekmi\u015f vapur<br \/> Bizim Karadeniz\u00b4e gider.<br \/> Beni al\u0131p g\u00f6t\u00fcrmese de,<br \/> Al\u0131r, d\u00fc\u015f\u00fcncemi \u00e7ocuklu\u011fuma g\u00f6t\u00fcr\u00fcr,<br \/> \u00c7ocuklu\u011fumun memleketine.<br \/> K\u0131y\u0131c\u0131\u011f\u0131nda do\u011fmu\u015fum Kastamonu\u00b4nun<br \/> Fener fener bilirim Karadeniz\u00b4i.<br \/> Kahr\u0131n\u0131 \u00e7ekmi\u015fim y\u0131ld\u0131z\u0131n\u0131n, poyraz\u0131n\u0131n,<br \/> Ecel terleri d\u00f6km\u00fc\u015f\u00fcm karayelinde.<br \/> Kim bilir ne haldedir,<br \/> Benim frengisiyle me\u015fhur memleketim,<br \/> \u015eimdi ne halde ?<br \/> Ekmekleri m\u0131s\u0131r bazlamas\u0131 m\u0131,<br \/> Bulgurlu mancar m\u0131 h\u00e2l\u00e2 bayram yemekleri ?<br \/> \u00c7ok s\u0131k\u0131nt\u0131 \u00e7ektik Seferberlik\u00b4te,<br \/> \u00c7ok m\u0131s\u0131r ko\u00e7an\u0131 yedik, vesikal\u0131;<br \/> Bu sefer de vesikasiz yemi\u015fler,<br \/> Gazs\u0131z, sabunsuz kalm\u0131\u015flar.<br \/> Kim gider, kim sorar hallerini ?<br \/> Bilirim ne vapurun b\u00fcy\u00fckleri u\u011frar,<br \/> Ne insanlar\u0131n b\u00fcy\u00fckleri;<br \/> Memurlar gelir ufak tefek,<br \/> B\u00fcy\u00fcy\u00fcnce giderler.<br \/> Bal\u0131klardan bile hamsiler vurur,<br \/> Vursa vursa karaya.<\/p>\n<p>G\u00f6remedik s\u0131k\u0131nt\u0131s\u0131z ya\u015fand\u0131\u011f\u0131n\u0131,<br \/> Rahat\u0131n \u015fiirini yazamad\u0131k,<br \/> Ne kadar uzak<br \/> Heveslerimle i\u00e7li di\u015fli ya\u015famak,<br \/> \u00dczmek hastal\u0131kl\u0131 \u015fiirlerle<br \/> E\u015fimi, dostumu;<br \/> Mezar ta\u015flar\u0131 kadar, \u00f6l\u00e7\u00fcl\u00fc<br \/> Beyitler d\u00fczmek boy boy.<br \/> \u0130\u00e7liyimdir herkes kadar,<br \/> D\u00fc\u015f\u00fcnd\u00fcr\u00fcr beni de \u015fu g\u00f6ky\u00fcz\u00fc,<br \/> Ku\u015f c\u0131v\u0131lt\u0131s\u0131, nar \u00e7i\u00e7egi&#8230;<br \/> Ge\u00e7tik bir kalem \u00fczerinden.<br \/> Huyumdan ettiniz, Cibali K\u0131zlar\u0131,<br \/> Sekiz d\u00fc\u011f\u00fcn\u00fcnden \u00f6nce<br \/> Penceremin alt\u0131ndan ge\u00e7enler,<br \/> Sa\u00e7lar\u0131 da\u011f\u0131n\u0131k, g\u00f6zleri uykulu,<br \/> \u00c7oraba, t\u00fct\u00fcne gidenler,<br \/> Beni huyumdan ettiniz!<br \/> Yorgun g\u00f6zlerinizdeki ac\u0131y\u0131<br \/> Dert edindim kendime.<br \/> Sa\u00e7lar\u0131n\u0131 tezgah\u0131na yolduranlar\u0131,<br \/> S\u0131tma gebesi tazeleri g\u00f6rmeseydim,<br \/> Bo\u015funa harcayacakt\u0131m sevgimi.<br \/> \u015eimdi \u015fu parmakl\u0131\u011f\u0131n \u00f6tesinde kald\u0131<br \/> B\u00fct\u00fcn \u00e7al\u0131\u015fanlar;<br \/> Teker teker s\u00f6k\u00fclm\u00fc\u015f\u00fcz topra\u011f\u0131m\u0131zdan,<br \/> Havam\u0131zdan, suyumuzdan olmu\u015fuz.<br \/> Ya\u015famaktay\u0131z ayn\u0131 \u00e7at\u0131n\u0131n alt\u0131nda<br \/> Daha mahzun, daha hesapl\u0131.<br \/> Rahat g\u00fcnlerin i\u015f\u00e7isi olacakt\u0131k,<br \/> Rahat g\u00fcnlerin \u015fairi:<br \/> Bir \u00e7ift s\u00f6z\u00fcm\u00fcz vard\u0131<br \/> Nar \u00e7i\u00e7e\u011fi, g\u00fcl dal\u0131 \u00fcst\u00fcne,<br \/> Dudaklar\u0131m\u0131zda kald\u0131!<\/p>\n<p>Rifat ILGAZ<\/p>\n","protected":false},"excerpt":{"rendered":"<p>\u00a0 Bu sefer bayra\u011f\u0131n\u0131 \u00e7ekmi\u015f vapur Bizim Karadeniz\u00b4e gider. Beni al\u0131p g\u00f6t\u00fcrmese de, Al\u0131r, d\u00fc\u015f\u00fcncemi \u00e7ocuklu\u011fuma g\u00f6t\u00fcr\u00fcr, \u00c7ocuklu\u011fumun memleketine. K\u0131y\u0131c\u0131\u011f\u0131nda do\u011fmu\u015fum Kastamonu\u00b4nun Fener fener bilirim Karadeniz\u00b4i. Kahr\u0131n\u0131 \u00e7ekmi\u015fim y\u0131ld\u0131z\u0131n\u0131n, poyraz\u0131n\u0131n, Ecel terleri d\u00f6km\u00fc\u015f\u00fcm karayelinde. Kim bilir ne haldedir, Benim frengisiyle me\u015fhur memleketim, \u015eimdi ne halde ? Ekmekleri m\u0131s\u0131r bazlamas\u0131 m\u0131, Bulgurlu mancar m\u0131 h\u00e2l\u00e2 bayram [&hellip;]<\/p>\n","protected":false},"author":1,"featured_media":0,"comment_status":"open","ping_status":"open","sticky":false,"template":"","format":"standard","meta":{"footnotes":""},"categories":[30],"tags":[],"class_list":{"0":"post-1039","1":"post","2":"type-post","3":"status-publish","4":"format-standard","6":"category-rifat-ilgaz"},"yoast_head":"<!-- This site is optimized with the Yoast SEO Premium plugin v24.9 (Yoast SEO v24.9) - https:\/\/yoast.com\/wordpress\/plugins\/seo\/ -->\n<title>PARMAKLI\u011eIN \u00d6TES\u0130NDEN - narteks.net<\/title>\n<meta name=\"robots\" content=\"index, follow, max-snippet:-1, max-image-preview:large, max-video-preview:-1\" \/>\n<link rel=\"canonical\" href=\"https:\/\/narteks.net\/index.php\/2009\/11\/05\/parmakligin-otesinden\/\" \/>\n<meta property=\"og:locale\" content=\"tr_TR\" \/>\n<meta property=\"og:type\" content=\"article\" \/>\n<meta property=\"og:title\" content=\"PARMAKLI\u011eIN \u00d6TES\u0130NDEN\" \/>\n<meta property=\"og:description\" content=\"\u00a0 Bu sefer bayra\u011f\u0131n\u0131 \u00e7ekmi\u015f vapur Bizim Karadeniz\u00b4e gider. Beni al\u0131p g\u00f6t\u00fcrmese de, Al\u0131r, d\u00fc\u015f\u00fcncemi \u00e7ocuklu\u011fuma g\u00f6t\u00fcr\u00fcr, \u00c7ocuklu\u011fumun memleketine. K\u0131y\u0131c\u0131\u011f\u0131nda do\u011fmu\u015fum Kastamonu\u00b4nun Fener fener bilirim Karadeniz\u00b4i. Kahr\u0131n\u0131 \u00e7ekmi\u015fim y\u0131ld\u0131z\u0131n\u0131n, poyraz\u0131n\u0131n, Ecel terleri d\u00f6km\u00fc\u015f\u00fcm karayelinde. Kim bilir ne haldedir, Benim frengisiyle me\u015fhur memleketim, \u015eimdi ne halde ? Ekmekleri m\u0131s\u0131r bazlamas\u0131 m\u0131, Bulgurlu mancar m\u0131 h\u00e2l\u00e2 bayram [&hellip;]\" \/>\n<meta property=\"og:url\" content=\"https:\/\/narteks.net\/index.php\/2009\/11\/05\/parmakligin-otesinden\/\" \/>\n<meta property=\"og:site_name\" content=\"narteks.net\" \/>\n<meta property=\"article:published_time\" content=\"2009-11-05T08:48:09+00:00\" \/>\n<meta property=\"og:image\" content=\"https:\/\/narteks.net\/wp-content\/uploads\/narteks.png\" \/>\n\t<meta property=\"og:image:width\" content=\"300\" \/>\n\t<meta property=\"og:image:height\" content=\"90\" \/>\n\t<meta property=\"og:image:type\" content=\"image\/png\" \/>\n<meta name=\"author\" content=\"Tar\u0131k\" \/>\n<meta name=\"twitter:card\" content=\"summary_large_image\" \/>\n<meta name=\"twitter:creator\" content=\"@narteks\" \/>\n<meta name=\"twitter:site\" content=\"@narteks\" \/>\n<meta name=\"twitter:label1\" content=\"Yazan:\" \/>\n\t<meta name=\"twitter:data1\" content=\"Tar\u0131k\" \/>\n\t<meta name=\"twitter:label2\" content=\"Tahmini okuma s\u00fcresi\" \/>\n\t<meta name=\"twitter:data2\" content=\"2 dakika\" \/>\n<script type=\"application\/ld+json\" class=\"yoast-schema-graph\">{\"@context\":\"https:\/\/schema.org\",\"@graph\":[{\"@type\":\"Article\",\"@id\":\"https:\/\/narteks.net\/index.php\/2009\/11\/05\/parmakligin-otesinden\/#article\",\"isPartOf\":{\"@id\":\"https:\/\/narteks.net\/index.php\/2009\/11\/05\/parmakligin-otesinden\/\"},\"author\":{\"name\":\"Tar\u0131k\",\"@id\":\"https:\/\/narteks.net\/#\/schema\/person\/61f37d9834294b72d31d274e7ed79bca\"},\"headline\":\"PARMAKLI\u011eIN \u00d6TES\u0130NDEN\",\"datePublished\":\"2009-11-05T08:48:09+00:00\",\"mainEntityOfPage\":{\"@id\":\"https:\/\/narteks.net\/index.php\/2009\/11\/05\/parmakligin-otesinden\/\"},\"wordCount\":349,\"commentCount\":0,\"publisher\":{\"@id\":\"https:\/\/narteks.net\/#organization\"},\"articleSection\":[\"Rifat ILGAZ\"],\"inLanguage\":\"tr\",\"potentialAction\":[{\"@type\":\"CommentAction\",\"name\":\"Comment\",\"target\":[\"https:\/\/narteks.net\/index.php\/2009\/11\/05\/parmakligin-otesinden\/#respond\"]}]},{\"@type\":\"WebPage\",\"@id\":\"https:\/\/narteks.net\/index.php\/2009\/11\/05\/parmakligin-otesinden\/\",\"url\":\"https:\/\/narteks.net\/index.php\/2009\/11\/05\/parmakligin-otesinden\/\",\"name\":\"PARMAKLI\u011eIN \u00d6TES\u0130NDEN - narteks.net\",\"isPartOf\":{\"@id\":\"https:\/\/narteks.net\/#website\"},\"datePublished\":\"2009-11-05T08:48:09+00:00\",\"breadcrumb\":{\"@id\":\"https:\/\/narteks.net\/index.php\/2009\/11\/05\/parmakligin-otesinden\/#breadcrumb\"},\"inLanguage\":\"tr\",\"potentialAction\":[{\"@type\":\"ReadAction\",\"target\":[\"https:\/\/narteks.net\/index.php\/2009\/11\/05\/parmakligin-otesinden\/\"]}]},{\"@type\":\"BreadcrumbList\",\"@id\":\"https:\/\/narteks.net\/index.php\/2009\/11\/05\/parmakligin-otesinden\/#breadcrumb\",\"itemListElement\":[{\"@type\":\"ListItem\",\"position\":1,\"name\":\"Anasayfa\",\"item\":\"https:\/\/narteks.net\/\"},{\"@type\":\"ListItem\",\"position\":2,\"name\":\"PARMAKLI\u011eIN \u00d6TES\u0130NDEN\"}]},{\"@type\":\"WebSite\",\"@id\":\"https:\/\/narteks.net\/#website\",\"url\":\"https:\/\/narteks.net\/\",\"name\":\"narteks.net\",\"description\":\"K\u00fclt\u00fcr Sanat Edebiyat Felsefe\",\"publisher\":{\"@id\":\"https:\/\/narteks.net\/#organization\"},\"alternateName\":\"K\u00fclt\u00fcr Sanat Edebiyat Felsefe\",\"potentialAction\":[{\"@type\":\"SearchAction\",\"target\":{\"@type\":\"EntryPoint\",\"urlTemplate\":\"https:\/\/narteks.net\/?s={search_term_string}\"},\"query-input\":{\"@type\":\"PropertyValueSpecification\",\"valueRequired\":true,\"valueName\":\"search_term_string\"}}],\"inLanguage\":\"tr\"},{\"@type\":\"Organization\",\"@id\":\"https:\/\/narteks.net\/#organization\",\"name\":\"narteks.net\",\"url\":\"https:\/\/narteks.net\/\",\"logo\":{\"@type\":\"ImageObject\",\"inLanguage\":\"tr\",\"@id\":\"https:\/\/narteks.net\/#\/schema\/logo\/image\/\",\"url\":\"https:\/\/narteks.net\/wp-content\/uploads\/narteks.png\",\"contentUrl\":\"https:\/\/narteks.net\/wp-content\/uploads\/narteks.png\",\"width\":300,\"height\":90,\"caption\":\"narteks.net\"},\"image\":{\"@id\":\"https:\/\/narteks.net\/#\/schema\/logo\/image\/\"},\"sameAs\":[\"https:\/\/x.com\/narteks\",\"https:\/\/instagram.com\/narteksnet\"]},{\"@type\":\"Person\",\"@id\":\"https:\/\/narteks.net\/#\/schema\/person\/61f37d9834294b72d31d274e7ed79bca\",\"name\":\"Tar\u0131k\",\"image\":{\"@type\":\"ImageObject\",\"inLanguage\":\"tr\",\"@id\":\"https:\/\/narteks.net\/#\/schema\/person\/image\/\",\"url\":\"https:\/\/secure.gravatar.com\/avatar\/50865afb55632c4ae467e0af0930f6510aa2297d8014be502a55b14f3b7550cf?s=96&d=mm&r=g\",\"contentUrl\":\"https:\/\/secure.gravatar.com\/avatar\/50865afb55632c4ae467e0af0930f6510aa2297d8014be502a55b14f3b7550cf?s=96&d=mm&r=g\",\"caption\":\"Tar\u0131k\"},\"sameAs\":[\"http:\/\/narteks.net\"],\"url\":\"https:\/\/narteks.net\/index.php\/author\/narbak\/\"}]}<\/script>\n<!-- \/ Yoast SEO Premium plugin. -->","yoast_head_json":{"title":"PARMAKLI\u011eIN \u00d6TES\u0130NDEN - narteks.net","robots":{"index":"index","follow":"follow","max-snippet":"max-snippet:-1","max-image-preview":"max-image-preview:large","max-video-preview":"max-video-preview:-1"},"canonical":"https:\/\/narteks.net\/index.php\/2009\/11\/05\/parmakligin-otesinden\/","og_locale":"tr_TR","og_type":"article","og_title":"PARMAKLI\u011eIN \u00d6TES\u0130NDEN","og_description":"\u00a0 Bu sefer bayra\u011f\u0131n\u0131 \u00e7ekmi\u015f vapur Bizim Karadeniz\u00b4e gider. Beni al\u0131p g\u00f6t\u00fcrmese de, Al\u0131r, d\u00fc\u015f\u00fcncemi \u00e7ocuklu\u011fuma g\u00f6t\u00fcr\u00fcr, \u00c7ocuklu\u011fumun memleketine. K\u0131y\u0131c\u0131\u011f\u0131nda do\u011fmu\u015fum Kastamonu\u00b4nun Fener fener bilirim Karadeniz\u00b4i. Kahr\u0131n\u0131 \u00e7ekmi\u015fim y\u0131ld\u0131z\u0131n\u0131n, poyraz\u0131n\u0131n, Ecel terleri d\u00f6km\u00fc\u015f\u00fcm karayelinde. Kim bilir ne haldedir, Benim frengisiyle me\u015fhur memleketim, \u015eimdi ne halde ? Ekmekleri m\u0131s\u0131r bazlamas\u0131 m\u0131, Bulgurlu mancar m\u0131 h\u00e2l\u00e2 bayram [&hellip;]","og_url":"https:\/\/narteks.net\/index.php\/2009\/11\/05\/parmakligin-otesinden\/","og_site_name":"narteks.net","article_published_time":"2009-11-05T08:48:09+00:00","og_image":[{"width":300,"height":90,"url":"https:\/\/narteks.net\/wp-content\/uploads\/narteks.png","type":"image\/png"}],"author":"Tar\u0131k","twitter_card":"summary_large_image","twitter_creator":"@narteks","twitter_site":"@narteks","twitter_misc":{"Yazan:":"Tar\u0131k","Tahmini okuma s\u00fcresi":"2 dakika"},"schema":{"@context":"https:\/\/schema.org","@graph":[{"@type":"Article","@id":"https:\/\/narteks.net\/index.php\/2009\/11\/05\/parmakligin-otesinden\/#article","isPartOf":{"@id":"https:\/\/narteks.net\/index.php\/2009\/11\/05\/parmakligin-otesinden\/"},"author":{"name":"Tar\u0131k","@id":"https:\/\/narteks.net\/#\/schema\/person\/61f37d9834294b72d31d274e7ed79bca"},"headline":"PARMAKLI\u011eIN \u00d6TES\u0130NDEN","datePublished":"2009-11-05T08:48:09+00:00","mainEntityOfPage":{"@id":"https:\/\/narteks.net\/index.php\/2009\/11\/05\/parmakligin-otesinden\/"},"wordCount":349,"commentCount":0,"publisher":{"@id":"https:\/\/narteks.net\/#organization"},"articleSection":["Rifat ILGAZ"],"inLanguage":"tr","potentialAction":[{"@type":"CommentAction","name":"Comment","target":["https:\/\/narteks.net\/index.php\/2009\/11\/05\/parmakligin-otesinden\/#respond"]}]},{"@type":"WebPage","@id":"https:\/\/narteks.net\/index.php\/2009\/11\/05\/parmakligin-otesinden\/","url":"https:\/\/narteks.net\/index.php\/2009\/11\/05\/parmakligin-otesinden\/","name":"PARMAKLI\u011eIN \u00d6TES\u0130NDEN - narteks.net","isPartOf":{"@id":"https:\/\/narteks.net\/#website"},"datePublished":"2009-11-05T08:48:09+00:00","breadcrumb":{"@id":"https:\/\/narteks.net\/index.php\/2009\/11\/05\/parmakligin-otesinden\/#breadcrumb"},"inLanguage":"tr","potentialAction":[{"@type":"ReadAction","target":["https:\/\/narteks.net\/index.php\/2009\/11\/05\/parmakligin-otesinden\/"]}]},{"@type":"BreadcrumbList","@id":"https:\/\/narteks.net\/index.php\/2009\/11\/05\/parmakligin-otesinden\/#breadcrumb","itemListElement":[{"@type":"ListItem","position":1,"name":"Anasayfa","item":"https:\/\/narteks.net\/"},{"@type":"ListItem","position":2,"name":"PARMAKLI\u011eIN \u00d6TES\u0130NDEN"}]},{"@type":"WebSite","@id":"https:\/\/narteks.net\/#website","url":"https:\/\/narteks.net\/","name":"narteks.net","description":"K\u00fclt\u00fcr Sanat Edebiyat Felsefe","publisher":{"@id":"https:\/\/narteks.net\/#organization"},"alternateName":"K\u00fclt\u00fcr Sanat Edebiyat Felsefe","potentialAction":[{"@type":"SearchAction","target":{"@type":"EntryPoint","urlTemplate":"https:\/\/narteks.net\/?s={search_term_string}"},"query-input":{"@type":"PropertyValueSpecification","valueRequired":true,"valueName":"search_term_string"}}],"inLanguage":"tr"},{"@type":"Organization","@id":"https:\/\/narteks.net\/#organization","name":"narteks.net","url":"https:\/\/narteks.net\/","logo":{"@type":"ImageObject","inLanguage":"tr","@id":"https:\/\/narteks.net\/#\/schema\/logo\/image\/","url":"https:\/\/narteks.net\/wp-content\/uploads\/narteks.png","contentUrl":"https:\/\/narteks.net\/wp-content\/uploads\/narteks.png","width":300,"height":90,"caption":"narteks.net"},"image":{"@id":"https:\/\/narteks.net\/#\/schema\/logo\/image\/"},"sameAs":["https:\/\/x.com\/narteks","https:\/\/instagram.com\/narteksnet"]},{"@type":"Person","@id":"https:\/\/narteks.net\/#\/schema\/person\/61f37d9834294b72d31d274e7ed79bca","name":"Tar\u0131k","image":{"@type":"ImageObject","inLanguage":"tr","@id":"https:\/\/narteks.net\/#\/schema\/person\/image\/","url":"https:\/\/secure.gravatar.com\/avatar\/50865afb55632c4ae467e0af0930f6510aa2297d8014be502a55b14f3b7550cf?s=96&d=mm&r=g","contentUrl":"https:\/\/secure.gravatar.com\/avatar\/50865afb55632c4ae467e0af0930f6510aa2297d8014be502a55b14f3b7550cf?s=96&d=mm&r=g","caption":"Tar\u0131k"},"sameAs":["http:\/\/narteks.net"],"url":"https:\/\/narteks.net\/index.php\/author\/narbak\/"}]}},"_links":{"self":[{"href":"https:\/\/narteks.net\/index.php\/wp-json\/wp\/v2\/posts\/1039","targetHints":{"allow":["GET"]}}],"collection":[{"href":"https:\/\/narteks.net\/index.php\/wp-json\/wp\/v2\/posts"}],"about":[{"href":"https:\/\/narteks.net\/index.php\/wp-json\/wp\/v2\/types\/post"}],"author":[{"embeddable":true,"href":"https:\/\/narteks.net\/index.php\/wp-json\/wp\/v2\/users\/1"}],"replies":[{"embeddable":true,"href":"https:\/\/narteks.net\/index.php\/wp-json\/wp\/v2\/comments?post=1039"}],"version-history":[{"count":0,"href":"https:\/\/narteks.net\/index.php\/wp-json\/wp\/v2\/posts\/1039\/revisions"}],"wp:attachment":[{"href":"https:\/\/narteks.net\/index.php\/wp-json\/wp\/v2\/media?parent=1039"}],"wp:term":[{"taxonomy":"category","embeddable":true,"href":"https:\/\/narteks.net\/index.php\/wp-json\/wp\/v2\/categories?post=1039"},{"taxonomy":"post_tag","embeddable":true,"href":"https:\/\/narteks.net\/index.php\/wp-json\/wp\/v2\/tags?post=1039"}],"curies":[{"name":"wp","href":"https:\/\/api.w.org\/{rel}","templated":true}]}}