{"id":1040,"date":"2009-11-05T11:48:50","date_gmt":"2009-11-05T08:48:50","guid":{"rendered":"http:\/\/localhost\/wordpress\/2009\/11\/05\/remzi\/"},"modified":"2009-11-05T11:48:50","modified_gmt":"2009-11-05T08:48:50","slug":"remzi","status":"publish","type":"post","link":"https:\/\/narteks.net\/index.php\/2009\/11\/05\/remzi\/","title":{"rendered":"REMZ\u0130"},"content":{"rendered":"<p>\u00a0<\/p>\n<p>Ne soray\u0131m sana<br \/> Kulak dolgunlu\u011fu bellediklerini mi s\u00f6ylersin<br \/> Uyku sersemli\u011fi g\u00f6z gezdirdi\u011fin kitaptan<br \/> Akl\u0131nda kalanlar\u0131 m\u0131<br \/> \u00c7al\u0131smad\u0131n istedi\u011fim gibi<br \/> Ya kom\u015funun suyunu ta\u015f\u0131d\u0131n<br \/> Bekar \u00e7ama\u015f\u0131r\u0131 y\u0131karken annen<br \/> Ya da be\u015fi\u011fini sallad\u0131n karde\u015finin<br \/> Gaz yoktu belki bu gecelik<br \/> \u015ei\u015fesi \u00e7atlam\u0131\u015ft\u0131 lamban\u0131n<br \/> Kar\u015f\u0131l\u0131ks\u0131z kalacak sorular\u0131m demek<\/p>\n<p>Ama vakti gelince senden \u00f6\u011frenece\u011fim<br \/> Makarna verildigini karneyle<br \/> Bulgaryadan gelen k\u00f6m\u00fcr motorlar\u0131n\u0131n<br \/> Yana\u015ft\u0131\u011f\u0131n\u0131 Kumkap\u0131\u00b4ya<br \/> Kula\u011f\u0131na kar suyu ka\u00e7an toriklerin<br \/> Karaya vurdu\u011funu Bo\u011faz\u00b4da<br \/> Yaramasa da i\u015fimize, kahvenin<br \/> Ka\u00e7a s\u00fcr\u00fcld\u00fcg\u00fcn\u00fc el alt\u0131ndan<br \/> Yaz ortas\u0131nda bulursun<br \/> Hasta i\u00e7in olduktan sonra<br \/> Limonun en sulusunu<br \/> Mahalle k\u0131r\u0131l\u0131rken uyuzdan<br \/> Sen ta\u015f\u0131rs\u0131n k\u00fck\u00fcrt\u00fc<br \/> M\u0131s\u0131r \u00c7ar\u015f\u0131s\u0131\u00b4ndan<br \/> Kursa\u011f\u0131na girmese de bulursun<br \/> Yumurtan\u0131n en tazesini<\/p>\n<p>Her derdine ko\u015fars\u0131n mahallenin<br \/> \u0130nsafl\u0131s\u0131n\u0131 verem doktorunun<br \/> Di\u015f\u00e7inin en ucuzunu<br \/> Sen sal\u0131k verirsin kom\u015fulara<br \/> Bildiklerin de vard\u0131 fazladan<br \/> Kalayla \u00e7ivi \u00fczerine<br \/> Biraz daha kurcalarsam<br \/> D\u00f6kersin i\u00e7y\u00fcz\u00fcn\u00fc nalburlar\u0131n<\/p>\n<p>Benim bilgili becerikli \u00e7ocu\u011fum<br \/> Derse kalkt\u0131\u011f\u0131n zaman<br \/> Y\u00fcz\u00fcn\u00fcn k\u0131zarmas\u0131 neden<br \/> \u00dcstte ba\u015fta yok diye mi<br \/> Utanmak bize d\u00fc\u015fer \u00e7ocu\u011fum<br \/> \u00c7al\u0131\u015fmad\u0131\u011f\u0131n i\u00e7inse<br \/> Bildiklerin sana yeter<br \/> Notun \u00f6nceden verilmi\u015f<br \/> Bilmedi\u011fin \u015fah\u0131s zamirleri olsun<\/p>\n<p>Rifat ILGAZ<\/p>\n","protected":false},"excerpt":{"rendered":"<p>\u00a0 Ne soray\u0131m sana Kulak dolgunlu\u011fu bellediklerini mi s\u00f6ylersin Uyku sersemli\u011fi g\u00f6z gezdirdi\u011fin kitaptan Akl\u0131nda kalanlar\u0131 m\u0131 \u00c7al\u0131smad\u0131n istedi\u011fim gibi Ya kom\u015funun suyunu ta\u015f\u0131d\u0131n Bekar \u00e7ama\u015f\u0131r\u0131 y\u0131karken annen Ya da be\u015fi\u011fini sallad\u0131n karde\u015finin Gaz yoktu belki bu gecelik \u015ei\u015fesi \u00e7atlam\u0131\u015ft\u0131 lamban\u0131n Kar\u015f\u0131l\u0131ks\u0131z kalacak sorular\u0131m demek Ama vakti gelince senden \u00f6\u011frenece\u011fim Makarna verildigini karneyle Bulgaryadan gelen [&hellip;]<\/p>\n","protected":false},"author":1,"featured_media":0,"comment_status":"open","ping_status":"open","sticky":false,"template":"","format":"standard","meta":{"footnotes":""},"categories":[30],"tags":[],"class_list":{"0":"post-1040","1":"post","2":"type-post","3":"status-publish","4":"format-standard","6":"category-rifat-ilgaz"},"yoast_head":"<!-- This site is optimized with the Yoast SEO Premium plugin v24.9 (Yoast SEO v24.9) - https:\/\/yoast.com\/wordpress\/plugins\/seo\/ -->\n<title>REMZ\u0130 - narteks.net<\/title>\n<meta name=\"robots\" content=\"index, follow, max-snippet:-1, max-image-preview:large, max-video-preview:-1\" \/>\n<link rel=\"canonical\" href=\"https:\/\/narteks.net\/index.php\/2009\/11\/05\/remzi\/\" \/>\n<meta property=\"og:locale\" content=\"tr_TR\" \/>\n<meta property=\"og:type\" content=\"article\" \/>\n<meta property=\"og:title\" content=\"REMZ\u0130\" \/>\n<meta property=\"og:description\" content=\"\u00a0 Ne soray\u0131m sana Kulak dolgunlu\u011fu bellediklerini mi s\u00f6ylersin Uyku sersemli\u011fi g\u00f6z gezdirdi\u011fin kitaptan Akl\u0131nda kalanlar\u0131 m\u0131 \u00c7al\u0131smad\u0131n istedi\u011fim gibi Ya kom\u015funun suyunu ta\u015f\u0131d\u0131n Bekar \u00e7ama\u015f\u0131r\u0131 y\u0131karken annen Ya da be\u015fi\u011fini sallad\u0131n karde\u015finin Gaz yoktu belki bu gecelik \u015ei\u015fesi \u00e7atlam\u0131\u015ft\u0131 lamban\u0131n Kar\u015f\u0131l\u0131ks\u0131z kalacak sorular\u0131m demek Ama vakti gelince senden \u00f6\u011frenece\u011fim Makarna verildigini karneyle Bulgaryadan gelen [&hellip;]\" \/>\n<meta property=\"og:url\" content=\"https:\/\/narteks.net\/index.php\/2009\/11\/05\/remzi\/\" \/>\n<meta property=\"og:site_name\" content=\"narteks.net\" \/>\n<meta property=\"article:published_time\" content=\"2009-11-05T08:48:50+00:00\" \/>\n<meta property=\"og:image\" content=\"https:\/\/narteks.net\/wp-content\/uploads\/narteks.png\" \/>\n\t<meta property=\"og:image:width\" content=\"300\" \/>\n\t<meta property=\"og:image:height\" content=\"90\" \/>\n\t<meta property=\"og:image:type\" content=\"image\/png\" \/>\n<meta name=\"author\" content=\"Tar\u0131k\" \/>\n<meta name=\"twitter:card\" content=\"summary_large_image\" \/>\n<meta name=\"twitter:creator\" content=\"@narteks\" \/>\n<meta name=\"twitter:site\" content=\"@narteks\" \/>\n<meta name=\"twitter:label1\" content=\"Yazan:\" \/>\n\t<meta name=\"twitter:data1\" content=\"Tar\u0131k\" \/>\n\t<meta name=\"twitter:label2\" content=\"Tahmini okuma s\u00fcresi\" \/>\n\t<meta name=\"twitter:data2\" content=\"1 dakika\" \/>\n<script type=\"application\/ld+json\" class=\"yoast-schema-graph\">{\"@context\":\"https:\/\/schema.org\",\"@graph\":[{\"@type\":\"Article\",\"@id\":\"https:\/\/narteks.net\/index.php\/2009\/11\/05\/remzi\/#article\",\"isPartOf\":{\"@id\":\"https:\/\/narteks.net\/index.php\/2009\/11\/05\/remzi\/\"},\"author\":{\"name\":\"Tar\u0131k\",\"@id\":\"https:\/\/narteks.net\/#\/schema\/person\/61f37d9834294b72d31d274e7ed79bca\"},\"headline\":\"REMZ\u0130\",\"datePublished\":\"2009-11-05T08:48:50+00:00\",\"mainEntityOfPage\":{\"@id\":\"https:\/\/narteks.net\/index.php\/2009\/11\/05\/remzi\/\"},\"wordCount\":247,\"commentCount\":0,\"publisher\":{\"@id\":\"https:\/\/narteks.net\/#organization\"},\"articleSection\":[\"Rifat ILGAZ\"],\"inLanguage\":\"tr\",\"potentialAction\":[{\"@type\":\"CommentAction\",\"name\":\"Comment\",\"target\":[\"https:\/\/narteks.net\/index.php\/2009\/11\/05\/remzi\/#respond\"]}]},{\"@type\":\"WebPage\",\"@id\":\"https:\/\/narteks.net\/index.php\/2009\/11\/05\/remzi\/\",\"url\":\"https:\/\/narteks.net\/index.php\/2009\/11\/05\/remzi\/\",\"name\":\"REMZ\u0130 - narteks.net\",\"isPartOf\":{\"@id\":\"https:\/\/narteks.net\/#website\"},\"datePublished\":\"2009-11-05T08:48:50+00:00\",\"breadcrumb\":{\"@id\":\"https:\/\/narteks.net\/index.php\/2009\/11\/05\/remzi\/#breadcrumb\"},\"inLanguage\":\"tr\",\"potentialAction\":[{\"@type\":\"ReadAction\",\"target\":[\"https:\/\/narteks.net\/index.php\/2009\/11\/05\/remzi\/\"]}]},{\"@type\":\"BreadcrumbList\",\"@id\":\"https:\/\/narteks.net\/index.php\/2009\/11\/05\/remzi\/#breadcrumb\",\"itemListElement\":[{\"@type\":\"ListItem\",\"position\":1,\"name\":\"Anasayfa\",\"item\":\"https:\/\/narteks.net\/\"},{\"@type\":\"ListItem\",\"position\":2,\"name\":\"REMZ\u0130\"}]},{\"@type\":\"WebSite\",\"@id\":\"https:\/\/narteks.net\/#website\",\"url\":\"https:\/\/narteks.net\/\",\"name\":\"narteks.net\",\"description\":\"K\u00fclt\u00fcr Sanat Edebiyat Felsefe\",\"publisher\":{\"@id\":\"https:\/\/narteks.net\/#organization\"},\"alternateName\":\"K\u00fclt\u00fcr Sanat Edebiyat Felsefe\",\"potentialAction\":[{\"@type\":\"SearchAction\",\"target\":{\"@type\":\"EntryPoint\",\"urlTemplate\":\"https:\/\/narteks.net\/?s={search_term_string}\"},\"query-input\":{\"@type\":\"PropertyValueSpecification\",\"valueRequired\":true,\"valueName\":\"search_term_string\"}}],\"inLanguage\":\"tr\"},{\"@type\":\"Organization\",\"@id\":\"https:\/\/narteks.net\/#organization\",\"name\":\"narteks.net\",\"url\":\"https:\/\/narteks.net\/\",\"logo\":{\"@type\":\"ImageObject\",\"inLanguage\":\"tr\",\"@id\":\"https:\/\/narteks.net\/#\/schema\/logo\/image\/\",\"url\":\"https:\/\/narteks.net\/wp-content\/uploads\/narteks.png\",\"contentUrl\":\"https:\/\/narteks.net\/wp-content\/uploads\/narteks.png\",\"width\":300,\"height\":90,\"caption\":\"narteks.net\"},\"image\":{\"@id\":\"https:\/\/narteks.net\/#\/schema\/logo\/image\/\"},\"sameAs\":[\"https:\/\/x.com\/narteks\",\"https:\/\/instagram.com\/narteksnet\"]},{\"@type\":\"Person\",\"@id\":\"https:\/\/narteks.net\/#\/schema\/person\/61f37d9834294b72d31d274e7ed79bca\",\"name\":\"Tar\u0131k\",\"image\":{\"@type\":\"ImageObject\",\"inLanguage\":\"tr\",\"@id\":\"https:\/\/narteks.net\/#\/schema\/person\/image\/\",\"url\":\"https:\/\/secure.gravatar.com\/avatar\/50865afb55632c4ae467e0af0930f6510aa2297d8014be502a55b14f3b7550cf?s=96&d=mm&r=g\",\"contentUrl\":\"https:\/\/secure.gravatar.com\/avatar\/50865afb55632c4ae467e0af0930f6510aa2297d8014be502a55b14f3b7550cf?s=96&d=mm&r=g\",\"caption\":\"Tar\u0131k\"},\"sameAs\":[\"http:\/\/narteks.net\"],\"url\":\"https:\/\/narteks.net\/index.php\/author\/narbak\/\"}]}<\/script>\n<!-- \/ Yoast SEO Premium plugin. -->","yoast_head_json":{"title":"REMZ\u0130 - narteks.net","robots":{"index":"index","follow":"follow","max-snippet":"max-snippet:-1","max-image-preview":"max-image-preview:large","max-video-preview":"max-video-preview:-1"},"canonical":"https:\/\/narteks.net\/index.php\/2009\/11\/05\/remzi\/","og_locale":"tr_TR","og_type":"article","og_title":"REMZ\u0130","og_description":"\u00a0 Ne soray\u0131m sana Kulak dolgunlu\u011fu bellediklerini mi s\u00f6ylersin Uyku sersemli\u011fi g\u00f6z gezdirdi\u011fin kitaptan Akl\u0131nda kalanlar\u0131 m\u0131 \u00c7al\u0131smad\u0131n istedi\u011fim gibi Ya kom\u015funun suyunu ta\u015f\u0131d\u0131n Bekar \u00e7ama\u015f\u0131r\u0131 y\u0131karken annen Ya da be\u015fi\u011fini sallad\u0131n karde\u015finin Gaz yoktu belki bu gecelik \u015ei\u015fesi \u00e7atlam\u0131\u015ft\u0131 lamban\u0131n Kar\u015f\u0131l\u0131ks\u0131z kalacak sorular\u0131m demek Ama vakti gelince senden \u00f6\u011frenece\u011fim Makarna verildigini karneyle Bulgaryadan gelen [&hellip;]","og_url":"https:\/\/narteks.net\/index.php\/2009\/11\/05\/remzi\/","og_site_name":"narteks.net","article_published_time":"2009-11-05T08:48:50+00:00","og_image":[{"width":300,"height":90,"url":"https:\/\/narteks.net\/wp-content\/uploads\/narteks.png","type":"image\/png"}],"author":"Tar\u0131k","twitter_card":"summary_large_image","twitter_creator":"@narteks","twitter_site":"@narteks","twitter_misc":{"Yazan:":"Tar\u0131k","Tahmini okuma s\u00fcresi":"1 dakika"},"schema":{"@context":"https:\/\/schema.org","@graph":[{"@type":"Article","@id":"https:\/\/narteks.net\/index.php\/2009\/11\/05\/remzi\/#article","isPartOf":{"@id":"https:\/\/narteks.net\/index.php\/2009\/11\/05\/remzi\/"},"author":{"name":"Tar\u0131k","@id":"https:\/\/narteks.net\/#\/schema\/person\/61f37d9834294b72d31d274e7ed79bca"},"headline":"REMZ\u0130","datePublished":"2009-11-05T08:48:50+00:00","mainEntityOfPage":{"@id":"https:\/\/narteks.net\/index.php\/2009\/11\/05\/remzi\/"},"wordCount":247,"commentCount":0,"publisher":{"@id":"https:\/\/narteks.net\/#organization"},"articleSection":["Rifat ILGAZ"],"inLanguage":"tr","potentialAction":[{"@type":"CommentAction","name":"Comment","target":["https:\/\/narteks.net\/index.php\/2009\/11\/05\/remzi\/#respond"]}]},{"@type":"WebPage","@id":"https:\/\/narteks.net\/index.php\/2009\/11\/05\/remzi\/","url":"https:\/\/narteks.net\/index.php\/2009\/11\/05\/remzi\/","name":"REMZ\u0130 - narteks.net","isPartOf":{"@id":"https:\/\/narteks.net\/#website"},"datePublished":"2009-11-05T08:48:50+00:00","breadcrumb":{"@id":"https:\/\/narteks.net\/index.php\/2009\/11\/05\/remzi\/#breadcrumb"},"inLanguage":"tr","potentialAction":[{"@type":"ReadAction","target":["https:\/\/narteks.net\/index.php\/2009\/11\/05\/remzi\/"]}]},{"@type":"BreadcrumbList","@id":"https:\/\/narteks.net\/index.php\/2009\/11\/05\/remzi\/#breadcrumb","itemListElement":[{"@type":"ListItem","position":1,"name":"Anasayfa","item":"https:\/\/narteks.net\/"},{"@type":"ListItem","position":2,"name":"REMZ\u0130"}]},{"@type":"WebSite","@id":"https:\/\/narteks.net\/#website","url":"https:\/\/narteks.net\/","name":"narteks.net","description":"K\u00fclt\u00fcr Sanat Edebiyat Felsefe","publisher":{"@id":"https:\/\/narteks.net\/#organization"},"alternateName":"K\u00fclt\u00fcr Sanat Edebiyat Felsefe","potentialAction":[{"@type":"SearchAction","target":{"@type":"EntryPoint","urlTemplate":"https:\/\/narteks.net\/?s={search_term_string}"},"query-input":{"@type":"PropertyValueSpecification","valueRequired":true,"valueName":"search_term_string"}}],"inLanguage":"tr"},{"@type":"Organization","@id":"https:\/\/narteks.net\/#organization","name":"narteks.net","url":"https:\/\/narteks.net\/","logo":{"@type":"ImageObject","inLanguage":"tr","@id":"https:\/\/narteks.net\/#\/schema\/logo\/image\/","url":"https:\/\/narteks.net\/wp-content\/uploads\/narteks.png","contentUrl":"https:\/\/narteks.net\/wp-content\/uploads\/narteks.png","width":300,"height":90,"caption":"narteks.net"},"image":{"@id":"https:\/\/narteks.net\/#\/schema\/logo\/image\/"},"sameAs":["https:\/\/x.com\/narteks","https:\/\/instagram.com\/narteksnet"]},{"@type":"Person","@id":"https:\/\/narteks.net\/#\/schema\/person\/61f37d9834294b72d31d274e7ed79bca","name":"Tar\u0131k","image":{"@type":"ImageObject","inLanguage":"tr","@id":"https:\/\/narteks.net\/#\/schema\/person\/image\/","url":"https:\/\/secure.gravatar.com\/avatar\/50865afb55632c4ae467e0af0930f6510aa2297d8014be502a55b14f3b7550cf?s=96&d=mm&r=g","contentUrl":"https:\/\/secure.gravatar.com\/avatar\/50865afb55632c4ae467e0af0930f6510aa2297d8014be502a55b14f3b7550cf?s=96&d=mm&r=g","caption":"Tar\u0131k"},"sameAs":["http:\/\/narteks.net"],"url":"https:\/\/narteks.net\/index.php\/author\/narbak\/"}]}},"_links":{"self":[{"href":"https:\/\/narteks.net\/index.php\/wp-json\/wp\/v2\/posts\/1040","targetHints":{"allow":["GET"]}}],"collection":[{"href":"https:\/\/narteks.net\/index.php\/wp-json\/wp\/v2\/posts"}],"about":[{"href":"https:\/\/narteks.net\/index.php\/wp-json\/wp\/v2\/types\/post"}],"author":[{"embeddable":true,"href":"https:\/\/narteks.net\/index.php\/wp-json\/wp\/v2\/users\/1"}],"replies":[{"embeddable":true,"href":"https:\/\/narteks.net\/index.php\/wp-json\/wp\/v2\/comments?post=1040"}],"version-history":[{"count":0,"href":"https:\/\/narteks.net\/index.php\/wp-json\/wp\/v2\/posts\/1040\/revisions"}],"wp:attachment":[{"href":"https:\/\/narteks.net\/index.php\/wp-json\/wp\/v2\/media?parent=1040"}],"wp:term":[{"taxonomy":"category","embeddable":true,"href":"https:\/\/narteks.net\/index.php\/wp-json\/wp\/v2\/categories?post=1040"},{"taxonomy":"post_tag","embeddable":true,"href":"https:\/\/narteks.net\/index.php\/wp-json\/wp\/v2\/tags?post=1040"}],"curies":[{"name":"wp","href":"https:\/\/api.w.org\/{rel}","templated":true}]}}