{"id":1047,"date":"2009-11-05T11:52:26","date_gmt":"2009-11-05T08:52:26","guid":{"rendered":"http:\/\/localhost\/wordpress\/2009\/11\/05\/ziyaret-gunu-notlari\/"},"modified":"2009-11-05T11:52:26","modified_gmt":"2009-11-05T08:52:26","slug":"ziyaret-gunu-notlari","status":"publish","type":"post","link":"https:\/\/narteks.net\/index.php\/2009\/11\/05\/ziyaret-gunu-notlari\/","title":{"rendered":"Z\u0130YARET G\u00dcN\u00dc NOTLARI"},"content":{"rendered":"<p>\u00a0<\/p>\n<p>Bug\u00fcn ba\u015fl\u0131yor as\u0131l \u00e7ilesi,<br \/> Namus y\u00fcz\u00fcnden on be\u015f y\u0131l giyen<br \/> Besikta\u015f\u00b4l\u0131 Rag\u0131p\u00b4\u0131n,<br \/> Bug\u00fcn tuttu Adana\u00b4n\u0131n yolunu<br \/> \u0130ki \u00e7ocuklu kar\u0131s\u0131;<br \/> Seyhan Bar\u00b4a kontratl\u0131 gidiyor.<br \/> Ka\u015flar al\u0131nd\u0131, sa\u00e7lar boyand\u0131.<br \/> Roplar dikildi modaya uygun,<br \/> \u0130ki \u00e7ocuk b\u0131rak\u0131ld\u0131 kom\u015fuya.<br \/> Nedir ki masraf\u0131 ikisinin,<br \/> Kazan kazan ver postaya,<br \/> Alt\u0131na d\u00f6nd\u00fc \u00c7ukurova\u00b4da ba\u015faklar<br \/> Parmakl\u0131\u011fa dayam\u0131\u015f aln\u0131n\u0131 Rag\u0131p\u00b4\u0131m<br \/> Bekliyor kar\u0131s\u0131n\u0131 orta ko\u011fu\u015fta<br \/> Olandan bitenden habersiz.<\/p>\n<p>\u00d6gretmeni tan\u0131madan<br \/> \u00d6grendi polisi, jandarmay\u0131,<br \/> Koltu\u011funda babas\u0131n\u0131n \u00e7ama\u015f\u0131r paketi<br \/> K\u00f6yl\u00fc sigaras\u0131, \u00fc\u00e7 paket,<br \/> Bu da kendi arma\u011fan\u0131.<br \/> Ay\u0131plasalar da mahallede yeridir<br \/> B\u00f6yle ta\u015f\u0131nmas\u0131n\u0131 cezaevine,<br \/> Parmak kadar \u00e7ocu\u011fun.<br \/> Kom\u015fuya d\u00fc\u015fer dedikodusu elbet<br \/> Kitap y\u00fcz\u00fcnden yatan\u0131n:<br \/> B\u00f6ylesi hi\u00e7 ge\u00e7er mi gazeteye<br \/> Y\u0131l 1944<br \/> Babas\u0131na bakarsan oral\u0131 de\u011fil,<br \/> Vars\u0131n diyor, su yolunda k\u0131r\u0131ls\u0131n<br \/> Bizim su testisi!<\/p>\n<p>G\u00fcng\u00f6rm\u00fcs o\u011flan \u015fu Fikri,<br \/> Bilir nas\u0131l kar\u015f\u0131lan\u0131r<br \/> 3 numaradan Adalet.<br \/> Ne \u00e7\u0131kar \u00fcstte yok, ba\u015fta yoksa,<br \/> Konyal\u0131n\u0131n ceketi yenicedir,<br \/> Temel\u00b4in pabu\u00e7lar\u0131 bi\u00e7imli.<br \/> U\u011fursuz derler Fatihlinin boyunba\u011f\u0131na,<br \/> -Bir ayda \u00fc\u00e7 h\u00fck\u00fcm yedi-<br \/> B\u00f6yle g\u00fcnde tak\u0131l\u0131r elbet,<br \/> A\u00e7ar \u00e7i\u00e7ek gibi adam\u0131.<br \/> G\u00fcler y\u00fcz, tatl\u0131 dil Fikri\u00b4den,<br \/> At elin, eyer emanet.<\/p>\n<p>\u00dc\u00e7 kuru\u015f, be\u015f kuru\u015f<br \/> Har\u00e7l\u0131k gelir d\u0131\u015fardan,<br \/> E\u015ften, dosttan, akrabadan.<br \/> Yaln\u0131z Necati i\u00e7erden \u00e7\u0131kar\u0131r<br \/> Gen\u00e7 kar\u0131s\u0131n\u0131n ekmek paras\u0131n\u0131.<br \/> Kalmad\u0131 elde avu\u00e7ta,<br \/> Buraya d\u00fc\u015ft\u00fc d\u00fc\u015feli,<br \/> Bir gen\u00e7li\u011fi kald\u0131 para eder.<br \/> \u015e\u00f6yle her ziyaret sonu<br \/> Be\u015f lirac\u0131k s\u0131k\u0131\u015ft\u0131r\u0131r eline;<br \/> Her seferinde mah\u00e7up,<br \/> Her seferinde kendinden i\u011frenir.<\/p>\n<p>Ters y\u00fcz\u00fcne \u00e7evirdiler kap\u0131dan<br \/> T\u00fct\u00fcndeki Seviye\u00b4yi.<br \/> Sar\u0131lacak kocas\u0131n\u0131n boynuna<br \/> Neler anlatacakt\u0131, neler!<br \/> \u015eimdi d\u00fc\u015f\u00fcn\u00fcyor kara, kara:<br \/> &#8220;\u0130htilattan men&#8221;de ne demek?<br \/> Gitti havaya g\u00fcndelik,<br \/> Bir de gelip g\u00f6rememek!<\/p>\n<p>Rifat ILGAZ<\/p>\n","protected":false},"excerpt":{"rendered":"<p>\u00a0 Bug\u00fcn ba\u015fl\u0131yor as\u0131l \u00e7ilesi, Namus y\u00fcz\u00fcnden on be\u015f y\u0131l giyen Besikta\u015f\u00b4l\u0131 Rag\u0131p\u00b4\u0131n, Bug\u00fcn tuttu Adana\u00b4n\u0131n yolunu \u0130ki \u00e7ocuklu kar\u0131s\u0131; Seyhan Bar\u00b4a kontratl\u0131 gidiyor. Ka\u015flar al\u0131nd\u0131, sa\u00e7lar boyand\u0131. Roplar dikildi modaya uygun, \u0130ki \u00e7ocuk b\u0131rak\u0131ld\u0131 kom\u015fuya. Nedir ki masraf\u0131 ikisinin, Kazan kazan ver postaya, Alt\u0131na d\u00f6nd\u00fc \u00c7ukurova\u00b4da ba\u015faklar Parmakl\u0131\u011fa dayam\u0131\u015f aln\u0131n\u0131 Rag\u0131p\u00b4\u0131m Bekliyor kar\u0131s\u0131n\u0131 orta [&hellip;]<\/p>\n","protected":false},"author":1,"featured_media":0,"comment_status":"open","ping_status":"open","sticky":false,"template":"","format":"standard","meta":{"footnotes":""},"categories":[30],"tags":[],"class_list":{"0":"post-1047","1":"post","2":"type-post","3":"status-publish","4":"format-standard","6":"category-rifat-ilgaz"},"yoast_head":"<!-- This site is optimized with the Yoast SEO Premium plugin v24.9 (Yoast SEO v24.9) - https:\/\/yoast.com\/wordpress\/plugins\/seo\/ -->\n<title>Z\u0130YARET G\u00dcN\u00dc NOTLARI - narteks.net<\/title>\n<meta name=\"robots\" content=\"index, follow, max-snippet:-1, max-image-preview:large, max-video-preview:-1\" \/>\n<link rel=\"canonical\" href=\"https:\/\/narteks.net\/index.php\/2009\/11\/05\/ziyaret-gunu-notlari\/\" \/>\n<meta property=\"og:locale\" content=\"tr_TR\" \/>\n<meta property=\"og:type\" content=\"article\" \/>\n<meta property=\"og:title\" content=\"Z\u0130YARET G\u00dcN\u00dc NOTLARI\" \/>\n<meta property=\"og:description\" content=\"\u00a0 Bug\u00fcn ba\u015fl\u0131yor as\u0131l \u00e7ilesi, Namus y\u00fcz\u00fcnden on be\u015f y\u0131l giyen Besikta\u015f\u00b4l\u0131 Rag\u0131p\u00b4\u0131n, Bug\u00fcn tuttu Adana\u00b4n\u0131n yolunu \u0130ki \u00e7ocuklu kar\u0131s\u0131; Seyhan Bar\u00b4a kontratl\u0131 gidiyor. Ka\u015flar al\u0131nd\u0131, sa\u00e7lar boyand\u0131. Roplar dikildi modaya uygun, \u0130ki \u00e7ocuk b\u0131rak\u0131ld\u0131 kom\u015fuya. Nedir ki masraf\u0131 ikisinin, Kazan kazan ver postaya, Alt\u0131na d\u00f6nd\u00fc \u00c7ukurova\u00b4da ba\u015faklar Parmakl\u0131\u011fa dayam\u0131\u015f aln\u0131n\u0131 Rag\u0131p\u00b4\u0131m Bekliyor kar\u0131s\u0131n\u0131 orta [&hellip;]\" \/>\n<meta property=\"og:url\" content=\"https:\/\/narteks.net\/index.php\/2009\/11\/05\/ziyaret-gunu-notlari\/\" \/>\n<meta property=\"og:site_name\" content=\"narteks.net\" \/>\n<meta property=\"article:published_time\" content=\"2009-11-05T08:52:26+00:00\" \/>\n<meta property=\"og:image\" content=\"https:\/\/narteks.net\/wp-content\/uploads\/narteks.png\" \/>\n\t<meta property=\"og:image:width\" content=\"300\" \/>\n\t<meta property=\"og:image:height\" content=\"90\" \/>\n\t<meta property=\"og:image:type\" content=\"image\/png\" \/>\n<meta name=\"author\" content=\"Tar\u0131k\" \/>\n<meta name=\"twitter:card\" content=\"summary_large_image\" \/>\n<meta name=\"twitter:creator\" content=\"@narteks\" \/>\n<meta name=\"twitter:site\" content=\"@narteks\" \/>\n<meta name=\"twitter:label1\" content=\"Yazan:\" \/>\n\t<meta name=\"twitter:data1\" content=\"Tar\u0131k\" \/>\n\t<meta name=\"twitter:label2\" content=\"Tahmini okuma s\u00fcresi\" \/>\n\t<meta name=\"twitter:data2\" content=\"2 dakika\" \/>\n<script type=\"application\/ld+json\" class=\"yoast-schema-graph\">{\"@context\":\"https:\/\/schema.org\",\"@graph\":[{\"@type\":\"Article\",\"@id\":\"https:\/\/narteks.net\/index.php\/2009\/11\/05\/ziyaret-gunu-notlari\/#article\",\"isPartOf\":{\"@id\":\"https:\/\/narteks.net\/index.php\/2009\/11\/05\/ziyaret-gunu-notlari\/\"},\"author\":{\"name\":\"Tar\u0131k\",\"@id\":\"https:\/\/narteks.net\/#\/schema\/person\/61f37d9834294b72d31d274e7ed79bca\"},\"headline\":\"Z\u0130YARET G\u00dcN\u00dc NOTLARI\",\"datePublished\":\"2009-11-05T08:52:26+00:00\",\"mainEntityOfPage\":{\"@id\":\"https:\/\/narteks.net\/index.php\/2009\/11\/05\/ziyaret-gunu-notlari\/\"},\"wordCount\":354,\"commentCount\":0,\"publisher\":{\"@id\":\"https:\/\/narteks.net\/#organization\"},\"articleSection\":[\"Rifat ILGAZ\"],\"inLanguage\":\"tr\",\"potentialAction\":[{\"@type\":\"CommentAction\",\"name\":\"Comment\",\"target\":[\"https:\/\/narteks.net\/index.php\/2009\/11\/05\/ziyaret-gunu-notlari\/#respond\"]}]},{\"@type\":\"WebPage\",\"@id\":\"https:\/\/narteks.net\/index.php\/2009\/11\/05\/ziyaret-gunu-notlari\/\",\"url\":\"https:\/\/narteks.net\/index.php\/2009\/11\/05\/ziyaret-gunu-notlari\/\",\"name\":\"Z\u0130YARET G\u00dcN\u00dc NOTLARI - narteks.net\",\"isPartOf\":{\"@id\":\"https:\/\/narteks.net\/#website\"},\"datePublished\":\"2009-11-05T08:52:26+00:00\",\"breadcrumb\":{\"@id\":\"https:\/\/narteks.net\/index.php\/2009\/11\/05\/ziyaret-gunu-notlari\/#breadcrumb\"},\"inLanguage\":\"tr\",\"potentialAction\":[{\"@type\":\"ReadAction\",\"target\":[\"https:\/\/narteks.net\/index.php\/2009\/11\/05\/ziyaret-gunu-notlari\/\"]}]},{\"@type\":\"BreadcrumbList\",\"@id\":\"https:\/\/narteks.net\/index.php\/2009\/11\/05\/ziyaret-gunu-notlari\/#breadcrumb\",\"itemListElement\":[{\"@type\":\"ListItem\",\"position\":1,\"name\":\"Anasayfa\",\"item\":\"https:\/\/narteks.net\/\"},{\"@type\":\"ListItem\",\"position\":2,\"name\":\"Z\u0130YARET G\u00dcN\u00dc NOTLARI\"}]},{\"@type\":\"WebSite\",\"@id\":\"https:\/\/narteks.net\/#website\",\"url\":\"https:\/\/narteks.net\/\",\"name\":\"narteks.net\",\"description\":\"K\u00fclt\u00fcr Sanat Edebiyat Felsefe\",\"publisher\":{\"@id\":\"https:\/\/narteks.net\/#organization\"},\"alternateName\":\"K\u00fclt\u00fcr Sanat Edebiyat Felsefe\",\"potentialAction\":[{\"@type\":\"SearchAction\",\"target\":{\"@type\":\"EntryPoint\",\"urlTemplate\":\"https:\/\/narteks.net\/?s={search_term_string}\"},\"query-input\":{\"@type\":\"PropertyValueSpecification\",\"valueRequired\":true,\"valueName\":\"search_term_string\"}}],\"inLanguage\":\"tr\"},{\"@type\":\"Organization\",\"@id\":\"https:\/\/narteks.net\/#organization\",\"name\":\"narteks.net\",\"url\":\"https:\/\/narteks.net\/\",\"logo\":{\"@type\":\"ImageObject\",\"inLanguage\":\"tr\",\"@id\":\"https:\/\/narteks.net\/#\/schema\/logo\/image\/\",\"url\":\"https:\/\/narteks.net\/wp-content\/uploads\/narteks.png\",\"contentUrl\":\"https:\/\/narteks.net\/wp-content\/uploads\/narteks.png\",\"width\":300,\"height\":90,\"caption\":\"narteks.net\"},\"image\":{\"@id\":\"https:\/\/narteks.net\/#\/schema\/logo\/image\/\"},\"sameAs\":[\"https:\/\/x.com\/narteks\",\"https:\/\/instagram.com\/narteksnet\"]},{\"@type\":\"Person\",\"@id\":\"https:\/\/narteks.net\/#\/schema\/person\/61f37d9834294b72d31d274e7ed79bca\",\"name\":\"Tar\u0131k\",\"image\":{\"@type\":\"ImageObject\",\"inLanguage\":\"tr\",\"@id\":\"https:\/\/narteks.net\/#\/schema\/person\/image\/\",\"url\":\"https:\/\/secure.gravatar.com\/avatar\/50865afb55632c4ae467e0af0930f6510aa2297d8014be502a55b14f3b7550cf?s=96&d=mm&r=g\",\"contentUrl\":\"https:\/\/secure.gravatar.com\/avatar\/50865afb55632c4ae467e0af0930f6510aa2297d8014be502a55b14f3b7550cf?s=96&d=mm&r=g\",\"caption\":\"Tar\u0131k\"},\"sameAs\":[\"http:\/\/narteks.net\"],\"url\":\"https:\/\/narteks.net\/index.php\/author\/narbak\/\"}]}<\/script>\n<!-- \/ Yoast SEO Premium plugin. -->","yoast_head_json":{"title":"Z\u0130YARET G\u00dcN\u00dc NOTLARI - narteks.net","robots":{"index":"index","follow":"follow","max-snippet":"max-snippet:-1","max-image-preview":"max-image-preview:large","max-video-preview":"max-video-preview:-1"},"canonical":"https:\/\/narteks.net\/index.php\/2009\/11\/05\/ziyaret-gunu-notlari\/","og_locale":"tr_TR","og_type":"article","og_title":"Z\u0130YARET G\u00dcN\u00dc NOTLARI","og_description":"\u00a0 Bug\u00fcn ba\u015fl\u0131yor as\u0131l \u00e7ilesi, Namus y\u00fcz\u00fcnden on be\u015f y\u0131l giyen Besikta\u015f\u00b4l\u0131 Rag\u0131p\u00b4\u0131n, Bug\u00fcn tuttu Adana\u00b4n\u0131n yolunu \u0130ki \u00e7ocuklu kar\u0131s\u0131; Seyhan Bar\u00b4a kontratl\u0131 gidiyor. Ka\u015flar al\u0131nd\u0131, sa\u00e7lar boyand\u0131. Roplar dikildi modaya uygun, \u0130ki \u00e7ocuk b\u0131rak\u0131ld\u0131 kom\u015fuya. Nedir ki masraf\u0131 ikisinin, Kazan kazan ver postaya, Alt\u0131na d\u00f6nd\u00fc \u00c7ukurova\u00b4da ba\u015faklar Parmakl\u0131\u011fa dayam\u0131\u015f aln\u0131n\u0131 Rag\u0131p\u00b4\u0131m Bekliyor kar\u0131s\u0131n\u0131 orta [&hellip;]","og_url":"https:\/\/narteks.net\/index.php\/2009\/11\/05\/ziyaret-gunu-notlari\/","og_site_name":"narteks.net","article_published_time":"2009-11-05T08:52:26+00:00","og_image":[{"width":300,"height":90,"url":"https:\/\/narteks.net\/wp-content\/uploads\/narteks.png","type":"image\/png"}],"author":"Tar\u0131k","twitter_card":"summary_large_image","twitter_creator":"@narteks","twitter_site":"@narteks","twitter_misc":{"Yazan:":"Tar\u0131k","Tahmini okuma s\u00fcresi":"2 dakika"},"schema":{"@context":"https:\/\/schema.org","@graph":[{"@type":"Article","@id":"https:\/\/narteks.net\/index.php\/2009\/11\/05\/ziyaret-gunu-notlari\/#article","isPartOf":{"@id":"https:\/\/narteks.net\/index.php\/2009\/11\/05\/ziyaret-gunu-notlari\/"},"author":{"name":"Tar\u0131k","@id":"https:\/\/narteks.net\/#\/schema\/person\/61f37d9834294b72d31d274e7ed79bca"},"headline":"Z\u0130YARET G\u00dcN\u00dc NOTLARI","datePublished":"2009-11-05T08:52:26+00:00","mainEntityOfPage":{"@id":"https:\/\/narteks.net\/index.php\/2009\/11\/05\/ziyaret-gunu-notlari\/"},"wordCount":354,"commentCount":0,"publisher":{"@id":"https:\/\/narteks.net\/#organization"},"articleSection":["Rifat ILGAZ"],"inLanguage":"tr","potentialAction":[{"@type":"CommentAction","name":"Comment","target":["https:\/\/narteks.net\/index.php\/2009\/11\/05\/ziyaret-gunu-notlari\/#respond"]}]},{"@type":"WebPage","@id":"https:\/\/narteks.net\/index.php\/2009\/11\/05\/ziyaret-gunu-notlari\/","url":"https:\/\/narteks.net\/index.php\/2009\/11\/05\/ziyaret-gunu-notlari\/","name":"Z\u0130YARET G\u00dcN\u00dc NOTLARI - narteks.net","isPartOf":{"@id":"https:\/\/narteks.net\/#website"},"datePublished":"2009-11-05T08:52:26+00:00","breadcrumb":{"@id":"https:\/\/narteks.net\/index.php\/2009\/11\/05\/ziyaret-gunu-notlari\/#breadcrumb"},"inLanguage":"tr","potentialAction":[{"@type":"ReadAction","target":["https:\/\/narteks.net\/index.php\/2009\/11\/05\/ziyaret-gunu-notlari\/"]}]},{"@type":"BreadcrumbList","@id":"https:\/\/narteks.net\/index.php\/2009\/11\/05\/ziyaret-gunu-notlari\/#breadcrumb","itemListElement":[{"@type":"ListItem","position":1,"name":"Anasayfa","item":"https:\/\/narteks.net\/"},{"@type":"ListItem","position":2,"name":"Z\u0130YARET G\u00dcN\u00dc NOTLARI"}]},{"@type":"WebSite","@id":"https:\/\/narteks.net\/#website","url":"https:\/\/narteks.net\/","name":"narteks.net","description":"K\u00fclt\u00fcr Sanat Edebiyat Felsefe","publisher":{"@id":"https:\/\/narteks.net\/#organization"},"alternateName":"K\u00fclt\u00fcr Sanat Edebiyat Felsefe","potentialAction":[{"@type":"SearchAction","target":{"@type":"EntryPoint","urlTemplate":"https:\/\/narteks.net\/?s={search_term_string}"},"query-input":{"@type":"PropertyValueSpecification","valueRequired":true,"valueName":"search_term_string"}}],"inLanguage":"tr"},{"@type":"Organization","@id":"https:\/\/narteks.net\/#organization","name":"narteks.net","url":"https:\/\/narteks.net\/","logo":{"@type":"ImageObject","inLanguage":"tr","@id":"https:\/\/narteks.net\/#\/schema\/logo\/image\/","url":"https:\/\/narteks.net\/wp-content\/uploads\/narteks.png","contentUrl":"https:\/\/narteks.net\/wp-content\/uploads\/narteks.png","width":300,"height":90,"caption":"narteks.net"},"image":{"@id":"https:\/\/narteks.net\/#\/schema\/logo\/image\/"},"sameAs":["https:\/\/x.com\/narteks","https:\/\/instagram.com\/narteksnet"]},{"@type":"Person","@id":"https:\/\/narteks.net\/#\/schema\/person\/61f37d9834294b72d31d274e7ed79bca","name":"Tar\u0131k","image":{"@type":"ImageObject","inLanguage":"tr","@id":"https:\/\/narteks.net\/#\/schema\/person\/image\/","url":"https:\/\/secure.gravatar.com\/avatar\/50865afb55632c4ae467e0af0930f6510aa2297d8014be502a55b14f3b7550cf?s=96&d=mm&r=g","contentUrl":"https:\/\/secure.gravatar.com\/avatar\/50865afb55632c4ae467e0af0930f6510aa2297d8014be502a55b14f3b7550cf?s=96&d=mm&r=g","caption":"Tar\u0131k"},"sameAs":["http:\/\/narteks.net"],"url":"https:\/\/narteks.net\/index.php\/author\/narbak\/"}]}},"_links":{"self":[{"href":"https:\/\/narteks.net\/index.php\/wp-json\/wp\/v2\/posts\/1047","targetHints":{"allow":["GET"]}}],"collection":[{"href":"https:\/\/narteks.net\/index.php\/wp-json\/wp\/v2\/posts"}],"about":[{"href":"https:\/\/narteks.net\/index.php\/wp-json\/wp\/v2\/types\/post"}],"author":[{"embeddable":true,"href":"https:\/\/narteks.net\/index.php\/wp-json\/wp\/v2\/users\/1"}],"replies":[{"embeddable":true,"href":"https:\/\/narteks.net\/index.php\/wp-json\/wp\/v2\/comments?post=1047"}],"version-history":[{"count":0,"href":"https:\/\/narteks.net\/index.php\/wp-json\/wp\/v2\/posts\/1047\/revisions"}],"wp:attachment":[{"href":"https:\/\/narteks.net\/index.php\/wp-json\/wp\/v2\/media?parent=1047"}],"wp:term":[{"taxonomy":"category","embeddable":true,"href":"https:\/\/narteks.net\/index.php\/wp-json\/wp\/v2\/categories?post=1047"},{"taxonomy":"post_tag","embeddable":true,"href":"https:\/\/narteks.net\/index.php\/wp-json\/wp\/v2\/tags?post=1047"}],"curies":[{"name":"wp","href":"https:\/\/api.w.org\/{rel}","templated":true}]}}