{"id":105,"date":"2009-02-27T15:31:39","date_gmt":"2009-02-27T12:31:39","guid":{"rendered":"http:\/\/localhost\/wordpress\/2009\/02\/27\/belki-yine-gelirim\/"},"modified":"2009-02-27T15:31:39","modified_gmt":"2009-02-27T12:31:39","slug":"belki-yine-gelirim","status":"publish","type":"post","link":"https:\/\/narteks.net\/index.php\/2009\/02\/27\/belki-yine-gelirim\/","title":{"rendered":"BELK\u0130 Y\u0130NE GEL\u0130R\u0130M"},"content":{"rendered":"<p>(Cemile \u00c7ak\u0131r hocaya) <\/p>\n<p>Dudaklar\u0131m\u0131 kanat\u0131rcas\u0131na \u0131s\u0131r\u0131yorum g\u00fcnlerdir <br \/>her s\u00f6zc\u00fck dilimin ucunda k\u00fcfre d\u00f6n\u00fcyor \u00e7\u00fcnk\u00fc <br \/>Bir g\u00f6k g\u00fcrlese bari diyorum bir sa\u011fnak patlasa <br \/>bitse bu sessizlik, bu kirli yap\u0131\u015fkanl\u0131k bitse <br \/>ama bir tufan az m\u0131 gelir yoksa yine de <br \/>y\u0131rt\u0131lan ve par\u00e7alanan bir\u015feyler olmal\u0131 mutlaka <br \/>hi\u00e7 durmadan y\u0131rt\u0131lan ve par\u00e7alanan bir \u015feyler <\/p>\n<p>Oysa ne kadar sakin bu sokaklar ve bu kent <br \/>ne kadar dingin g\u00f6r\u00fcn\u00fcyor bana \u015fimdi g\u00f6ky\u00fcz\u00fc <\/p>\n<p>Gidenler nerde kald\u0131lar, \u00f6zledim g\u00fcl\u00fc\u015flerini <br \/>bir kenti g\u00fczelle\u015ftiren yaln\u0131z onlard\u0131 sanki <br \/>onlard\u0131 \u00e7ocuklara ve a\u015fka \u00f6lesiye ba\u011flanan <br \/>kad\u0131nlar\u0131 g\u00fczelle\u015ftiren herhalde onlard\u0131 <br \/>&#8220;T\u00fck\u00fcrsem cinayet say\u0131l\u0131r&#8221; diyordu birisi <br \/>t\u00fck\u00fcrsek cinayet say\u0131l\u0131yor art\u0131k <br \/>ama nerde kald\u0131lar, \u00f6zledim g\u00fcl\u00fc\u015flerini onlar\u0131n <\/p>\n<p>Uzun uzun bak\u0131yorum k\u0131vr\u0131lan sokaklara <br \/>tek yaprak bile k\u0131m\u0131ldam\u0131yor nedense <br \/>ve tek tek s\u00f6nd\u00fcr\u00fcyor \u0131\u015f\u0131klar\u0131n\u0131 varo\u015flar <br \/>aln\u0131m\u0131 k\u0131r\u0131k bir cama yasl\u0131yorum, kan\u0131yor <br \/>kan\u0131m\u0131n p\u0131ht\u0131lar\u0131nda g\u00fcllerin serinli\u011fi <br \/>ve fakat bir cellat gibi yeti\u015fiyor pusudaki <br \/>Dilimin ucunda k\u00fcfre d\u00f6n\u00fcyor her s\u00f6zc\u00fck <\/p>\n<p>Ya\u015famak neleri \u00f6\u011fretiyor, d\u00fc\u015f\u00fcn\u00fcyorum <br \/>okudu\u011fum b\u00fct\u00fcn kitaplar parampar\u00e7a <br \/>\u00e7\u0131k\u0131p dola\u015f\u0131yorum ak\u015fam\u00fcstleri bir ba\u015f\u0131ma <br \/>bir u\u00e7tan bir uca yaln\u0131zl\u0131klar oluyor kent <br \/>bulvar kahvelerinin \u00f6n\u00fcnden ge\u00e7iyorum <br \/>s\u0131rna\u015f\u0131k ayd\u0131nlar, arabesk h\u00fcz\u00fcnler <br \/>bir gazete sayfas\u0131nda sereserpe bir yosma <\/p>\n<p>Sesler gittik\u00e7e azal\u0131yor, ku\u015flar azal\u0131yor <br \/>ve ne zaman yolum d\u00fc\u015fse vuruldu\u011fun yere <br \/>k\u0131zg\u0131n bir halka oluyor boynumda o sokak <br \/>H\u00fczn\u00fc yaln\u0131z atlar\u0131m\u0131z duyuyor art\u0131k <br \/>biz \u00e7oktan unutmu\u015fuz b\u00f6yle \u015feyleri <br \/>ama i\u00e7imde bir s\u0131rtlan\u0131n dalg\u0131n duru\u015fu <br \/>ve dilimin ucunda k\u00fcfre d\u00f6n\u00fcyor her s\u00f6zc\u00fck <\/p>\n<p>\u0130\u00e7imde zaptedilmez bir k\u0131rma iste\u011fi <br \/>dizginlerini koparan bir at sanki bu <br \/>soluksolu\u011fa kal\u0131yorum her sonbahar <br \/>ve sevgilim ne zaman ho\u015fg\u00f6r\u00fcl\u00fc olsa <br \/>bir yolculuk d\u00fc\u015f\u00fcyor akl\u0131ma, gidiyorum <br \/>b\u00fct\u00fcn gen\u00e7li\u011fim b\u00f6ylece ge\u00e7ip gitti i\u015fte <br \/>ama hala bir \u015feyler var vazge\u00e7emedi\u011fim <\/p>\n<p>Hangi duvar y\u0131k\u0131lmaz sorular do\u011fruysa <br \/>birg\u00fcn gelirsek hangi kent g\u00fczelle\u015fmez <br \/>\u015fiirlerim bir dostun vuruldu\u011fu yerde yak\u0131ld\u0131 <br \/>geri alm\u0131yorum k\u00fclleri yang\u0131nlar \u00e7\u0131ks\u0131n diye <br \/>Devriyeler \u00e7\u0131kart \u015fimdi, b\u00fct\u00fcn \u0131\u015f\u0131klar\u0131n\u0131 s\u00f6nd\u00fcr <br \/>sordu\u011fum hi\u00e7bir soruyu geri alm\u0131yorum ey sokak <br \/>ve dilimin ucunda k\u00fcfre d\u00f6n\u00fcyor her s\u00f6zc\u00fck <\/p>\n<p>Dudaklar\u0131m\u0131 kanat\u0131rcas\u0131na \u0131s\u0131r\u0131yorum g\u00fcnlerdir <br \/>bir g\u00f6k g\u00fcrlese bari diyorum bir sa\u011fnak patlasa <br \/>bitse bu kirli ve yap\u0131\u015fkan sessizlik, hi\u00e7 gitmesem <br \/>oysa ne kadar sakin sokaklar, kent ve b\u00fct\u00fcn yery\u00fcz\u00fc <br \/>ipince bir su gibi s\u0131z\u0131yorum gecenin tenha g\u00f6\u011f\u00fcne <br \/>sessizce \u00e7ekip gidiyorum \u015fimdi, sessiz ve kimliksiz <br \/>Belki yine gelirim, sesime ses veren olursa bir g\u00fcn<\/p>\n<p>AHMET TELL\u0130<\/p>\n","protected":false},"excerpt":{"rendered":"<p>(Cemile \u00c7ak\u0131r hocaya) Dudaklar\u0131m\u0131 kanat\u0131rcas\u0131na \u0131s\u0131r\u0131yorum g\u00fcnlerdir her s\u00f6zc\u00fck dilimin ucunda k\u00fcfre d\u00f6n\u00fcyor \u00e7\u00fcnk\u00fc Bir g\u00f6k g\u00fcrlese bari diyorum bir sa\u011fnak patlasa bitse bu sessizlik, bu kirli yap\u0131\u015fkanl\u0131k bitse ama bir tufan az m\u0131 gelir yoksa yine de y\u0131rt\u0131lan ve par\u00e7alanan bir\u015feyler olmal\u0131 mutlaka hi\u00e7 durmadan y\u0131rt\u0131lan ve par\u00e7alanan bir \u015feyler Oysa ne kadar sakin [&hellip;]<\/p>\n","protected":false},"author":1,"featured_media":0,"comment_status":"open","ping_status":"open","sticky":false,"template":"","format":"standard","meta":{"footnotes":""},"categories":[7],"tags":[],"class_list":{"0":"post-105","1":"post","2":"type-post","3":"status-publish","4":"format-standard","6":"category-ahmet-telli"},"yoast_head":"<!-- This site is optimized with the Yoast SEO Premium plugin v24.9 (Yoast SEO v24.9) - https:\/\/yoast.com\/wordpress\/plugins\/seo\/ -->\n<title>BELK\u0130 Y\u0130NE GEL\u0130R\u0130M - narteks.net<\/title>\n<meta name=\"robots\" content=\"index, follow, max-snippet:-1, max-image-preview:large, max-video-preview:-1\" \/>\n<link rel=\"canonical\" href=\"https:\/\/narteks.net\/index.php\/2009\/02\/27\/belki-yine-gelirim\/\" \/>\n<meta property=\"og:locale\" content=\"tr_TR\" \/>\n<meta property=\"og:type\" content=\"article\" \/>\n<meta property=\"og:title\" content=\"BELK\u0130 Y\u0130NE GEL\u0130R\u0130M\" \/>\n<meta property=\"og:description\" content=\"(Cemile \u00c7ak\u0131r hocaya) Dudaklar\u0131m\u0131 kanat\u0131rcas\u0131na \u0131s\u0131r\u0131yorum g\u00fcnlerdir her s\u00f6zc\u00fck dilimin ucunda k\u00fcfre d\u00f6n\u00fcyor \u00e7\u00fcnk\u00fc Bir g\u00f6k g\u00fcrlese bari diyorum bir sa\u011fnak patlasa bitse bu sessizlik, bu kirli yap\u0131\u015fkanl\u0131k bitse ama bir tufan az m\u0131 gelir yoksa yine de y\u0131rt\u0131lan ve par\u00e7alanan bir\u015feyler olmal\u0131 mutlaka hi\u00e7 durmadan y\u0131rt\u0131lan ve par\u00e7alanan bir \u015feyler Oysa ne kadar sakin [&hellip;]\" \/>\n<meta property=\"og:url\" content=\"https:\/\/narteks.net\/index.php\/2009\/02\/27\/belki-yine-gelirim\/\" \/>\n<meta property=\"og:site_name\" content=\"narteks.net\" \/>\n<meta property=\"article:published_time\" content=\"2009-02-27T12:31:39+00:00\" \/>\n<meta property=\"og:image\" content=\"https:\/\/narteks.net\/wp-content\/uploads\/narteks.png\" \/>\n\t<meta property=\"og:image:width\" content=\"300\" \/>\n\t<meta property=\"og:image:height\" content=\"90\" \/>\n\t<meta property=\"og:image:type\" content=\"image\/png\" \/>\n<meta name=\"author\" content=\"Tar\u0131k\" \/>\n<meta name=\"twitter:card\" content=\"summary_large_image\" \/>\n<meta name=\"twitter:creator\" content=\"@narteks\" \/>\n<meta name=\"twitter:site\" content=\"@narteks\" \/>\n<meta name=\"twitter:label1\" content=\"Yazan:\" \/>\n\t<meta name=\"twitter:data1\" content=\"Tar\u0131k\" \/>\n\t<meta name=\"twitter:label2\" content=\"Tahmini okuma s\u00fcresi\" \/>\n\t<meta name=\"twitter:data2\" content=\"3 dakika\" \/>\n<script type=\"application\/ld+json\" class=\"yoast-schema-graph\">{\"@context\":\"https:\/\/schema.org\",\"@graph\":[{\"@type\":\"Article\",\"@id\":\"https:\/\/narteks.net\/index.php\/2009\/02\/27\/belki-yine-gelirim\/#article\",\"isPartOf\":{\"@id\":\"https:\/\/narteks.net\/index.php\/2009\/02\/27\/belki-yine-gelirim\/\"},\"author\":{\"name\":\"Tar\u0131k\",\"@id\":\"https:\/\/narteks.net\/#\/schema\/person\/61f37d9834294b72d31d274e7ed79bca\"},\"headline\":\"BELK\u0130 Y\u0130NE GEL\u0130R\u0130M\",\"datePublished\":\"2009-02-27T12:31:39+00:00\",\"mainEntityOfPage\":{\"@id\":\"https:\/\/narteks.net\/index.php\/2009\/02\/27\/belki-yine-gelirim\/\"},\"wordCount\":549,\"commentCount\":0,\"publisher\":{\"@id\":\"https:\/\/narteks.net\/#organization\"},\"articleSection\":[\"Ahmet TELL\u0130\"],\"inLanguage\":\"tr\",\"potentialAction\":[{\"@type\":\"CommentAction\",\"name\":\"Comment\",\"target\":[\"https:\/\/narteks.net\/index.php\/2009\/02\/27\/belki-yine-gelirim\/#respond\"]}]},{\"@type\":\"WebPage\",\"@id\":\"https:\/\/narteks.net\/index.php\/2009\/02\/27\/belki-yine-gelirim\/\",\"url\":\"https:\/\/narteks.net\/index.php\/2009\/02\/27\/belki-yine-gelirim\/\",\"name\":\"BELK\u0130 Y\u0130NE GEL\u0130R\u0130M - narteks.net\",\"isPartOf\":{\"@id\":\"https:\/\/narteks.net\/#website\"},\"datePublished\":\"2009-02-27T12:31:39+00:00\",\"breadcrumb\":{\"@id\":\"https:\/\/narteks.net\/index.php\/2009\/02\/27\/belki-yine-gelirim\/#breadcrumb\"},\"inLanguage\":\"tr\",\"potentialAction\":[{\"@type\":\"ReadAction\",\"target\":[\"https:\/\/narteks.net\/index.php\/2009\/02\/27\/belki-yine-gelirim\/\"]}]},{\"@type\":\"BreadcrumbList\",\"@id\":\"https:\/\/narteks.net\/index.php\/2009\/02\/27\/belki-yine-gelirim\/#breadcrumb\",\"itemListElement\":[{\"@type\":\"ListItem\",\"position\":1,\"name\":\"Anasayfa\",\"item\":\"https:\/\/narteks.net\/\"},{\"@type\":\"ListItem\",\"position\":2,\"name\":\"BELK\u0130 Y\u0130NE GEL\u0130R\u0130M\"}]},{\"@type\":\"WebSite\",\"@id\":\"https:\/\/narteks.net\/#website\",\"url\":\"https:\/\/narteks.net\/\",\"name\":\"narteks.net\",\"description\":\"K\u00fclt\u00fcr Sanat Edebiyat Felsefe\",\"publisher\":{\"@id\":\"https:\/\/narteks.net\/#organization\"},\"alternateName\":\"K\u00fclt\u00fcr Sanat Edebiyat Felsefe\",\"potentialAction\":[{\"@type\":\"SearchAction\",\"target\":{\"@type\":\"EntryPoint\",\"urlTemplate\":\"https:\/\/narteks.net\/?s={search_term_string}\"},\"query-input\":{\"@type\":\"PropertyValueSpecification\",\"valueRequired\":true,\"valueName\":\"search_term_string\"}}],\"inLanguage\":\"tr\"},{\"@type\":\"Organization\",\"@id\":\"https:\/\/narteks.net\/#organization\",\"name\":\"narteks.net\",\"url\":\"https:\/\/narteks.net\/\",\"logo\":{\"@type\":\"ImageObject\",\"inLanguage\":\"tr\",\"@id\":\"https:\/\/narteks.net\/#\/schema\/logo\/image\/\",\"url\":\"https:\/\/narteks.net\/wp-content\/uploads\/narteks.png\",\"contentUrl\":\"https:\/\/narteks.net\/wp-content\/uploads\/narteks.png\",\"width\":300,\"height\":90,\"caption\":\"narteks.net\"},\"image\":{\"@id\":\"https:\/\/narteks.net\/#\/schema\/logo\/image\/\"},\"sameAs\":[\"https:\/\/x.com\/narteks\",\"https:\/\/instagram.com\/narteksnet\"]},{\"@type\":\"Person\",\"@id\":\"https:\/\/narteks.net\/#\/schema\/person\/61f37d9834294b72d31d274e7ed79bca\",\"name\":\"Tar\u0131k\",\"image\":{\"@type\":\"ImageObject\",\"inLanguage\":\"tr\",\"@id\":\"https:\/\/narteks.net\/#\/schema\/person\/image\/\",\"url\":\"https:\/\/secure.gravatar.com\/avatar\/50865afb55632c4ae467e0af0930f6510aa2297d8014be502a55b14f3b7550cf?s=96&d=mm&r=g\",\"contentUrl\":\"https:\/\/secure.gravatar.com\/avatar\/50865afb55632c4ae467e0af0930f6510aa2297d8014be502a55b14f3b7550cf?s=96&d=mm&r=g\",\"caption\":\"Tar\u0131k\"},\"sameAs\":[\"http:\/\/narteks.net\"],\"url\":\"https:\/\/narteks.net\/index.php\/author\/narbak\/\"}]}<\/script>\n<!-- \/ Yoast SEO Premium plugin. -->","yoast_head_json":{"title":"BELK\u0130 Y\u0130NE GEL\u0130R\u0130M - narteks.net","robots":{"index":"index","follow":"follow","max-snippet":"max-snippet:-1","max-image-preview":"max-image-preview:large","max-video-preview":"max-video-preview:-1"},"canonical":"https:\/\/narteks.net\/index.php\/2009\/02\/27\/belki-yine-gelirim\/","og_locale":"tr_TR","og_type":"article","og_title":"BELK\u0130 Y\u0130NE GEL\u0130R\u0130M","og_description":"(Cemile \u00c7ak\u0131r hocaya) Dudaklar\u0131m\u0131 kanat\u0131rcas\u0131na \u0131s\u0131r\u0131yorum g\u00fcnlerdir her s\u00f6zc\u00fck dilimin ucunda k\u00fcfre d\u00f6n\u00fcyor \u00e7\u00fcnk\u00fc Bir g\u00f6k g\u00fcrlese bari diyorum bir sa\u011fnak patlasa bitse bu sessizlik, bu kirli yap\u0131\u015fkanl\u0131k bitse ama bir tufan az m\u0131 gelir yoksa yine de y\u0131rt\u0131lan ve par\u00e7alanan bir\u015feyler olmal\u0131 mutlaka hi\u00e7 durmadan y\u0131rt\u0131lan ve par\u00e7alanan bir \u015feyler Oysa ne kadar sakin [&hellip;]","og_url":"https:\/\/narteks.net\/index.php\/2009\/02\/27\/belki-yine-gelirim\/","og_site_name":"narteks.net","article_published_time":"2009-02-27T12:31:39+00:00","og_image":[{"width":300,"height":90,"url":"https:\/\/narteks.net\/wp-content\/uploads\/narteks.png","type":"image\/png"}],"author":"Tar\u0131k","twitter_card":"summary_large_image","twitter_creator":"@narteks","twitter_site":"@narteks","twitter_misc":{"Yazan:":"Tar\u0131k","Tahmini okuma s\u00fcresi":"3 dakika"},"schema":{"@context":"https:\/\/schema.org","@graph":[{"@type":"Article","@id":"https:\/\/narteks.net\/index.php\/2009\/02\/27\/belki-yine-gelirim\/#article","isPartOf":{"@id":"https:\/\/narteks.net\/index.php\/2009\/02\/27\/belki-yine-gelirim\/"},"author":{"name":"Tar\u0131k","@id":"https:\/\/narteks.net\/#\/schema\/person\/61f37d9834294b72d31d274e7ed79bca"},"headline":"BELK\u0130 Y\u0130NE GEL\u0130R\u0130M","datePublished":"2009-02-27T12:31:39+00:00","mainEntityOfPage":{"@id":"https:\/\/narteks.net\/index.php\/2009\/02\/27\/belki-yine-gelirim\/"},"wordCount":549,"commentCount":0,"publisher":{"@id":"https:\/\/narteks.net\/#organization"},"articleSection":["Ahmet TELL\u0130"],"inLanguage":"tr","potentialAction":[{"@type":"CommentAction","name":"Comment","target":["https:\/\/narteks.net\/index.php\/2009\/02\/27\/belki-yine-gelirim\/#respond"]}]},{"@type":"WebPage","@id":"https:\/\/narteks.net\/index.php\/2009\/02\/27\/belki-yine-gelirim\/","url":"https:\/\/narteks.net\/index.php\/2009\/02\/27\/belki-yine-gelirim\/","name":"BELK\u0130 Y\u0130NE GEL\u0130R\u0130M - narteks.net","isPartOf":{"@id":"https:\/\/narteks.net\/#website"},"datePublished":"2009-02-27T12:31:39+00:00","breadcrumb":{"@id":"https:\/\/narteks.net\/index.php\/2009\/02\/27\/belki-yine-gelirim\/#breadcrumb"},"inLanguage":"tr","potentialAction":[{"@type":"ReadAction","target":["https:\/\/narteks.net\/index.php\/2009\/02\/27\/belki-yine-gelirim\/"]}]},{"@type":"BreadcrumbList","@id":"https:\/\/narteks.net\/index.php\/2009\/02\/27\/belki-yine-gelirim\/#breadcrumb","itemListElement":[{"@type":"ListItem","position":1,"name":"Anasayfa","item":"https:\/\/narteks.net\/"},{"@type":"ListItem","position":2,"name":"BELK\u0130 Y\u0130NE GEL\u0130R\u0130M"}]},{"@type":"WebSite","@id":"https:\/\/narteks.net\/#website","url":"https:\/\/narteks.net\/","name":"narteks.net","description":"K\u00fclt\u00fcr Sanat Edebiyat Felsefe","publisher":{"@id":"https:\/\/narteks.net\/#organization"},"alternateName":"K\u00fclt\u00fcr Sanat Edebiyat Felsefe","potentialAction":[{"@type":"SearchAction","target":{"@type":"EntryPoint","urlTemplate":"https:\/\/narteks.net\/?s={search_term_string}"},"query-input":{"@type":"PropertyValueSpecification","valueRequired":true,"valueName":"search_term_string"}}],"inLanguage":"tr"},{"@type":"Organization","@id":"https:\/\/narteks.net\/#organization","name":"narteks.net","url":"https:\/\/narteks.net\/","logo":{"@type":"ImageObject","inLanguage":"tr","@id":"https:\/\/narteks.net\/#\/schema\/logo\/image\/","url":"https:\/\/narteks.net\/wp-content\/uploads\/narteks.png","contentUrl":"https:\/\/narteks.net\/wp-content\/uploads\/narteks.png","width":300,"height":90,"caption":"narteks.net"},"image":{"@id":"https:\/\/narteks.net\/#\/schema\/logo\/image\/"},"sameAs":["https:\/\/x.com\/narteks","https:\/\/instagram.com\/narteksnet"]},{"@type":"Person","@id":"https:\/\/narteks.net\/#\/schema\/person\/61f37d9834294b72d31d274e7ed79bca","name":"Tar\u0131k","image":{"@type":"ImageObject","inLanguage":"tr","@id":"https:\/\/narteks.net\/#\/schema\/person\/image\/","url":"https:\/\/secure.gravatar.com\/avatar\/50865afb55632c4ae467e0af0930f6510aa2297d8014be502a55b14f3b7550cf?s=96&d=mm&r=g","contentUrl":"https:\/\/secure.gravatar.com\/avatar\/50865afb55632c4ae467e0af0930f6510aa2297d8014be502a55b14f3b7550cf?s=96&d=mm&r=g","caption":"Tar\u0131k"},"sameAs":["http:\/\/narteks.net"],"url":"https:\/\/narteks.net\/index.php\/author\/narbak\/"}]}},"_links":{"self":[{"href":"https:\/\/narteks.net\/index.php\/wp-json\/wp\/v2\/posts\/105","targetHints":{"allow":["GET"]}}],"collection":[{"href":"https:\/\/narteks.net\/index.php\/wp-json\/wp\/v2\/posts"}],"about":[{"href":"https:\/\/narteks.net\/index.php\/wp-json\/wp\/v2\/types\/post"}],"author":[{"embeddable":true,"href":"https:\/\/narteks.net\/index.php\/wp-json\/wp\/v2\/users\/1"}],"replies":[{"embeddable":true,"href":"https:\/\/narteks.net\/index.php\/wp-json\/wp\/v2\/comments?post=105"}],"version-history":[{"count":0,"href":"https:\/\/narteks.net\/index.php\/wp-json\/wp\/v2\/posts\/105\/revisions"}],"wp:attachment":[{"href":"https:\/\/narteks.net\/index.php\/wp-json\/wp\/v2\/media?parent=105"}],"wp:term":[{"taxonomy":"category","embeddable":true,"href":"https:\/\/narteks.net\/index.php\/wp-json\/wp\/v2\/categories?post=105"},{"taxonomy":"post_tag","embeddable":true,"href":"https:\/\/narteks.net\/index.php\/wp-json\/wp\/v2\/tags?post=105"}],"curies":[{"name":"wp","href":"https:\/\/api.w.org\/{rel}","templated":true}]}}