{"id":1071,"date":"2009-11-05T12:51:19","date_gmt":"2009-11-05T09:51:19","guid":{"rendered":"http:\/\/localhost\/wordpress\/2009\/11\/05\/oyle-gunler-gordum-ki\/"},"modified":"2009-11-05T12:51:19","modified_gmt":"2009-11-05T09:51:19","slug":"oyle-gunler-gordum-ki","status":"publish","type":"post","link":"https:\/\/narteks.net\/index.php\/2009\/11\/05\/oyle-gunler-gordum-ki\/","title":{"rendered":"\u00d6YLE G\u00dcNLER G\u00d6RD\u00dcM K\u0130"},"content":{"rendered":"<p>\u00a0<\/p>\n<p>\u00d6yle g\u00fcnler g\u00f6rd\u00fcm ki, ayd\u0131n g\u00f6kler karar\u0131p<br \/> Baht\u0131m bir bulut gibi \u00fcst\u00fcme \u00e7\u00f6ker oldu,<br \/> Her g\u00f6z\u00fcm\u00fc yumunca tan\u0131d\u0131k y\u00fczler g\u00f6r\u00fcp,<br \/> Hayaller alev alev beynimi yakar oldu.<br \/> \u00dcmitsizlik, gariplik d\u00f6rt taraf\u0131m\u0131 sar\u0131p<br \/> Y\u00fcz\u00fcm s\u0131r\u0131tsa bile, i\u00e7im ya\u015f d\u00f6ker oldu.<\/p>\n<p>Her sabah ilk \u0131\u015fiklar g\u00f6zlerimi oyard\u0131,<br \/> Uyanan ta\u015f duvarlar iniltimi duyard\u0131.<\/p>\n<p>\u00d6yle g\u00fcnler g\u00f6rdum ki, duvarlar gelir dile,<br \/> G\u00f6zumde canlan\u0131rd\u0131 e\u015fkiya masallar\u0131.<br \/> Varl\u0131\u011f\u0131m\u0131 sarard\u0131, hain bir isteyi\u015fle<br \/> G\u00f6rmedi\u011fim yumu\u015fak bir d\u00fc\u015fman\u0131n elleri<br \/> Kafada \u00e7elik gibi fikirler dursa bile<br \/> Kalplerin eksik olmaz b\u00f6yle zay\u0131f halleri:<\/p>\n<p>Bazen kendi kendimin elinden kurtulurdum,<br \/> Kalbimi bir \u00e7amurda \u00e7\u0131rp\u0131n\u0131rken bulurdum.<\/p>\n<p>\u00d6yle g\u00fcnler g\u00f6rd\u00fcm ki, dost dedi\u011fim insanlar<br \/> Ben yan\u0131na var\u0131nca duda\u011f\u0131n\u0131 k\u0131v\u0131rd\u0131.<br \/> Bir zamanlar yan\u0131mda a\u011f\u0131z a\u00e7mayanlar<br \/> S\u0131rt\u0131m\u0131 s\u0131vazlad\u0131, bana o\u011f\u00fct savurdu.<br \/> Silahs\u0131z g\u00f6rd\u00fc\u011f\u00fcne sald\u0131ran kahramanlar<br \/> En al\u00e7ak tekmelerle beni yere devirdi.<\/p>\n<p>Ruhum bir heykel gibi d\u00fc\u015f\u00fcp parcalan\u0131rd\u0131.<br \/> Bu sesleri duyanlar g\u00fcl\u00fcyorum san\u0131rd\u0131.<\/p>\n<p>\u00d6yle g\u00fcnler g\u00f6rd\u00fcm ki, tabanca saka\u011f\u0131mda<br \/> Tasarlad\u0131m ayd\u0131nl\u0131k d\u00fcnyay\u0131 b\u0131rakmay\u0131<br \/> G\u00f6nl\u00fcm ac\u0131kl\u0131 buldu, en ate\u015fli \u00e7a\u011f\u0131mda<br \/> S\u00f6n\u00fck bir y\u0131ld\u0131z gibi bo\u015fluklara akmay\u0131<br \/> Tabancan\u0131n namlusu \u0131s\u0131nd\u0131 yanag\u0131mda,<br \/> Parmag\u0131m istemedi teti\u011fini \u00e7ekmeyi<\/p>\n<p>Bir sonbahar ya\u011fmuru gibi i\u00e7im a\u011flard\u0131<br \/> Bir \u015feyler fakat beni ya\u015fama\u011fa ba\u011flard\u0131.<\/p>\n<p>Ey bir tane sevgilim, ben bug\u00fcn ya\u015f\u0131yorsam<br \/> Sanma ki hayat tatl\u0131, insanlar ho\u015f olmustur,<br \/> Da\u011f ba\u015f\u0131nda bir kaya gibiyim \u015f\u00f6yle dursam<br \/> Etraf\u0131m eskisinden daha bombo\u015f olmu\u015ftur<br \/> Yaln\u0131z sana bor\u00e7luyum bug\u00fcn d\u00fcnyada varsam:<br \/> Seni her and\u0131\u011f\u0131mda g\u00f6zlerim ya\u015f olmu\u015ftur<\/p>\n<p>Ya\u015flar ki bir \u0131rmakt\u0131r, dertleri s\u00fcr\u00fcr gider,<br \/> G\u00f6zya\u015flar\u0131 i\u00e7inde seneler y\u00fcr\u00fcr gider.<\/p>\n<p>Yok olmak iste\u011fiyle kalbim att\u0131\u011f\u0131 zaman,<br \/> Bana: Ya\u015fa der gibi g\u00fclen senin y\u00fcz\u00fcnd\u00fc.<br \/> Dizlerim bir batakta yorgun yatt\u0131\u011f\u0131 zaman<br \/> Bacaklar\u0131ma kuvvet veren senin h\u0131z\u0131nd\u0131.<br \/> Ya\u015faran g\u00f6zlerimde, g\u00fcne\u015f batt\u0131\u011f\u0131 zaman<br \/> S\u0131cak bir yuva gibi t\u00fcten senin dizindi.<\/p>\n<p>Sen akl\u0131ma gelince her \u015fey g\u00fcl\u00fcmserdi.<br \/> A\u011fa\u00e7lar sark\u0131 s\u00f6yler, r\u00fczgar tatl\u0131 eserdi.<\/p>\n<p>Ey sevgilim, bilirsin benim ne \u00e7ekti\u011fimi:<br \/> Garip ba\u015fim\u0131n derdi bir y\u00fcrek ta\u015f\u0131yorum.<br \/> Anlars\u0131n ni\u00e7in uzak yerlere bakt\u0131\u011f\u0131m\u0131:<br \/> \u0130\u00e7inde ya\u015fanmaz bir d\u00fcnyada ya\u015f\u0131yorum.<br \/> G\u00f6r\u00fcnce g\u00fclme sak\u0131n \u00e7\u0131rp\u0131n\u0131p akt\u0131g\u0131m\u0131:<br \/> Il\u0131k ve ayd\u0131nl\u0131k bir denize ko\u015fuyorum.<\/p>\n<p>Sen benim sevgilimsin, sevsen de, sevmesen de,<br \/> Arad\u0131\u011f\u0131m yerlere benzeyi\u015f buldum sende.<\/p>\n<p>Sabahattin AL\u0130<\/p>\n","protected":false},"excerpt":{"rendered":"<p>\u00a0 \u00d6yle g\u00fcnler g\u00f6rd\u00fcm ki, ayd\u0131n g\u00f6kler karar\u0131p Baht\u0131m bir bulut gibi \u00fcst\u00fcme \u00e7\u00f6ker oldu, Her g\u00f6z\u00fcm\u00fc yumunca tan\u0131d\u0131k y\u00fczler g\u00f6r\u00fcp, Hayaller alev alev beynimi yakar oldu. \u00dcmitsizlik, gariplik d\u00f6rt taraf\u0131m\u0131 sar\u0131p Y\u00fcz\u00fcm s\u0131r\u0131tsa bile, i\u00e7im ya\u015f d\u00f6ker oldu. Her sabah ilk \u0131\u015fiklar g\u00f6zlerimi oyard\u0131, Uyanan ta\u015f duvarlar iniltimi duyard\u0131. \u00d6yle g\u00fcnler g\u00f6rdum ki, duvarlar [&hellip;]<\/p>\n","protected":false},"author":1,"featured_media":0,"comment_status":"open","ping_status":"open","sticky":false,"template":"","format":"standard","meta":{"footnotes":""},"categories":[31],"tags":[],"class_list":{"0":"post-1071","1":"post","2":"type-post","3":"status-publish","4":"format-standard","6":"category-sabahattin-ali"},"yoast_head":"<!-- This site is optimized with the Yoast SEO Premium plugin v24.9 (Yoast SEO v24.9) - https:\/\/yoast.com\/wordpress\/plugins\/seo\/ -->\n<title>\u00d6YLE G\u00dcNLER G\u00d6RD\u00dcM K\u0130 - narteks.net<\/title>\n<meta name=\"robots\" content=\"index, follow, max-snippet:-1, max-image-preview:large, max-video-preview:-1\" \/>\n<link rel=\"canonical\" href=\"https:\/\/narteks.net\/index.php\/2009\/11\/05\/oyle-gunler-gordum-ki\/\" \/>\n<meta property=\"og:locale\" content=\"tr_TR\" \/>\n<meta property=\"og:type\" content=\"article\" \/>\n<meta property=\"og:title\" content=\"\u00d6YLE G\u00dcNLER G\u00d6RD\u00dcM K\u0130\" \/>\n<meta property=\"og:description\" content=\"\u00a0 \u00d6yle g\u00fcnler g\u00f6rd\u00fcm ki, ayd\u0131n g\u00f6kler karar\u0131p Baht\u0131m bir bulut gibi \u00fcst\u00fcme \u00e7\u00f6ker oldu, Her g\u00f6z\u00fcm\u00fc yumunca tan\u0131d\u0131k y\u00fczler g\u00f6r\u00fcp, Hayaller alev alev beynimi yakar oldu. \u00dcmitsizlik, gariplik d\u00f6rt taraf\u0131m\u0131 sar\u0131p Y\u00fcz\u00fcm s\u0131r\u0131tsa bile, i\u00e7im ya\u015f d\u00f6ker oldu. Her sabah ilk \u0131\u015fiklar g\u00f6zlerimi oyard\u0131, Uyanan ta\u015f duvarlar iniltimi duyard\u0131. \u00d6yle g\u00fcnler g\u00f6rdum ki, duvarlar [&hellip;]\" \/>\n<meta property=\"og:url\" content=\"https:\/\/narteks.net\/index.php\/2009\/11\/05\/oyle-gunler-gordum-ki\/\" \/>\n<meta property=\"og:site_name\" content=\"narteks.net\" \/>\n<meta property=\"article:published_time\" content=\"2009-11-05T09:51:19+00:00\" \/>\n<meta property=\"og:image\" content=\"https:\/\/narteks.net\/wp-content\/uploads\/narteks.png\" \/>\n\t<meta property=\"og:image:width\" content=\"300\" \/>\n\t<meta property=\"og:image:height\" content=\"90\" \/>\n\t<meta property=\"og:image:type\" content=\"image\/png\" \/>\n<meta name=\"author\" content=\"Tar\u0131k\" \/>\n<meta name=\"twitter:card\" content=\"summary_large_image\" \/>\n<meta name=\"twitter:creator\" content=\"@narteks\" \/>\n<meta name=\"twitter:site\" content=\"@narteks\" \/>\n<meta name=\"twitter:label1\" content=\"Yazan:\" \/>\n\t<meta name=\"twitter:data1\" content=\"Tar\u0131k\" \/>\n\t<meta name=\"twitter:label2\" content=\"Tahmini okuma s\u00fcresi\" \/>\n\t<meta name=\"twitter:data2\" content=\"2 dakika\" \/>\n<script type=\"application\/ld+json\" class=\"yoast-schema-graph\">{\"@context\":\"https:\/\/schema.org\",\"@graph\":[{\"@type\":\"Article\",\"@id\":\"https:\/\/narteks.net\/index.php\/2009\/11\/05\/oyle-gunler-gordum-ki\/#article\",\"isPartOf\":{\"@id\":\"https:\/\/narteks.net\/index.php\/2009\/11\/05\/oyle-gunler-gordum-ki\/\"},\"author\":{\"name\":\"Tar\u0131k\",\"@id\":\"https:\/\/narteks.net\/#\/schema\/person\/61f37d9834294b72d31d274e7ed79bca\"},\"headline\":\"\u00d6YLE G\u00dcNLER G\u00d6RD\u00dcM K\u0130\",\"datePublished\":\"2009-11-05T09:51:19+00:00\",\"mainEntityOfPage\":{\"@id\":\"https:\/\/narteks.net\/index.php\/2009\/11\/05\/oyle-gunler-gordum-ki\/\"},\"wordCount\":491,\"commentCount\":0,\"publisher\":{\"@id\":\"https:\/\/narteks.net\/#organization\"},\"articleSection\":[\"Sabahattin ALI\"],\"inLanguage\":\"tr\",\"potentialAction\":[{\"@type\":\"CommentAction\",\"name\":\"Comment\",\"target\":[\"https:\/\/narteks.net\/index.php\/2009\/11\/05\/oyle-gunler-gordum-ki\/#respond\"]}]},{\"@type\":\"WebPage\",\"@id\":\"https:\/\/narteks.net\/index.php\/2009\/11\/05\/oyle-gunler-gordum-ki\/\",\"url\":\"https:\/\/narteks.net\/index.php\/2009\/11\/05\/oyle-gunler-gordum-ki\/\",\"name\":\"\u00d6YLE G\u00dcNLER G\u00d6RD\u00dcM K\u0130 - narteks.net\",\"isPartOf\":{\"@id\":\"https:\/\/narteks.net\/#website\"},\"datePublished\":\"2009-11-05T09:51:19+00:00\",\"breadcrumb\":{\"@id\":\"https:\/\/narteks.net\/index.php\/2009\/11\/05\/oyle-gunler-gordum-ki\/#breadcrumb\"},\"inLanguage\":\"tr\",\"potentialAction\":[{\"@type\":\"ReadAction\",\"target\":[\"https:\/\/narteks.net\/index.php\/2009\/11\/05\/oyle-gunler-gordum-ki\/\"]}]},{\"@type\":\"BreadcrumbList\",\"@id\":\"https:\/\/narteks.net\/index.php\/2009\/11\/05\/oyle-gunler-gordum-ki\/#breadcrumb\",\"itemListElement\":[{\"@type\":\"ListItem\",\"position\":1,\"name\":\"Anasayfa\",\"item\":\"https:\/\/narteks.net\/\"},{\"@type\":\"ListItem\",\"position\":2,\"name\":\"\u00d6YLE G\u00dcNLER G\u00d6RD\u00dcM K\u0130\"}]},{\"@type\":\"WebSite\",\"@id\":\"https:\/\/narteks.net\/#website\",\"url\":\"https:\/\/narteks.net\/\",\"name\":\"narteks.net\",\"description\":\"K\u00fclt\u00fcr Sanat Edebiyat Felsefe\",\"publisher\":{\"@id\":\"https:\/\/narteks.net\/#organization\"},\"alternateName\":\"K\u00fclt\u00fcr Sanat Edebiyat Felsefe\",\"potentialAction\":[{\"@type\":\"SearchAction\",\"target\":{\"@type\":\"EntryPoint\",\"urlTemplate\":\"https:\/\/narteks.net\/?s={search_term_string}\"},\"query-input\":{\"@type\":\"PropertyValueSpecification\",\"valueRequired\":true,\"valueName\":\"search_term_string\"}}],\"inLanguage\":\"tr\"},{\"@type\":\"Organization\",\"@id\":\"https:\/\/narteks.net\/#organization\",\"name\":\"narteks.net\",\"url\":\"https:\/\/narteks.net\/\",\"logo\":{\"@type\":\"ImageObject\",\"inLanguage\":\"tr\",\"@id\":\"https:\/\/narteks.net\/#\/schema\/logo\/image\/\",\"url\":\"https:\/\/narteks.net\/wp-content\/uploads\/narteks.png\",\"contentUrl\":\"https:\/\/narteks.net\/wp-content\/uploads\/narteks.png\",\"width\":300,\"height\":90,\"caption\":\"narteks.net\"},\"image\":{\"@id\":\"https:\/\/narteks.net\/#\/schema\/logo\/image\/\"},\"sameAs\":[\"https:\/\/x.com\/narteks\",\"https:\/\/instagram.com\/narteksnet\"]},{\"@type\":\"Person\",\"@id\":\"https:\/\/narteks.net\/#\/schema\/person\/61f37d9834294b72d31d274e7ed79bca\",\"name\":\"Tar\u0131k\",\"image\":{\"@type\":\"ImageObject\",\"inLanguage\":\"tr\",\"@id\":\"https:\/\/narteks.net\/#\/schema\/person\/image\/\",\"url\":\"https:\/\/secure.gravatar.com\/avatar\/50865afb55632c4ae467e0af0930f6510aa2297d8014be502a55b14f3b7550cf?s=96&d=mm&r=g\",\"contentUrl\":\"https:\/\/secure.gravatar.com\/avatar\/50865afb55632c4ae467e0af0930f6510aa2297d8014be502a55b14f3b7550cf?s=96&d=mm&r=g\",\"caption\":\"Tar\u0131k\"},\"sameAs\":[\"http:\/\/narteks.net\"],\"url\":\"https:\/\/narteks.net\/index.php\/author\/narbak\/\"}]}<\/script>\n<!-- \/ Yoast SEO Premium plugin. -->","yoast_head_json":{"title":"\u00d6YLE G\u00dcNLER G\u00d6RD\u00dcM K\u0130 - narteks.net","robots":{"index":"index","follow":"follow","max-snippet":"max-snippet:-1","max-image-preview":"max-image-preview:large","max-video-preview":"max-video-preview:-1"},"canonical":"https:\/\/narteks.net\/index.php\/2009\/11\/05\/oyle-gunler-gordum-ki\/","og_locale":"tr_TR","og_type":"article","og_title":"\u00d6YLE G\u00dcNLER G\u00d6RD\u00dcM K\u0130","og_description":"\u00a0 \u00d6yle g\u00fcnler g\u00f6rd\u00fcm ki, ayd\u0131n g\u00f6kler karar\u0131p Baht\u0131m bir bulut gibi \u00fcst\u00fcme \u00e7\u00f6ker oldu, Her g\u00f6z\u00fcm\u00fc yumunca tan\u0131d\u0131k y\u00fczler g\u00f6r\u00fcp, Hayaller alev alev beynimi yakar oldu. \u00dcmitsizlik, gariplik d\u00f6rt taraf\u0131m\u0131 sar\u0131p Y\u00fcz\u00fcm s\u0131r\u0131tsa bile, i\u00e7im ya\u015f d\u00f6ker oldu. Her sabah ilk \u0131\u015fiklar g\u00f6zlerimi oyard\u0131, Uyanan ta\u015f duvarlar iniltimi duyard\u0131. \u00d6yle g\u00fcnler g\u00f6rdum ki, duvarlar [&hellip;]","og_url":"https:\/\/narteks.net\/index.php\/2009\/11\/05\/oyle-gunler-gordum-ki\/","og_site_name":"narteks.net","article_published_time":"2009-11-05T09:51:19+00:00","og_image":[{"width":300,"height":90,"url":"https:\/\/narteks.net\/wp-content\/uploads\/narteks.png","type":"image\/png"}],"author":"Tar\u0131k","twitter_card":"summary_large_image","twitter_creator":"@narteks","twitter_site":"@narteks","twitter_misc":{"Yazan:":"Tar\u0131k","Tahmini okuma s\u00fcresi":"2 dakika"},"schema":{"@context":"https:\/\/schema.org","@graph":[{"@type":"Article","@id":"https:\/\/narteks.net\/index.php\/2009\/11\/05\/oyle-gunler-gordum-ki\/#article","isPartOf":{"@id":"https:\/\/narteks.net\/index.php\/2009\/11\/05\/oyle-gunler-gordum-ki\/"},"author":{"name":"Tar\u0131k","@id":"https:\/\/narteks.net\/#\/schema\/person\/61f37d9834294b72d31d274e7ed79bca"},"headline":"\u00d6YLE G\u00dcNLER G\u00d6RD\u00dcM K\u0130","datePublished":"2009-11-05T09:51:19+00:00","mainEntityOfPage":{"@id":"https:\/\/narteks.net\/index.php\/2009\/11\/05\/oyle-gunler-gordum-ki\/"},"wordCount":491,"commentCount":0,"publisher":{"@id":"https:\/\/narteks.net\/#organization"},"articleSection":["Sabahattin ALI"],"inLanguage":"tr","potentialAction":[{"@type":"CommentAction","name":"Comment","target":["https:\/\/narteks.net\/index.php\/2009\/11\/05\/oyle-gunler-gordum-ki\/#respond"]}]},{"@type":"WebPage","@id":"https:\/\/narteks.net\/index.php\/2009\/11\/05\/oyle-gunler-gordum-ki\/","url":"https:\/\/narteks.net\/index.php\/2009\/11\/05\/oyle-gunler-gordum-ki\/","name":"\u00d6YLE G\u00dcNLER G\u00d6RD\u00dcM K\u0130 - narteks.net","isPartOf":{"@id":"https:\/\/narteks.net\/#website"},"datePublished":"2009-11-05T09:51:19+00:00","breadcrumb":{"@id":"https:\/\/narteks.net\/index.php\/2009\/11\/05\/oyle-gunler-gordum-ki\/#breadcrumb"},"inLanguage":"tr","potentialAction":[{"@type":"ReadAction","target":["https:\/\/narteks.net\/index.php\/2009\/11\/05\/oyle-gunler-gordum-ki\/"]}]},{"@type":"BreadcrumbList","@id":"https:\/\/narteks.net\/index.php\/2009\/11\/05\/oyle-gunler-gordum-ki\/#breadcrumb","itemListElement":[{"@type":"ListItem","position":1,"name":"Anasayfa","item":"https:\/\/narteks.net\/"},{"@type":"ListItem","position":2,"name":"\u00d6YLE G\u00dcNLER G\u00d6RD\u00dcM K\u0130"}]},{"@type":"WebSite","@id":"https:\/\/narteks.net\/#website","url":"https:\/\/narteks.net\/","name":"narteks.net","description":"K\u00fclt\u00fcr Sanat Edebiyat Felsefe","publisher":{"@id":"https:\/\/narteks.net\/#organization"},"alternateName":"K\u00fclt\u00fcr Sanat Edebiyat Felsefe","potentialAction":[{"@type":"SearchAction","target":{"@type":"EntryPoint","urlTemplate":"https:\/\/narteks.net\/?s={search_term_string}"},"query-input":{"@type":"PropertyValueSpecification","valueRequired":true,"valueName":"search_term_string"}}],"inLanguage":"tr"},{"@type":"Organization","@id":"https:\/\/narteks.net\/#organization","name":"narteks.net","url":"https:\/\/narteks.net\/","logo":{"@type":"ImageObject","inLanguage":"tr","@id":"https:\/\/narteks.net\/#\/schema\/logo\/image\/","url":"https:\/\/narteks.net\/wp-content\/uploads\/narteks.png","contentUrl":"https:\/\/narteks.net\/wp-content\/uploads\/narteks.png","width":300,"height":90,"caption":"narteks.net"},"image":{"@id":"https:\/\/narteks.net\/#\/schema\/logo\/image\/"},"sameAs":["https:\/\/x.com\/narteks","https:\/\/instagram.com\/narteksnet"]},{"@type":"Person","@id":"https:\/\/narteks.net\/#\/schema\/person\/61f37d9834294b72d31d274e7ed79bca","name":"Tar\u0131k","image":{"@type":"ImageObject","inLanguage":"tr","@id":"https:\/\/narteks.net\/#\/schema\/person\/image\/","url":"https:\/\/secure.gravatar.com\/avatar\/50865afb55632c4ae467e0af0930f6510aa2297d8014be502a55b14f3b7550cf?s=96&d=mm&r=g","contentUrl":"https:\/\/secure.gravatar.com\/avatar\/50865afb55632c4ae467e0af0930f6510aa2297d8014be502a55b14f3b7550cf?s=96&d=mm&r=g","caption":"Tar\u0131k"},"sameAs":["http:\/\/narteks.net"],"url":"https:\/\/narteks.net\/index.php\/author\/narbak\/"}]}},"_links":{"self":[{"href":"https:\/\/narteks.net\/index.php\/wp-json\/wp\/v2\/posts\/1071","targetHints":{"allow":["GET"]}}],"collection":[{"href":"https:\/\/narteks.net\/index.php\/wp-json\/wp\/v2\/posts"}],"about":[{"href":"https:\/\/narteks.net\/index.php\/wp-json\/wp\/v2\/types\/post"}],"author":[{"embeddable":true,"href":"https:\/\/narteks.net\/index.php\/wp-json\/wp\/v2\/users\/1"}],"replies":[{"embeddable":true,"href":"https:\/\/narteks.net\/index.php\/wp-json\/wp\/v2\/comments?post=1071"}],"version-history":[{"count":0,"href":"https:\/\/narteks.net\/index.php\/wp-json\/wp\/v2\/posts\/1071\/revisions"}],"wp:attachment":[{"href":"https:\/\/narteks.net\/index.php\/wp-json\/wp\/v2\/media?parent=1071"}],"wp:term":[{"taxonomy":"category","embeddable":true,"href":"https:\/\/narteks.net\/index.php\/wp-json\/wp\/v2\/categories?post=1071"},{"taxonomy":"post_tag","embeddable":true,"href":"https:\/\/narteks.net\/index.php\/wp-json\/wp\/v2\/tags?post=1071"}],"curies":[{"name":"wp","href":"https:\/\/api.w.org\/{rel}","templated":true}]}}