{"id":1084,"date":"2009-11-05T13:00:18","date_gmt":"2009-11-05T10:00:18","guid":{"rendered":"http:\/\/localhost\/wordpress\/2009\/11\/05\/ben-senden-once-olmek-isterim\/"},"modified":"2009-11-05T13:00:18","modified_gmt":"2009-11-05T10:00:18","slug":"ben-senden-once-olmek-isterim","status":"publish","type":"post","link":"https:\/\/narteks.net\/index.php\/2009\/11\/05\/ben-senden-once-olmek-isterim\/","title":{"rendered":"BEN SENDEN \u00d6NCE \u00d6LMEK \u0130STER\u0130M"},"content":{"rendered":"<p>\u00a0<\/p>\n<p>Ben<br \/> senden \u00f6nce \u00f6lmek isterim.<br \/> Gidenin arkas\u0131ndan gelen<br \/> gideni bulacak m\u0131 zannediyorsun?<br \/> Ben zannetmiyorum bunu.<br \/> \u0130yisi mi,beni yakt\u0131r\u0131rs\u0131n,<br \/> odanda oca\u011f\u0131n \u00fcst\u00fcne korsun<br \/> i\u00e7inde bir kavanozun.<br \/> Kavanoz camdan olsun,<br \/> \u015feffaf, beyaz camdan olsun<br \/> ki i\u00e7inde beni g\u00f6rebilesin<br \/> Fedakarl\u0131\u011f\u0131m\u0131 anl\u0131yorsun<br \/> vazge\u00e7tim toprak olmaktan,<br \/> vazge\u00e7tim \u00e7i\u00e7ek olmaktan<br \/> senin yan\u0131nda kalabilmek i\u00e7in.<br \/> Ve toz oluyorum<br \/> ya\u015f\u0131yorum yan\u0131nda senin.<br \/> Sonra, sen de \u00f6l\u00fcnce<br \/> kavanozuma gelirsin.<br \/> Ve orada beraber ya\u015far\u0131z<br \/> k\u00fcl\u00fcm\u00fcn i\u00e7inde k\u00fcl\u00fcn<br \/> ta ki bir savruk gelin<br \/> yahut vefas\u0131z bir torun<br \/> bizi ordan atana kadar&#8230;<br \/> Ama biz<br \/> o zamana kadar<br \/> o kadar<br \/> kar\u0131\u015faca\u011f\u0131z<br \/> ki birbirimize,<br \/> at\u0131ld\u0131\u011f\u0131m\u0131z \u00e7\u00f6pl\u00fckte bile zerrelerimiz<br \/> yan yana d\u00fc\u015fecek.<br \/> Topra\u011fa beraber dalaca\u011f\u0131z.<br \/> Ve bir g\u00fcn yabani bir \u00e7i\u00e7ek<br \/> bu toprak par\u00e7as\u0131ndan nemlenip filizlenirse<br \/> sap\u0131nda muhakkak<br \/> iki \u00e7i\u00e7ek a\u00e7acak :<br \/> biri sen<br \/> biri de ben.<br \/> Ben<br \/> daha \u00f6l\u00fcm\u00fc d\u00fc\u015f\u00fcnm\u00fcyorum.<br \/> Ben daha bir \u00e7ocuk do\u011furaca\u011f\u0131m<br \/> Hayat ta\u015f\u0131yor i\u00e7imden.<br \/> Kayn\u0131yor kan\u0131m.<br \/> Ya\u015fayaca\u011f\u0131m, ama ,\u00e7ok, pek \u00e7ok,<br \/> ama sen de beraber.<br \/> Ama \u00f6l\u00fcm de korkutmuyor beni.<br \/> Yaln\u0131z pek sevimsiz buluyorum<br \/> bizim cenaze \u015feklini.<br \/> Ben \u00f6l\u00fcnceye kadar da<br \/> Bu d\u00fczelir herhalde.<br \/> Hapisten \u00e7\u0131kmak ihtimalin var m\u0131 bug\u00fcnlerde?<br \/> \u0130\u00e7imden bir \u015fey :<br \/> belki diyor.<\/p>\n<p>Naz\u0131m Hikmet RAN<\/p>\n","protected":false},"excerpt":{"rendered":"<p>\u00a0 Ben senden \u00f6nce \u00f6lmek isterim. Gidenin arkas\u0131ndan gelen gideni bulacak m\u0131 zannediyorsun? Ben zannetmiyorum bunu. \u0130yisi mi,beni yakt\u0131r\u0131rs\u0131n, odanda oca\u011f\u0131n \u00fcst\u00fcne korsun i\u00e7inde bir kavanozun. Kavanoz camdan olsun, \u015feffaf, beyaz camdan olsun ki i\u00e7inde beni g\u00f6rebilesin Fedakarl\u0131\u011f\u0131m\u0131 anl\u0131yorsun vazge\u00e7tim toprak olmaktan, vazge\u00e7tim \u00e7i\u00e7ek olmaktan senin yan\u0131nda kalabilmek i\u00e7in. Ve toz oluyorum ya\u015f\u0131yorum yan\u0131nda senin. [&hellip;]<\/p>\n","protected":false},"author":1,"featured_media":0,"comment_status":"open","ping_status":"open","sticky":false,"template":"","format":"standard","meta":{"footnotes":""},"categories":[59],"tags":[],"class_list":{"0":"post-1084","1":"post","2":"type-post","3":"status-publish","4":"format-standard","6":"category-nazim-hikmet-ran"},"yoast_head":"<!-- This site is optimized with the Yoast SEO Premium plugin v24.9 (Yoast SEO v24.9) - https:\/\/yoast.com\/wordpress\/plugins\/seo\/ -->\n<title>BEN SENDEN \u00d6NCE \u00d6LMEK \u0130STER\u0130M - narteks.net<\/title>\n<meta name=\"robots\" content=\"index, follow, max-snippet:-1, max-image-preview:large, max-video-preview:-1\" \/>\n<link rel=\"canonical\" href=\"https:\/\/narteks.net\/index.php\/2009\/11\/05\/ben-senden-once-olmek-isterim\/\" \/>\n<meta property=\"og:locale\" content=\"tr_TR\" \/>\n<meta property=\"og:type\" content=\"article\" \/>\n<meta property=\"og:title\" content=\"BEN SENDEN \u00d6NCE \u00d6LMEK \u0130STER\u0130M\" \/>\n<meta property=\"og:description\" content=\"\u00a0 Ben senden \u00f6nce \u00f6lmek isterim. Gidenin arkas\u0131ndan gelen gideni bulacak m\u0131 zannediyorsun? Ben zannetmiyorum bunu. \u0130yisi mi,beni yakt\u0131r\u0131rs\u0131n, odanda oca\u011f\u0131n \u00fcst\u00fcne korsun i\u00e7inde bir kavanozun. Kavanoz camdan olsun, \u015feffaf, beyaz camdan olsun ki i\u00e7inde beni g\u00f6rebilesin Fedakarl\u0131\u011f\u0131m\u0131 anl\u0131yorsun vazge\u00e7tim toprak olmaktan, vazge\u00e7tim \u00e7i\u00e7ek olmaktan senin yan\u0131nda kalabilmek i\u00e7in. Ve toz oluyorum ya\u015f\u0131yorum yan\u0131nda senin. [&hellip;]\" \/>\n<meta property=\"og:url\" content=\"https:\/\/narteks.net\/index.php\/2009\/11\/05\/ben-senden-once-olmek-isterim\/\" \/>\n<meta property=\"og:site_name\" content=\"narteks.net\" \/>\n<meta property=\"article:published_time\" content=\"2009-11-05T10:00:18+00:00\" \/>\n<meta property=\"og:image\" content=\"https:\/\/narteks.net\/wp-content\/uploads\/narteks.png\" \/>\n\t<meta property=\"og:image:width\" content=\"300\" \/>\n\t<meta property=\"og:image:height\" content=\"90\" \/>\n\t<meta property=\"og:image:type\" content=\"image\/png\" \/>\n<meta name=\"author\" content=\"Tar\u0131k\" \/>\n<meta name=\"twitter:card\" content=\"summary_large_image\" \/>\n<meta name=\"twitter:creator\" content=\"@narteks\" \/>\n<meta name=\"twitter:site\" content=\"@narteks\" \/>\n<meta name=\"twitter:label1\" content=\"Yazan:\" \/>\n\t<meta name=\"twitter:data1\" content=\"Tar\u0131k\" \/>\n\t<meta name=\"twitter:label2\" content=\"Tahmini okuma s\u00fcresi\" \/>\n\t<meta name=\"twitter:data2\" content=\"1 dakika\" \/>\n<script type=\"application\/ld+json\" class=\"yoast-schema-graph\">{\"@context\":\"https:\/\/schema.org\",\"@graph\":[{\"@type\":\"Article\",\"@id\":\"https:\/\/narteks.net\/index.php\/2009\/11\/05\/ben-senden-once-olmek-isterim\/#article\",\"isPartOf\":{\"@id\":\"https:\/\/narteks.net\/index.php\/2009\/11\/05\/ben-senden-once-olmek-isterim\/\"},\"author\":{\"name\":\"Tar\u0131k\",\"@id\":\"https:\/\/narteks.net\/#\/schema\/person\/61f37d9834294b72d31d274e7ed79bca\"},\"headline\":\"BEN SENDEN \u00d6NCE \u00d6LMEK \u0130STER\u0130M\",\"datePublished\":\"2009-11-05T10:00:18+00:00\",\"mainEntityOfPage\":{\"@id\":\"https:\/\/narteks.net\/index.php\/2009\/11\/05\/ben-senden-once-olmek-isterim\/\"},\"wordCount\":245,\"commentCount\":0,\"publisher\":{\"@id\":\"https:\/\/narteks.net\/#organization\"},\"articleSection\":[\"Naz\u0131m H\u0130KMET RAN\"],\"inLanguage\":\"tr\",\"potentialAction\":[{\"@type\":\"CommentAction\",\"name\":\"Comment\",\"target\":[\"https:\/\/narteks.net\/index.php\/2009\/11\/05\/ben-senden-once-olmek-isterim\/#respond\"]}]},{\"@type\":\"WebPage\",\"@id\":\"https:\/\/narteks.net\/index.php\/2009\/11\/05\/ben-senden-once-olmek-isterim\/\",\"url\":\"https:\/\/narteks.net\/index.php\/2009\/11\/05\/ben-senden-once-olmek-isterim\/\",\"name\":\"BEN SENDEN \u00d6NCE \u00d6LMEK \u0130STER\u0130M - narteks.net\",\"isPartOf\":{\"@id\":\"https:\/\/narteks.net\/#website\"},\"datePublished\":\"2009-11-05T10:00:18+00:00\",\"breadcrumb\":{\"@id\":\"https:\/\/narteks.net\/index.php\/2009\/11\/05\/ben-senden-once-olmek-isterim\/#breadcrumb\"},\"inLanguage\":\"tr\",\"potentialAction\":[{\"@type\":\"ReadAction\",\"target\":[\"https:\/\/narteks.net\/index.php\/2009\/11\/05\/ben-senden-once-olmek-isterim\/\"]}]},{\"@type\":\"BreadcrumbList\",\"@id\":\"https:\/\/narteks.net\/index.php\/2009\/11\/05\/ben-senden-once-olmek-isterim\/#breadcrumb\",\"itemListElement\":[{\"@type\":\"ListItem\",\"position\":1,\"name\":\"Anasayfa\",\"item\":\"https:\/\/narteks.net\/\"},{\"@type\":\"ListItem\",\"position\":2,\"name\":\"BEN SENDEN \u00d6NCE \u00d6LMEK \u0130STER\u0130M\"}]},{\"@type\":\"WebSite\",\"@id\":\"https:\/\/narteks.net\/#website\",\"url\":\"https:\/\/narteks.net\/\",\"name\":\"narteks.net\",\"description\":\"K\u00fclt\u00fcr Sanat Edebiyat Felsefe\",\"publisher\":{\"@id\":\"https:\/\/narteks.net\/#organization\"},\"alternateName\":\"K\u00fclt\u00fcr Sanat Edebiyat Felsefe\",\"potentialAction\":[{\"@type\":\"SearchAction\",\"target\":{\"@type\":\"EntryPoint\",\"urlTemplate\":\"https:\/\/narteks.net\/?s={search_term_string}\"},\"query-input\":{\"@type\":\"PropertyValueSpecification\",\"valueRequired\":true,\"valueName\":\"search_term_string\"}}],\"inLanguage\":\"tr\"},{\"@type\":\"Organization\",\"@id\":\"https:\/\/narteks.net\/#organization\",\"name\":\"narteks.net\",\"url\":\"https:\/\/narteks.net\/\",\"logo\":{\"@type\":\"ImageObject\",\"inLanguage\":\"tr\",\"@id\":\"https:\/\/narteks.net\/#\/schema\/logo\/image\/\",\"url\":\"https:\/\/narteks.net\/wp-content\/uploads\/narteks.png\",\"contentUrl\":\"https:\/\/narteks.net\/wp-content\/uploads\/narteks.png\",\"width\":300,\"height\":90,\"caption\":\"narteks.net\"},\"image\":{\"@id\":\"https:\/\/narteks.net\/#\/schema\/logo\/image\/\"},\"sameAs\":[\"https:\/\/x.com\/narteks\",\"https:\/\/instagram.com\/narteksnet\"]},{\"@type\":\"Person\",\"@id\":\"https:\/\/narteks.net\/#\/schema\/person\/61f37d9834294b72d31d274e7ed79bca\",\"name\":\"Tar\u0131k\",\"image\":{\"@type\":\"ImageObject\",\"inLanguage\":\"tr\",\"@id\":\"https:\/\/narteks.net\/#\/schema\/person\/image\/\",\"url\":\"https:\/\/secure.gravatar.com\/avatar\/50865afb55632c4ae467e0af0930f6510aa2297d8014be502a55b14f3b7550cf?s=96&d=mm&r=g\",\"contentUrl\":\"https:\/\/secure.gravatar.com\/avatar\/50865afb55632c4ae467e0af0930f6510aa2297d8014be502a55b14f3b7550cf?s=96&d=mm&r=g\",\"caption\":\"Tar\u0131k\"},\"sameAs\":[\"http:\/\/narteks.net\"],\"url\":\"https:\/\/narteks.net\/index.php\/author\/narbak\/\"}]}<\/script>\n<!-- \/ Yoast SEO Premium plugin. -->","yoast_head_json":{"title":"BEN SENDEN \u00d6NCE \u00d6LMEK \u0130STER\u0130M - narteks.net","robots":{"index":"index","follow":"follow","max-snippet":"max-snippet:-1","max-image-preview":"max-image-preview:large","max-video-preview":"max-video-preview:-1"},"canonical":"https:\/\/narteks.net\/index.php\/2009\/11\/05\/ben-senden-once-olmek-isterim\/","og_locale":"tr_TR","og_type":"article","og_title":"BEN SENDEN \u00d6NCE \u00d6LMEK \u0130STER\u0130M","og_description":"\u00a0 Ben senden \u00f6nce \u00f6lmek isterim. Gidenin arkas\u0131ndan gelen gideni bulacak m\u0131 zannediyorsun? Ben zannetmiyorum bunu. \u0130yisi mi,beni yakt\u0131r\u0131rs\u0131n, odanda oca\u011f\u0131n \u00fcst\u00fcne korsun i\u00e7inde bir kavanozun. Kavanoz camdan olsun, \u015feffaf, beyaz camdan olsun ki i\u00e7inde beni g\u00f6rebilesin Fedakarl\u0131\u011f\u0131m\u0131 anl\u0131yorsun vazge\u00e7tim toprak olmaktan, vazge\u00e7tim \u00e7i\u00e7ek olmaktan senin yan\u0131nda kalabilmek i\u00e7in. Ve toz oluyorum ya\u015f\u0131yorum yan\u0131nda senin. [&hellip;]","og_url":"https:\/\/narteks.net\/index.php\/2009\/11\/05\/ben-senden-once-olmek-isterim\/","og_site_name":"narteks.net","article_published_time":"2009-11-05T10:00:18+00:00","og_image":[{"width":300,"height":90,"url":"https:\/\/narteks.net\/wp-content\/uploads\/narteks.png","type":"image\/png"}],"author":"Tar\u0131k","twitter_card":"summary_large_image","twitter_creator":"@narteks","twitter_site":"@narteks","twitter_misc":{"Yazan:":"Tar\u0131k","Tahmini okuma s\u00fcresi":"1 dakika"},"schema":{"@context":"https:\/\/schema.org","@graph":[{"@type":"Article","@id":"https:\/\/narteks.net\/index.php\/2009\/11\/05\/ben-senden-once-olmek-isterim\/#article","isPartOf":{"@id":"https:\/\/narteks.net\/index.php\/2009\/11\/05\/ben-senden-once-olmek-isterim\/"},"author":{"name":"Tar\u0131k","@id":"https:\/\/narteks.net\/#\/schema\/person\/61f37d9834294b72d31d274e7ed79bca"},"headline":"BEN SENDEN \u00d6NCE \u00d6LMEK \u0130STER\u0130M","datePublished":"2009-11-05T10:00:18+00:00","mainEntityOfPage":{"@id":"https:\/\/narteks.net\/index.php\/2009\/11\/05\/ben-senden-once-olmek-isterim\/"},"wordCount":245,"commentCount":0,"publisher":{"@id":"https:\/\/narteks.net\/#organization"},"articleSection":["Naz\u0131m H\u0130KMET RAN"],"inLanguage":"tr","potentialAction":[{"@type":"CommentAction","name":"Comment","target":["https:\/\/narteks.net\/index.php\/2009\/11\/05\/ben-senden-once-olmek-isterim\/#respond"]}]},{"@type":"WebPage","@id":"https:\/\/narteks.net\/index.php\/2009\/11\/05\/ben-senden-once-olmek-isterim\/","url":"https:\/\/narteks.net\/index.php\/2009\/11\/05\/ben-senden-once-olmek-isterim\/","name":"BEN SENDEN \u00d6NCE \u00d6LMEK \u0130STER\u0130M - narteks.net","isPartOf":{"@id":"https:\/\/narteks.net\/#website"},"datePublished":"2009-11-05T10:00:18+00:00","breadcrumb":{"@id":"https:\/\/narteks.net\/index.php\/2009\/11\/05\/ben-senden-once-olmek-isterim\/#breadcrumb"},"inLanguage":"tr","potentialAction":[{"@type":"ReadAction","target":["https:\/\/narteks.net\/index.php\/2009\/11\/05\/ben-senden-once-olmek-isterim\/"]}]},{"@type":"BreadcrumbList","@id":"https:\/\/narteks.net\/index.php\/2009\/11\/05\/ben-senden-once-olmek-isterim\/#breadcrumb","itemListElement":[{"@type":"ListItem","position":1,"name":"Anasayfa","item":"https:\/\/narteks.net\/"},{"@type":"ListItem","position":2,"name":"BEN SENDEN \u00d6NCE \u00d6LMEK \u0130STER\u0130M"}]},{"@type":"WebSite","@id":"https:\/\/narteks.net\/#website","url":"https:\/\/narteks.net\/","name":"narteks.net","description":"K\u00fclt\u00fcr Sanat Edebiyat Felsefe","publisher":{"@id":"https:\/\/narteks.net\/#organization"},"alternateName":"K\u00fclt\u00fcr Sanat Edebiyat Felsefe","potentialAction":[{"@type":"SearchAction","target":{"@type":"EntryPoint","urlTemplate":"https:\/\/narteks.net\/?s={search_term_string}"},"query-input":{"@type":"PropertyValueSpecification","valueRequired":true,"valueName":"search_term_string"}}],"inLanguage":"tr"},{"@type":"Organization","@id":"https:\/\/narteks.net\/#organization","name":"narteks.net","url":"https:\/\/narteks.net\/","logo":{"@type":"ImageObject","inLanguage":"tr","@id":"https:\/\/narteks.net\/#\/schema\/logo\/image\/","url":"https:\/\/narteks.net\/wp-content\/uploads\/narteks.png","contentUrl":"https:\/\/narteks.net\/wp-content\/uploads\/narteks.png","width":300,"height":90,"caption":"narteks.net"},"image":{"@id":"https:\/\/narteks.net\/#\/schema\/logo\/image\/"},"sameAs":["https:\/\/x.com\/narteks","https:\/\/instagram.com\/narteksnet"]},{"@type":"Person","@id":"https:\/\/narteks.net\/#\/schema\/person\/61f37d9834294b72d31d274e7ed79bca","name":"Tar\u0131k","image":{"@type":"ImageObject","inLanguage":"tr","@id":"https:\/\/narteks.net\/#\/schema\/person\/image\/","url":"https:\/\/secure.gravatar.com\/avatar\/50865afb55632c4ae467e0af0930f6510aa2297d8014be502a55b14f3b7550cf?s=96&d=mm&r=g","contentUrl":"https:\/\/secure.gravatar.com\/avatar\/50865afb55632c4ae467e0af0930f6510aa2297d8014be502a55b14f3b7550cf?s=96&d=mm&r=g","caption":"Tar\u0131k"},"sameAs":["http:\/\/narteks.net"],"url":"https:\/\/narteks.net\/index.php\/author\/narbak\/"}]}},"_links":{"self":[{"href":"https:\/\/narteks.net\/index.php\/wp-json\/wp\/v2\/posts\/1084","targetHints":{"allow":["GET"]}}],"collection":[{"href":"https:\/\/narteks.net\/index.php\/wp-json\/wp\/v2\/posts"}],"about":[{"href":"https:\/\/narteks.net\/index.php\/wp-json\/wp\/v2\/types\/post"}],"author":[{"embeddable":true,"href":"https:\/\/narteks.net\/index.php\/wp-json\/wp\/v2\/users\/1"}],"replies":[{"embeddable":true,"href":"https:\/\/narteks.net\/index.php\/wp-json\/wp\/v2\/comments?post=1084"}],"version-history":[{"count":0,"href":"https:\/\/narteks.net\/index.php\/wp-json\/wp\/v2\/posts\/1084\/revisions"}],"wp:attachment":[{"href":"https:\/\/narteks.net\/index.php\/wp-json\/wp\/v2\/media?parent=1084"}],"wp:term":[{"taxonomy":"category","embeddable":true,"href":"https:\/\/narteks.net\/index.php\/wp-json\/wp\/v2\/categories?post=1084"},{"taxonomy":"post_tag","embeddable":true,"href":"https:\/\/narteks.net\/index.php\/wp-json\/wp\/v2\/tags?post=1084"}],"curies":[{"name":"wp","href":"https:\/\/api.w.org\/{rel}","templated":true}]}}