{"id":1089,"date":"2009-11-05T13:03:25","date_gmt":"2009-11-05T10:03:25","guid":{"rendered":"http:\/\/localhost\/wordpress\/2009\/11\/05\/bir-cezaevinde-tecritteki-adamin-mektuplari\/"},"modified":"2009-11-05T13:03:25","modified_gmt":"2009-11-05T10:03:25","slug":"bir-cezaevinde-tecritteki-adamin-mektuplari","status":"publish","type":"post","link":"https:\/\/narteks.net\/index.php\/2009\/11\/05\/bir-cezaevinde-tecritteki-adamin-mektuplari\/","title":{"rendered":"B\u0130R CEZAEV\u0130NDE TECR\u0130TTEK\u0130 ADAMIN MEKTUPLARI"},"content":{"rendered":"<p>I<\/p>\n<p>Senin ad\u0131n\u0131<br \/> kol saatimin kay\u0131\u015f\u0131na t\u0131rna\u011f\u0131mla kaz\u0131d\u0131m.<br \/> Malum ya, bulundu\u011fum yerde<br \/> ne sap\u0131 sedefli bir \u00e7ak\u0131 var,<br \/> (bizlere \u00e2l\u00e2t\u0131-kat\u0131a verilmez),<br \/> ne de ba\u015f\u0131 bulutlarda bir \u00e7\u0131nar.<br \/> Belki avluda bir a\u011fa\u00e7 bulunur ama<br \/> g\u00f6ky\u00fcz\u00fcn\u00fc ba\u015f\u0131m\u0131n \u00fcst\u00fcnde g\u00f6rmek<br \/> bana yasak&#8230;<br \/> Buras\u0131 benden ba\u015fka ka\u00e7 insan\u0131n evidir?<br \/> Bilmiyorum.<br \/> Ben bir ba\u015f\u0131ma onlardan uza\u011f\u0131m,<br \/> hep birlikte onlar benden uzak.<br \/> Bana kendimden ba\u015fkas\u0131yla konu\u015fmak<br \/> yasak.<br \/> Ben de kendi kendimle konu\u015fuyorum.<br \/> Fakat \u00e7ok can s\u0131k\u0131c\u0131 buldu\u011fumdan sohbetimi<br \/> \u015fark\u0131 s\u00f6yl\u00fcyorum kar\u0131c\u0131\u011f\u0131m.<br \/> Hem, ne dersin,<br \/> o berbat, ayars\u0131z sesim<br \/> \u00f6yle bir dokunuyor ki i\u00e7ime<br \/> y\u00fcre\u011fim par\u00e7alan\u0131yor.<br \/> Ve t\u0131pk\u0131 o eski<br \/> ac\u0131kl\u0131 hik\u00e2yelerdeki<br \/> yalnayak, karl\u0131 yollara d\u00fc\u015fm\u00fc\u015f, yetim bir \u00e7ocuk gibi bu y\u00fcrek,<br \/> mavi g\u00f6zleri \u0131slak<br \/> k\u0131rm\u0131z\u0131, k\u00fc\u00e7\u00fcc\u00fck burnunu \u00e7ekerek<br \/> senin ba\u011fr\u0131na sokulmak istiyor.<br \/> Y\u00fcz\u00fcm\u00fc k\u0131zartm\u0131yor benim<br \/> onun bu an<br \/> b\u00f6yle zay\u0131f<br \/> b\u00f6yle hodbin<br \/> b\u00f6yle sadece insan<br \/> olu\u015fu.<br \/> Belki bu h\u00e2lin<br \/> fizyolojik, psikolojik fil\u00e2n izah\u0131 vard\u0131r.<br \/> Belki de sebep buna<br \/> bana aylard\u0131r<br \/> kendi sesimden ba\u015fka insan sesi duyurmayan<br \/> bu demirli pencere<br \/> bu toprak testi<br \/> bu d\u00f6rt duvard\u0131r&#8230;<\/p>\n<p>Saat be\u015f, kar\u0131c\u0131\u011f\u0131m.<br \/> D\u0131\u015farda susuzlu\u011fu<br \/> acayip f\u0131s\u0131lt\u0131s\u0131<br \/> toprak dam\u0131<br \/> ve sonsuzlu\u011fun ortas\u0131nda k\u0131m\u0131ldanmadan duran<br \/> bir sakat ve s\u0131ska at\u0131yla,<br \/> yani, kederden \u00e7\u0131ld\u0131rtmak i\u00e7in i\u00e7erdeki adam\u0131<br \/> d\u0131\u015farda b\u00fct\u00fcn ustal\u0131\u011f\u0131, b\u00fct\u00fcn tak\u0131m taklavat\u0131yla<br \/> a\u011fa\u00e7s\u0131z bo\u015flu\u011fa k\u0131pk\u0131z\u0131l inmekte bir bozk\u0131r ak\u015fam\u0131.<\/p>\n<p>Bug\u00fcn de apans\u0131z gece olacakt\u0131r.<br \/> Bir \u0131\u015f\u0131k dola\u015facak yan\u0131nda sakat, s\u0131ska at\u0131n.<br \/> Ve \u015fimdi kar\u015f\u0131mda ha\u015fin bir erkek \u00f6l\u00fcs\u00fc gibi yatan<br \/> bu \u00fcmitsiz tabiat\u0131n<br \/> a\u011fa\u00e7s\u0131z bo\u015flu\u011funa bir anda y\u0131ld\u0131zlar dolacakt\u0131r.<br \/> Yine o malum sonuna erdik demektir i\u015fin,<br \/> yani bug\u00fcn de m\u00fckellef bir da\u00fcss\u0131la i\u00e7in<br \/> yine her \u015fey yerli yerinde i\u015fte, her \u015fey tamam.<br \/> Ben,<br \/> ben i\u00e7erdeki adam<br \/> yine mutad h\u00fcnerimi g\u00f6sterece\u011fim<br \/> ve \u00e7ocukluk g\u00fcnlerimin ince saz\u0131yla<br \/> suzin\u00e2k makam\u0131ndan bir \u015fark\u0131 a\u011fz\u0131yla<br \/> yine bill\u00e2hi kahredecek dil-i n\u00e2\u015f\u00e2d\u0131m\u0131<br \/> seni b\u00f6yle uzak,<br \/> seni dumanl\u0131, e\u011fri bir aynadan seyreder gibi<br \/> kafam\u0131n i\u00e7inde duymak&#8230;<\/p>\n<p>II<\/p>\n<p>D\u0131\u015farda bahar geldi kar\u0131c\u0131\u011f\u0131m, bahar.<br \/> D\u0131\u015farda, bozk\u0131r\u0131n \u00fcst\u00fcnde birdenbire<br \/> taze toprak kokusu, ku\u015f sesleri ve saire&#8230;<br \/> D\u0131\u015farda bahar geldi kar\u0131c\u0131\u011f\u0131m, bahar,<br \/> d\u0131\u015farda bozk\u0131r\u0131n \u00fcst\u00fcnde p\u0131r\u0131lt\u0131lar&#8230;<br \/> Ve i\u00e7erde art\u0131k b\u00f6cekleriyle canlanan kerevet,<br \/> suyu donmayan testi<br \/> ve sabahlar\u0131 \u00e7imentonun \u00fcst\u00fcnde g\u00fcne\u015f&#8230;<br \/> G\u00fcne\u015f,<br \/> art\u0131k o her g\u00fcn \u00f6\u011fle vaktine kadar,<br \/> bana yak\u0131n, benden uzak,<br \/> s\u00f6nerek, \u0131\u015f\u0131ldayarak<br \/> y\u00fcr\u00fcr&#8230;<br \/> Ve g\u00fcn ikindiye d\u00f6ner, g\u00f6lgeler d\u00fc\u015fer duvarlara,<br \/> ba\u015flar tutu\u015fmaya demirli pencerenin cam\u0131 :<br \/> d\u0131\u015farda ak\u015fam olur,<br \/> bulutsuz bir bahar ak\u015fam\u0131&#8230;<br \/> \u0130\u015fte i\u00e7erde bahar\u0131n en k\u00f6t\u00fc saati budur as\u0131l.<br \/> Velhas\u0131l<br \/> o pul pul \u0131\u015f\u0131lt\u0131l\u0131 derisi, ate\u015ften g\u00f6zleriyle<br \/> bilhassa baharda ram eder kendine i\u00e7erdeki adam\u0131<br \/> h\u00fcrriyet denen ifrit&#8230;<br \/> Bu bittecr\u00fcbe sabit, kar\u0131c\u0131\u011f\u0131m,<br \/> bittecr\u00fcbe sabit&#8230;<\/p>\n<p>III<\/p>\n<p>Bug\u00fcn pazar.<br \/> Bug\u00fcn beni ilk defa g\u00fcne\u015fe \u00e7\u0131kard\u0131lar.<br \/> Ve ben \u00f6mr\u00fcmde ilk defa g\u00f6ky\u00fcz\u00fcn\u00fcn bu kadar benden uzak<br \/> bu kadar mavi<br \/> bu kadar geni\u015f oldu\u011funa \u015fa\u015farak<br \/> k\u0131m\u0131ldanmadan durdum.<br \/> Sonra sayg\u0131yla topra\u011fa oturdum,<br \/> dayad\u0131m s\u0131rt\u0131m\u0131 duvara.<br \/> Bu anda ne d\u00fc\u015fmek dalgalara,<br \/> bu anda ne kavga, ne h\u00fcrriyet, ne kar\u0131m.<br \/> Toprak, g\u00fcne\u015f ve ben&#8230;<br \/> Bahtiyar\u0131m&#8230;<\/p>\n<p>Naz\u0131m Hikmet RAN<\/p>\n","protected":false},"excerpt":{"rendered":"<p>I Senin ad\u0131n\u0131 kol saatimin kay\u0131\u015f\u0131na t\u0131rna\u011f\u0131mla kaz\u0131d\u0131m. Malum ya, bulundu\u011fum yerde ne sap\u0131 sedefli bir \u00e7ak\u0131 var, (bizlere \u00e2l\u00e2t\u0131-kat\u0131a verilmez), ne de ba\u015f\u0131 bulutlarda bir \u00e7\u0131nar. Belki avluda bir a\u011fa\u00e7 bulunur ama g\u00f6ky\u00fcz\u00fcn\u00fc ba\u015f\u0131m\u0131n \u00fcst\u00fcnde g\u00f6rmek bana yasak&#8230; Buras\u0131 benden ba\u015fka ka\u00e7 insan\u0131n evidir? Bilmiyorum. Ben bir ba\u015f\u0131ma onlardan uza\u011f\u0131m, hep birlikte onlar benden [&hellip;]<\/p>\n","protected":false},"author":1,"featured_media":0,"comment_status":"open","ping_status":"open","sticky":false,"template":"","format":"standard","meta":{"footnotes":""},"categories":[59],"tags":[],"class_list":{"0":"post-1089","1":"post","2":"type-post","3":"status-publish","4":"format-standard","6":"category-nazim-hikmet-ran"},"yoast_head":"<!-- This site is optimized with the Yoast SEO Premium plugin v24.9 (Yoast SEO v24.9) - https:\/\/yoast.com\/wordpress\/plugins\/seo\/ -->\n<title>B\u0130R CEZAEV\u0130NDE TECR\u0130TTEK\u0130 ADAMIN MEKTUPLARI - narteks.net<\/title>\n<meta name=\"robots\" content=\"index, follow, max-snippet:-1, max-image-preview:large, max-video-preview:-1\" \/>\n<link rel=\"canonical\" href=\"https:\/\/narteks.net\/index.php\/2009\/11\/05\/bir-cezaevinde-tecritteki-adamin-mektuplari\/\" \/>\n<meta property=\"og:locale\" content=\"tr_TR\" \/>\n<meta property=\"og:type\" content=\"article\" \/>\n<meta property=\"og:title\" content=\"B\u0130R CEZAEV\u0130NDE TECR\u0130TTEK\u0130 ADAMIN MEKTUPLARI\" \/>\n<meta property=\"og:description\" content=\"I Senin ad\u0131n\u0131 kol saatimin kay\u0131\u015f\u0131na t\u0131rna\u011f\u0131mla kaz\u0131d\u0131m. Malum ya, bulundu\u011fum yerde ne sap\u0131 sedefli bir \u00e7ak\u0131 var, (bizlere \u00e2l\u00e2t\u0131-kat\u0131a verilmez), ne de ba\u015f\u0131 bulutlarda bir \u00e7\u0131nar. Belki avluda bir a\u011fa\u00e7 bulunur ama g\u00f6ky\u00fcz\u00fcn\u00fc ba\u015f\u0131m\u0131n \u00fcst\u00fcnde g\u00f6rmek bana yasak&#8230; Buras\u0131 benden ba\u015fka ka\u00e7 insan\u0131n evidir? Bilmiyorum. Ben bir ba\u015f\u0131ma onlardan uza\u011f\u0131m, hep birlikte onlar benden [&hellip;]\" \/>\n<meta property=\"og:url\" content=\"https:\/\/narteks.net\/index.php\/2009\/11\/05\/bir-cezaevinde-tecritteki-adamin-mektuplari\/\" \/>\n<meta property=\"og:site_name\" content=\"narteks.net\" \/>\n<meta property=\"article:published_time\" content=\"2009-11-05T10:03:25+00:00\" \/>\n<meta property=\"og:image\" content=\"https:\/\/narteks.net\/wp-content\/uploads\/narteks.png\" \/>\n\t<meta property=\"og:image:width\" content=\"300\" \/>\n\t<meta property=\"og:image:height\" content=\"90\" \/>\n\t<meta property=\"og:image:type\" content=\"image\/png\" \/>\n<meta name=\"author\" content=\"Tar\u0131k\" \/>\n<meta name=\"twitter:card\" content=\"summary_large_image\" \/>\n<meta name=\"twitter:creator\" content=\"@narteks\" \/>\n<meta name=\"twitter:site\" content=\"@narteks\" \/>\n<meta name=\"twitter:label1\" content=\"Yazan:\" \/>\n\t<meta name=\"twitter:data1\" content=\"Tar\u0131k\" \/>\n\t<meta name=\"twitter:label2\" content=\"Tahmini okuma s\u00fcresi\" \/>\n\t<meta name=\"twitter:data2\" content=\"3 dakika\" \/>\n<script type=\"application\/ld+json\" class=\"yoast-schema-graph\">{\"@context\":\"https:\/\/schema.org\",\"@graph\":[{\"@type\":\"Article\",\"@id\":\"https:\/\/narteks.net\/index.php\/2009\/11\/05\/bir-cezaevinde-tecritteki-adamin-mektuplari\/#article\",\"isPartOf\":{\"@id\":\"https:\/\/narteks.net\/index.php\/2009\/11\/05\/bir-cezaevinde-tecritteki-adamin-mektuplari\/\"},\"author\":{\"name\":\"Tar\u0131k\",\"@id\":\"https:\/\/narteks.net\/#\/schema\/person\/61f37d9834294b72d31d274e7ed79bca\"},\"headline\":\"B\u0130R CEZAEV\u0130NDE TECR\u0130TTEK\u0130 ADAMIN MEKTUPLARI\",\"datePublished\":\"2009-11-05T10:03:25+00:00\",\"mainEntityOfPage\":{\"@id\":\"https:\/\/narteks.net\/index.php\/2009\/11\/05\/bir-cezaevinde-tecritteki-adamin-mektuplari\/\"},\"wordCount\":677,\"commentCount\":0,\"publisher\":{\"@id\":\"https:\/\/narteks.net\/#organization\"},\"articleSection\":[\"Naz\u0131m H\u0130KMET RAN\"],\"inLanguage\":\"tr\",\"potentialAction\":[{\"@type\":\"CommentAction\",\"name\":\"Comment\",\"target\":[\"https:\/\/narteks.net\/index.php\/2009\/11\/05\/bir-cezaevinde-tecritteki-adamin-mektuplari\/#respond\"]}]},{\"@type\":\"WebPage\",\"@id\":\"https:\/\/narteks.net\/index.php\/2009\/11\/05\/bir-cezaevinde-tecritteki-adamin-mektuplari\/\",\"url\":\"https:\/\/narteks.net\/index.php\/2009\/11\/05\/bir-cezaevinde-tecritteki-adamin-mektuplari\/\",\"name\":\"B\u0130R CEZAEV\u0130NDE TECR\u0130TTEK\u0130 ADAMIN MEKTUPLARI - narteks.net\",\"isPartOf\":{\"@id\":\"https:\/\/narteks.net\/#website\"},\"datePublished\":\"2009-11-05T10:03:25+00:00\",\"breadcrumb\":{\"@id\":\"https:\/\/narteks.net\/index.php\/2009\/11\/05\/bir-cezaevinde-tecritteki-adamin-mektuplari\/#breadcrumb\"},\"inLanguage\":\"tr\",\"potentialAction\":[{\"@type\":\"ReadAction\",\"target\":[\"https:\/\/narteks.net\/index.php\/2009\/11\/05\/bir-cezaevinde-tecritteki-adamin-mektuplari\/\"]}]},{\"@type\":\"BreadcrumbList\",\"@id\":\"https:\/\/narteks.net\/index.php\/2009\/11\/05\/bir-cezaevinde-tecritteki-adamin-mektuplari\/#breadcrumb\",\"itemListElement\":[{\"@type\":\"ListItem\",\"position\":1,\"name\":\"Anasayfa\",\"item\":\"https:\/\/narteks.net\/\"},{\"@type\":\"ListItem\",\"position\":2,\"name\":\"B\u0130R CEZAEV\u0130NDE TECR\u0130TTEK\u0130 ADAMIN MEKTUPLARI\"}]},{\"@type\":\"WebSite\",\"@id\":\"https:\/\/narteks.net\/#website\",\"url\":\"https:\/\/narteks.net\/\",\"name\":\"narteks.net\",\"description\":\"K\u00fclt\u00fcr Sanat Edebiyat Felsefe\",\"publisher\":{\"@id\":\"https:\/\/narteks.net\/#organization\"},\"alternateName\":\"K\u00fclt\u00fcr Sanat Edebiyat Felsefe\",\"potentialAction\":[{\"@type\":\"SearchAction\",\"target\":{\"@type\":\"EntryPoint\",\"urlTemplate\":\"https:\/\/narteks.net\/?s={search_term_string}\"},\"query-input\":{\"@type\":\"PropertyValueSpecification\",\"valueRequired\":true,\"valueName\":\"search_term_string\"}}],\"inLanguage\":\"tr\"},{\"@type\":\"Organization\",\"@id\":\"https:\/\/narteks.net\/#organization\",\"name\":\"narteks.net\",\"url\":\"https:\/\/narteks.net\/\",\"logo\":{\"@type\":\"ImageObject\",\"inLanguage\":\"tr\",\"@id\":\"https:\/\/narteks.net\/#\/schema\/logo\/image\/\",\"url\":\"https:\/\/narteks.net\/wp-content\/uploads\/narteks.png\",\"contentUrl\":\"https:\/\/narteks.net\/wp-content\/uploads\/narteks.png\",\"width\":300,\"height\":90,\"caption\":\"narteks.net\"},\"image\":{\"@id\":\"https:\/\/narteks.net\/#\/schema\/logo\/image\/\"},\"sameAs\":[\"https:\/\/x.com\/narteks\",\"https:\/\/instagram.com\/narteksnet\"]},{\"@type\":\"Person\",\"@id\":\"https:\/\/narteks.net\/#\/schema\/person\/61f37d9834294b72d31d274e7ed79bca\",\"name\":\"Tar\u0131k\",\"image\":{\"@type\":\"ImageObject\",\"inLanguage\":\"tr\",\"@id\":\"https:\/\/narteks.net\/#\/schema\/person\/image\/\",\"url\":\"https:\/\/secure.gravatar.com\/avatar\/50865afb55632c4ae467e0af0930f6510aa2297d8014be502a55b14f3b7550cf?s=96&d=mm&r=g\",\"contentUrl\":\"https:\/\/secure.gravatar.com\/avatar\/50865afb55632c4ae467e0af0930f6510aa2297d8014be502a55b14f3b7550cf?s=96&d=mm&r=g\",\"caption\":\"Tar\u0131k\"},\"sameAs\":[\"http:\/\/narteks.net\"],\"url\":\"https:\/\/narteks.net\/index.php\/author\/narbak\/\"}]}<\/script>\n<!-- \/ Yoast SEO Premium plugin. -->","yoast_head_json":{"title":"B\u0130R CEZAEV\u0130NDE TECR\u0130TTEK\u0130 ADAMIN MEKTUPLARI - narteks.net","robots":{"index":"index","follow":"follow","max-snippet":"max-snippet:-1","max-image-preview":"max-image-preview:large","max-video-preview":"max-video-preview:-1"},"canonical":"https:\/\/narteks.net\/index.php\/2009\/11\/05\/bir-cezaevinde-tecritteki-adamin-mektuplari\/","og_locale":"tr_TR","og_type":"article","og_title":"B\u0130R CEZAEV\u0130NDE TECR\u0130TTEK\u0130 ADAMIN MEKTUPLARI","og_description":"I Senin ad\u0131n\u0131 kol saatimin kay\u0131\u015f\u0131na t\u0131rna\u011f\u0131mla kaz\u0131d\u0131m. Malum ya, bulundu\u011fum yerde ne sap\u0131 sedefli bir \u00e7ak\u0131 var, (bizlere \u00e2l\u00e2t\u0131-kat\u0131a verilmez), ne de ba\u015f\u0131 bulutlarda bir \u00e7\u0131nar. Belki avluda bir a\u011fa\u00e7 bulunur ama g\u00f6ky\u00fcz\u00fcn\u00fc ba\u015f\u0131m\u0131n \u00fcst\u00fcnde g\u00f6rmek bana yasak&#8230; Buras\u0131 benden ba\u015fka ka\u00e7 insan\u0131n evidir? Bilmiyorum. Ben bir ba\u015f\u0131ma onlardan uza\u011f\u0131m, hep birlikte onlar benden [&hellip;]","og_url":"https:\/\/narteks.net\/index.php\/2009\/11\/05\/bir-cezaevinde-tecritteki-adamin-mektuplari\/","og_site_name":"narteks.net","article_published_time":"2009-11-05T10:03:25+00:00","og_image":[{"width":300,"height":90,"url":"https:\/\/narteks.net\/wp-content\/uploads\/narteks.png","type":"image\/png"}],"author":"Tar\u0131k","twitter_card":"summary_large_image","twitter_creator":"@narteks","twitter_site":"@narteks","twitter_misc":{"Yazan:":"Tar\u0131k","Tahmini okuma s\u00fcresi":"3 dakika"},"schema":{"@context":"https:\/\/schema.org","@graph":[{"@type":"Article","@id":"https:\/\/narteks.net\/index.php\/2009\/11\/05\/bir-cezaevinde-tecritteki-adamin-mektuplari\/#article","isPartOf":{"@id":"https:\/\/narteks.net\/index.php\/2009\/11\/05\/bir-cezaevinde-tecritteki-adamin-mektuplari\/"},"author":{"name":"Tar\u0131k","@id":"https:\/\/narteks.net\/#\/schema\/person\/61f37d9834294b72d31d274e7ed79bca"},"headline":"B\u0130R CEZAEV\u0130NDE TECR\u0130TTEK\u0130 ADAMIN MEKTUPLARI","datePublished":"2009-11-05T10:03:25+00:00","mainEntityOfPage":{"@id":"https:\/\/narteks.net\/index.php\/2009\/11\/05\/bir-cezaevinde-tecritteki-adamin-mektuplari\/"},"wordCount":677,"commentCount":0,"publisher":{"@id":"https:\/\/narteks.net\/#organization"},"articleSection":["Naz\u0131m H\u0130KMET RAN"],"inLanguage":"tr","potentialAction":[{"@type":"CommentAction","name":"Comment","target":["https:\/\/narteks.net\/index.php\/2009\/11\/05\/bir-cezaevinde-tecritteki-adamin-mektuplari\/#respond"]}]},{"@type":"WebPage","@id":"https:\/\/narteks.net\/index.php\/2009\/11\/05\/bir-cezaevinde-tecritteki-adamin-mektuplari\/","url":"https:\/\/narteks.net\/index.php\/2009\/11\/05\/bir-cezaevinde-tecritteki-adamin-mektuplari\/","name":"B\u0130R CEZAEV\u0130NDE TECR\u0130TTEK\u0130 ADAMIN MEKTUPLARI - narteks.net","isPartOf":{"@id":"https:\/\/narteks.net\/#website"},"datePublished":"2009-11-05T10:03:25+00:00","breadcrumb":{"@id":"https:\/\/narteks.net\/index.php\/2009\/11\/05\/bir-cezaevinde-tecritteki-adamin-mektuplari\/#breadcrumb"},"inLanguage":"tr","potentialAction":[{"@type":"ReadAction","target":["https:\/\/narteks.net\/index.php\/2009\/11\/05\/bir-cezaevinde-tecritteki-adamin-mektuplari\/"]}]},{"@type":"BreadcrumbList","@id":"https:\/\/narteks.net\/index.php\/2009\/11\/05\/bir-cezaevinde-tecritteki-adamin-mektuplari\/#breadcrumb","itemListElement":[{"@type":"ListItem","position":1,"name":"Anasayfa","item":"https:\/\/narteks.net\/"},{"@type":"ListItem","position":2,"name":"B\u0130R CEZAEV\u0130NDE TECR\u0130TTEK\u0130 ADAMIN MEKTUPLARI"}]},{"@type":"WebSite","@id":"https:\/\/narteks.net\/#website","url":"https:\/\/narteks.net\/","name":"narteks.net","description":"K\u00fclt\u00fcr Sanat Edebiyat Felsefe","publisher":{"@id":"https:\/\/narteks.net\/#organization"},"alternateName":"K\u00fclt\u00fcr Sanat Edebiyat Felsefe","potentialAction":[{"@type":"SearchAction","target":{"@type":"EntryPoint","urlTemplate":"https:\/\/narteks.net\/?s={search_term_string}"},"query-input":{"@type":"PropertyValueSpecification","valueRequired":true,"valueName":"search_term_string"}}],"inLanguage":"tr"},{"@type":"Organization","@id":"https:\/\/narteks.net\/#organization","name":"narteks.net","url":"https:\/\/narteks.net\/","logo":{"@type":"ImageObject","inLanguage":"tr","@id":"https:\/\/narteks.net\/#\/schema\/logo\/image\/","url":"https:\/\/narteks.net\/wp-content\/uploads\/narteks.png","contentUrl":"https:\/\/narteks.net\/wp-content\/uploads\/narteks.png","width":300,"height":90,"caption":"narteks.net"},"image":{"@id":"https:\/\/narteks.net\/#\/schema\/logo\/image\/"},"sameAs":["https:\/\/x.com\/narteks","https:\/\/instagram.com\/narteksnet"]},{"@type":"Person","@id":"https:\/\/narteks.net\/#\/schema\/person\/61f37d9834294b72d31d274e7ed79bca","name":"Tar\u0131k","image":{"@type":"ImageObject","inLanguage":"tr","@id":"https:\/\/narteks.net\/#\/schema\/person\/image\/","url":"https:\/\/secure.gravatar.com\/avatar\/50865afb55632c4ae467e0af0930f6510aa2297d8014be502a55b14f3b7550cf?s=96&d=mm&r=g","contentUrl":"https:\/\/secure.gravatar.com\/avatar\/50865afb55632c4ae467e0af0930f6510aa2297d8014be502a55b14f3b7550cf?s=96&d=mm&r=g","caption":"Tar\u0131k"},"sameAs":["http:\/\/narteks.net"],"url":"https:\/\/narteks.net\/index.php\/author\/narbak\/"}]}},"_links":{"self":[{"href":"https:\/\/narteks.net\/index.php\/wp-json\/wp\/v2\/posts\/1089","targetHints":{"allow":["GET"]}}],"collection":[{"href":"https:\/\/narteks.net\/index.php\/wp-json\/wp\/v2\/posts"}],"about":[{"href":"https:\/\/narteks.net\/index.php\/wp-json\/wp\/v2\/types\/post"}],"author":[{"embeddable":true,"href":"https:\/\/narteks.net\/index.php\/wp-json\/wp\/v2\/users\/1"}],"replies":[{"embeddable":true,"href":"https:\/\/narteks.net\/index.php\/wp-json\/wp\/v2\/comments?post=1089"}],"version-history":[{"count":0,"href":"https:\/\/narteks.net\/index.php\/wp-json\/wp\/v2\/posts\/1089\/revisions"}],"wp:attachment":[{"href":"https:\/\/narteks.net\/index.php\/wp-json\/wp\/v2\/media?parent=1089"}],"wp:term":[{"taxonomy":"category","embeddable":true,"href":"https:\/\/narteks.net\/index.php\/wp-json\/wp\/v2\/categories?post=1089"},{"taxonomy":"post_tag","embeddable":true,"href":"https:\/\/narteks.net\/index.php\/wp-json\/wp\/v2\/tags?post=1089"}],"curies":[{"name":"wp","href":"https:\/\/api.w.org\/{rel}","templated":true}]}}