{"id":1091,"date":"2009-11-05T13:04:42","date_gmt":"2009-11-05T10:04:42","guid":{"rendered":"http:\/\/localhost\/wordpress\/2009\/11\/05\/bir-gemici-turkusu\/"},"modified":"2009-11-05T13:04:42","modified_gmt":"2009-11-05T10:04:42","slug":"bir-gemici-turkusu","status":"publish","type":"post","link":"https:\/\/narteks.net\/index.php\/2009\/11\/05\/bir-gemici-turkusu\/","title":{"rendered":"B\u0130R GEM\u0130C\u0130 T\u00dcRK\u00dcS\u00dc"},"content":{"rendered":"<p>\u00a0<\/p>\n<p>R\u00fczg\u00e2r,<br \/> y\u0131ld\u0131zlar<br \/> ve su.<br \/> Bir Afrika r\u00fcyas\u0131n\u0131n uykusu<br \/> d\u00fc\u015fm\u00fc\u015f dalgalara.<br \/> I\u015f\u0131lt\u0131l\u0131, kara<br \/> bir yelken gibi ince<br \/> dire\u011finde geminin.<br \/> Ge\u00e7mekteyiz i\u00e7inden<br \/> bir say\u0131s\u0131z<br \/> bir u\u00e7suz bucaks\u0131z y\u0131ld\u0131zlar \u00e2leminin.<\/p>\n<p>Y\u0131ld\u0131zlar<br \/> r\u00fczg\u00e2r<br \/> ve su.<br \/> Ba\u015f\u00fcst\u00fcnde bir gemici korosu<br \/> su gibi, r\u00fczg\u00e2r gibi, y\u0131ld\u0131zlar gibi bir t\u00fcrk\u00fc s\u00f6yl\u00fcyor,<br \/> y\u0131ld\u0131zlar gibi<br \/> r\u00fczg\u00e2r gibi<br \/> su gibi bir t\u00fcrk\u00fc.<br \/> Bu t\u00fcrk\u00fc diyor ki, \u00abKorkumuz yok!<br \/> \u0130nmedi bir g\u00fcn bile g\u00f6zlerimize<br \/> bir k\u0131\u015f ak\u015fam\u0131 gibi karanl\u0131\u011f\u0131 korkunun.\u00bb<br \/> Bu t\u00fcrk\u00fc<br \/> diyor ki,<br \/> \u00abBir g\u00fcl\u00fc\u015f\u00fcn ate\u015fiyle yakmas\u0131n\u0131 biliriz<br \/> \u00f6l\u00fcm\u00fcn \u00f6n\u00fcnde sigaram\u0131z\u0131.\u00bb<br \/> Bu t\u00fcrk\u00fc<br \/> diyor ki,<br \/> \u00ab\u00c7izmi\u015fiz rotam\u0131z\u0131<br \/> dostlar\u0131n alk\u0131\u015flar\u0131yla de\u011fil<br \/> g\u0131c\u0131rt\u0131s\u0131yla d\u00fc\u015fman\u0131n<br \/> di\u015flerinin.\u00bb<br \/> Bu t\u00fcrk\u00fc diyor ki, \u00abD\u00f6v\u00fc\u015fmek..\u00bb<br \/> Bu t\u00fcrk\u00fc diyor ki, \u00abI\u015f\u0131kl\u0131 b\u00fcy\u00fck<br \/> \u0131\u015f\u0131kl\u0131 geni\u015f ve s\u0131n\u0131rs\u0131z bir limana<br \/> d\u00fcmen suyumuzda s\u00fcr\u00fcklemek denizi..\u00bb<br \/> Bu t\u00fcrk\u00fc diyor ki, \u00abY\u0131ld\u0131zlar<br \/> r\u00fczg\u00e2r<br \/> ve su&#8230;\u00bb<\/p>\n<p>Ba\u015f\u00fcst\u00fcnde bir gemici korosu<br \/> bir t\u00fcrk\u00fc s\u00f6yl\u00fcyor;<br \/> y\u0131ld\u0131zlar gibi<br \/> r\u00fczg\u00e2r gibi,<br \/> su gibi bir t\u00fcrk\u00fc..<\/p>\n<p>Naz\u0131m Hikmet RAN<\/p>\n","protected":false},"excerpt":{"rendered":"<p>\u00a0 R\u00fczg\u00e2r, y\u0131ld\u0131zlar ve su. Bir Afrika r\u00fcyas\u0131n\u0131n uykusu d\u00fc\u015fm\u00fc\u015f dalgalara. I\u015f\u0131lt\u0131l\u0131, kara bir yelken gibi ince dire\u011finde geminin. Ge\u00e7mekteyiz i\u00e7inden bir say\u0131s\u0131z bir u\u00e7suz bucaks\u0131z y\u0131ld\u0131zlar \u00e2leminin. Y\u0131ld\u0131zlar r\u00fczg\u00e2r ve su. Ba\u015f\u00fcst\u00fcnde bir gemici korosu su gibi, r\u00fczg\u00e2r gibi, y\u0131ld\u0131zlar gibi bir t\u00fcrk\u00fc s\u00f6yl\u00fcyor, y\u0131ld\u0131zlar gibi r\u00fczg\u00e2r gibi su gibi bir t\u00fcrk\u00fc. Bu t\u00fcrk\u00fc [&hellip;]<\/p>\n","protected":false},"author":1,"featured_media":0,"comment_status":"open","ping_status":"open","sticky":false,"template":"","format":"standard","meta":{"footnotes":""},"categories":[59],"tags":[],"class_list":{"0":"post-1091","1":"post","2":"type-post","3":"status-publish","4":"format-standard","6":"category-nazim-hikmet-ran"},"yoast_head":"<!-- This site is optimized with the Yoast SEO Premium plugin v24.9 (Yoast SEO v24.9) - https:\/\/yoast.com\/wordpress\/plugins\/seo\/ -->\n<title>B\u0130R GEM\u0130C\u0130 T\u00dcRK\u00dcS\u00dc - narteks.net<\/title>\n<meta name=\"robots\" content=\"index, follow, max-snippet:-1, max-image-preview:large, max-video-preview:-1\" \/>\n<link rel=\"canonical\" href=\"https:\/\/narteks.net\/index.php\/2009\/11\/05\/bir-gemici-turkusu\/\" \/>\n<meta property=\"og:locale\" content=\"tr_TR\" \/>\n<meta property=\"og:type\" content=\"article\" \/>\n<meta property=\"og:title\" content=\"B\u0130R GEM\u0130C\u0130 T\u00dcRK\u00dcS\u00dc\" \/>\n<meta property=\"og:description\" content=\"\u00a0 R\u00fczg\u00e2r, y\u0131ld\u0131zlar ve su. Bir Afrika r\u00fcyas\u0131n\u0131n uykusu d\u00fc\u015fm\u00fc\u015f dalgalara. I\u015f\u0131lt\u0131l\u0131, kara bir yelken gibi ince dire\u011finde geminin. Ge\u00e7mekteyiz i\u00e7inden bir say\u0131s\u0131z bir u\u00e7suz bucaks\u0131z y\u0131ld\u0131zlar \u00e2leminin. Y\u0131ld\u0131zlar r\u00fczg\u00e2r ve su. Ba\u015f\u00fcst\u00fcnde bir gemici korosu su gibi, r\u00fczg\u00e2r gibi, y\u0131ld\u0131zlar gibi bir t\u00fcrk\u00fc s\u00f6yl\u00fcyor, y\u0131ld\u0131zlar gibi r\u00fczg\u00e2r gibi su gibi bir t\u00fcrk\u00fc. Bu t\u00fcrk\u00fc [&hellip;]\" \/>\n<meta property=\"og:url\" content=\"https:\/\/narteks.net\/index.php\/2009\/11\/05\/bir-gemici-turkusu\/\" \/>\n<meta property=\"og:site_name\" content=\"narteks.net\" \/>\n<meta property=\"article:published_time\" content=\"2009-11-05T10:04:42+00:00\" \/>\n<meta property=\"og:image\" content=\"https:\/\/narteks.net\/wp-content\/uploads\/narteks.png\" \/>\n\t<meta property=\"og:image:width\" content=\"300\" \/>\n\t<meta property=\"og:image:height\" content=\"90\" \/>\n\t<meta property=\"og:image:type\" content=\"image\/png\" \/>\n<meta name=\"author\" content=\"Tar\u0131k\" \/>\n<meta name=\"twitter:card\" content=\"summary_large_image\" \/>\n<meta name=\"twitter:creator\" content=\"@narteks\" \/>\n<meta name=\"twitter:site\" content=\"@narteks\" \/>\n<meta name=\"twitter:label1\" content=\"Yazan:\" \/>\n\t<meta name=\"twitter:data1\" content=\"Tar\u0131k\" \/>\n\t<meta name=\"twitter:label2\" content=\"Tahmini okuma s\u00fcresi\" \/>\n\t<meta name=\"twitter:data2\" content=\"1 dakika\" \/>\n<script type=\"application\/ld+json\" class=\"yoast-schema-graph\">{\"@context\":\"https:\/\/schema.org\",\"@graph\":[{\"@type\":\"Article\",\"@id\":\"https:\/\/narteks.net\/index.php\/2009\/11\/05\/bir-gemici-turkusu\/#article\",\"isPartOf\":{\"@id\":\"https:\/\/narteks.net\/index.php\/2009\/11\/05\/bir-gemici-turkusu\/\"},\"author\":{\"name\":\"Tar\u0131k\",\"@id\":\"https:\/\/narteks.net\/#\/schema\/person\/61f37d9834294b72d31d274e7ed79bca\"},\"headline\":\"B\u0130R GEM\u0130C\u0130 T\u00dcRK\u00dcS\u00dc\",\"datePublished\":\"2009-11-05T10:04:42+00:00\",\"mainEntityOfPage\":{\"@id\":\"https:\/\/narteks.net\/index.php\/2009\/11\/05\/bir-gemici-turkusu\/\"},\"wordCount\":240,\"commentCount\":0,\"publisher\":{\"@id\":\"https:\/\/narteks.net\/#organization\"},\"articleSection\":[\"Naz\u0131m H\u0130KMET RAN\"],\"inLanguage\":\"tr\",\"potentialAction\":[{\"@type\":\"CommentAction\",\"name\":\"Comment\",\"target\":[\"https:\/\/narteks.net\/index.php\/2009\/11\/05\/bir-gemici-turkusu\/#respond\"]}]},{\"@type\":\"WebPage\",\"@id\":\"https:\/\/narteks.net\/index.php\/2009\/11\/05\/bir-gemici-turkusu\/\",\"url\":\"https:\/\/narteks.net\/index.php\/2009\/11\/05\/bir-gemici-turkusu\/\",\"name\":\"B\u0130R GEM\u0130C\u0130 T\u00dcRK\u00dcS\u00dc - narteks.net\",\"isPartOf\":{\"@id\":\"https:\/\/narteks.net\/#website\"},\"datePublished\":\"2009-11-05T10:04:42+00:00\",\"breadcrumb\":{\"@id\":\"https:\/\/narteks.net\/index.php\/2009\/11\/05\/bir-gemici-turkusu\/#breadcrumb\"},\"inLanguage\":\"tr\",\"potentialAction\":[{\"@type\":\"ReadAction\",\"target\":[\"https:\/\/narteks.net\/index.php\/2009\/11\/05\/bir-gemici-turkusu\/\"]}]},{\"@type\":\"BreadcrumbList\",\"@id\":\"https:\/\/narteks.net\/index.php\/2009\/11\/05\/bir-gemici-turkusu\/#breadcrumb\",\"itemListElement\":[{\"@type\":\"ListItem\",\"position\":1,\"name\":\"Anasayfa\",\"item\":\"https:\/\/narteks.net\/\"},{\"@type\":\"ListItem\",\"position\":2,\"name\":\"B\u0130R GEM\u0130C\u0130 T\u00dcRK\u00dcS\u00dc\"}]},{\"@type\":\"WebSite\",\"@id\":\"https:\/\/narteks.net\/#website\",\"url\":\"https:\/\/narteks.net\/\",\"name\":\"narteks.net\",\"description\":\"K\u00fclt\u00fcr Sanat Edebiyat Felsefe\",\"publisher\":{\"@id\":\"https:\/\/narteks.net\/#organization\"},\"alternateName\":\"K\u00fclt\u00fcr Sanat Edebiyat Felsefe\",\"potentialAction\":[{\"@type\":\"SearchAction\",\"target\":{\"@type\":\"EntryPoint\",\"urlTemplate\":\"https:\/\/narteks.net\/?s={search_term_string}\"},\"query-input\":{\"@type\":\"PropertyValueSpecification\",\"valueRequired\":true,\"valueName\":\"search_term_string\"}}],\"inLanguage\":\"tr\"},{\"@type\":\"Organization\",\"@id\":\"https:\/\/narteks.net\/#organization\",\"name\":\"narteks.net\",\"url\":\"https:\/\/narteks.net\/\",\"logo\":{\"@type\":\"ImageObject\",\"inLanguage\":\"tr\",\"@id\":\"https:\/\/narteks.net\/#\/schema\/logo\/image\/\",\"url\":\"https:\/\/narteks.net\/wp-content\/uploads\/narteks.png\",\"contentUrl\":\"https:\/\/narteks.net\/wp-content\/uploads\/narteks.png\",\"width\":300,\"height\":90,\"caption\":\"narteks.net\"},\"image\":{\"@id\":\"https:\/\/narteks.net\/#\/schema\/logo\/image\/\"},\"sameAs\":[\"https:\/\/x.com\/narteks\",\"https:\/\/instagram.com\/narteksnet\"]},{\"@type\":\"Person\",\"@id\":\"https:\/\/narteks.net\/#\/schema\/person\/61f37d9834294b72d31d274e7ed79bca\",\"name\":\"Tar\u0131k\",\"image\":{\"@type\":\"ImageObject\",\"inLanguage\":\"tr\",\"@id\":\"https:\/\/narteks.net\/#\/schema\/person\/image\/\",\"url\":\"https:\/\/secure.gravatar.com\/avatar\/50865afb55632c4ae467e0af0930f6510aa2297d8014be502a55b14f3b7550cf?s=96&d=mm&r=g\",\"contentUrl\":\"https:\/\/secure.gravatar.com\/avatar\/50865afb55632c4ae467e0af0930f6510aa2297d8014be502a55b14f3b7550cf?s=96&d=mm&r=g\",\"caption\":\"Tar\u0131k\"},\"sameAs\":[\"http:\/\/narteks.net\"],\"url\":\"https:\/\/narteks.net\/index.php\/author\/narbak\/\"}]}<\/script>\n<!-- \/ Yoast SEO Premium plugin. -->","yoast_head_json":{"title":"B\u0130R GEM\u0130C\u0130 T\u00dcRK\u00dcS\u00dc - narteks.net","robots":{"index":"index","follow":"follow","max-snippet":"max-snippet:-1","max-image-preview":"max-image-preview:large","max-video-preview":"max-video-preview:-1"},"canonical":"https:\/\/narteks.net\/index.php\/2009\/11\/05\/bir-gemici-turkusu\/","og_locale":"tr_TR","og_type":"article","og_title":"B\u0130R GEM\u0130C\u0130 T\u00dcRK\u00dcS\u00dc","og_description":"\u00a0 R\u00fczg\u00e2r, y\u0131ld\u0131zlar ve su. Bir Afrika r\u00fcyas\u0131n\u0131n uykusu d\u00fc\u015fm\u00fc\u015f dalgalara. I\u015f\u0131lt\u0131l\u0131, kara bir yelken gibi ince dire\u011finde geminin. Ge\u00e7mekteyiz i\u00e7inden bir say\u0131s\u0131z bir u\u00e7suz bucaks\u0131z y\u0131ld\u0131zlar \u00e2leminin. Y\u0131ld\u0131zlar r\u00fczg\u00e2r ve su. Ba\u015f\u00fcst\u00fcnde bir gemici korosu su gibi, r\u00fczg\u00e2r gibi, y\u0131ld\u0131zlar gibi bir t\u00fcrk\u00fc s\u00f6yl\u00fcyor, y\u0131ld\u0131zlar gibi r\u00fczg\u00e2r gibi su gibi bir t\u00fcrk\u00fc. Bu t\u00fcrk\u00fc [&hellip;]","og_url":"https:\/\/narteks.net\/index.php\/2009\/11\/05\/bir-gemici-turkusu\/","og_site_name":"narteks.net","article_published_time":"2009-11-05T10:04:42+00:00","og_image":[{"width":300,"height":90,"url":"https:\/\/narteks.net\/wp-content\/uploads\/narteks.png","type":"image\/png"}],"author":"Tar\u0131k","twitter_card":"summary_large_image","twitter_creator":"@narteks","twitter_site":"@narteks","twitter_misc":{"Yazan:":"Tar\u0131k","Tahmini okuma s\u00fcresi":"1 dakika"},"schema":{"@context":"https:\/\/schema.org","@graph":[{"@type":"Article","@id":"https:\/\/narteks.net\/index.php\/2009\/11\/05\/bir-gemici-turkusu\/#article","isPartOf":{"@id":"https:\/\/narteks.net\/index.php\/2009\/11\/05\/bir-gemici-turkusu\/"},"author":{"name":"Tar\u0131k","@id":"https:\/\/narteks.net\/#\/schema\/person\/61f37d9834294b72d31d274e7ed79bca"},"headline":"B\u0130R GEM\u0130C\u0130 T\u00dcRK\u00dcS\u00dc","datePublished":"2009-11-05T10:04:42+00:00","mainEntityOfPage":{"@id":"https:\/\/narteks.net\/index.php\/2009\/11\/05\/bir-gemici-turkusu\/"},"wordCount":240,"commentCount":0,"publisher":{"@id":"https:\/\/narteks.net\/#organization"},"articleSection":["Naz\u0131m H\u0130KMET RAN"],"inLanguage":"tr","potentialAction":[{"@type":"CommentAction","name":"Comment","target":["https:\/\/narteks.net\/index.php\/2009\/11\/05\/bir-gemici-turkusu\/#respond"]}]},{"@type":"WebPage","@id":"https:\/\/narteks.net\/index.php\/2009\/11\/05\/bir-gemici-turkusu\/","url":"https:\/\/narteks.net\/index.php\/2009\/11\/05\/bir-gemici-turkusu\/","name":"B\u0130R GEM\u0130C\u0130 T\u00dcRK\u00dcS\u00dc - narteks.net","isPartOf":{"@id":"https:\/\/narteks.net\/#website"},"datePublished":"2009-11-05T10:04:42+00:00","breadcrumb":{"@id":"https:\/\/narteks.net\/index.php\/2009\/11\/05\/bir-gemici-turkusu\/#breadcrumb"},"inLanguage":"tr","potentialAction":[{"@type":"ReadAction","target":["https:\/\/narteks.net\/index.php\/2009\/11\/05\/bir-gemici-turkusu\/"]}]},{"@type":"BreadcrumbList","@id":"https:\/\/narteks.net\/index.php\/2009\/11\/05\/bir-gemici-turkusu\/#breadcrumb","itemListElement":[{"@type":"ListItem","position":1,"name":"Anasayfa","item":"https:\/\/narteks.net\/"},{"@type":"ListItem","position":2,"name":"B\u0130R GEM\u0130C\u0130 T\u00dcRK\u00dcS\u00dc"}]},{"@type":"WebSite","@id":"https:\/\/narteks.net\/#website","url":"https:\/\/narteks.net\/","name":"narteks.net","description":"K\u00fclt\u00fcr Sanat Edebiyat Felsefe","publisher":{"@id":"https:\/\/narteks.net\/#organization"},"alternateName":"K\u00fclt\u00fcr Sanat Edebiyat Felsefe","potentialAction":[{"@type":"SearchAction","target":{"@type":"EntryPoint","urlTemplate":"https:\/\/narteks.net\/?s={search_term_string}"},"query-input":{"@type":"PropertyValueSpecification","valueRequired":true,"valueName":"search_term_string"}}],"inLanguage":"tr"},{"@type":"Organization","@id":"https:\/\/narteks.net\/#organization","name":"narteks.net","url":"https:\/\/narteks.net\/","logo":{"@type":"ImageObject","inLanguage":"tr","@id":"https:\/\/narteks.net\/#\/schema\/logo\/image\/","url":"https:\/\/narteks.net\/wp-content\/uploads\/narteks.png","contentUrl":"https:\/\/narteks.net\/wp-content\/uploads\/narteks.png","width":300,"height":90,"caption":"narteks.net"},"image":{"@id":"https:\/\/narteks.net\/#\/schema\/logo\/image\/"},"sameAs":["https:\/\/x.com\/narteks","https:\/\/instagram.com\/narteksnet"]},{"@type":"Person","@id":"https:\/\/narteks.net\/#\/schema\/person\/61f37d9834294b72d31d274e7ed79bca","name":"Tar\u0131k","image":{"@type":"ImageObject","inLanguage":"tr","@id":"https:\/\/narteks.net\/#\/schema\/person\/image\/","url":"https:\/\/secure.gravatar.com\/avatar\/50865afb55632c4ae467e0af0930f6510aa2297d8014be502a55b14f3b7550cf?s=96&d=mm&r=g","contentUrl":"https:\/\/secure.gravatar.com\/avatar\/50865afb55632c4ae467e0af0930f6510aa2297d8014be502a55b14f3b7550cf?s=96&d=mm&r=g","caption":"Tar\u0131k"},"sameAs":["http:\/\/narteks.net"],"url":"https:\/\/narteks.net\/index.php\/author\/narbak\/"}]}},"_links":{"self":[{"href":"https:\/\/narteks.net\/index.php\/wp-json\/wp\/v2\/posts\/1091","targetHints":{"allow":["GET"]}}],"collection":[{"href":"https:\/\/narteks.net\/index.php\/wp-json\/wp\/v2\/posts"}],"about":[{"href":"https:\/\/narteks.net\/index.php\/wp-json\/wp\/v2\/types\/post"}],"author":[{"embeddable":true,"href":"https:\/\/narteks.net\/index.php\/wp-json\/wp\/v2\/users\/1"}],"replies":[{"embeddable":true,"href":"https:\/\/narteks.net\/index.php\/wp-json\/wp\/v2\/comments?post=1091"}],"version-history":[{"count":0,"href":"https:\/\/narteks.net\/index.php\/wp-json\/wp\/v2\/posts\/1091\/revisions"}],"wp:attachment":[{"href":"https:\/\/narteks.net\/index.php\/wp-json\/wp\/v2\/media?parent=1091"}],"wp:term":[{"taxonomy":"category","embeddable":true,"href":"https:\/\/narteks.net\/index.php\/wp-json\/wp\/v2\/categories?post=1091"},{"taxonomy":"post_tag","embeddable":true,"href":"https:\/\/narteks.net\/index.php\/wp-json\/wp\/v2\/tags?post=1091"}],"curies":[{"name":"wp","href":"https:\/\/api.w.org\/{rel}","templated":true}]}}