{"id":1096,"date":"2009-11-05T13:07:20","date_gmt":"2009-11-05T10:07:20","guid":{"rendered":"http:\/\/localhost\/wordpress\/2009\/11\/05\/cenaze-merasimim\/"},"modified":"2009-11-05T13:07:20","modified_gmt":"2009-11-05T10:07:20","slug":"cenaze-merasimim","status":"publish","type":"post","link":"https:\/\/narteks.net\/index.php\/2009\/11\/05\/cenaze-merasimim\/","title":{"rendered":"CENAZE MERAS\u0130M\u0130M"},"content":{"rendered":"<p>\u00a0<\/p>\n<p>Bizim avludan m\u0131 kalkacak cenazem?<br \/> Nas\u0131l indireceksiniz beni \u00fc\u00e7\u00fcnc\u00fc kattan?<br \/> Asans\u00f6re s\u0131\u011fmaz tabut,<br \/> merdivenler darac\u0131k<\/p>\n<p>Belki avluda dizboyu g\u00fcne\u015f ve g\u00fcvercinler olacak,<br \/> belki kar ya\u011facak \u00e7ocuk \u00e7\u0131\u011fl\u0131klar\u0131yla dolu,<br \/> belki \u0131slak asfalt\u0131yla ya\u011fmur.<br \/> Ve avluda \u00e7\u00f6p bidonlar\u0131 duracak her zamanki gibi.<\/p>\n<p>Kamyona, yerli gelenekle,y\u00fcz\u00fcm a\u00e7\u0131k y\u00fckleneceksem,<br \/> bir \u015fey damlayabilir aln\u0131ma bir g\u00fcvercinden; u\u011furdur.<br \/> Bando gelse de, gelmese de \u00e7ocuklar gelecek yan\u0131ma,<br \/> merakl\u0131d\u0131r \u00f6l\u00fclere \u00e7ocuklar.<\/p>\n<p>Bakacak arkamdan mutfak penceremiz.<br \/> Balkonumuz ge\u00e7irecek beni \u00e7ama\u015f\u0131rlar\u0131yla.<br \/> Ben bu avluda bahtiyar ya\u015fad\u0131m bilemedi\u011finiz kadar.<br \/> Avluda\u015flar\u0131m, uzun \u00f6m\u00fcrler dilerim hepinize&#8230;<\/p>\n<p>Naz\u0131m Hikmet RAN<\/p>\n","protected":false},"excerpt":{"rendered":"<p>\u00a0 Bizim avludan m\u0131 kalkacak cenazem? Nas\u0131l indireceksiniz beni \u00fc\u00e7\u00fcnc\u00fc kattan? Asans\u00f6re s\u0131\u011fmaz tabut, merdivenler darac\u0131k Belki avluda dizboyu g\u00fcne\u015f ve g\u00fcvercinler olacak, belki kar ya\u011facak \u00e7ocuk \u00e7\u0131\u011fl\u0131klar\u0131yla dolu, belki \u0131slak asfalt\u0131yla ya\u011fmur. Ve avluda \u00e7\u00f6p bidonlar\u0131 duracak her zamanki gibi. Kamyona, yerli gelenekle,y\u00fcz\u00fcm a\u00e7\u0131k y\u00fckleneceksem, bir \u015fey damlayabilir aln\u0131ma bir g\u00fcvercinden; u\u011furdur. Bando gelse [&hellip;]<\/p>\n","protected":false},"author":1,"featured_media":0,"comment_status":"open","ping_status":"open","sticky":false,"template":"","format":"standard","meta":{"footnotes":""},"categories":[59],"tags":[],"class_list":{"0":"post-1096","1":"post","2":"type-post","3":"status-publish","4":"format-standard","6":"category-nazim-hikmet-ran"},"yoast_head":"<!-- This site is optimized with the Yoast SEO Premium plugin v24.9 (Yoast SEO v24.9) - https:\/\/yoast.com\/wordpress\/plugins\/seo\/ -->\n<title>CENAZE MERAS\u0130M\u0130M - narteks.net<\/title>\n<meta name=\"robots\" content=\"index, follow, max-snippet:-1, max-image-preview:large, max-video-preview:-1\" \/>\n<link rel=\"canonical\" href=\"https:\/\/narteks.net\/index.php\/2009\/11\/05\/cenaze-merasimim\/\" \/>\n<meta property=\"og:locale\" content=\"tr_TR\" \/>\n<meta property=\"og:type\" content=\"article\" \/>\n<meta property=\"og:title\" content=\"CENAZE MERAS\u0130M\u0130M\" \/>\n<meta property=\"og:description\" content=\"\u00a0 Bizim avludan m\u0131 kalkacak cenazem? Nas\u0131l indireceksiniz beni \u00fc\u00e7\u00fcnc\u00fc kattan? Asans\u00f6re s\u0131\u011fmaz tabut, merdivenler darac\u0131k Belki avluda dizboyu g\u00fcne\u015f ve g\u00fcvercinler olacak, belki kar ya\u011facak \u00e7ocuk \u00e7\u0131\u011fl\u0131klar\u0131yla dolu, belki \u0131slak asfalt\u0131yla ya\u011fmur. Ve avluda \u00e7\u00f6p bidonlar\u0131 duracak her zamanki gibi. Kamyona, yerli gelenekle,y\u00fcz\u00fcm a\u00e7\u0131k y\u00fckleneceksem, bir \u015fey damlayabilir aln\u0131ma bir g\u00fcvercinden; u\u011furdur. Bando gelse [&hellip;]\" \/>\n<meta property=\"og:url\" content=\"https:\/\/narteks.net\/index.php\/2009\/11\/05\/cenaze-merasimim\/\" \/>\n<meta property=\"og:site_name\" content=\"narteks.net\" \/>\n<meta property=\"article:published_time\" content=\"2009-11-05T10:07:20+00:00\" \/>\n<meta property=\"og:image\" content=\"https:\/\/narteks.net\/wp-content\/uploads\/narteks.png\" \/>\n\t<meta property=\"og:image:width\" content=\"300\" \/>\n\t<meta property=\"og:image:height\" content=\"90\" \/>\n\t<meta property=\"og:image:type\" content=\"image\/png\" \/>\n<meta name=\"author\" content=\"Tar\u0131k\" \/>\n<meta name=\"twitter:card\" content=\"summary_large_image\" \/>\n<meta name=\"twitter:creator\" content=\"@narteks\" \/>\n<meta name=\"twitter:site\" content=\"@narteks\" \/>\n<meta name=\"twitter:label1\" content=\"Yazan:\" \/>\n\t<meta name=\"twitter:data1\" content=\"Tar\u0131k\" \/>\n\t<meta name=\"twitter:label2\" content=\"Tahmini okuma s\u00fcresi\" \/>\n\t<meta name=\"twitter:data2\" content=\"1 dakika\" \/>\n<script type=\"application\/ld+json\" class=\"yoast-schema-graph\">{\"@context\":\"https:\/\/schema.org\",\"@graph\":[{\"@type\":\"Article\",\"@id\":\"https:\/\/narteks.net\/index.php\/2009\/11\/05\/cenaze-merasimim\/#article\",\"isPartOf\":{\"@id\":\"https:\/\/narteks.net\/index.php\/2009\/11\/05\/cenaze-merasimim\/\"},\"author\":{\"name\":\"Tar\u0131k\",\"@id\":\"https:\/\/narteks.net\/#\/schema\/person\/61f37d9834294b72d31d274e7ed79bca\"},\"headline\":\"CENAZE MERAS\u0130M\u0130M\",\"datePublished\":\"2009-11-05T10:07:20+00:00\",\"mainEntityOfPage\":{\"@id\":\"https:\/\/narteks.net\/index.php\/2009\/11\/05\/cenaze-merasimim\/\"},\"wordCount\":123,\"commentCount\":0,\"publisher\":{\"@id\":\"https:\/\/narteks.net\/#organization\"},\"articleSection\":[\"Naz\u0131m H\u0130KMET RAN\"],\"inLanguage\":\"tr\",\"potentialAction\":[{\"@type\":\"CommentAction\",\"name\":\"Comment\",\"target\":[\"https:\/\/narteks.net\/index.php\/2009\/11\/05\/cenaze-merasimim\/#respond\"]}]},{\"@type\":\"WebPage\",\"@id\":\"https:\/\/narteks.net\/index.php\/2009\/11\/05\/cenaze-merasimim\/\",\"url\":\"https:\/\/narteks.net\/index.php\/2009\/11\/05\/cenaze-merasimim\/\",\"name\":\"CENAZE MERAS\u0130M\u0130M - narteks.net\",\"isPartOf\":{\"@id\":\"https:\/\/narteks.net\/#website\"},\"datePublished\":\"2009-11-05T10:07:20+00:00\",\"breadcrumb\":{\"@id\":\"https:\/\/narteks.net\/index.php\/2009\/11\/05\/cenaze-merasimim\/#breadcrumb\"},\"inLanguage\":\"tr\",\"potentialAction\":[{\"@type\":\"ReadAction\",\"target\":[\"https:\/\/narteks.net\/index.php\/2009\/11\/05\/cenaze-merasimim\/\"]}]},{\"@type\":\"BreadcrumbList\",\"@id\":\"https:\/\/narteks.net\/index.php\/2009\/11\/05\/cenaze-merasimim\/#breadcrumb\",\"itemListElement\":[{\"@type\":\"ListItem\",\"position\":1,\"name\":\"Anasayfa\",\"item\":\"https:\/\/narteks.net\/\"},{\"@type\":\"ListItem\",\"position\":2,\"name\":\"CENAZE MERAS\u0130M\u0130M\"}]},{\"@type\":\"WebSite\",\"@id\":\"https:\/\/narteks.net\/#website\",\"url\":\"https:\/\/narteks.net\/\",\"name\":\"narteks.net\",\"description\":\"K\u00fclt\u00fcr Sanat Edebiyat Felsefe\",\"publisher\":{\"@id\":\"https:\/\/narteks.net\/#organization\"},\"alternateName\":\"K\u00fclt\u00fcr Sanat Edebiyat Felsefe\",\"potentialAction\":[{\"@type\":\"SearchAction\",\"target\":{\"@type\":\"EntryPoint\",\"urlTemplate\":\"https:\/\/narteks.net\/?s={search_term_string}\"},\"query-input\":{\"@type\":\"PropertyValueSpecification\",\"valueRequired\":true,\"valueName\":\"search_term_string\"}}],\"inLanguage\":\"tr\"},{\"@type\":\"Organization\",\"@id\":\"https:\/\/narteks.net\/#organization\",\"name\":\"narteks.net\",\"url\":\"https:\/\/narteks.net\/\",\"logo\":{\"@type\":\"ImageObject\",\"inLanguage\":\"tr\",\"@id\":\"https:\/\/narteks.net\/#\/schema\/logo\/image\/\",\"url\":\"https:\/\/narteks.net\/wp-content\/uploads\/narteks.png\",\"contentUrl\":\"https:\/\/narteks.net\/wp-content\/uploads\/narteks.png\",\"width\":300,\"height\":90,\"caption\":\"narteks.net\"},\"image\":{\"@id\":\"https:\/\/narteks.net\/#\/schema\/logo\/image\/\"},\"sameAs\":[\"https:\/\/x.com\/narteks\",\"https:\/\/instagram.com\/narteksnet\"]},{\"@type\":\"Person\",\"@id\":\"https:\/\/narteks.net\/#\/schema\/person\/61f37d9834294b72d31d274e7ed79bca\",\"name\":\"Tar\u0131k\",\"image\":{\"@type\":\"ImageObject\",\"inLanguage\":\"tr\",\"@id\":\"https:\/\/narteks.net\/#\/schema\/person\/image\/\",\"url\":\"https:\/\/secure.gravatar.com\/avatar\/50865afb55632c4ae467e0af0930f6510aa2297d8014be502a55b14f3b7550cf?s=96&d=mm&r=g\",\"contentUrl\":\"https:\/\/secure.gravatar.com\/avatar\/50865afb55632c4ae467e0af0930f6510aa2297d8014be502a55b14f3b7550cf?s=96&d=mm&r=g\",\"caption\":\"Tar\u0131k\"},\"sameAs\":[\"http:\/\/narteks.net\"],\"url\":\"https:\/\/narteks.net\/index.php\/author\/narbak\/\"}]}<\/script>\n<!-- \/ Yoast SEO Premium plugin. -->","yoast_head_json":{"title":"CENAZE MERAS\u0130M\u0130M - narteks.net","robots":{"index":"index","follow":"follow","max-snippet":"max-snippet:-1","max-image-preview":"max-image-preview:large","max-video-preview":"max-video-preview:-1"},"canonical":"https:\/\/narteks.net\/index.php\/2009\/11\/05\/cenaze-merasimim\/","og_locale":"tr_TR","og_type":"article","og_title":"CENAZE MERAS\u0130M\u0130M","og_description":"\u00a0 Bizim avludan m\u0131 kalkacak cenazem? Nas\u0131l indireceksiniz beni \u00fc\u00e7\u00fcnc\u00fc kattan? Asans\u00f6re s\u0131\u011fmaz tabut, merdivenler darac\u0131k Belki avluda dizboyu g\u00fcne\u015f ve g\u00fcvercinler olacak, belki kar ya\u011facak \u00e7ocuk \u00e7\u0131\u011fl\u0131klar\u0131yla dolu, belki \u0131slak asfalt\u0131yla ya\u011fmur. Ve avluda \u00e7\u00f6p bidonlar\u0131 duracak her zamanki gibi. Kamyona, yerli gelenekle,y\u00fcz\u00fcm a\u00e7\u0131k y\u00fckleneceksem, bir \u015fey damlayabilir aln\u0131ma bir g\u00fcvercinden; u\u011furdur. Bando gelse [&hellip;]","og_url":"https:\/\/narteks.net\/index.php\/2009\/11\/05\/cenaze-merasimim\/","og_site_name":"narteks.net","article_published_time":"2009-11-05T10:07:20+00:00","og_image":[{"width":300,"height":90,"url":"https:\/\/narteks.net\/wp-content\/uploads\/narteks.png","type":"image\/png"}],"author":"Tar\u0131k","twitter_card":"summary_large_image","twitter_creator":"@narteks","twitter_site":"@narteks","twitter_misc":{"Yazan:":"Tar\u0131k","Tahmini okuma s\u00fcresi":"1 dakika"},"schema":{"@context":"https:\/\/schema.org","@graph":[{"@type":"Article","@id":"https:\/\/narteks.net\/index.php\/2009\/11\/05\/cenaze-merasimim\/#article","isPartOf":{"@id":"https:\/\/narteks.net\/index.php\/2009\/11\/05\/cenaze-merasimim\/"},"author":{"name":"Tar\u0131k","@id":"https:\/\/narteks.net\/#\/schema\/person\/61f37d9834294b72d31d274e7ed79bca"},"headline":"CENAZE MERAS\u0130M\u0130M","datePublished":"2009-11-05T10:07:20+00:00","mainEntityOfPage":{"@id":"https:\/\/narteks.net\/index.php\/2009\/11\/05\/cenaze-merasimim\/"},"wordCount":123,"commentCount":0,"publisher":{"@id":"https:\/\/narteks.net\/#organization"},"articleSection":["Naz\u0131m H\u0130KMET RAN"],"inLanguage":"tr","potentialAction":[{"@type":"CommentAction","name":"Comment","target":["https:\/\/narteks.net\/index.php\/2009\/11\/05\/cenaze-merasimim\/#respond"]}]},{"@type":"WebPage","@id":"https:\/\/narteks.net\/index.php\/2009\/11\/05\/cenaze-merasimim\/","url":"https:\/\/narteks.net\/index.php\/2009\/11\/05\/cenaze-merasimim\/","name":"CENAZE MERAS\u0130M\u0130M - narteks.net","isPartOf":{"@id":"https:\/\/narteks.net\/#website"},"datePublished":"2009-11-05T10:07:20+00:00","breadcrumb":{"@id":"https:\/\/narteks.net\/index.php\/2009\/11\/05\/cenaze-merasimim\/#breadcrumb"},"inLanguage":"tr","potentialAction":[{"@type":"ReadAction","target":["https:\/\/narteks.net\/index.php\/2009\/11\/05\/cenaze-merasimim\/"]}]},{"@type":"BreadcrumbList","@id":"https:\/\/narteks.net\/index.php\/2009\/11\/05\/cenaze-merasimim\/#breadcrumb","itemListElement":[{"@type":"ListItem","position":1,"name":"Anasayfa","item":"https:\/\/narteks.net\/"},{"@type":"ListItem","position":2,"name":"CENAZE MERAS\u0130M\u0130M"}]},{"@type":"WebSite","@id":"https:\/\/narteks.net\/#website","url":"https:\/\/narteks.net\/","name":"narteks.net","description":"K\u00fclt\u00fcr Sanat Edebiyat Felsefe","publisher":{"@id":"https:\/\/narteks.net\/#organization"},"alternateName":"K\u00fclt\u00fcr Sanat Edebiyat Felsefe","potentialAction":[{"@type":"SearchAction","target":{"@type":"EntryPoint","urlTemplate":"https:\/\/narteks.net\/?s={search_term_string}"},"query-input":{"@type":"PropertyValueSpecification","valueRequired":true,"valueName":"search_term_string"}}],"inLanguage":"tr"},{"@type":"Organization","@id":"https:\/\/narteks.net\/#organization","name":"narteks.net","url":"https:\/\/narteks.net\/","logo":{"@type":"ImageObject","inLanguage":"tr","@id":"https:\/\/narteks.net\/#\/schema\/logo\/image\/","url":"https:\/\/narteks.net\/wp-content\/uploads\/narteks.png","contentUrl":"https:\/\/narteks.net\/wp-content\/uploads\/narteks.png","width":300,"height":90,"caption":"narteks.net"},"image":{"@id":"https:\/\/narteks.net\/#\/schema\/logo\/image\/"},"sameAs":["https:\/\/x.com\/narteks","https:\/\/instagram.com\/narteksnet"]},{"@type":"Person","@id":"https:\/\/narteks.net\/#\/schema\/person\/61f37d9834294b72d31d274e7ed79bca","name":"Tar\u0131k","image":{"@type":"ImageObject","inLanguage":"tr","@id":"https:\/\/narteks.net\/#\/schema\/person\/image\/","url":"https:\/\/secure.gravatar.com\/avatar\/50865afb55632c4ae467e0af0930f6510aa2297d8014be502a55b14f3b7550cf?s=96&d=mm&r=g","contentUrl":"https:\/\/secure.gravatar.com\/avatar\/50865afb55632c4ae467e0af0930f6510aa2297d8014be502a55b14f3b7550cf?s=96&d=mm&r=g","caption":"Tar\u0131k"},"sameAs":["http:\/\/narteks.net"],"url":"https:\/\/narteks.net\/index.php\/author\/narbak\/"}]}},"_links":{"self":[{"href":"https:\/\/narteks.net\/index.php\/wp-json\/wp\/v2\/posts\/1096","targetHints":{"allow":["GET"]}}],"collection":[{"href":"https:\/\/narteks.net\/index.php\/wp-json\/wp\/v2\/posts"}],"about":[{"href":"https:\/\/narteks.net\/index.php\/wp-json\/wp\/v2\/types\/post"}],"author":[{"embeddable":true,"href":"https:\/\/narteks.net\/index.php\/wp-json\/wp\/v2\/users\/1"}],"replies":[{"embeddable":true,"href":"https:\/\/narteks.net\/index.php\/wp-json\/wp\/v2\/comments?post=1096"}],"version-history":[{"count":0,"href":"https:\/\/narteks.net\/index.php\/wp-json\/wp\/v2\/posts\/1096\/revisions"}],"wp:attachment":[{"href":"https:\/\/narteks.net\/index.php\/wp-json\/wp\/v2\/media?parent=1096"}],"wp:term":[{"taxonomy":"category","embeddable":true,"href":"https:\/\/narteks.net\/index.php\/wp-json\/wp\/v2\/categories?post=1096"},{"taxonomy":"post_tag","embeddable":true,"href":"https:\/\/narteks.net\/index.php\/wp-json\/wp\/v2\/tags?post=1096"}],"curies":[{"name":"wp","href":"https:\/\/api.w.org\/{rel}","templated":true}]}}