{"id":1097,"date":"2009-11-05T13:07:51","date_gmt":"2009-11-05T10:07:51","guid":{"rendered":"http:\/\/localhost\/wordpress\/2009\/11\/05\/cevap-no2\/"},"modified":"2009-11-05T13:07:51","modified_gmt":"2009-11-05T10:07:51","slug":"cevap-no2","status":"publish","type":"post","link":"https:\/\/narteks.net\/index.php\/2009\/11\/05\/cevap-no2\/","title":{"rendered":"CEVAP NO:2"},"content":{"rendered":"<p>\u00a0<\/p>\n<p>\u0130ki serseri var:<br \/> Birinci serseri<br \/> k\u00f6pr\u00fc alt\u0131nda yatar,<br \/> sularda y\u0131ld\u0131zlar\u0131 sayar geceleri..<br \/> \u0130ki serseri var:<br \/> \u0130kinci serseri<br \/> atlas yakal\u0131 sarho\u015f sofralar\u0131nda<br \/> Ba\u011fdatl\u0131 bir dilencinin \u00e7ald\u0131\u011f\u0131 sazd\u0131r.<br \/> Frans\u0131z emperyalizminin<br \/> idare meclisinde ayvazd\u0131r.<\/p>\n<p>Ben:<br \/> Ne k\u00f6pr\u00fc alt\u0131nda yatan,<br \/> ne de atlas yakal\u0131 sarho\u015f sofralar\u0131nda<br \/> saz \u00e7al\u0131p Arabistan f\u0131st\u0131\u011f\u0131 satan-<br \/> -lar\u0131n<br \/> \u015fairiyim;<\/p>\n<p>topraktan, ate\u015ften ve demirden<br \/> hayat\u0131 yaratan-<br \/> -lar\u0131n<br \/> \u015fairiyim<br \/> ben.<\/p>\n<p>\u0130ki serseri var:<br \/> \u0130kinci serseri<br \/> yolumun \u00fcst\u00fcnde duruyor<br \/> ve soruyor<br \/> bana:<br \/> &#8220;PROLETER<br \/> dedi\u011fimin<br \/> ne bi\u00e7im ku\u015f<br \/> oldu\u011funu?&#8221;<\/p>\n<p>Anla\u015f\u0131lan<br \/> Ba\u011fdad\u00ee \u015faklaban<br \/> unutmu\u015f<br \/> M\u00f6sy\u00f6 kimle beraber<br \/> Adana-Mersin hatt\u0131nda o ku\u015fu yoldu\u011funu&#8230;<\/p>\n<p>\u0130ki serseri var:<br \/> \u0130kinci serseri<br \/> pencerelerden bir g\u00f6lge gibi girer<br \/> geceleri..<br \/> \u0130ki serseri var:<br \/> \u0130kinci serseri<br \/> halk\u0131n al\u0131nterinden alt\u0131n yapanlara<br \/> kendi kafatas\u0131nda hurma rak\u0131s\u0131 sunar.<\/p>\n<p>Ben h\u0131z\u0131m\u0131 as\u0131rlardan alm\u0131\u015f\u0131m,<br \/> Bende her m\u0131sra bir yanarda\u011f hat\u0131rlat\u0131r.<br \/> Ben ki halk\u0131n ne al\u0131nterinden on para \u00e7alm\u0131\u015f\u0131m<br \/> ne de bir \u015fairin cebinden bir sat\u0131r&#8230;<\/p>\n<p>\u0130ki serseri var:<br \/> \u0130kinci serseri<br \/> meydana d\u00f6rt topa\u00e7 gibi sald\u0131\u011f\u0131m d\u00f6rt eseri<br \/> sanm\u0131\u015f ki yazm\u0131\u015f\u0131m kendileri<br \/> i\u00e7in.<br \/> Halbuki benim<br \/> bir serseriye hitap eden<br \/> ikinci yaz\u0131m i\u015fte budur:<br \/> Atlas yakal\u0131 sarho\u015f sofralar\u0131n\u0131n saz\u0131<br \/> Frans\u0131z sermayesinin hac\u0131 ayvaz\u0131<br \/> bu yazd\u0131\u011f\u0131m yaz\u0131<br \/> \u00f6rse balyoz salanlar\u0131n \u015fim\u015fekli yumru\u011fudur<br \/> katmerli ya\u011f ya\u011f ensende<br \/> Ve sen o kemik yalad\u0131\u011f\u0131n<br \/> sofran\u0131n alt\u0131na girsen de<br \/> -dostun KARAMA\u00c7ABEY gibi-<br \/> kald\u0131r\u0131p kald\u0131r\u0131p yere \u00e7aaal-<br \/> mak i\u00e7in<br \/> can\u0131n\u0131 burnundan aaal-<br \/> mak i\u00e7in,<br \/> bulaca\u011f\u0131m seni..<br \/> Koca g\u00f6beklerin Russel ku\u015fa\u011f\u0131 sen,<br \/> sen u\u015f\u015f\u015fak murabba\u0131,<br \/> sen u\u015f\u015f\u015fak mik\u00b4ab\u0131<br \/> sat\u0131lm\u0131\u015f u\u015f\u015faklar\u0131n u\u015f\u015f\u015fa\u011f\u0131 sen!!!<\/p>\n<p>Naz\u0131m Hikmet RAN<\/p>\n","protected":false},"excerpt":{"rendered":"<p>\u00a0 \u0130ki serseri var: Birinci serseri k\u00f6pr\u00fc alt\u0131nda yatar, sularda y\u0131ld\u0131zlar\u0131 sayar geceleri.. \u0130ki serseri var: \u0130kinci serseri atlas yakal\u0131 sarho\u015f sofralar\u0131nda Ba\u011fdatl\u0131 bir dilencinin \u00e7ald\u0131\u011f\u0131 sazd\u0131r. Frans\u0131z emperyalizminin idare meclisinde ayvazd\u0131r. Ben: Ne k\u00f6pr\u00fc alt\u0131nda yatan, ne de atlas yakal\u0131 sarho\u015f sofralar\u0131nda saz \u00e7al\u0131p Arabistan f\u0131st\u0131\u011f\u0131 satan- -lar\u0131n \u015fairiyim; topraktan, ate\u015ften ve demirden hayat\u0131 [&hellip;]<\/p>\n","protected":false},"author":1,"featured_media":0,"comment_status":"open","ping_status":"open","sticky":false,"template":"","format":"standard","meta":{"footnotes":""},"categories":[59],"tags":[],"class_list":{"0":"post-1097","1":"post","2":"type-post","3":"status-publish","4":"format-standard","6":"category-nazim-hikmet-ran"},"yoast_head":"<!-- This site is optimized with the Yoast SEO Premium plugin v24.9 (Yoast SEO v24.9) - https:\/\/yoast.com\/wordpress\/plugins\/seo\/ -->\n<title>CEVAP NO:2 - narteks.net<\/title>\n<meta name=\"robots\" content=\"index, follow, max-snippet:-1, max-image-preview:large, max-video-preview:-1\" \/>\n<link rel=\"canonical\" href=\"https:\/\/narteks.net\/index.php\/2009\/11\/05\/cevap-no2\/\" \/>\n<meta property=\"og:locale\" content=\"tr_TR\" \/>\n<meta property=\"og:type\" content=\"article\" \/>\n<meta property=\"og:title\" content=\"CEVAP NO:2\" \/>\n<meta property=\"og:description\" content=\"\u00a0 \u0130ki serseri var: Birinci serseri k\u00f6pr\u00fc alt\u0131nda yatar, sularda y\u0131ld\u0131zlar\u0131 sayar geceleri.. \u0130ki serseri var: \u0130kinci serseri atlas yakal\u0131 sarho\u015f sofralar\u0131nda Ba\u011fdatl\u0131 bir dilencinin \u00e7ald\u0131\u011f\u0131 sazd\u0131r. Frans\u0131z emperyalizminin idare meclisinde ayvazd\u0131r. Ben: Ne k\u00f6pr\u00fc alt\u0131nda yatan, ne de atlas yakal\u0131 sarho\u015f sofralar\u0131nda saz \u00e7al\u0131p Arabistan f\u0131st\u0131\u011f\u0131 satan- -lar\u0131n \u015fairiyim; topraktan, ate\u015ften ve demirden hayat\u0131 [&hellip;]\" \/>\n<meta property=\"og:url\" content=\"https:\/\/narteks.net\/index.php\/2009\/11\/05\/cevap-no2\/\" \/>\n<meta property=\"og:site_name\" content=\"narteks.net\" \/>\n<meta property=\"article:published_time\" content=\"2009-11-05T10:07:51+00:00\" \/>\n<meta property=\"og:image\" content=\"https:\/\/narteks.net\/wp-content\/uploads\/narteks.png\" \/>\n\t<meta property=\"og:image:width\" content=\"300\" \/>\n\t<meta property=\"og:image:height\" content=\"90\" \/>\n\t<meta property=\"og:image:type\" content=\"image\/png\" \/>\n<meta name=\"author\" content=\"Tar\u0131k\" \/>\n<meta name=\"twitter:card\" content=\"summary_large_image\" \/>\n<meta name=\"twitter:creator\" content=\"@narteks\" \/>\n<meta name=\"twitter:site\" content=\"@narteks\" \/>\n<meta name=\"twitter:label1\" content=\"Yazan:\" \/>\n\t<meta name=\"twitter:data1\" content=\"Tar\u0131k\" \/>\n\t<meta name=\"twitter:label2\" content=\"Tahmini okuma s\u00fcresi\" \/>\n\t<meta name=\"twitter:data2\" content=\"2 dakika\" \/>\n<script type=\"application\/ld+json\" class=\"yoast-schema-graph\">{\"@context\":\"https:\/\/schema.org\",\"@graph\":[{\"@type\":\"Article\",\"@id\":\"https:\/\/narteks.net\/index.php\/2009\/11\/05\/cevap-no2\/#article\",\"isPartOf\":{\"@id\":\"https:\/\/narteks.net\/index.php\/2009\/11\/05\/cevap-no2\/\"},\"author\":{\"name\":\"Tar\u0131k\",\"@id\":\"https:\/\/narteks.net\/#\/schema\/person\/61f37d9834294b72d31d274e7ed79bca\"},\"headline\":\"CEVAP NO:2\",\"datePublished\":\"2009-11-05T10:07:51+00:00\",\"mainEntityOfPage\":{\"@id\":\"https:\/\/narteks.net\/index.php\/2009\/11\/05\/cevap-no2\/\"},\"wordCount\":310,\"commentCount\":0,\"publisher\":{\"@id\":\"https:\/\/narteks.net\/#organization\"},\"articleSection\":[\"Naz\u0131m H\u0130KMET RAN\"],\"inLanguage\":\"tr\",\"potentialAction\":[{\"@type\":\"CommentAction\",\"name\":\"Comment\",\"target\":[\"https:\/\/narteks.net\/index.php\/2009\/11\/05\/cevap-no2\/#respond\"]}]},{\"@type\":\"WebPage\",\"@id\":\"https:\/\/narteks.net\/index.php\/2009\/11\/05\/cevap-no2\/\",\"url\":\"https:\/\/narteks.net\/index.php\/2009\/11\/05\/cevap-no2\/\",\"name\":\"CEVAP NO:2 - narteks.net\",\"isPartOf\":{\"@id\":\"https:\/\/narteks.net\/#website\"},\"datePublished\":\"2009-11-05T10:07:51+00:00\",\"breadcrumb\":{\"@id\":\"https:\/\/narteks.net\/index.php\/2009\/11\/05\/cevap-no2\/#breadcrumb\"},\"inLanguage\":\"tr\",\"potentialAction\":[{\"@type\":\"ReadAction\",\"target\":[\"https:\/\/narteks.net\/index.php\/2009\/11\/05\/cevap-no2\/\"]}]},{\"@type\":\"BreadcrumbList\",\"@id\":\"https:\/\/narteks.net\/index.php\/2009\/11\/05\/cevap-no2\/#breadcrumb\",\"itemListElement\":[{\"@type\":\"ListItem\",\"position\":1,\"name\":\"Anasayfa\",\"item\":\"https:\/\/narteks.net\/\"},{\"@type\":\"ListItem\",\"position\":2,\"name\":\"CEVAP NO:2\"}]},{\"@type\":\"WebSite\",\"@id\":\"https:\/\/narteks.net\/#website\",\"url\":\"https:\/\/narteks.net\/\",\"name\":\"narteks.net\",\"description\":\"K\u00fclt\u00fcr Sanat Edebiyat Felsefe\",\"publisher\":{\"@id\":\"https:\/\/narteks.net\/#organization\"},\"alternateName\":\"K\u00fclt\u00fcr Sanat Edebiyat Felsefe\",\"potentialAction\":[{\"@type\":\"SearchAction\",\"target\":{\"@type\":\"EntryPoint\",\"urlTemplate\":\"https:\/\/narteks.net\/?s={search_term_string}\"},\"query-input\":{\"@type\":\"PropertyValueSpecification\",\"valueRequired\":true,\"valueName\":\"search_term_string\"}}],\"inLanguage\":\"tr\"},{\"@type\":\"Organization\",\"@id\":\"https:\/\/narteks.net\/#organization\",\"name\":\"narteks.net\",\"url\":\"https:\/\/narteks.net\/\",\"logo\":{\"@type\":\"ImageObject\",\"inLanguage\":\"tr\",\"@id\":\"https:\/\/narteks.net\/#\/schema\/logo\/image\/\",\"url\":\"https:\/\/narteks.net\/wp-content\/uploads\/narteks.png\",\"contentUrl\":\"https:\/\/narteks.net\/wp-content\/uploads\/narteks.png\",\"width\":300,\"height\":90,\"caption\":\"narteks.net\"},\"image\":{\"@id\":\"https:\/\/narteks.net\/#\/schema\/logo\/image\/\"},\"sameAs\":[\"https:\/\/x.com\/narteks\",\"https:\/\/instagram.com\/narteksnet\"]},{\"@type\":\"Person\",\"@id\":\"https:\/\/narteks.net\/#\/schema\/person\/61f37d9834294b72d31d274e7ed79bca\",\"name\":\"Tar\u0131k\",\"image\":{\"@type\":\"ImageObject\",\"inLanguage\":\"tr\",\"@id\":\"https:\/\/narteks.net\/#\/schema\/person\/image\/\",\"url\":\"https:\/\/secure.gravatar.com\/avatar\/50865afb55632c4ae467e0af0930f6510aa2297d8014be502a55b14f3b7550cf?s=96&d=mm&r=g\",\"contentUrl\":\"https:\/\/secure.gravatar.com\/avatar\/50865afb55632c4ae467e0af0930f6510aa2297d8014be502a55b14f3b7550cf?s=96&d=mm&r=g\",\"caption\":\"Tar\u0131k\"},\"sameAs\":[\"http:\/\/narteks.net\"],\"url\":\"https:\/\/narteks.net\/index.php\/author\/narbak\/\"}]}<\/script>\n<!-- \/ Yoast SEO Premium plugin. -->","yoast_head_json":{"title":"CEVAP NO:2 - narteks.net","robots":{"index":"index","follow":"follow","max-snippet":"max-snippet:-1","max-image-preview":"max-image-preview:large","max-video-preview":"max-video-preview:-1"},"canonical":"https:\/\/narteks.net\/index.php\/2009\/11\/05\/cevap-no2\/","og_locale":"tr_TR","og_type":"article","og_title":"CEVAP NO:2","og_description":"\u00a0 \u0130ki serseri var: Birinci serseri k\u00f6pr\u00fc alt\u0131nda yatar, sularda y\u0131ld\u0131zlar\u0131 sayar geceleri.. \u0130ki serseri var: \u0130kinci serseri atlas yakal\u0131 sarho\u015f sofralar\u0131nda Ba\u011fdatl\u0131 bir dilencinin \u00e7ald\u0131\u011f\u0131 sazd\u0131r. Frans\u0131z emperyalizminin idare meclisinde ayvazd\u0131r. Ben: Ne k\u00f6pr\u00fc alt\u0131nda yatan, ne de atlas yakal\u0131 sarho\u015f sofralar\u0131nda saz \u00e7al\u0131p Arabistan f\u0131st\u0131\u011f\u0131 satan- -lar\u0131n \u015fairiyim; topraktan, ate\u015ften ve demirden hayat\u0131 [&hellip;]","og_url":"https:\/\/narteks.net\/index.php\/2009\/11\/05\/cevap-no2\/","og_site_name":"narteks.net","article_published_time":"2009-11-05T10:07:51+00:00","og_image":[{"width":300,"height":90,"url":"https:\/\/narteks.net\/wp-content\/uploads\/narteks.png","type":"image\/png"}],"author":"Tar\u0131k","twitter_card":"summary_large_image","twitter_creator":"@narteks","twitter_site":"@narteks","twitter_misc":{"Yazan:":"Tar\u0131k","Tahmini okuma s\u00fcresi":"2 dakika"},"schema":{"@context":"https:\/\/schema.org","@graph":[{"@type":"Article","@id":"https:\/\/narteks.net\/index.php\/2009\/11\/05\/cevap-no2\/#article","isPartOf":{"@id":"https:\/\/narteks.net\/index.php\/2009\/11\/05\/cevap-no2\/"},"author":{"name":"Tar\u0131k","@id":"https:\/\/narteks.net\/#\/schema\/person\/61f37d9834294b72d31d274e7ed79bca"},"headline":"CEVAP NO:2","datePublished":"2009-11-05T10:07:51+00:00","mainEntityOfPage":{"@id":"https:\/\/narteks.net\/index.php\/2009\/11\/05\/cevap-no2\/"},"wordCount":310,"commentCount":0,"publisher":{"@id":"https:\/\/narteks.net\/#organization"},"articleSection":["Naz\u0131m H\u0130KMET RAN"],"inLanguage":"tr","potentialAction":[{"@type":"CommentAction","name":"Comment","target":["https:\/\/narteks.net\/index.php\/2009\/11\/05\/cevap-no2\/#respond"]}]},{"@type":"WebPage","@id":"https:\/\/narteks.net\/index.php\/2009\/11\/05\/cevap-no2\/","url":"https:\/\/narteks.net\/index.php\/2009\/11\/05\/cevap-no2\/","name":"CEVAP NO:2 - narteks.net","isPartOf":{"@id":"https:\/\/narteks.net\/#website"},"datePublished":"2009-11-05T10:07:51+00:00","breadcrumb":{"@id":"https:\/\/narteks.net\/index.php\/2009\/11\/05\/cevap-no2\/#breadcrumb"},"inLanguage":"tr","potentialAction":[{"@type":"ReadAction","target":["https:\/\/narteks.net\/index.php\/2009\/11\/05\/cevap-no2\/"]}]},{"@type":"BreadcrumbList","@id":"https:\/\/narteks.net\/index.php\/2009\/11\/05\/cevap-no2\/#breadcrumb","itemListElement":[{"@type":"ListItem","position":1,"name":"Anasayfa","item":"https:\/\/narteks.net\/"},{"@type":"ListItem","position":2,"name":"CEVAP NO:2"}]},{"@type":"WebSite","@id":"https:\/\/narteks.net\/#website","url":"https:\/\/narteks.net\/","name":"narteks.net","description":"K\u00fclt\u00fcr Sanat Edebiyat Felsefe","publisher":{"@id":"https:\/\/narteks.net\/#organization"},"alternateName":"K\u00fclt\u00fcr Sanat Edebiyat Felsefe","potentialAction":[{"@type":"SearchAction","target":{"@type":"EntryPoint","urlTemplate":"https:\/\/narteks.net\/?s={search_term_string}"},"query-input":{"@type":"PropertyValueSpecification","valueRequired":true,"valueName":"search_term_string"}}],"inLanguage":"tr"},{"@type":"Organization","@id":"https:\/\/narteks.net\/#organization","name":"narteks.net","url":"https:\/\/narteks.net\/","logo":{"@type":"ImageObject","inLanguage":"tr","@id":"https:\/\/narteks.net\/#\/schema\/logo\/image\/","url":"https:\/\/narteks.net\/wp-content\/uploads\/narteks.png","contentUrl":"https:\/\/narteks.net\/wp-content\/uploads\/narteks.png","width":300,"height":90,"caption":"narteks.net"},"image":{"@id":"https:\/\/narteks.net\/#\/schema\/logo\/image\/"},"sameAs":["https:\/\/x.com\/narteks","https:\/\/instagram.com\/narteksnet"]},{"@type":"Person","@id":"https:\/\/narteks.net\/#\/schema\/person\/61f37d9834294b72d31d274e7ed79bca","name":"Tar\u0131k","image":{"@type":"ImageObject","inLanguage":"tr","@id":"https:\/\/narteks.net\/#\/schema\/person\/image\/","url":"https:\/\/secure.gravatar.com\/avatar\/50865afb55632c4ae467e0af0930f6510aa2297d8014be502a55b14f3b7550cf?s=96&d=mm&r=g","contentUrl":"https:\/\/secure.gravatar.com\/avatar\/50865afb55632c4ae467e0af0930f6510aa2297d8014be502a55b14f3b7550cf?s=96&d=mm&r=g","caption":"Tar\u0131k"},"sameAs":["http:\/\/narteks.net"],"url":"https:\/\/narteks.net\/index.php\/author\/narbak\/"}]}},"_links":{"self":[{"href":"https:\/\/narteks.net\/index.php\/wp-json\/wp\/v2\/posts\/1097","targetHints":{"allow":["GET"]}}],"collection":[{"href":"https:\/\/narteks.net\/index.php\/wp-json\/wp\/v2\/posts"}],"about":[{"href":"https:\/\/narteks.net\/index.php\/wp-json\/wp\/v2\/types\/post"}],"author":[{"embeddable":true,"href":"https:\/\/narteks.net\/index.php\/wp-json\/wp\/v2\/users\/1"}],"replies":[{"embeddable":true,"href":"https:\/\/narteks.net\/index.php\/wp-json\/wp\/v2\/comments?post=1097"}],"version-history":[{"count":0,"href":"https:\/\/narteks.net\/index.php\/wp-json\/wp\/v2\/posts\/1097\/revisions"}],"wp:attachment":[{"href":"https:\/\/narteks.net\/index.php\/wp-json\/wp\/v2\/media?parent=1097"}],"wp:term":[{"taxonomy":"category","embeddable":true,"href":"https:\/\/narteks.net\/index.php\/wp-json\/wp\/v2\/categories?post=1097"},{"taxonomy":"post_tag","embeddable":true,"href":"https:\/\/narteks.net\/index.php\/wp-json\/wp\/v2\/tags?post=1097"}],"curies":[{"name":"wp","href":"https:\/\/api.w.org\/{rel}","templated":true}]}}