{"id":110,"date":"2009-02-27T15:35:14","date_gmt":"2009-02-27T12:35:14","guid":{"rendered":"http:\/\/localhost\/wordpress\/2009\/02\/27\/burdayim-sozumde\/"},"modified":"2009-02-27T15:35:14","modified_gmt":"2009-02-27T12:35:14","slug":"burdayim-sozumde","status":"publish","type":"post","link":"https:\/\/narteks.net\/index.php\/2009\/02\/27\/burdayim-sozumde\/","title":{"rendered":"BURDAYIM S\u00d6Z\u00dcMDE"},"content":{"rendered":"<p>\u00a0<\/p>\n<p>&#8230;D\u00fc\u015f\u00fcyorum <br \/>Kar\u0131ncan\u0131n pe\u015fine minik depremler oluyor <br \/>Yaban\u0131l ot kokular\u0131,sonra d\u00fc\u015fler,d\u00fc\u015f\u00fcyorum&#8230; <br \/>Puslu bir g\u00f6r\u00fcnt\u00fc tarih dedi\u011fimiz ve kirli <br \/>Sular buharla\u015f\u0131yor bulu\u015fal\u0131m dedi\u011fin denizde <\/p>\n<p>Burday\u0131m s\u00f6z\u00fcmde,yanl\u0131\u015fsa da bu istasyon <br \/>Bir ben yitirmedim galiba belle\u011fimi bir de <br \/>\u015eiir yazanlar, ne kadard\u0131lar ve nerdeydiler <br \/>Hat\u0131ralar \u00fcretiyorum telgraf tellerinden <br \/>Ak\u015fam\u00fcstleri fesle\u011fenleri suluyorum <br \/>Bekle demiyorum kimseye,unutma demiyorum <\/p>\n<p>Ac\u0131 soysuzla\u015f\u0131nca tiranla\u015f\u0131yor belleksizlik <br \/>\u0130nat ve \u00f6fke,kaybedi\u015f ve kaybolu\u015f oluyoruz <br \/>Komikti d\u0131\u015ftan bak\u0131nca d\u00fcnya ama h\u0131r\u00e7\u0131n <br \/>Ay\u0131\u015f\u0131\u011f\u0131,telgraf direkleri ve fesle\u011fenler <br \/>Burday\u0131z i\u015fte durgun bir sessizlikteyiz \u015fimdi <\/p>\n<p>Unutulan bir \u015fey kald\u0131 m\u0131 diye soruyor tiran <br \/>Kampana \u00e7alarken \u00e7\u00f6ldeyiz o geni\u015f \u00e7evrende <br \/>M\u0131s\u0131r\u00b4\u0131 soyun diyordu Musa belleksizdir firavun <br \/>Babil ve buras\u0131 iki istasyon iki uzak nokta <br \/>Belki bir imgede d\u00fczlem olabilen iki grilik <\/p>\n<p>D\u00fc\u015fler ve tarih inilecek son istasyon <br \/>Burday\u0131m i\u015fte g\u00fczel bir yanl\u0131\u015ftay\u0131m \u015fimdi <br \/>Beklemesini bilmiyor acelesi olan ve nedense <br \/>\u00c7ekip gidiyorlar, kalanlar o kadar az\u0131z ki <br \/>O kadar az\u0131z ki mutluluk bile bizden \u00e7ok<\/p>\n<p>AHMET TELL\u0130<\/p>\n","protected":false},"excerpt":{"rendered":"<p>\u00a0 &#8230;D\u00fc\u015f\u00fcyorum Kar\u0131ncan\u0131n pe\u015fine minik depremler oluyor Yaban\u0131l ot kokular\u0131,sonra d\u00fc\u015fler,d\u00fc\u015f\u00fcyorum&#8230; Puslu bir g\u00f6r\u00fcnt\u00fc tarih dedi\u011fimiz ve kirli Sular buharla\u015f\u0131yor bulu\u015fal\u0131m dedi\u011fin denizde Burday\u0131m s\u00f6z\u00fcmde,yanl\u0131\u015fsa da bu istasyon Bir ben yitirmedim galiba belle\u011fimi bir de \u015eiir yazanlar, ne kadard\u0131lar ve nerdeydiler Hat\u0131ralar \u00fcretiyorum telgraf tellerinden Ak\u015fam\u00fcstleri fesle\u011fenleri suluyorum Bekle demiyorum kimseye,unutma demiyorum Ac\u0131 soysuzla\u015f\u0131nca tiranla\u015f\u0131yor [&hellip;]<\/p>\n","protected":false},"author":1,"featured_media":0,"comment_status":"open","ping_status":"open","sticky":false,"template":"","format":"standard","meta":{"footnotes":""},"categories":[7],"tags":[],"class_list":{"0":"post-110","1":"post","2":"type-post","3":"status-publish","4":"format-standard","6":"category-ahmet-telli"},"yoast_head":"<!-- This site is optimized with the Yoast SEO Premium plugin v24.9 (Yoast SEO v24.9) - https:\/\/yoast.com\/wordpress\/plugins\/seo\/ -->\n<title>BURDAYIM S\u00d6Z\u00dcMDE - narteks.net<\/title>\n<meta name=\"robots\" content=\"index, follow, max-snippet:-1, max-image-preview:large, max-video-preview:-1\" \/>\n<link rel=\"canonical\" href=\"https:\/\/narteks.net\/index.php\/2009\/02\/27\/burdayim-sozumde\/\" \/>\n<meta property=\"og:locale\" content=\"tr_TR\" \/>\n<meta property=\"og:type\" content=\"article\" \/>\n<meta property=\"og:title\" content=\"BURDAYIM S\u00d6Z\u00dcMDE\" \/>\n<meta property=\"og:description\" content=\"\u00a0 &#8230;D\u00fc\u015f\u00fcyorum Kar\u0131ncan\u0131n pe\u015fine minik depremler oluyor Yaban\u0131l ot kokular\u0131,sonra d\u00fc\u015fler,d\u00fc\u015f\u00fcyorum&#8230; Puslu bir g\u00f6r\u00fcnt\u00fc tarih dedi\u011fimiz ve kirli Sular buharla\u015f\u0131yor bulu\u015fal\u0131m dedi\u011fin denizde Burday\u0131m s\u00f6z\u00fcmde,yanl\u0131\u015fsa da bu istasyon Bir ben yitirmedim galiba belle\u011fimi bir de \u015eiir yazanlar, ne kadard\u0131lar ve nerdeydiler Hat\u0131ralar \u00fcretiyorum telgraf tellerinden Ak\u015fam\u00fcstleri fesle\u011fenleri suluyorum Bekle demiyorum kimseye,unutma demiyorum Ac\u0131 soysuzla\u015f\u0131nca tiranla\u015f\u0131yor [&hellip;]\" \/>\n<meta property=\"og:url\" content=\"https:\/\/narteks.net\/index.php\/2009\/02\/27\/burdayim-sozumde\/\" \/>\n<meta property=\"og:site_name\" content=\"narteks.net\" \/>\n<meta property=\"article:published_time\" content=\"2009-02-27T12:35:14+00:00\" \/>\n<meta property=\"og:image\" content=\"https:\/\/narteks.net\/wp-content\/uploads\/narteks.png\" \/>\n\t<meta property=\"og:image:width\" content=\"300\" \/>\n\t<meta property=\"og:image:height\" content=\"90\" \/>\n\t<meta property=\"og:image:type\" content=\"image\/png\" \/>\n<meta name=\"author\" content=\"Tar\u0131k\" \/>\n<meta name=\"twitter:card\" content=\"summary_large_image\" \/>\n<meta name=\"twitter:creator\" content=\"@narteks\" \/>\n<meta name=\"twitter:site\" content=\"@narteks\" \/>\n<meta name=\"twitter:label1\" content=\"Yazan:\" \/>\n\t<meta name=\"twitter:data1\" content=\"Tar\u0131k\" \/>\n\t<meta name=\"twitter:label2\" content=\"Tahmini okuma s\u00fcresi\" \/>\n\t<meta name=\"twitter:data2\" content=\"1 dakika\" \/>\n<script type=\"application\/ld+json\" class=\"yoast-schema-graph\">{\"@context\":\"https:\/\/schema.org\",\"@graph\":[{\"@type\":\"Article\",\"@id\":\"https:\/\/narteks.net\/index.php\/2009\/02\/27\/burdayim-sozumde\/#article\",\"isPartOf\":{\"@id\":\"https:\/\/narteks.net\/index.php\/2009\/02\/27\/burdayim-sozumde\/\"},\"author\":{\"name\":\"Tar\u0131k\",\"@id\":\"https:\/\/narteks.net\/#\/schema\/person\/61f37d9834294b72d31d274e7ed79bca\"},\"headline\":\"BURDAYIM S\u00d6Z\u00dcMDE\",\"datePublished\":\"2009-02-27T12:35:14+00:00\",\"mainEntityOfPage\":{\"@id\":\"https:\/\/narteks.net\/index.php\/2009\/02\/27\/burdayim-sozumde\/\"},\"wordCount\":202,\"commentCount\":0,\"publisher\":{\"@id\":\"https:\/\/narteks.net\/#organization\"},\"articleSection\":[\"Ahmet TELL\u0130\"],\"inLanguage\":\"tr\",\"potentialAction\":[{\"@type\":\"CommentAction\",\"name\":\"Comment\",\"target\":[\"https:\/\/narteks.net\/index.php\/2009\/02\/27\/burdayim-sozumde\/#respond\"]}]},{\"@type\":\"WebPage\",\"@id\":\"https:\/\/narteks.net\/index.php\/2009\/02\/27\/burdayim-sozumde\/\",\"url\":\"https:\/\/narteks.net\/index.php\/2009\/02\/27\/burdayim-sozumde\/\",\"name\":\"BURDAYIM S\u00d6Z\u00dcMDE - narteks.net\",\"isPartOf\":{\"@id\":\"https:\/\/narteks.net\/#website\"},\"datePublished\":\"2009-02-27T12:35:14+00:00\",\"breadcrumb\":{\"@id\":\"https:\/\/narteks.net\/index.php\/2009\/02\/27\/burdayim-sozumde\/#breadcrumb\"},\"inLanguage\":\"tr\",\"potentialAction\":[{\"@type\":\"ReadAction\",\"target\":[\"https:\/\/narteks.net\/index.php\/2009\/02\/27\/burdayim-sozumde\/\"]}]},{\"@type\":\"BreadcrumbList\",\"@id\":\"https:\/\/narteks.net\/index.php\/2009\/02\/27\/burdayim-sozumde\/#breadcrumb\",\"itemListElement\":[{\"@type\":\"ListItem\",\"position\":1,\"name\":\"Anasayfa\",\"item\":\"https:\/\/narteks.net\/\"},{\"@type\":\"ListItem\",\"position\":2,\"name\":\"BURDAYIM S\u00d6Z\u00dcMDE\"}]},{\"@type\":\"WebSite\",\"@id\":\"https:\/\/narteks.net\/#website\",\"url\":\"https:\/\/narteks.net\/\",\"name\":\"narteks.net\",\"description\":\"K\u00fclt\u00fcr Sanat Edebiyat Felsefe\",\"publisher\":{\"@id\":\"https:\/\/narteks.net\/#organization\"},\"alternateName\":\"K\u00fclt\u00fcr Sanat Edebiyat Felsefe\",\"potentialAction\":[{\"@type\":\"SearchAction\",\"target\":{\"@type\":\"EntryPoint\",\"urlTemplate\":\"https:\/\/narteks.net\/?s={search_term_string}\"},\"query-input\":{\"@type\":\"PropertyValueSpecification\",\"valueRequired\":true,\"valueName\":\"search_term_string\"}}],\"inLanguage\":\"tr\"},{\"@type\":\"Organization\",\"@id\":\"https:\/\/narteks.net\/#organization\",\"name\":\"narteks.net\",\"url\":\"https:\/\/narteks.net\/\",\"logo\":{\"@type\":\"ImageObject\",\"inLanguage\":\"tr\",\"@id\":\"https:\/\/narteks.net\/#\/schema\/logo\/image\/\",\"url\":\"https:\/\/narteks.net\/wp-content\/uploads\/narteks.png\",\"contentUrl\":\"https:\/\/narteks.net\/wp-content\/uploads\/narteks.png\",\"width\":300,\"height\":90,\"caption\":\"narteks.net\"},\"image\":{\"@id\":\"https:\/\/narteks.net\/#\/schema\/logo\/image\/\"},\"sameAs\":[\"https:\/\/x.com\/narteks\",\"https:\/\/instagram.com\/narteksnet\"]},{\"@type\":\"Person\",\"@id\":\"https:\/\/narteks.net\/#\/schema\/person\/61f37d9834294b72d31d274e7ed79bca\",\"name\":\"Tar\u0131k\",\"image\":{\"@type\":\"ImageObject\",\"inLanguage\":\"tr\",\"@id\":\"https:\/\/narteks.net\/#\/schema\/person\/image\/\",\"url\":\"https:\/\/secure.gravatar.com\/avatar\/50865afb55632c4ae467e0af0930f6510aa2297d8014be502a55b14f3b7550cf?s=96&d=mm&r=g\",\"contentUrl\":\"https:\/\/secure.gravatar.com\/avatar\/50865afb55632c4ae467e0af0930f6510aa2297d8014be502a55b14f3b7550cf?s=96&d=mm&r=g\",\"caption\":\"Tar\u0131k\"},\"sameAs\":[\"http:\/\/narteks.net\"],\"url\":\"https:\/\/narteks.net\/index.php\/author\/narbak\/\"}]}<\/script>\n<!-- \/ Yoast SEO Premium plugin. -->","yoast_head_json":{"title":"BURDAYIM S\u00d6Z\u00dcMDE - narteks.net","robots":{"index":"index","follow":"follow","max-snippet":"max-snippet:-1","max-image-preview":"max-image-preview:large","max-video-preview":"max-video-preview:-1"},"canonical":"https:\/\/narteks.net\/index.php\/2009\/02\/27\/burdayim-sozumde\/","og_locale":"tr_TR","og_type":"article","og_title":"BURDAYIM S\u00d6Z\u00dcMDE","og_description":"\u00a0 &#8230;D\u00fc\u015f\u00fcyorum Kar\u0131ncan\u0131n pe\u015fine minik depremler oluyor Yaban\u0131l ot kokular\u0131,sonra d\u00fc\u015fler,d\u00fc\u015f\u00fcyorum&#8230; Puslu bir g\u00f6r\u00fcnt\u00fc tarih dedi\u011fimiz ve kirli Sular buharla\u015f\u0131yor bulu\u015fal\u0131m dedi\u011fin denizde Burday\u0131m s\u00f6z\u00fcmde,yanl\u0131\u015fsa da bu istasyon Bir ben yitirmedim galiba belle\u011fimi bir de \u015eiir yazanlar, ne kadard\u0131lar ve nerdeydiler Hat\u0131ralar \u00fcretiyorum telgraf tellerinden Ak\u015fam\u00fcstleri fesle\u011fenleri suluyorum Bekle demiyorum kimseye,unutma demiyorum Ac\u0131 soysuzla\u015f\u0131nca tiranla\u015f\u0131yor [&hellip;]","og_url":"https:\/\/narteks.net\/index.php\/2009\/02\/27\/burdayim-sozumde\/","og_site_name":"narteks.net","article_published_time":"2009-02-27T12:35:14+00:00","og_image":[{"width":300,"height":90,"url":"https:\/\/narteks.net\/wp-content\/uploads\/narteks.png","type":"image\/png"}],"author":"Tar\u0131k","twitter_card":"summary_large_image","twitter_creator":"@narteks","twitter_site":"@narteks","twitter_misc":{"Yazan:":"Tar\u0131k","Tahmini okuma s\u00fcresi":"1 dakika"},"schema":{"@context":"https:\/\/schema.org","@graph":[{"@type":"Article","@id":"https:\/\/narteks.net\/index.php\/2009\/02\/27\/burdayim-sozumde\/#article","isPartOf":{"@id":"https:\/\/narteks.net\/index.php\/2009\/02\/27\/burdayim-sozumde\/"},"author":{"name":"Tar\u0131k","@id":"https:\/\/narteks.net\/#\/schema\/person\/61f37d9834294b72d31d274e7ed79bca"},"headline":"BURDAYIM S\u00d6Z\u00dcMDE","datePublished":"2009-02-27T12:35:14+00:00","mainEntityOfPage":{"@id":"https:\/\/narteks.net\/index.php\/2009\/02\/27\/burdayim-sozumde\/"},"wordCount":202,"commentCount":0,"publisher":{"@id":"https:\/\/narteks.net\/#organization"},"articleSection":["Ahmet TELL\u0130"],"inLanguage":"tr","potentialAction":[{"@type":"CommentAction","name":"Comment","target":["https:\/\/narteks.net\/index.php\/2009\/02\/27\/burdayim-sozumde\/#respond"]}]},{"@type":"WebPage","@id":"https:\/\/narteks.net\/index.php\/2009\/02\/27\/burdayim-sozumde\/","url":"https:\/\/narteks.net\/index.php\/2009\/02\/27\/burdayim-sozumde\/","name":"BURDAYIM S\u00d6Z\u00dcMDE - narteks.net","isPartOf":{"@id":"https:\/\/narteks.net\/#website"},"datePublished":"2009-02-27T12:35:14+00:00","breadcrumb":{"@id":"https:\/\/narteks.net\/index.php\/2009\/02\/27\/burdayim-sozumde\/#breadcrumb"},"inLanguage":"tr","potentialAction":[{"@type":"ReadAction","target":["https:\/\/narteks.net\/index.php\/2009\/02\/27\/burdayim-sozumde\/"]}]},{"@type":"BreadcrumbList","@id":"https:\/\/narteks.net\/index.php\/2009\/02\/27\/burdayim-sozumde\/#breadcrumb","itemListElement":[{"@type":"ListItem","position":1,"name":"Anasayfa","item":"https:\/\/narteks.net\/"},{"@type":"ListItem","position":2,"name":"BURDAYIM S\u00d6Z\u00dcMDE"}]},{"@type":"WebSite","@id":"https:\/\/narteks.net\/#website","url":"https:\/\/narteks.net\/","name":"narteks.net","description":"K\u00fclt\u00fcr Sanat Edebiyat Felsefe","publisher":{"@id":"https:\/\/narteks.net\/#organization"},"alternateName":"K\u00fclt\u00fcr Sanat Edebiyat Felsefe","potentialAction":[{"@type":"SearchAction","target":{"@type":"EntryPoint","urlTemplate":"https:\/\/narteks.net\/?s={search_term_string}"},"query-input":{"@type":"PropertyValueSpecification","valueRequired":true,"valueName":"search_term_string"}}],"inLanguage":"tr"},{"@type":"Organization","@id":"https:\/\/narteks.net\/#organization","name":"narteks.net","url":"https:\/\/narteks.net\/","logo":{"@type":"ImageObject","inLanguage":"tr","@id":"https:\/\/narteks.net\/#\/schema\/logo\/image\/","url":"https:\/\/narteks.net\/wp-content\/uploads\/narteks.png","contentUrl":"https:\/\/narteks.net\/wp-content\/uploads\/narteks.png","width":300,"height":90,"caption":"narteks.net"},"image":{"@id":"https:\/\/narteks.net\/#\/schema\/logo\/image\/"},"sameAs":["https:\/\/x.com\/narteks","https:\/\/instagram.com\/narteksnet"]},{"@type":"Person","@id":"https:\/\/narteks.net\/#\/schema\/person\/61f37d9834294b72d31d274e7ed79bca","name":"Tar\u0131k","image":{"@type":"ImageObject","inLanguage":"tr","@id":"https:\/\/narteks.net\/#\/schema\/person\/image\/","url":"https:\/\/secure.gravatar.com\/avatar\/50865afb55632c4ae467e0af0930f6510aa2297d8014be502a55b14f3b7550cf?s=96&d=mm&r=g","contentUrl":"https:\/\/secure.gravatar.com\/avatar\/50865afb55632c4ae467e0af0930f6510aa2297d8014be502a55b14f3b7550cf?s=96&d=mm&r=g","caption":"Tar\u0131k"},"sameAs":["http:\/\/narteks.net"],"url":"https:\/\/narteks.net\/index.php\/author\/narbak\/"}]}},"_links":{"self":[{"href":"https:\/\/narteks.net\/index.php\/wp-json\/wp\/v2\/posts\/110","targetHints":{"allow":["GET"]}}],"collection":[{"href":"https:\/\/narteks.net\/index.php\/wp-json\/wp\/v2\/posts"}],"about":[{"href":"https:\/\/narteks.net\/index.php\/wp-json\/wp\/v2\/types\/post"}],"author":[{"embeddable":true,"href":"https:\/\/narteks.net\/index.php\/wp-json\/wp\/v2\/users\/1"}],"replies":[{"embeddable":true,"href":"https:\/\/narteks.net\/index.php\/wp-json\/wp\/v2\/comments?post=110"}],"version-history":[{"count":0,"href":"https:\/\/narteks.net\/index.php\/wp-json\/wp\/v2\/posts\/110\/revisions"}],"wp:attachment":[{"href":"https:\/\/narteks.net\/index.php\/wp-json\/wp\/v2\/media?parent=110"}],"wp:term":[{"taxonomy":"category","embeddable":true,"href":"https:\/\/narteks.net\/index.php\/wp-json\/wp\/v2\/categories?post=110"},{"taxonomy":"post_tag","embeddable":true,"href":"https:\/\/narteks.net\/index.php\/wp-json\/wp\/v2\/tags?post=110"}],"curies":[{"name":"wp","href":"https:\/\/api.w.org\/{rel}","templated":true}]}}