{"id":1101,"date":"2009-11-05T13:12:31","date_gmt":"2009-11-05T10:12:31","guid":{"rendered":"http:\/\/localhost\/wordpress\/2009\/11\/05\/dunyayi-verelim-cocuklara\/"},"modified":"2009-11-05T13:12:31","modified_gmt":"2009-11-05T10:12:31","slug":"dunyayi-verelim-cocuklara","status":"publish","type":"post","link":"https:\/\/narteks.net\/index.php\/2009\/11\/05\/dunyayi-verelim-cocuklara\/","title":{"rendered":"D\u00dcNYAYI VEREL\u0130M \u00c7OCUKLARA"},"content":{"rendered":"<p>\u00a0<\/p>\n<p>D\u00fcnyay\u0131 verelim \u00e7ocuklara hi\u00e7 de\u011filse bir g\u00fcnl\u00fc\u011f\u00fcne<br \/> all\u0131 pullu bir balon gibi verelim oynas\u0131nlar<br \/> oynas\u0131nlar t\u00fcrk\u00fcler s\u00f6yliyerek y\u0131ld\u0131zlar\u0131n aras\u0131nda<br \/> d\u00fcnyay\u0131 \u00e7ocuklara verelim<br \/> kocaman bir elma gibi verelim s\u0131cac\u0131k bir ekmek somunu gibi<br \/> hi\u00e7 de\u011filse bir g\u00fcnl\u00fc\u011f\u00fcne doysunlar<br \/> bir g\u00fcnl\u00fck de olsa \u00f6\u011frensin d\u00fcnya arkada\u015fl\u0131\u011f\u0131<br \/> \u00e7ocuklar d\u00fcnyay\u0131 alacak elimizden<br \/> \u00f6l\u00fcms\u00fcz a\u011fa\u00e7lar dikecekler<\/p>\n<p>Naz\u0131m Hikmet RAN<\/p>\n","protected":false},"excerpt":{"rendered":"<p>\u00a0 D\u00fcnyay\u0131 verelim \u00e7ocuklara hi\u00e7 de\u011filse bir g\u00fcnl\u00fc\u011f\u00fcne all\u0131 pullu bir balon gibi verelim oynas\u0131nlar oynas\u0131nlar t\u00fcrk\u00fcler s\u00f6yliyerek y\u0131ld\u0131zlar\u0131n aras\u0131nda d\u00fcnyay\u0131 \u00e7ocuklara verelim kocaman bir elma gibi verelim s\u0131cac\u0131k bir ekmek somunu gibi hi\u00e7 de\u011filse bir g\u00fcnl\u00fc\u011f\u00fcne doysunlar bir g\u00fcnl\u00fck de olsa \u00f6\u011frensin d\u00fcnya arkada\u015fl\u0131\u011f\u0131 \u00e7ocuklar d\u00fcnyay\u0131 alacak elimizden \u00f6l\u00fcms\u00fcz a\u011fa\u00e7lar dikecekler Naz\u0131m Hikmet RAN<\/p>\n","protected":false},"author":1,"featured_media":0,"comment_status":"open","ping_status":"open","sticky":false,"template":"","format":"standard","meta":{"footnotes":""},"categories":[59],"tags":[],"class_list":{"0":"post-1101","1":"post","2":"type-post","3":"status-publish","4":"format-standard","6":"category-nazim-hikmet-ran"},"yoast_head":"<!-- This site is optimized with the Yoast SEO Premium plugin v24.9 (Yoast SEO v24.9) - https:\/\/yoast.com\/wordpress\/plugins\/seo\/ -->\n<title>D\u00dcNYAYI VEREL\u0130M \u00c7OCUKLARA - narteks.net<\/title>\n<meta name=\"robots\" content=\"index, follow, max-snippet:-1, max-image-preview:large, max-video-preview:-1\" \/>\n<link rel=\"canonical\" href=\"https:\/\/narteks.net\/index.php\/2009\/11\/05\/dunyayi-verelim-cocuklara\/\" \/>\n<meta property=\"og:locale\" content=\"tr_TR\" \/>\n<meta property=\"og:type\" content=\"article\" \/>\n<meta property=\"og:title\" content=\"D\u00dcNYAYI VEREL\u0130M \u00c7OCUKLARA\" \/>\n<meta property=\"og:description\" content=\"\u00a0 D\u00fcnyay\u0131 verelim \u00e7ocuklara hi\u00e7 de\u011filse bir g\u00fcnl\u00fc\u011f\u00fcne all\u0131 pullu bir balon gibi verelim oynas\u0131nlar oynas\u0131nlar t\u00fcrk\u00fcler s\u00f6yliyerek y\u0131ld\u0131zlar\u0131n aras\u0131nda d\u00fcnyay\u0131 \u00e7ocuklara verelim kocaman bir elma gibi verelim s\u0131cac\u0131k bir ekmek somunu gibi hi\u00e7 de\u011filse bir g\u00fcnl\u00fc\u011f\u00fcne doysunlar bir g\u00fcnl\u00fck de olsa \u00f6\u011frensin d\u00fcnya arkada\u015fl\u0131\u011f\u0131 \u00e7ocuklar d\u00fcnyay\u0131 alacak elimizden \u00f6l\u00fcms\u00fcz a\u011fa\u00e7lar dikecekler Naz\u0131m Hikmet RAN\" \/>\n<meta property=\"og:url\" content=\"https:\/\/narteks.net\/index.php\/2009\/11\/05\/dunyayi-verelim-cocuklara\/\" \/>\n<meta property=\"og:site_name\" content=\"narteks.net\" \/>\n<meta property=\"article:published_time\" content=\"2009-11-05T10:12:31+00:00\" \/>\n<meta property=\"og:image\" content=\"https:\/\/narteks.net\/wp-content\/uploads\/narteks.png\" \/>\n\t<meta property=\"og:image:width\" content=\"300\" \/>\n\t<meta property=\"og:image:height\" content=\"90\" \/>\n\t<meta property=\"og:image:type\" content=\"image\/png\" \/>\n<meta name=\"author\" content=\"Tar\u0131k\" \/>\n<meta name=\"twitter:card\" content=\"summary_large_image\" \/>\n<meta name=\"twitter:creator\" content=\"@narteks\" \/>\n<meta name=\"twitter:site\" content=\"@narteks\" \/>\n<meta name=\"twitter:label1\" content=\"Yazan:\" \/>\n\t<meta name=\"twitter:data1\" content=\"Tar\u0131k\" \/>\n<script type=\"application\/ld+json\" class=\"yoast-schema-graph\">{\"@context\":\"https:\/\/schema.org\",\"@graph\":[{\"@type\":\"Article\",\"@id\":\"https:\/\/narteks.net\/index.php\/2009\/11\/05\/dunyayi-verelim-cocuklara\/#article\",\"isPartOf\":{\"@id\":\"https:\/\/narteks.net\/index.php\/2009\/11\/05\/dunyayi-verelim-cocuklara\/\"},\"author\":{\"name\":\"Tar\u0131k\",\"@id\":\"https:\/\/narteks.net\/#\/schema\/person\/61f37d9834294b72d31d274e7ed79bca\"},\"headline\":\"D\u00dcNYAYI VEREL\u0130M \u00c7OCUKLARA\",\"datePublished\":\"2009-11-05T10:12:31+00:00\",\"mainEntityOfPage\":{\"@id\":\"https:\/\/narteks.net\/index.php\/2009\/11\/05\/dunyayi-verelim-cocuklara\/\"},\"wordCount\":88,\"commentCount\":0,\"publisher\":{\"@id\":\"https:\/\/narteks.net\/#organization\"},\"articleSection\":[\"Naz\u0131m H\u0130KMET RAN\"],\"inLanguage\":\"tr\",\"potentialAction\":[{\"@type\":\"CommentAction\",\"name\":\"Comment\",\"target\":[\"https:\/\/narteks.net\/index.php\/2009\/11\/05\/dunyayi-verelim-cocuklara\/#respond\"]}]},{\"@type\":\"WebPage\",\"@id\":\"https:\/\/narteks.net\/index.php\/2009\/11\/05\/dunyayi-verelim-cocuklara\/\",\"url\":\"https:\/\/narteks.net\/index.php\/2009\/11\/05\/dunyayi-verelim-cocuklara\/\",\"name\":\"D\u00dcNYAYI VEREL\u0130M \u00c7OCUKLARA - narteks.net\",\"isPartOf\":{\"@id\":\"https:\/\/narteks.net\/#website\"},\"datePublished\":\"2009-11-05T10:12:31+00:00\",\"breadcrumb\":{\"@id\":\"https:\/\/narteks.net\/index.php\/2009\/11\/05\/dunyayi-verelim-cocuklara\/#breadcrumb\"},\"inLanguage\":\"tr\",\"potentialAction\":[{\"@type\":\"ReadAction\",\"target\":[\"https:\/\/narteks.net\/index.php\/2009\/11\/05\/dunyayi-verelim-cocuklara\/\"]}]},{\"@type\":\"BreadcrumbList\",\"@id\":\"https:\/\/narteks.net\/index.php\/2009\/11\/05\/dunyayi-verelim-cocuklara\/#breadcrumb\",\"itemListElement\":[{\"@type\":\"ListItem\",\"position\":1,\"name\":\"Anasayfa\",\"item\":\"https:\/\/narteks.net\/\"},{\"@type\":\"ListItem\",\"position\":2,\"name\":\"D\u00dcNYAYI VEREL\u0130M \u00c7OCUKLARA\"}]},{\"@type\":\"WebSite\",\"@id\":\"https:\/\/narteks.net\/#website\",\"url\":\"https:\/\/narteks.net\/\",\"name\":\"narteks.net\",\"description\":\"K\u00fclt\u00fcr Sanat Edebiyat Felsefe\",\"publisher\":{\"@id\":\"https:\/\/narteks.net\/#organization\"},\"alternateName\":\"K\u00fclt\u00fcr Sanat Edebiyat Felsefe\",\"potentialAction\":[{\"@type\":\"SearchAction\",\"target\":{\"@type\":\"EntryPoint\",\"urlTemplate\":\"https:\/\/narteks.net\/?s={search_term_string}\"},\"query-input\":{\"@type\":\"PropertyValueSpecification\",\"valueRequired\":true,\"valueName\":\"search_term_string\"}}],\"inLanguage\":\"tr\"},{\"@type\":\"Organization\",\"@id\":\"https:\/\/narteks.net\/#organization\",\"name\":\"narteks.net\",\"url\":\"https:\/\/narteks.net\/\",\"logo\":{\"@type\":\"ImageObject\",\"inLanguage\":\"tr\",\"@id\":\"https:\/\/narteks.net\/#\/schema\/logo\/image\/\",\"url\":\"https:\/\/narteks.net\/wp-content\/uploads\/narteks.png\",\"contentUrl\":\"https:\/\/narteks.net\/wp-content\/uploads\/narteks.png\",\"width\":300,\"height\":90,\"caption\":\"narteks.net\"},\"image\":{\"@id\":\"https:\/\/narteks.net\/#\/schema\/logo\/image\/\"},\"sameAs\":[\"https:\/\/x.com\/narteks\",\"https:\/\/instagram.com\/narteksnet\"]},{\"@type\":\"Person\",\"@id\":\"https:\/\/narteks.net\/#\/schema\/person\/61f37d9834294b72d31d274e7ed79bca\",\"name\":\"Tar\u0131k\",\"image\":{\"@type\":\"ImageObject\",\"inLanguage\":\"tr\",\"@id\":\"https:\/\/narteks.net\/#\/schema\/person\/image\/\",\"url\":\"https:\/\/secure.gravatar.com\/avatar\/50865afb55632c4ae467e0af0930f6510aa2297d8014be502a55b14f3b7550cf?s=96&d=mm&r=g\",\"contentUrl\":\"https:\/\/secure.gravatar.com\/avatar\/50865afb55632c4ae467e0af0930f6510aa2297d8014be502a55b14f3b7550cf?s=96&d=mm&r=g\",\"caption\":\"Tar\u0131k\"},\"sameAs\":[\"http:\/\/narteks.net\"],\"url\":\"https:\/\/narteks.net\/index.php\/author\/narbak\/\"}]}<\/script>\n<!-- \/ Yoast SEO Premium plugin. -->","yoast_head_json":{"title":"D\u00dcNYAYI VEREL\u0130M \u00c7OCUKLARA - narteks.net","robots":{"index":"index","follow":"follow","max-snippet":"max-snippet:-1","max-image-preview":"max-image-preview:large","max-video-preview":"max-video-preview:-1"},"canonical":"https:\/\/narteks.net\/index.php\/2009\/11\/05\/dunyayi-verelim-cocuklara\/","og_locale":"tr_TR","og_type":"article","og_title":"D\u00dcNYAYI VEREL\u0130M \u00c7OCUKLARA","og_description":"\u00a0 D\u00fcnyay\u0131 verelim \u00e7ocuklara hi\u00e7 de\u011filse bir g\u00fcnl\u00fc\u011f\u00fcne all\u0131 pullu bir balon gibi verelim oynas\u0131nlar oynas\u0131nlar t\u00fcrk\u00fcler s\u00f6yliyerek y\u0131ld\u0131zlar\u0131n aras\u0131nda d\u00fcnyay\u0131 \u00e7ocuklara verelim kocaman bir elma gibi verelim s\u0131cac\u0131k bir ekmek somunu gibi hi\u00e7 de\u011filse bir g\u00fcnl\u00fc\u011f\u00fcne doysunlar bir g\u00fcnl\u00fck de olsa \u00f6\u011frensin d\u00fcnya arkada\u015fl\u0131\u011f\u0131 \u00e7ocuklar d\u00fcnyay\u0131 alacak elimizden \u00f6l\u00fcms\u00fcz a\u011fa\u00e7lar dikecekler Naz\u0131m Hikmet RAN","og_url":"https:\/\/narteks.net\/index.php\/2009\/11\/05\/dunyayi-verelim-cocuklara\/","og_site_name":"narteks.net","article_published_time":"2009-11-05T10:12:31+00:00","og_image":[{"width":300,"height":90,"url":"https:\/\/narteks.net\/wp-content\/uploads\/narteks.png","type":"image\/png"}],"author":"Tar\u0131k","twitter_card":"summary_large_image","twitter_creator":"@narteks","twitter_site":"@narteks","twitter_misc":{"Yazan:":"Tar\u0131k"},"schema":{"@context":"https:\/\/schema.org","@graph":[{"@type":"Article","@id":"https:\/\/narteks.net\/index.php\/2009\/11\/05\/dunyayi-verelim-cocuklara\/#article","isPartOf":{"@id":"https:\/\/narteks.net\/index.php\/2009\/11\/05\/dunyayi-verelim-cocuklara\/"},"author":{"name":"Tar\u0131k","@id":"https:\/\/narteks.net\/#\/schema\/person\/61f37d9834294b72d31d274e7ed79bca"},"headline":"D\u00dcNYAYI VEREL\u0130M \u00c7OCUKLARA","datePublished":"2009-11-05T10:12:31+00:00","mainEntityOfPage":{"@id":"https:\/\/narteks.net\/index.php\/2009\/11\/05\/dunyayi-verelim-cocuklara\/"},"wordCount":88,"commentCount":0,"publisher":{"@id":"https:\/\/narteks.net\/#organization"},"articleSection":["Naz\u0131m H\u0130KMET RAN"],"inLanguage":"tr","potentialAction":[{"@type":"CommentAction","name":"Comment","target":["https:\/\/narteks.net\/index.php\/2009\/11\/05\/dunyayi-verelim-cocuklara\/#respond"]}]},{"@type":"WebPage","@id":"https:\/\/narteks.net\/index.php\/2009\/11\/05\/dunyayi-verelim-cocuklara\/","url":"https:\/\/narteks.net\/index.php\/2009\/11\/05\/dunyayi-verelim-cocuklara\/","name":"D\u00dcNYAYI VEREL\u0130M \u00c7OCUKLARA - narteks.net","isPartOf":{"@id":"https:\/\/narteks.net\/#website"},"datePublished":"2009-11-05T10:12:31+00:00","breadcrumb":{"@id":"https:\/\/narteks.net\/index.php\/2009\/11\/05\/dunyayi-verelim-cocuklara\/#breadcrumb"},"inLanguage":"tr","potentialAction":[{"@type":"ReadAction","target":["https:\/\/narteks.net\/index.php\/2009\/11\/05\/dunyayi-verelim-cocuklara\/"]}]},{"@type":"BreadcrumbList","@id":"https:\/\/narteks.net\/index.php\/2009\/11\/05\/dunyayi-verelim-cocuklara\/#breadcrumb","itemListElement":[{"@type":"ListItem","position":1,"name":"Anasayfa","item":"https:\/\/narteks.net\/"},{"@type":"ListItem","position":2,"name":"D\u00dcNYAYI VEREL\u0130M \u00c7OCUKLARA"}]},{"@type":"WebSite","@id":"https:\/\/narteks.net\/#website","url":"https:\/\/narteks.net\/","name":"narteks.net","description":"K\u00fclt\u00fcr Sanat Edebiyat Felsefe","publisher":{"@id":"https:\/\/narteks.net\/#organization"},"alternateName":"K\u00fclt\u00fcr Sanat Edebiyat Felsefe","potentialAction":[{"@type":"SearchAction","target":{"@type":"EntryPoint","urlTemplate":"https:\/\/narteks.net\/?s={search_term_string}"},"query-input":{"@type":"PropertyValueSpecification","valueRequired":true,"valueName":"search_term_string"}}],"inLanguage":"tr"},{"@type":"Organization","@id":"https:\/\/narteks.net\/#organization","name":"narteks.net","url":"https:\/\/narteks.net\/","logo":{"@type":"ImageObject","inLanguage":"tr","@id":"https:\/\/narteks.net\/#\/schema\/logo\/image\/","url":"https:\/\/narteks.net\/wp-content\/uploads\/narteks.png","contentUrl":"https:\/\/narteks.net\/wp-content\/uploads\/narteks.png","width":300,"height":90,"caption":"narteks.net"},"image":{"@id":"https:\/\/narteks.net\/#\/schema\/logo\/image\/"},"sameAs":["https:\/\/x.com\/narteks","https:\/\/instagram.com\/narteksnet"]},{"@type":"Person","@id":"https:\/\/narteks.net\/#\/schema\/person\/61f37d9834294b72d31d274e7ed79bca","name":"Tar\u0131k","image":{"@type":"ImageObject","inLanguage":"tr","@id":"https:\/\/narteks.net\/#\/schema\/person\/image\/","url":"https:\/\/secure.gravatar.com\/avatar\/50865afb55632c4ae467e0af0930f6510aa2297d8014be502a55b14f3b7550cf?s=96&d=mm&r=g","contentUrl":"https:\/\/secure.gravatar.com\/avatar\/50865afb55632c4ae467e0af0930f6510aa2297d8014be502a55b14f3b7550cf?s=96&d=mm&r=g","caption":"Tar\u0131k"},"sameAs":["http:\/\/narteks.net"],"url":"https:\/\/narteks.net\/index.php\/author\/narbak\/"}]}},"_links":{"self":[{"href":"https:\/\/narteks.net\/index.php\/wp-json\/wp\/v2\/posts\/1101","targetHints":{"allow":["GET"]}}],"collection":[{"href":"https:\/\/narteks.net\/index.php\/wp-json\/wp\/v2\/posts"}],"about":[{"href":"https:\/\/narteks.net\/index.php\/wp-json\/wp\/v2\/types\/post"}],"author":[{"embeddable":true,"href":"https:\/\/narteks.net\/index.php\/wp-json\/wp\/v2\/users\/1"}],"replies":[{"embeddable":true,"href":"https:\/\/narteks.net\/index.php\/wp-json\/wp\/v2\/comments?post=1101"}],"version-history":[{"count":0,"href":"https:\/\/narteks.net\/index.php\/wp-json\/wp\/v2\/posts\/1101\/revisions"}],"wp:attachment":[{"href":"https:\/\/narteks.net\/index.php\/wp-json\/wp\/v2\/media?parent=1101"}],"wp:term":[{"taxonomy":"category","embeddable":true,"href":"https:\/\/narteks.net\/index.php\/wp-json\/wp\/v2\/categories?post=1101"},{"taxonomy":"post_tag","embeddable":true,"href":"https:\/\/narteks.net\/index.php\/wp-json\/wp\/v2\/tags?post=1101"}],"curies":[{"name":"wp","href":"https:\/\/api.w.org\/{rel}","templated":true}]}}