{"id":1107,"date":"2009-11-05T13:16:30","date_gmt":"2009-11-05T10:16:30","guid":{"rendered":"http:\/\/localhost\/wordpress\/2009\/11\/05\/gunesi-icenlerin-turkusu\/"},"modified":"2009-11-05T13:16:30","modified_gmt":"2009-11-05T10:16:30","slug":"gunesi-icenlerin-turkusu","status":"publish","type":"post","link":"https:\/\/narteks.net\/index.php\/2009\/11\/05\/gunesi-icenlerin-turkusu\/","title":{"rendered":"G\u00dcNE\u015e\u0130 \u0130\u00c7ENLER\u0130N T\u00dcRK\u00dcS\u00dc"},"content":{"rendered":"<p>\u00a0<\/p>\n<p>Bu bir t\u00fcrk\u00fc:-<br \/> toprak \u00e7anaklarda<br \/> g\u00fcne\u015fi i\u00e7enlerin t\u00fcrk\u00fcs\u00fc!<br \/> Bu bir \u00f6rg\u00fc:-<br \/> alev bir sa\u00e7 \u00f6rg\u00fcs\u00fc!<br \/> k\u0131vran\u0131yor;<br \/> kanl\u0131; k\u0131z\u0131l bir me\u015f\u00b4ale gibi yan\u0131yor<br \/> esmer al\u0131nlar\u0131nda<br \/> bak\u0131r ayaklar\u0131 \u00e7\u0131plak kahramanlar\u0131n!<br \/> Ben de g\u00f6rd\u00fcm o kahramanlar\u0131,<br \/> ben de sard\u0131m o \u00f6rg\u00fcy\u00fc,<br \/> ben de onlarla<br \/> g\u00fcne\u015fe giden<br \/> k\u00f6pr\u00fcden<br \/> ge\u00e7tim!<br \/> Ben de i\u00e7tim toprak \u00e7anaklarda g\u00fcne\u015fi.<br \/> Ben de s\u00f6yledim o t\u00fcrk\u00fcy\u00fc!<\/p>\n<p>Y\u00fcre\u011fimiz topraktan ald\u0131 h\u0131z\u0131n\u0131;<br \/> alt\u0131n yeleli aslanlar\u0131n a\u011fz\u0131n\u0131<br \/> y\u0131rtarak<br \/> gerindik!<br \/> S\u0131\u00e7rad\u0131k;<br \/> \u015fim\u015fekli r\u00fczg\u00e2ra bindik!.<br \/> Kayalardan<br \/> kayalarla kopan kartallar<br \/> \u00e7\u0131rp\u0131yor \u0131\u015f\u0131kta yald\u0131zlanan kanatlar\u0131n\u0131.<br \/> Alev bilekli s\u00fcvariler kam\u00e7\u0131l\u0131yor<br \/> \u015faha kalkan atlar\u0131n\u0131!<\/p>\n<p>Ak\u0131n var<br \/> g\u00fcne\u015fe ak\u0131n!<br \/> G\u00fcne\u015fi zaptedece\u011fiz<br \/> g\u00fcne\u015fin zapt\u0131 yak\u0131n!<\/p>\n<p>D\u00fc\u015fmesin bizimle yola:<br \/> evinde a\u011flayanlar\u0131n<br \/> g\u00f6z ya\u015flar\u0131n\u0131<br \/> boynunda a\u011f\u0131r bir<br \/> zincir<br \/> gibi ta\u015f\u0131yanlar!<br \/> B\u0131raks\u0131n pe\u015fimizi<br \/> kendi y\u00fcre\u011finin kabu\u011funda ya\u015fayanlar!<\/p>\n<p>\u0130\u015fte:<br \/> \u015fu g\u00fcne\u015ften<br \/> d\u00fc\u015fen<br \/> ate\u015fte<br \/> milyonlarla k\u0131rm\u0131z\u0131 y\u00fcrek yan\u0131yor!<\/p>\n<p>Sen de \u00e7\u0131kar<br \/> g\u00f6\u011fs\u00fcn\u00fcn kafesinden y\u00fcre\u011fini;<br \/> \u015fu g\u00fcne\u015ften<br \/> d\u00fc\u015fen<br \/> ate\u015fe f\u0131rlat;<br \/> y\u00fcre\u011fini y\u00fcreklerimizin yan\u0131na at!<\/p>\n<p>Ak\u0131n var<br \/> g\u00fcne\u015fe ak\u0131n!<br \/> G\u00fcne\u015fi zaaptedece\u011fiz<br \/> g\u00fcne\u015fin zapt\u0131 yak\u0131n!<\/p>\n<p>Biz topraktan, ate\u015ften, sudan, demirden do\u011fduk!<br \/> G\u00fcne\u015fi emziriyor \u00e7ocuklar\u0131m\u0131za kar\u0131m\u0131z,<br \/> toprak kokuyor bak\u0131r sakallar\u0131m\u0131z!<br \/> Ne\u015f\u00b4emiz s\u0131cak!<br \/> kan kadar s\u0131cak,<br \/> delikanl\u0131lar\u0131n r\u00fcyalar\u0131nda yanan<br \/> o \u00aban\u00bb<br \/> kadar s\u0131cak!<br \/> Merdivenlerimizin \u00e7engelini y\u0131ld\u0131zlara asarak,<br \/> \u00f6l\u00fclerimizin ba\u015flar\u0131na basarak<br \/> y\u00fckseliyoruz<br \/> g\u00fcne\u015fe do\u011fru!<\/p>\n<p>\u00d6lenler<br \/> d\u00f6\u011f\u00fc\u015ferek \u00f6ld\u00fcler;<br \/> g\u00fcne\u015fe g\u00f6m\u00fcld\u00fcler.<br \/> Vaktimiz yok onlar\u0131n matemini tutmaya!<\/p>\n<p>Ak\u0131n var<br \/> g\u00fcne\u015fe ak\u0131n!<br \/> G\u00fcne\u015fi zaaaptedece\u011fiz<br \/> g\u00fcne\u015fin zapt\u0131 yak\u0131n!<\/p>\n<p>\u00dcz\u00fcmleri kan damlal\u0131 k\u0131rm\u0131z\u0131 ba\u011flar t\u00fct\u00fcyor!<br \/> Kal\u0131n tu\u011fla bacalar<br \/> k\u0131vranarak<br \/> \u00f6t\u00fcyor!<br \/> Hayk\u0131rd\u0131 en \u00f6nde giden,<br \/> emreden!<br \/> Bu ses!<br \/> Bu sesin kuvveti,<br \/> bu kuvvet<br \/> yaral\u0131 a\u00e7 kurtlar\u0131n g\u00f6zlerine perde<br \/> vuran,<br \/> onlar\u0131 olduklar\u0131 yerde<br \/> durduran<br \/> kuvvet!<br \/> Emret ki \u00f6lelim<br \/> emret!<br \/> G\u00fcne\u015fi i\u00e7iyoruz sesinde!<br \/> Co\u015fuyoruz,<br \/> co\u015fuyor!..<br \/> Yang\u0131nl\u0131 ufuklar\u0131n dumanl\u0131 perdesinde<br \/> m\u0131zraklar\u0131 g\u00f6\u011f\u00fc y\u0131rtan atl\u0131lar ko\u015fuyor!<\/p>\n<p>Ak\u0131n var<br \/> g\u00fcne\u015fe ak\u0131n!<br \/> G\u00fcne\u015fi zaaaaptedece\u011fiz<br \/> g\u00fcne\u015fin zapt\u0131 yak\u0131n!<\/p>\n<p>Toprak bak\u0131r<br \/> g\u00f6k bak\u0131r.<br \/> Hayk\u0131r g\u00fcne\u015fi i\u00e7enlerin t\u00fcrk\u00fcs\u00fcn\u00fc,<br \/> Hay-k\u0131r<br \/> Hayk\u0131ral\u0131m!<\/p>\n<p>Naz\u0131m Hikmet RAN<\/p>\n","protected":false},"excerpt":{"rendered":"<p>\u00a0 Bu bir t\u00fcrk\u00fc:- toprak \u00e7anaklarda g\u00fcne\u015fi i\u00e7enlerin t\u00fcrk\u00fcs\u00fc! Bu bir \u00f6rg\u00fc:- alev bir sa\u00e7 \u00f6rg\u00fcs\u00fc! k\u0131vran\u0131yor; kanl\u0131; k\u0131z\u0131l bir me\u015f\u00b4ale gibi yan\u0131yor esmer al\u0131nlar\u0131nda bak\u0131r ayaklar\u0131 \u00e7\u0131plak kahramanlar\u0131n! Ben de g\u00f6rd\u00fcm o kahramanlar\u0131, ben de sard\u0131m o \u00f6rg\u00fcy\u00fc, ben de onlarla g\u00fcne\u015fe giden k\u00f6pr\u00fcden ge\u00e7tim! Ben de i\u00e7tim toprak \u00e7anaklarda g\u00fcne\u015fi. Ben de s\u00f6yledim [&hellip;]<\/p>\n","protected":false},"author":1,"featured_media":0,"comment_status":"open","ping_status":"open","sticky":false,"template":"","format":"standard","meta":{"footnotes":""},"categories":[59],"tags":[],"class_list":{"0":"post-1107","1":"post","2":"type-post","3":"status-publish","4":"format-standard","6":"category-nazim-hikmet-ran"},"yoast_head":"<!-- This site is optimized with the Yoast SEO Premium plugin v24.9 (Yoast SEO v24.9) - https:\/\/yoast.com\/wordpress\/plugins\/seo\/ -->\n<title>G\u00dcNE\u015e\u0130 \u0130\u00c7ENLER\u0130N T\u00dcRK\u00dcS\u00dc - narteks.net<\/title>\n<meta name=\"robots\" content=\"index, follow, max-snippet:-1, max-image-preview:large, max-video-preview:-1\" \/>\n<link rel=\"canonical\" href=\"https:\/\/narteks.net\/index.php\/2009\/11\/05\/gunesi-icenlerin-turkusu\/\" \/>\n<meta property=\"og:locale\" content=\"tr_TR\" \/>\n<meta property=\"og:type\" content=\"article\" \/>\n<meta property=\"og:title\" content=\"G\u00dcNE\u015e\u0130 \u0130\u00c7ENLER\u0130N T\u00dcRK\u00dcS\u00dc\" \/>\n<meta property=\"og:description\" content=\"\u00a0 Bu bir t\u00fcrk\u00fc:- toprak \u00e7anaklarda g\u00fcne\u015fi i\u00e7enlerin t\u00fcrk\u00fcs\u00fc! Bu bir \u00f6rg\u00fc:- alev bir sa\u00e7 \u00f6rg\u00fcs\u00fc! k\u0131vran\u0131yor; kanl\u0131; k\u0131z\u0131l bir me\u015f\u00b4ale gibi yan\u0131yor esmer al\u0131nlar\u0131nda bak\u0131r ayaklar\u0131 \u00e7\u0131plak kahramanlar\u0131n! Ben de g\u00f6rd\u00fcm o kahramanlar\u0131, ben de sard\u0131m o \u00f6rg\u00fcy\u00fc, ben de onlarla g\u00fcne\u015fe giden k\u00f6pr\u00fcden ge\u00e7tim! Ben de i\u00e7tim toprak \u00e7anaklarda g\u00fcne\u015fi. Ben de s\u00f6yledim [&hellip;]\" \/>\n<meta property=\"og:url\" content=\"https:\/\/narteks.net\/index.php\/2009\/11\/05\/gunesi-icenlerin-turkusu\/\" \/>\n<meta property=\"og:site_name\" content=\"narteks.net\" \/>\n<meta property=\"article:published_time\" content=\"2009-11-05T10:16:30+00:00\" \/>\n<meta property=\"og:image\" content=\"https:\/\/narteks.net\/wp-content\/uploads\/narteks.png\" \/>\n\t<meta property=\"og:image:width\" content=\"300\" \/>\n\t<meta property=\"og:image:height\" content=\"90\" \/>\n\t<meta property=\"og:image:type\" content=\"image\/png\" \/>\n<meta name=\"author\" content=\"Tar\u0131k\" \/>\n<meta name=\"twitter:card\" content=\"summary_large_image\" \/>\n<meta name=\"twitter:creator\" content=\"@narteks\" \/>\n<meta name=\"twitter:site\" content=\"@narteks\" \/>\n<meta name=\"twitter:label1\" content=\"Yazan:\" \/>\n\t<meta name=\"twitter:data1\" content=\"Tar\u0131k\" \/>\n\t<meta name=\"twitter:label2\" content=\"Tahmini okuma s\u00fcresi\" \/>\n\t<meta name=\"twitter:data2\" content=\"2 dakika\" \/>\n<script type=\"application\/ld+json\" class=\"yoast-schema-graph\">{\"@context\":\"https:\/\/schema.org\",\"@graph\":[{\"@type\":\"Article\",\"@id\":\"https:\/\/narteks.net\/index.php\/2009\/11\/05\/gunesi-icenlerin-turkusu\/#article\",\"isPartOf\":{\"@id\":\"https:\/\/narteks.net\/index.php\/2009\/11\/05\/gunesi-icenlerin-turkusu\/\"},\"author\":{\"name\":\"Tar\u0131k\",\"@id\":\"https:\/\/narteks.net\/#\/schema\/person\/61f37d9834294b72d31d274e7ed79bca\"},\"headline\":\"G\u00dcNE\u015e\u0130 \u0130\u00c7ENLER\u0130N T\u00dcRK\u00dcS\u00dc\",\"datePublished\":\"2009-11-05T10:16:30+00:00\",\"mainEntityOfPage\":{\"@id\":\"https:\/\/narteks.net\/index.php\/2009\/11\/05\/gunesi-icenlerin-turkusu\/\"},\"wordCount\":488,\"commentCount\":0,\"publisher\":{\"@id\":\"https:\/\/narteks.net\/#organization\"},\"articleSection\":[\"Naz\u0131m H\u0130KMET RAN\"],\"inLanguage\":\"tr\",\"potentialAction\":[{\"@type\":\"CommentAction\",\"name\":\"Comment\",\"target\":[\"https:\/\/narteks.net\/index.php\/2009\/11\/05\/gunesi-icenlerin-turkusu\/#respond\"]}]},{\"@type\":\"WebPage\",\"@id\":\"https:\/\/narteks.net\/index.php\/2009\/11\/05\/gunesi-icenlerin-turkusu\/\",\"url\":\"https:\/\/narteks.net\/index.php\/2009\/11\/05\/gunesi-icenlerin-turkusu\/\",\"name\":\"G\u00dcNE\u015e\u0130 \u0130\u00c7ENLER\u0130N T\u00dcRK\u00dcS\u00dc - narteks.net\",\"isPartOf\":{\"@id\":\"https:\/\/narteks.net\/#website\"},\"datePublished\":\"2009-11-05T10:16:30+00:00\",\"breadcrumb\":{\"@id\":\"https:\/\/narteks.net\/index.php\/2009\/11\/05\/gunesi-icenlerin-turkusu\/#breadcrumb\"},\"inLanguage\":\"tr\",\"potentialAction\":[{\"@type\":\"ReadAction\",\"target\":[\"https:\/\/narteks.net\/index.php\/2009\/11\/05\/gunesi-icenlerin-turkusu\/\"]}]},{\"@type\":\"BreadcrumbList\",\"@id\":\"https:\/\/narteks.net\/index.php\/2009\/11\/05\/gunesi-icenlerin-turkusu\/#breadcrumb\",\"itemListElement\":[{\"@type\":\"ListItem\",\"position\":1,\"name\":\"Anasayfa\",\"item\":\"https:\/\/narteks.net\/\"},{\"@type\":\"ListItem\",\"position\":2,\"name\":\"G\u00dcNE\u015e\u0130 \u0130\u00c7ENLER\u0130N T\u00dcRK\u00dcS\u00dc\"}]},{\"@type\":\"WebSite\",\"@id\":\"https:\/\/narteks.net\/#website\",\"url\":\"https:\/\/narteks.net\/\",\"name\":\"narteks.net\",\"description\":\"K\u00fclt\u00fcr Sanat Edebiyat Felsefe\",\"publisher\":{\"@id\":\"https:\/\/narteks.net\/#organization\"},\"alternateName\":\"K\u00fclt\u00fcr Sanat Edebiyat Felsefe\",\"potentialAction\":[{\"@type\":\"SearchAction\",\"target\":{\"@type\":\"EntryPoint\",\"urlTemplate\":\"https:\/\/narteks.net\/?s={search_term_string}\"},\"query-input\":{\"@type\":\"PropertyValueSpecification\",\"valueRequired\":true,\"valueName\":\"search_term_string\"}}],\"inLanguage\":\"tr\"},{\"@type\":\"Organization\",\"@id\":\"https:\/\/narteks.net\/#organization\",\"name\":\"narteks.net\",\"url\":\"https:\/\/narteks.net\/\",\"logo\":{\"@type\":\"ImageObject\",\"inLanguage\":\"tr\",\"@id\":\"https:\/\/narteks.net\/#\/schema\/logo\/image\/\",\"url\":\"https:\/\/narteks.net\/wp-content\/uploads\/narteks.png\",\"contentUrl\":\"https:\/\/narteks.net\/wp-content\/uploads\/narteks.png\",\"width\":300,\"height\":90,\"caption\":\"narteks.net\"},\"image\":{\"@id\":\"https:\/\/narteks.net\/#\/schema\/logo\/image\/\"},\"sameAs\":[\"https:\/\/x.com\/narteks\",\"https:\/\/instagram.com\/narteksnet\"]},{\"@type\":\"Person\",\"@id\":\"https:\/\/narteks.net\/#\/schema\/person\/61f37d9834294b72d31d274e7ed79bca\",\"name\":\"Tar\u0131k\",\"image\":{\"@type\":\"ImageObject\",\"inLanguage\":\"tr\",\"@id\":\"https:\/\/narteks.net\/#\/schema\/person\/image\/\",\"url\":\"https:\/\/secure.gravatar.com\/avatar\/50865afb55632c4ae467e0af0930f6510aa2297d8014be502a55b14f3b7550cf?s=96&d=mm&r=g\",\"contentUrl\":\"https:\/\/secure.gravatar.com\/avatar\/50865afb55632c4ae467e0af0930f6510aa2297d8014be502a55b14f3b7550cf?s=96&d=mm&r=g\",\"caption\":\"Tar\u0131k\"},\"sameAs\":[\"http:\/\/narteks.net\"],\"url\":\"https:\/\/narteks.net\/index.php\/author\/narbak\/\"}]}<\/script>\n<!-- \/ Yoast SEO Premium plugin. -->","yoast_head_json":{"title":"G\u00dcNE\u015e\u0130 \u0130\u00c7ENLER\u0130N T\u00dcRK\u00dcS\u00dc - narteks.net","robots":{"index":"index","follow":"follow","max-snippet":"max-snippet:-1","max-image-preview":"max-image-preview:large","max-video-preview":"max-video-preview:-1"},"canonical":"https:\/\/narteks.net\/index.php\/2009\/11\/05\/gunesi-icenlerin-turkusu\/","og_locale":"tr_TR","og_type":"article","og_title":"G\u00dcNE\u015e\u0130 \u0130\u00c7ENLER\u0130N T\u00dcRK\u00dcS\u00dc","og_description":"\u00a0 Bu bir t\u00fcrk\u00fc:- toprak \u00e7anaklarda g\u00fcne\u015fi i\u00e7enlerin t\u00fcrk\u00fcs\u00fc! Bu bir \u00f6rg\u00fc:- alev bir sa\u00e7 \u00f6rg\u00fcs\u00fc! k\u0131vran\u0131yor; kanl\u0131; k\u0131z\u0131l bir me\u015f\u00b4ale gibi yan\u0131yor esmer al\u0131nlar\u0131nda bak\u0131r ayaklar\u0131 \u00e7\u0131plak kahramanlar\u0131n! Ben de g\u00f6rd\u00fcm o kahramanlar\u0131, ben de sard\u0131m o \u00f6rg\u00fcy\u00fc, ben de onlarla g\u00fcne\u015fe giden k\u00f6pr\u00fcden ge\u00e7tim! Ben de i\u00e7tim toprak \u00e7anaklarda g\u00fcne\u015fi. Ben de s\u00f6yledim [&hellip;]","og_url":"https:\/\/narteks.net\/index.php\/2009\/11\/05\/gunesi-icenlerin-turkusu\/","og_site_name":"narteks.net","article_published_time":"2009-11-05T10:16:30+00:00","og_image":[{"width":300,"height":90,"url":"https:\/\/narteks.net\/wp-content\/uploads\/narteks.png","type":"image\/png"}],"author":"Tar\u0131k","twitter_card":"summary_large_image","twitter_creator":"@narteks","twitter_site":"@narteks","twitter_misc":{"Yazan:":"Tar\u0131k","Tahmini okuma s\u00fcresi":"2 dakika"},"schema":{"@context":"https:\/\/schema.org","@graph":[{"@type":"Article","@id":"https:\/\/narteks.net\/index.php\/2009\/11\/05\/gunesi-icenlerin-turkusu\/#article","isPartOf":{"@id":"https:\/\/narteks.net\/index.php\/2009\/11\/05\/gunesi-icenlerin-turkusu\/"},"author":{"name":"Tar\u0131k","@id":"https:\/\/narteks.net\/#\/schema\/person\/61f37d9834294b72d31d274e7ed79bca"},"headline":"G\u00dcNE\u015e\u0130 \u0130\u00c7ENLER\u0130N T\u00dcRK\u00dcS\u00dc","datePublished":"2009-11-05T10:16:30+00:00","mainEntityOfPage":{"@id":"https:\/\/narteks.net\/index.php\/2009\/11\/05\/gunesi-icenlerin-turkusu\/"},"wordCount":488,"commentCount":0,"publisher":{"@id":"https:\/\/narteks.net\/#organization"},"articleSection":["Naz\u0131m H\u0130KMET RAN"],"inLanguage":"tr","potentialAction":[{"@type":"CommentAction","name":"Comment","target":["https:\/\/narteks.net\/index.php\/2009\/11\/05\/gunesi-icenlerin-turkusu\/#respond"]}]},{"@type":"WebPage","@id":"https:\/\/narteks.net\/index.php\/2009\/11\/05\/gunesi-icenlerin-turkusu\/","url":"https:\/\/narteks.net\/index.php\/2009\/11\/05\/gunesi-icenlerin-turkusu\/","name":"G\u00dcNE\u015e\u0130 \u0130\u00c7ENLER\u0130N T\u00dcRK\u00dcS\u00dc - narteks.net","isPartOf":{"@id":"https:\/\/narteks.net\/#website"},"datePublished":"2009-11-05T10:16:30+00:00","breadcrumb":{"@id":"https:\/\/narteks.net\/index.php\/2009\/11\/05\/gunesi-icenlerin-turkusu\/#breadcrumb"},"inLanguage":"tr","potentialAction":[{"@type":"ReadAction","target":["https:\/\/narteks.net\/index.php\/2009\/11\/05\/gunesi-icenlerin-turkusu\/"]}]},{"@type":"BreadcrumbList","@id":"https:\/\/narteks.net\/index.php\/2009\/11\/05\/gunesi-icenlerin-turkusu\/#breadcrumb","itemListElement":[{"@type":"ListItem","position":1,"name":"Anasayfa","item":"https:\/\/narteks.net\/"},{"@type":"ListItem","position":2,"name":"G\u00dcNE\u015e\u0130 \u0130\u00c7ENLER\u0130N T\u00dcRK\u00dcS\u00dc"}]},{"@type":"WebSite","@id":"https:\/\/narteks.net\/#website","url":"https:\/\/narteks.net\/","name":"narteks.net","description":"K\u00fclt\u00fcr Sanat Edebiyat Felsefe","publisher":{"@id":"https:\/\/narteks.net\/#organization"},"alternateName":"K\u00fclt\u00fcr Sanat Edebiyat Felsefe","potentialAction":[{"@type":"SearchAction","target":{"@type":"EntryPoint","urlTemplate":"https:\/\/narteks.net\/?s={search_term_string}"},"query-input":{"@type":"PropertyValueSpecification","valueRequired":true,"valueName":"search_term_string"}}],"inLanguage":"tr"},{"@type":"Organization","@id":"https:\/\/narteks.net\/#organization","name":"narteks.net","url":"https:\/\/narteks.net\/","logo":{"@type":"ImageObject","inLanguage":"tr","@id":"https:\/\/narteks.net\/#\/schema\/logo\/image\/","url":"https:\/\/narteks.net\/wp-content\/uploads\/narteks.png","contentUrl":"https:\/\/narteks.net\/wp-content\/uploads\/narteks.png","width":300,"height":90,"caption":"narteks.net"},"image":{"@id":"https:\/\/narteks.net\/#\/schema\/logo\/image\/"},"sameAs":["https:\/\/x.com\/narteks","https:\/\/instagram.com\/narteksnet"]},{"@type":"Person","@id":"https:\/\/narteks.net\/#\/schema\/person\/61f37d9834294b72d31d274e7ed79bca","name":"Tar\u0131k","image":{"@type":"ImageObject","inLanguage":"tr","@id":"https:\/\/narteks.net\/#\/schema\/person\/image\/","url":"https:\/\/secure.gravatar.com\/avatar\/50865afb55632c4ae467e0af0930f6510aa2297d8014be502a55b14f3b7550cf?s=96&d=mm&r=g","contentUrl":"https:\/\/secure.gravatar.com\/avatar\/50865afb55632c4ae467e0af0930f6510aa2297d8014be502a55b14f3b7550cf?s=96&d=mm&r=g","caption":"Tar\u0131k"},"sameAs":["http:\/\/narteks.net"],"url":"https:\/\/narteks.net\/index.php\/author\/narbak\/"}]}},"_links":{"self":[{"href":"https:\/\/narteks.net\/index.php\/wp-json\/wp\/v2\/posts\/1107","targetHints":{"allow":["GET"]}}],"collection":[{"href":"https:\/\/narteks.net\/index.php\/wp-json\/wp\/v2\/posts"}],"about":[{"href":"https:\/\/narteks.net\/index.php\/wp-json\/wp\/v2\/types\/post"}],"author":[{"embeddable":true,"href":"https:\/\/narteks.net\/index.php\/wp-json\/wp\/v2\/users\/1"}],"replies":[{"embeddable":true,"href":"https:\/\/narteks.net\/index.php\/wp-json\/wp\/v2\/comments?post=1107"}],"version-history":[{"count":0,"href":"https:\/\/narteks.net\/index.php\/wp-json\/wp\/v2\/posts\/1107\/revisions"}],"wp:attachment":[{"href":"https:\/\/narteks.net\/index.php\/wp-json\/wp\/v2\/media?parent=1107"}],"wp:term":[{"taxonomy":"category","embeddable":true,"href":"https:\/\/narteks.net\/index.php\/wp-json\/wp\/v2\/categories?post=1107"},{"taxonomy":"post_tag","embeddable":true,"href":"https:\/\/narteks.net\/index.php\/wp-json\/wp\/v2\/tags?post=1107"}],"curies":[{"name":"wp","href":"https:\/\/api.w.org\/{rel}","templated":true}]}}