{"id":1114,"date":"2009-11-05T13:20:38","date_gmt":"2009-11-05T10:20:38","guid":{"rendered":"http:\/\/localhost\/wordpress\/2009\/11\/05\/haydi-gule-gule-gulum\/"},"modified":"2009-11-05T13:20:38","modified_gmt":"2009-11-05T10:20:38","slug":"haydi-gule-gule-gulum","status":"publish","type":"post","link":"https:\/\/narteks.net\/index.php\/2009\/11\/05\/haydi-gule-gule-gulum\/","title":{"rendered":"HAYD\u0130 G\u00dcLE G\u00dcLE G\u00dcL\u00dcM"},"content":{"rendered":"<p>\u00a0<\/p>\n<p>Haydi g\u00fcle g\u00fcl\u00fc g\u00fcl\u00fcm<br \/> haydi g\u00fcle g\u00fcle<br \/> Hani a\u011flamak yoktu?<br \/> A\u011flama k\u0131z\u0131m,<br \/> g\u00f6z\u00fcne batacak s\u00fcrmelerin.<br \/> Taksiye bindin i\u015fte,<br \/> i\u015fte hapishanesinde yatt\u0131\u011f\u0131m \u015fehrin<br \/> ge\u00e7iyorsun i\u00e7inden.<br \/> \u015e\u00f6f\u00f6r belki ben ya\u015fta bir adam<br \/> dikiz aynas\u0131ndan bak\u0131yor sana<br \/> anl\u0131yor bu g\u00fczel kad\u0131n\u0131n a\u011flamas\u0131n\u0131.<br \/> Belki onunda i\u00e7erde yatan\u0131 vard\u0131r,<br \/> belki tan\u0131r beni, belki kendiside bizdendir.<br \/> Biliyorum:<br \/> Demirlerden seyretti\u011fim bu \u015fehir<br \/> kapl\u0131calar<br \/> t\u00fcrbeler<br \/> ipek fabrikalar\u0131 ve kocaman bir \u00e7\u0131nard\u0131r.<br \/> Ve sahici insanlar\u0131<br \/> benim insanlar\u0131m<br \/> nas\u0131lda peri\u015fan&#8230;<br \/> Fakat y\u00fczlerine g\u00fcne\u015f vurmu\u015f gibi olmu\u015ftur<br \/> sen g\u00f6zya\u015flar\u0131 aras\u0131ndan<br \/> onlara bakt\u0131\u011f\u0131n zaman.<br \/> Sen bu \u015fehre bundan \u00f6ncede geldin demek?<br \/> Sen bu \u015fehre gelesinde beni aramayas\u0131n!<br \/> \u00d6ylemi? A\u011eLA G\u00dcL\u00dcM!<br \/> Hemde h\u00fcng\u00fcr h\u00fcng\u00fcr a\u011flamal\u0131s\u0131n.<br \/> Hay\u0131r a\u011flama, Allah belam\u0131 versin benim a\u011flama!<br \/> Etraf\u0131na bak:<br \/> Ben ve \u015fehir \u00e7oktan arkada kald\u0131k<\/p>\n<p>Naz\u0131m Hikmet RAN<\/p>\n","protected":false},"excerpt":{"rendered":"<p>\u00a0 Haydi g\u00fcle g\u00fcl\u00fc g\u00fcl\u00fcm haydi g\u00fcle g\u00fcle Hani a\u011flamak yoktu? A\u011flama k\u0131z\u0131m, g\u00f6z\u00fcne batacak s\u00fcrmelerin. Taksiye bindin i\u015fte, i\u015fte hapishanesinde yatt\u0131\u011f\u0131m \u015fehrin ge\u00e7iyorsun i\u00e7inden. \u015e\u00f6f\u00f6r belki ben ya\u015fta bir adam dikiz aynas\u0131ndan bak\u0131yor sana anl\u0131yor bu g\u00fczel kad\u0131n\u0131n a\u011flamas\u0131n\u0131. Belki onunda i\u00e7erde yatan\u0131 vard\u0131r, belki tan\u0131r beni, belki kendiside bizdendir. Biliyorum: Demirlerden seyretti\u011fim bu [&hellip;]<\/p>\n","protected":false},"author":1,"featured_media":0,"comment_status":"open","ping_status":"open","sticky":false,"template":"","format":"standard","meta":{"footnotes":""},"categories":[59],"tags":[],"class_list":{"0":"post-1114","1":"post","2":"type-post","3":"status-publish","4":"format-standard","6":"category-nazim-hikmet-ran"},"yoast_head":"<!-- This site is optimized with the Yoast SEO Premium plugin v24.9 (Yoast SEO v24.9) - https:\/\/yoast.com\/wordpress\/plugins\/seo\/ -->\n<title>HAYD\u0130 G\u00dcLE G\u00dcLE G\u00dcL\u00dcM - narteks.net<\/title>\n<meta name=\"robots\" content=\"index, follow, max-snippet:-1, max-image-preview:large, max-video-preview:-1\" \/>\n<link rel=\"canonical\" href=\"https:\/\/narteks.net\/index.php\/2009\/11\/05\/haydi-gule-gule-gulum\/\" \/>\n<meta property=\"og:locale\" content=\"tr_TR\" \/>\n<meta property=\"og:type\" content=\"article\" \/>\n<meta property=\"og:title\" content=\"HAYD\u0130 G\u00dcLE G\u00dcLE G\u00dcL\u00dcM\" \/>\n<meta property=\"og:description\" content=\"\u00a0 Haydi g\u00fcle g\u00fcl\u00fc g\u00fcl\u00fcm haydi g\u00fcle g\u00fcle Hani a\u011flamak yoktu? A\u011flama k\u0131z\u0131m, g\u00f6z\u00fcne batacak s\u00fcrmelerin. Taksiye bindin i\u015fte, i\u015fte hapishanesinde yatt\u0131\u011f\u0131m \u015fehrin ge\u00e7iyorsun i\u00e7inden. \u015e\u00f6f\u00f6r belki ben ya\u015fta bir adam dikiz aynas\u0131ndan bak\u0131yor sana anl\u0131yor bu g\u00fczel kad\u0131n\u0131n a\u011flamas\u0131n\u0131. Belki onunda i\u00e7erde yatan\u0131 vard\u0131r, belki tan\u0131r beni, belki kendiside bizdendir. Biliyorum: Demirlerden seyretti\u011fim bu [&hellip;]\" \/>\n<meta property=\"og:url\" content=\"https:\/\/narteks.net\/index.php\/2009\/11\/05\/haydi-gule-gule-gulum\/\" \/>\n<meta property=\"og:site_name\" content=\"narteks.net\" \/>\n<meta property=\"article:published_time\" content=\"2009-11-05T10:20:38+00:00\" \/>\n<meta property=\"og:image\" content=\"https:\/\/narteks.net\/wp-content\/uploads\/narteks.png\" \/>\n\t<meta property=\"og:image:width\" content=\"300\" \/>\n\t<meta property=\"og:image:height\" content=\"90\" \/>\n\t<meta property=\"og:image:type\" content=\"image\/png\" \/>\n<meta name=\"author\" content=\"Tar\u0131k\" \/>\n<meta name=\"twitter:card\" content=\"summary_large_image\" \/>\n<meta name=\"twitter:creator\" content=\"@narteks\" \/>\n<meta name=\"twitter:site\" content=\"@narteks\" \/>\n<meta name=\"twitter:label1\" content=\"Yazan:\" \/>\n\t<meta name=\"twitter:data1\" content=\"Tar\u0131k\" \/>\n\t<meta name=\"twitter:label2\" content=\"Tahmini okuma s\u00fcresi\" \/>\n\t<meta name=\"twitter:data2\" content=\"1 dakika\" \/>\n<script type=\"application\/ld+json\" class=\"yoast-schema-graph\">{\"@context\":\"https:\/\/schema.org\",\"@graph\":[{\"@type\":\"Article\",\"@id\":\"https:\/\/narteks.net\/index.php\/2009\/11\/05\/haydi-gule-gule-gulum\/#article\",\"isPartOf\":{\"@id\":\"https:\/\/narteks.net\/index.php\/2009\/11\/05\/haydi-gule-gule-gulum\/\"},\"author\":{\"name\":\"Tar\u0131k\",\"@id\":\"https:\/\/narteks.net\/#\/schema\/person\/61f37d9834294b72d31d274e7ed79bca\"},\"headline\":\"HAYD\u0130 G\u00dcLE G\u00dcLE G\u00dcL\u00dcM\",\"datePublished\":\"2009-11-05T10:20:38+00:00\",\"mainEntityOfPage\":{\"@id\":\"https:\/\/narteks.net\/index.php\/2009\/11\/05\/haydi-gule-gule-gulum\/\"},\"wordCount\":190,\"commentCount\":0,\"publisher\":{\"@id\":\"https:\/\/narteks.net\/#organization\"},\"articleSection\":[\"Naz\u0131m H\u0130KMET RAN\"],\"inLanguage\":\"tr\",\"potentialAction\":[{\"@type\":\"CommentAction\",\"name\":\"Comment\",\"target\":[\"https:\/\/narteks.net\/index.php\/2009\/11\/05\/haydi-gule-gule-gulum\/#respond\"]}]},{\"@type\":\"WebPage\",\"@id\":\"https:\/\/narteks.net\/index.php\/2009\/11\/05\/haydi-gule-gule-gulum\/\",\"url\":\"https:\/\/narteks.net\/index.php\/2009\/11\/05\/haydi-gule-gule-gulum\/\",\"name\":\"HAYD\u0130 G\u00dcLE G\u00dcLE G\u00dcL\u00dcM - narteks.net\",\"isPartOf\":{\"@id\":\"https:\/\/narteks.net\/#website\"},\"datePublished\":\"2009-11-05T10:20:38+00:00\",\"breadcrumb\":{\"@id\":\"https:\/\/narteks.net\/index.php\/2009\/11\/05\/haydi-gule-gule-gulum\/#breadcrumb\"},\"inLanguage\":\"tr\",\"potentialAction\":[{\"@type\":\"ReadAction\",\"target\":[\"https:\/\/narteks.net\/index.php\/2009\/11\/05\/haydi-gule-gule-gulum\/\"]}]},{\"@type\":\"BreadcrumbList\",\"@id\":\"https:\/\/narteks.net\/index.php\/2009\/11\/05\/haydi-gule-gule-gulum\/#breadcrumb\",\"itemListElement\":[{\"@type\":\"ListItem\",\"position\":1,\"name\":\"Anasayfa\",\"item\":\"https:\/\/narteks.net\/\"},{\"@type\":\"ListItem\",\"position\":2,\"name\":\"HAYD\u0130 G\u00dcLE G\u00dcLE G\u00dcL\u00dcM\"}]},{\"@type\":\"WebSite\",\"@id\":\"https:\/\/narteks.net\/#website\",\"url\":\"https:\/\/narteks.net\/\",\"name\":\"narteks.net\",\"description\":\"K\u00fclt\u00fcr Sanat Edebiyat Felsefe\",\"publisher\":{\"@id\":\"https:\/\/narteks.net\/#organization\"},\"alternateName\":\"K\u00fclt\u00fcr Sanat Edebiyat Felsefe\",\"potentialAction\":[{\"@type\":\"SearchAction\",\"target\":{\"@type\":\"EntryPoint\",\"urlTemplate\":\"https:\/\/narteks.net\/?s={search_term_string}\"},\"query-input\":{\"@type\":\"PropertyValueSpecification\",\"valueRequired\":true,\"valueName\":\"search_term_string\"}}],\"inLanguage\":\"tr\"},{\"@type\":\"Organization\",\"@id\":\"https:\/\/narteks.net\/#organization\",\"name\":\"narteks.net\",\"url\":\"https:\/\/narteks.net\/\",\"logo\":{\"@type\":\"ImageObject\",\"inLanguage\":\"tr\",\"@id\":\"https:\/\/narteks.net\/#\/schema\/logo\/image\/\",\"url\":\"https:\/\/narteks.net\/wp-content\/uploads\/narteks.png\",\"contentUrl\":\"https:\/\/narteks.net\/wp-content\/uploads\/narteks.png\",\"width\":300,\"height\":90,\"caption\":\"narteks.net\"},\"image\":{\"@id\":\"https:\/\/narteks.net\/#\/schema\/logo\/image\/\"},\"sameAs\":[\"https:\/\/x.com\/narteks\",\"https:\/\/instagram.com\/narteksnet\"]},{\"@type\":\"Person\",\"@id\":\"https:\/\/narteks.net\/#\/schema\/person\/61f37d9834294b72d31d274e7ed79bca\",\"name\":\"Tar\u0131k\",\"image\":{\"@type\":\"ImageObject\",\"inLanguage\":\"tr\",\"@id\":\"https:\/\/narteks.net\/#\/schema\/person\/image\/\",\"url\":\"https:\/\/secure.gravatar.com\/avatar\/50865afb55632c4ae467e0af0930f6510aa2297d8014be502a55b14f3b7550cf?s=96&d=mm&r=g\",\"contentUrl\":\"https:\/\/secure.gravatar.com\/avatar\/50865afb55632c4ae467e0af0930f6510aa2297d8014be502a55b14f3b7550cf?s=96&d=mm&r=g\",\"caption\":\"Tar\u0131k\"},\"sameAs\":[\"http:\/\/narteks.net\"],\"url\":\"https:\/\/narteks.net\/index.php\/author\/narbak\/\"}]}<\/script>\n<!-- \/ Yoast SEO Premium plugin. -->","yoast_head_json":{"title":"HAYD\u0130 G\u00dcLE G\u00dcLE G\u00dcL\u00dcM - narteks.net","robots":{"index":"index","follow":"follow","max-snippet":"max-snippet:-1","max-image-preview":"max-image-preview:large","max-video-preview":"max-video-preview:-1"},"canonical":"https:\/\/narteks.net\/index.php\/2009\/11\/05\/haydi-gule-gule-gulum\/","og_locale":"tr_TR","og_type":"article","og_title":"HAYD\u0130 G\u00dcLE G\u00dcLE G\u00dcL\u00dcM","og_description":"\u00a0 Haydi g\u00fcle g\u00fcl\u00fc g\u00fcl\u00fcm haydi g\u00fcle g\u00fcle Hani a\u011flamak yoktu? A\u011flama k\u0131z\u0131m, g\u00f6z\u00fcne batacak s\u00fcrmelerin. Taksiye bindin i\u015fte, i\u015fte hapishanesinde yatt\u0131\u011f\u0131m \u015fehrin ge\u00e7iyorsun i\u00e7inden. \u015e\u00f6f\u00f6r belki ben ya\u015fta bir adam dikiz aynas\u0131ndan bak\u0131yor sana anl\u0131yor bu g\u00fczel kad\u0131n\u0131n a\u011flamas\u0131n\u0131. Belki onunda i\u00e7erde yatan\u0131 vard\u0131r, belki tan\u0131r beni, belki kendiside bizdendir. Biliyorum: Demirlerden seyretti\u011fim bu [&hellip;]","og_url":"https:\/\/narteks.net\/index.php\/2009\/11\/05\/haydi-gule-gule-gulum\/","og_site_name":"narteks.net","article_published_time":"2009-11-05T10:20:38+00:00","og_image":[{"width":300,"height":90,"url":"https:\/\/narteks.net\/wp-content\/uploads\/narteks.png","type":"image\/png"}],"author":"Tar\u0131k","twitter_card":"summary_large_image","twitter_creator":"@narteks","twitter_site":"@narteks","twitter_misc":{"Yazan:":"Tar\u0131k","Tahmini okuma s\u00fcresi":"1 dakika"},"schema":{"@context":"https:\/\/schema.org","@graph":[{"@type":"Article","@id":"https:\/\/narteks.net\/index.php\/2009\/11\/05\/haydi-gule-gule-gulum\/#article","isPartOf":{"@id":"https:\/\/narteks.net\/index.php\/2009\/11\/05\/haydi-gule-gule-gulum\/"},"author":{"name":"Tar\u0131k","@id":"https:\/\/narteks.net\/#\/schema\/person\/61f37d9834294b72d31d274e7ed79bca"},"headline":"HAYD\u0130 G\u00dcLE G\u00dcLE G\u00dcL\u00dcM","datePublished":"2009-11-05T10:20:38+00:00","mainEntityOfPage":{"@id":"https:\/\/narteks.net\/index.php\/2009\/11\/05\/haydi-gule-gule-gulum\/"},"wordCount":190,"commentCount":0,"publisher":{"@id":"https:\/\/narteks.net\/#organization"},"articleSection":["Naz\u0131m H\u0130KMET RAN"],"inLanguage":"tr","potentialAction":[{"@type":"CommentAction","name":"Comment","target":["https:\/\/narteks.net\/index.php\/2009\/11\/05\/haydi-gule-gule-gulum\/#respond"]}]},{"@type":"WebPage","@id":"https:\/\/narteks.net\/index.php\/2009\/11\/05\/haydi-gule-gule-gulum\/","url":"https:\/\/narteks.net\/index.php\/2009\/11\/05\/haydi-gule-gule-gulum\/","name":"HAYD\u0130 G\u00dcLE G\u00dcLE G\u00dcL\u00dcM - narteks.net","isPartOf":{"@id":"https:\/\/narteks.net\/#website"},"datePublished":"2009-11-05T10:20:38+00:00","breadcrumb":{"@id":"https:\/\/narteks.net\/index.php\/2009\/11\/05\/haydi-gule-gule-gulum\/#breadcrumb"},"inLanguage":"tr","potentialAction":[{"@type":"ReadAction","target":["https:\/\/narteks.net\/index.php\/2009\/11\/05\/haydi-gule-gule-gulum\/"]}]},{"@type":"BreadcrumbList","@id":"https:\/\/narteks.net\/index.php\/2009\/11\/05\/haydi-gule-gule-gulum\/#breadcrumb","itemListElement":[{"@type":"ListItem","position":1,"name":"Anasayfa","item":"https:\/\/narteks.net\/"},{"@type":"ListItem","position":2,"name":"HAYD\u0130 G\u00dcLE G\u00dcLE G\u00dcL\u00dcM"}]},{"@type":"WebSite","@id":"https:\/\/narteks.net\/#website","url":"https:\/\/narteks.net\/","name":"narteks.net","description":"K\u00fclt\u00fcr Sanat Edebiyat Felsefe","publisher":{"@id":"https:\/\/narteks.net\/#organization"},"alternateName":"K\u00fclt\u00fcr Sanat Edebiyat Felsefe","potentialAction":[{"@type":"SearchAction","target":{"@type":"EntryPoint","urlTemplate":"https:\/\/narteks.net\/?s={search_term_string}"},"query-input":{"@type":"PropertyValueSpecification","valueRequired":true,"valueName":"search_term_string"}}],"inLanguage":"tr"},{"@type":"Organization","@id":"https:\/\/narteks.net\/#organization","name":"narteks.net","url":"https:\/\/narteks.net\/","logo":{"@type":"ImageObject","inLanguage":"tr","@id":"https:\/\/narteks.net\/#\/schema\/logo\/image\/","url":"https:\/\/narteks.net\/wp-content\/uploads\/narteks.png","contentUrl":"https:\/\/narteks.net\/wp-content\/uploads\/narteks.png","width":300,"height":90,"caption":"narteks.net"},"image":{"@id":"https:\/\/narteks.net\/#\/schema\/logo\/image\/"},"sameAs":["https:\/\/x.com\/narteks","https:\/\/instagram.com\/narteksnet"]},{"@type":"Person","@id":"https:\/\/narteks.net\/#\/schema\/person\/61f37d9834294b72d31d274e7ed79bca","name":"Tar\u0131k","image":{"@type":"ImageObject","inLanguage":"tr","@id":"https:\/\/narteks.net\/#\/schema\/person\/image\/","url":"https:\/\/secure.gravatar.com\/avatar\/50865afb55632c4ae467e0af0930f6510aa2297d8014be502a55b14f3b7550cf?s=96&d=mm&r=g","contentUrl":"https:\/\/secure.gravatar.com\/avatar\/50865afb55632c4ae467e0af0930f6510aa2297d8014be502a55b14f3b7550cf?s=96&d=mm&r=g","caption":"Tar\u0131k"},"sameAs":["http:\/\/narteks.net"],"url":"https:\/\/narteks.net\/index.php\/author\/narbak\/"}]}},"_links":{"self":[{"href":"https:\/\/narteks.net\/index.php\/wp-json\/wp\/v2\/posts\/1114","targetHints":{"allow":["GET"]}}],"collection":[{"href":"https:\/\/narteks.net\/index.php\/wp-json\/wp\/v2\/posts"}],"about":[{"href":"https:\/\/narteks.net\/index.php\/wp-json\/wp\/v2\/types\/post"}],"author":[{"embeddable":true,"href":"https:\/\/narteks.net\/index.php\/wp-json\/wp\/v2\/users\/1"}],"replies":[{"embeddable":true,"href":"https:\/\/narteks.net\/index.php\/wp-json\/wp\/v2\/comments?post=1114"}],"version-history":[{"count":0,"href":"https:\/\/narteks.net\/index.php\/wp-json\/wp\/v2\/posts\/1114\/revisions"}],"wp:attachment":[{"href":"https:\/\/narteks.net\/index.php\/wp-json\/wp\/v2\/media?parent=1114"}],"wp:term":[{"taxonomy":"category","embeddable":true,"href":"https:\/\/narteks.net\/index.php\/wp-json\/wp\/v2\/categories?post=1114"},{"taxonomy":"post_tag","embeddable":true,"href":"https:\/\/narteks.net\/index.php\/wp-json\/wp\/v2\/tags?post=1114"}],"curies":[{"name":"wp","href":"https:\/\/api.w.org\/{rel}","templated":true}]}}