{"id":1122,"date":"2009-11-05T13:25:53","date_gmt":"2009-11-05T10:25:53","guid":{"rendered":"http:\/\/localhost\/wordpress\/2009\/11\/05\/karima-mektup\/"},"modified":"2009-11-05T13:25:53","modified_gmt":"2009-11-05T10:25:53","slug":"karima-mektup","status":"publish","type":"post","link":"https:\/\/narteks.net\/index.php\/2009\/11\/05\/karima-mektup\/","title":{"rendered":"KARIMA MEKTUP"},"content":{"rendered":"<p>\u00a0<\/p>\n<p>11-11-1933<br \/> Bursa<br \/> Hapishanesi<\/p>\n<p>Bir tanem!<br \/> Son mektubunda:<br \/> \u00b4Ba\u015f\u0131m s\u0131zl\u0131yor y\u00fcre\u011fim sersem! \u00b4 diyorsun.<br \/> \u00b4Seni asarlarsa seni kaybedersem;<br \/> diyorsun;<br \/> \u00b4ya\u015f\u0131yamam! \u00b4<br \/> Ya\u015fars\u0131n kar\u0131c\u0131\u011f\u0131m,<br \/> kara bir duman gibi da\u011f\u0131l\u0131r hat\u0131ram r\u00fczgarda; ya\u015fars\u0131n kalbimin<br \/> k\u0131z\u0131l sa\u00e7l\u0131 bac\u0131s\u0131<br \/> en fazla bir y\u0131l s\u00fcrer<br \/> yirminci as\u0131rl\u0131larda<br \/> \u00f6l\u00fcm ac\u0131s\u0131.<br \/> \u00d6l\u00fcm<br \/> bir ipte sallanan bir \u00f6l\u00fc.<br \/> Bu \u00f6l\u00fcme bir t\u00fcrl\u00fc<br \/> raz\u0131 olmuyor g\u00f6nl\u00fcm.<br \/> Fakat<br \/> emin ol ki sevgilim;<br \/> zavall\u0131 bir \u00e7ingenenin<br \/> k\u0131ll\u0131, siyah bir \u00f6r\u00fcmce\u011fe benzeyen eli<br \/> ge\u00e7irecekse e\u011fer<br \/> ipi bo\u011faz\u0131ma,<br \/> mavi g\u00f6zlerimde korkuyu g\u00f6rmek i\u00e7in<br \/> bo\u015funa bakacaklar<br \/> Naz\u0131ma!<\/p>\n<p>Ben,<br \/> alaca karanl\u0131\u011f\u0131nda son sabah\u0131m\u0131n<br \/> dostlar\u0131m\u0131 ve seni g\u00f6rece\u011fim,<br \/> ve yaln\u0131z<br \/> yar\u0131 kalm\u0131\u015f bir \u015fark\u0131n\u0131n ac\u0131s\u0131n\u0131<br \/> topra\u011fa g\u00f6t\u00fcrece\u011fim&#8230;<\/p>\n<p>Kar\u0131m benim!<br \/> \u0130yi y\u00fcrekli<br \/> alt\u0131n renkli,<br \/> g\u00f6zleri baldan tatl\u0131 ar\u0131m benim:<br \/> ne diye yazd\u0131m sana<br \/> istendi\u011fini idam\u0131m\u0131n,<br \/> daha dava ilk ad\u0131m\u0131nda<br \/> ve bir \u015falgam gibi koparm\u0131yorlar<br \/> kellesini adam\u0131n.<\/p>\n<p>Haydi bunlara bo\u015f ver.<br \/> Bunlar uzak bir ihtimal.<br \/> Paran varsa e\u011fer<br \/> bana fanila bir don al,<br \/> tuttu baca\u011f\u0131m\u0131n siyatik a\u011fr\u0131s\u0131,<br \/> Ve unutma ki<br \/> daima iyi \u015feyler d\u00fc\u015f\u00fcnmeli<br \/> bir mahpusun kar\u0131s\u0131.<\/p>\n<p>Naz\u0131m Hikmet RAN<\/p>\n","protected":false},"excerpt":{"rendered":"<p>\u00a0 11-11-1933 Bursa Hapishanesi Bir tanem! Son mektubunda: \u00b4Ba\u015f\u0131m s\u0131zl\u0131yor y\u00fcre\u011fim sersem! \u00b4 diyorsun. \u00b4Seni asarlarsa seni kaybedersem; diyorsun; \u00b4ya\u015f\u0131yamam! \u00b4 Ya\u015fars\u0131n kar\u0131c\u0131\u011f\u0131m, kara bir duman gibi da\u011f\u0131l\u0131r hat\u0131ram r\u00fczgarda; ya\u015fars\u0131n kalbimin k\u0131z\u0131l sa\u00e7l\u0131 bac\u0131s\u0131 en fazla bir y\u0131l s\u00fcrer yirminci as\u0131rl\u0131larda \u00f6l\u00fcm ac\u0131s\u0131. \u00d6l\u00fcm bir ipte sallanan bir \u00f6l\u00fc. Bu \u00f6l\u00fcme bir t\u00fcrl\u00fc raz\u0131 [&hellip;]<\/p>\n","protected":false},"author":1,"featured_media":0,"comment_status":"open","ping_status":"open","sticky":false,"template":"","format":"standard","meta":{"footnotes":""},"categories":[59],"tags":[],"class_list":{"0":"post-1122","1":"post","2":"type-post","3":"status-publish","4":"format-standard","6":"category-nazim-hikmet-ran"},"yoast_head":"<!-- This site is optimized with the Yoast SEO Premium plugin v24.9 (Yoast SEO v24.9) - https:\/\/yoast.com\/wordpress\/plugins\/seo\/ -->\n<title>KARIMA MEKTUP - narteks.net<\/title>\n<meta name=\"robots\" content=\"index, follow, max-snippet:-1, max-image-preview:large, max-video-preview:-1\" \/>\n<link rel=\"canonical\" href=\"https:\/\/narteks.net\/index.php\/2009\/11\/05\/karima-mektup\/\" \/>\n<meta property=\"og:locale\" content=\"tr_TR\" \/>\n<meta property=\"og:type\" content=\"article\" \/>\n<meta property=\"og:title\" content=\"KARIMA MEKTUP\" \/>\n<meta property=\"og:description\" content=\"\u00a0 11-11-1933 Bursa Hapishanesi Bir tanem! Son mektubunda: \u00b4Ba\u015f\u0131m s\u0131zl\u0131yor y\u00fcre\u011fim sersem! \u00b4 diyorsun. \u00b4Seni asarlarsa seni kaybedersem; diyorsun; \u00b4ya\u015f\u0131yamam! \u00b4 Ya\u015fars\u0131n kar\u0131c\u0131\u011f\u0131m, kara bir duman gibi da\u011f\u0131l\u0131r hat\u0131ram r\u00fczgarda; ya\u015fars\u0131n kalbimin k\u0131z\u0131l sa\u00e7l\u0131 bac\u0131s\u0131 en fazla bir y\u0131l s\u00fcrer yirminci as\u0131rl\u0131larda \u00f6l\u00fcm ac\u0131s\u0131. \u00d6l\u00fcm bir ipte sallanan bir \u00f6l\u00fc. Bu \u00f6l\u00fcme bir t\u00fcrl\u00fc raz\u0131 [&hellip;]\" \/>\n<meta property=\"og:url\" content=\"https:\/\/narteks.net\/index.php\/2009\/11\/05\/karima-mektup\/\" \/>\n<meta property=\"og:site_name\" content=\"narteks.net\" \/>\n<meta property=\"article:published_time\" content=\"2009-11-05T10:25:53+00:00\" \/>\n<meta property=\"og:image\" content=\"https:\/\/narteks.net\/wp-content\/uploads\/narteks.png\" \/>\n\t<meta property=\"og:image:width\" content=\"300\" \/>\n\t<meta property=\"og:image:height\" content=\"90\" \/>\n\t<meta property=\"og:image:type\" content=\"image\/png\" \/>\n<meta name=\"author\" content=\"Tar\u0131k\" \/>\n<meta name=\"twitter:card\" content=\"summary_large_image\" \/>\n<meta name=\"twitter:creator\" content=\"@narteks\" \/>\n<meta name=\"twitter:site\" content=\"@narteks\" \/>\n<meta name=\"twitter:label1\" content=\"Yazan:\" \/>\n\t<meta name=\"twitter:data1\" content=\"Tar\u0131k\" \/>\n\t<meta name=\"twitter:label2\" content=\"Tahmini okuma s\u00fcresi\" \/>\n\t<meta name=\"twitter:data2\" content=\"1 dakika\" \/>\n<script type=\"application\/ld+json\" class=\"yoast-schema-graph\">{\"@context\":\"https:\/\/schema.org\",\"@graph\":[{\"@type\":\"Article\",\"@id\":\"https:\/\/narteks.net\/index.php\/2009\/11\/05\/karima-mektup\/#article\",\"isPartOf\":{\"@id\":\"https:\/\/narteks.net\/index.php\/2009\/11\/05\/karima-mektup\/\"},\"author\":{\"name\":\"Tar\u0131k\",\"@id\":\"https:\/\/narteks.net\/#\/schema\/person\/61f37d9834294b72d31d274e7ed79bca\"},\"headline\":\"KARIMA MEKTUP\",\"datePublished\":\"2009-11-05T10:25:53+00:00\",\"mainEntityOfPage\":{\"@id\":\"https:\/\/narteks.net\/index.php\/2009\/11\/05\/karima-mektup\/\"},\"wordCount\":241,\"commentCount\":0,\"publisher\":{\"@id\":\"https:\/\/narteks.net\/#organization\"},\"articleSection\":[\"Naz\u0131m H\u0130KMET RAN\"],\"inLanguage\":\"tr\",\"potentialAction\":[{\"@type\":\"CommentAction\",\"name\":\"Comment\",\"target\":[\"https:\/\/narteks.net\/index.php\/2009\/11\/05\/karima-mektup\/#respond\"]}]},{\"@type\":\"WebPage\",\"@id\":\"https:\/\/narteks.net\/index.php\/2009\/11\/05\/karima-mektup\/\",\"url\":\"https:\/\/narteks.net\/index.php\/2009\/11\/05\/karima-mektup\/\",\"name\":\"KARIMA MEKTUP - narteks.net\",\"isPartOf\":{\"@id\":\"https:\/\/narteks.net\/#website\"},\"datePublished\":\"2009-11-05T10:25:53+00:00\",\"breadcrumb\":{\"@id\":\"https:\/\/narteks.net\/index.php\/2009\/11\/05\/karima-mektup\/#breadcrumb\"},\"inLanguage\":\"tr\",\"potentialAction\":[{\"@type\":\"ReadAction\",\"target\":[\"https:\/\/narteks.net\/index.php\/2009\/11\/05\/karima-mektup\/\"]}]},{\"@type\":\"BreadcrumbList\",\"@id\":\"https:\/\/narteks.net\/index.php\/2009\/11\/05\/karima-mektup\/#breadcrumb\",\"itemListElement\":[{\"@type\":\"ListItem\",\"position\":1,\"name\":\"Anasayfa\",\"item\":\"https:\/\/narteks.net\/\"},{\"@type\":\"ListItem\",\"position\":2,\"name\":\"KARIMA MEKTUP\"}]},{\"@type\":\"WebSite\",\"@id\":\"https:\/\/narteks.net\/#website\",\"url\":\"https:\/\/narteks.net\/\",\"name\":\"narteks.net\",\"description\":\"K\u00fclt\u00fcr Sanat Edebiyat Felsefe\",\"publisher\":{\"@id\":\"https:\/\/narteks.net\/#organization\"},\"alternateName\":\"K\u00fclt\u00fcr Sanat Edebiyat Felsefe\",\"potentialAction\":[{\"@type\":\"SearchAction\",\"target\":{\"@type\":\"EntryPoint\",\"urlTemplate\":\"https:\/\/narteks.net\/?s={search_term_string}\"},\"query-input\":{\"@type\":\"PropertyValueSpecification\",\"valueRequired\":true,\"valueName\":\"search_term_string\"}}],\"inLanguage\":\"tr\"},{\"@type\":\"Organization\",\"@id\":\"https:\/\/narteks.net\/#organization\",\"name\":\"narteks.net\",\"url\":\"https:\/\/narteks.net\/\",\"logo\":{\"@type\":\"ImageObject\",\"inLanguage\":\"tr\",\"@id\":\"https:\/\/narteks.net\/#\/schema\/logo\/image\/\",\"url\":\"https:\/\/narteks.net\/wp-content\/uploads\/narteks.png\",\"contentUrl\":\"https:\/\/narteks.net\/wp-content\/uploads\/narteks.png\",\"width\":300,\"height\":90,\"caption\":\"narteks.net\"},\"image\":{\"@id\":\"https:\/\/narteks.net\/#\/schema\/logo\/image\/\"},\"sameAs\":[\"https:\/\/x.com\/narteks\",\"https:\/\/instagram.com\/narteksnet\"]},{\"@type\":\"Person\",\"@id\":\"https:\/\/narteks.net\/#\/schema\/person\/61f37d9834294b72d31d274e7ed79bca\",\"name\":\"Tar\u0131k\",\"image\":{\"@type\":\"ImageObject\",\"inLanguage\":\"tr\",\"@id\":\"https:\/\/narteks.net\/#\/schema\/person\/image\/\",\"url\":\"https:\/\/secure.gravatar.com\/avatar\/50865afb55632c4ae467e0af0930f6510aa2297d8014be502a55b14f3b7550cf?s=96&d=mm&r=g\",\"contentUrl\":\"https:\/\/secure.gravatar.com\/avatar\/50865afb55632c4ae467e0af0930f6510aa2297d8014be502a55b14f3b7550cf?s=96&d=mm&r=g\",\"caption\":\"Tar\u0131k\"},\"sameAs\":[\"http:\/\/narteks.net\"],\"url\":\"https:\/\/narteks.net\/index.php\/author\/narbak\/\"}]}<\/script>\n<!-- \/ Yoast SEO Premium plugin. -->","yoast_head_json":{"title":"KARIMA MEKTUP - narteks.net","robots":{"index":"index","follow":"follow","max-snippet":"max-snippet:-1","max-image-preview":"max-image-preview:large","max-video-preview":"max-video-preview:-1"},"canonical":"https:\/\/narteks.net\/index.php\/2009\/11\/05\/karima-mektup\/","og_locale":"tr_TR","og_type":"article","og_title":"KARIMA MEKTUP","og_description":"\u00a0 11-11-1933 Bursa Hapishanesi Bir tanem! Son mektubunda: \u00b4Ba\u015f\u0131m s\u0131zl\u0131yor y\u00fcre\u011fim sersem! \u00b4 diyorsun. \u00b4Seni asarlarsa seni kaybedersem; diyorsun; \u00b4ya\u015f\u0131yamam! \u00b4 Ya\u015fars\u0131n kar\u0131c\u0131\u011f\u0131m, kara bir duman gibi da\u011f\u0131l\u0131r hat\u0131ram r\u00fczgarda; ya\u015fars\u0131n kalbimin k\u0131z\u0131l sa\u00e7l\u0131 bac\u0131s\u0131 en fazla bir y\u0131l s\u00fcrer yirminci as\u0131rl\u0131larda \u00f6l\u00fcm ac\u0131s\u0131. \u00d6l\u00fcm bir ipte sallanan bir \u00f6l\u00fc. Bu \u00f6l\u00fcme bir t\u00fcrl\u00fc raz\u0131 [&hellip;]","og_url":"https:\/\/narteks.net\/index.php\/2009\/11\/05\/karima-mektup\/","og_site_name":"narteks.net","article_published_time":"2009-11-05T10:25:53+00:00","og_image":[{"width":300,"height":90,"url":"https:\/\/narteks.net\/wp-content\/uploads\/narteks.png","type":"image\/png"}],"author":"Tar\u0131k","twitter_card":"summary_large_image","twitter_creator":"@narteks","twitter_site":"@narteks","twitter_misc":{"Yazan:":"Tar\u0131k","Tahmini okuma s\u00fcresi":"1 dakika"},"schema":{"@context":"https:\/\/schema.org","@graph":[{"@type":"Article","@id":"https:\/\/narteks.net\/index.php\/2009\/11\/05\/karima-mektup\/#article","isPartOf":{"@id":"https:\/\/narteks.net\/index.php\/2009\/11\/05\/karima-mektup\/"},"author":{"name":"Tar\u0131k","@id":"https:\/\/narteks.net\/#\/schema\/person\/61f37d9834294b72d31d274e7ed79bca"},"headline":"KARIMA MEKTUP","datePublished":"2009-11-05T10:25:53+00:00","mainEntityOfPage":{"@id":"https:\/\/narteks.net\/index.php\/2009\/11\/05\/karima-mektup\/"},"wordCount":241,"commentCount":0,"publisher":{"@id":"https:\/\/narteks.net\/#organization"},"articleSection":["Naz\u0131m H\u0130KMET RAN"],"inLanguage":"tr","potentialAction":[{"@type":"CommentAction","name":"Comment","target":["https:\/\/narteks.net\/index.php\/2009\/11\/05\/karima-mektup\/#respond"]}]},{"@type":"WebPage","@id":"https:\/\/narteks.net\/index.php\/2009\/11\/05\/karima-mektup\/","url":"https:\/\/narteks.net\/index.php\/2009\/11\/05\/karima-mektup\/","name":"KARIMA MEKTUP - narteks.net","isPartOf":{"@id":"https:\/\/narteks.net\/#website"},"datePublished":"2009-11-05T10:25:53+00:00","breadcrumb":{"@id":"https:\/\/narteks.net\/index.php\/2009\/11\/05\/karima-mektup\/#breadcrumb"},"inLanguage":"tr","potentialAction":[{"@type":"ReadAction","target":["https:\/\/narteks.net\/index.php\/2009\/11\/05\/karima-mektup\/"]}]},{"@type":"BreadcrumbList","@id":"https:\/\/narteks.net\/index.php\/2009\/11\/05\/karima-mektup\/#breadcrumb","itemListElement":[{"@type":"ListItem","position":1,"name":"Anasayfa","item":"https:\/\/narteks.net\/"},{"@type":"ListItem","position":2,"name":"KARIMA MEKTUP"}]},{"@type":"WebSite","@id":"https:\/\/narteks.net\/#website","url":"https:\/\/narteks.net\/","name":"narteks.net","description":"K\u00fclt\u00fcr Sanat Edebiyat Felsefe","publisher":{"@id":"https:\/\/narteks.net\/#organization"},"alternateName":"K\u00fclt\u00fcr Sanat Edebiyat Felsefe","potentialAction":[{"@type":"SearchAction","target":{"@type":"EntryPoint","urlTemplate":"https:\/\/narteks.net\/?s={search_term_string}"},"query-input":{"@type":"PropertyValueSpecification","valueRequired":true,"valueName":"search_term_string"}}],"inLanguage":"tr"},{"@type":"Organization","@id":"https:\/\/narteks.net\/#organization","name":"narteks.net","url":"https:\/\/narteks.net\/","logo":{"@type":"ImageObject","inLanguage":"tr","@id":"https:\/\/narteks.net\/#\/schema\/logo\/image\/","url":"https:\/\/narteks.net\/wp-content\/uploads\/narteks.png","contentUrl":"https:\/\/narteks.net\/wp-content\/uploads\/narteks.png","width":300,"height":90,"caption":"narteks.net"},"image":{"@id":"https:\/\/narteks.net\/#\/schema\/logo\/image\/"},"sameAs":["https:\/\/x.com\/narteks","https:\/\/instagram.com\/narteksnet"]},{"@type":"Person","@id":"https:\/\/narteks.net\/#\/schema\/person\/61f37d9834294b72d31d274e7ed79bca","name":"Tar\u0131k","image":{"@type":"ImageObject","inLanguage":"tr","@id":"https:\/\/narteks.net\/#\/schema\/person\/image\/","url":"https:\/\/secure.gravatar.com\/avatar\/50865afb55632c4ae467e0af0930f6510aa2297d8014be502a55b14f3b7550cf?s=96&d=mm&r=g","contentUrl":"https:\/\/secure.gravatar.com\/avatar\/50865afb55632c4ae467e0af0930f6510aa2297d8014be502a55b14f3b7550cf?s=96&d=mm&r=g","caption":"Tar\u0131k"},"sameAs":["http:\/\/narteks.net"],"url":"https:\/\/narteks.net\/index.php\/author\/narbak\/"}]}},"_links":{"self":[{"href":"https:\/\/narteks.net\/index.php\/wp-json\/wp\/v2\/posts\/1122","targetHints":{"allow":["GET"]}}],"collection":[{"href":"https:\/\/narteks.net\/index.php\/wp-json\/wp\/v2\/posts"}],"about":[{"href":"https:\/\/narteks.net\/index.php\/wp-json\/wp\/v2\/types\/post"}],"author":[{"embeddable":true,"href":"https:\/\/narteks.net\/index.php\/wp-json\/wp\/v2\/users\/1"}],"replies":[{"embeddable":true,"href":"https:\/\/narteks.net\/index.php\/wp-json\/wp\/v2\/comments?post=1122"}],"version-history":[{"count":0,"href":"https:\/\/narteks.net\/index.php\/wp-json\/wp\/v2\/posts\/1122\/revisions"}],"wp:attachment":[{"href":"https:\/\/narteks.net\/index.php\/wp-json\/wp\/v2\/media?parent=1122"}],"wp:term":[{"taxonomy":"category","embeddable":true,"href":"https:\/\/narteks.net\/index.php\/wp-json\/wp\/v2\/categories?post=1122"},{"taxonomy":"post_tag","embeddable":true,"href":"https:\/\/narteks.net\/index.php\/wp-json\/wp\/v2\/tags?post=1122"}],"curies":[{"name":"wp","href":"https:\/\/api.w.org\/{rel}","templated":true}]}}