{"id":1123,"date":"2009-11-05T13:26:37","date_gmt":"2009-11-05T10:26:37","guid":{"rendered":"http:\/\/localhost\/wordpress\/2009\/11\/05\/karli-kayin-ormaninda\/"},"modified":"2009-11-05T13:26:37","modified_gmt":"2009-11-05T10:26:37","slug":"karli-kayin-ormaninda","status":"publish","type":"post","link":"https:\/\/narteks.net\/index.php\/2009\/11\/05\/karli-kayin-ormaninda\/","title":{"rendered":"KARLI KAYIN ORMANINDA"},"content":{"rendered":"<p>\u00a0<\/p>\n<p>Karl\u0131 kay\u0131n orman\u0131nda<br \/> y\u00fcr\u00fcyorum geceleyin.<br \/> Efk\u00e2rl\u0131y\u0131m, efk\u00e2rl\u0131y\u0131m,<br \/> elini ver, nerde elin?<\/p>\n<p>Ay\u0131\u015f\u0131\u011f\u0131 renginde kar,<br \/> ke\u00e7e \u00e7izmelerim a\u011f\u0131r.<br \/> \u0130\u00e7imde \u00e7al\u0131nan \u0131sl\u0131k<br \/> beni nereye \u00e7a\u011f\u0131r\u0131r?<\/p>\n<p>Memleket mi, y\u0131ld\u0131zlar m\u0131,<br \/> gen\u00e7li\u011fim mi daha uzak?<br \/> Kay\u0131nlar\u0131n aras\u0131nda<br \/> bir pencere, sar\u0131 s\u0131cak.<\/p>\n<p>Ben ordan ge\u00e7erken biri:<br \/> \u00b4Amca, dese, gir i\u00e7eri.\u00b4<br \/> Girip yerden sel\u00e2mlasam<br \/> hane i\u00e7indekileri.<\/p>\n<p>Eski takvim hesab\u0131yle<br \/> bu sabah ba\u015fad\u0131 bahar.<br \/> Geri geldi Memed\u00b4ime<br \/> yollad\u0131\u011f\u0131m oyuncaklar.<\/p>\n<p>Kurulmam\u0131\u015f zembere\u011fi<br \/> k\u00fcsk\u00fcn duruyor kamyonet,<br \/> y\u00fczd\u00fcremedi le\u011fende<br \/> beyaz kotras\u0131n\u0131 Memet.<\/p>\n<p>Kar tertemiz, kar kabar\u0131k,<br \/> y\u00fcr\u00fcyorum yumu\u015fac\u0131k.<br \/> D\u00fcn gece on bir bu\u00e7ukta<br \/> \u00f6lm\u00fc\u015f Berut, tan\u0131\u015f\u0131rd\u0131k.<\/p>\n<p>Bende boz bir hal\u0131s\u0131 var<br \/> bir de kitab\u0131, imzal\u0131.<br \/> Elden ele ge\u00e7er kitap,<br \/> daha y\u00fcz y\u0131l ya\u015far hal\u0131.<\/p>\n<p>Yedi tepeli \u015fehrimde<br \/> b\u0131rakt\u0131m gonca g\u00fcl\u00fcm\u00fc.<br \/> Ne \u00f6l\u00fcmden korkmak ay\u0131p,<br \/> ne de d\u00fc\u015f\u00fcnmek \u00f6l\u00fcm\u00fc.<\/p>\n<p>En acayip g\u00fcc\u00fcm\u00fczd\u00fcr,<br \/> kahramanl\u0131kt\u0131r ya\u015famak:<br \/> \u00d6lece\u011fimizi bilip,<br \/> \u00f6lece\u011fimizi mutlak.<\/p>\n<p>Memleket mi, daha uzak,<br \/> gen\u00e7li\u011fim mi, y\u0131ld\u0131zlar m\u0131?<br \/> Bayramo\u011flu, Bayramo\u011flu,<br \/> \u00f6l\u00fcmden \u00f6te k\u00f6y var m\u0131?<\/p>\n<p>Geceleyin, karl\u0131 kay\u0131n<br \/> orman\u0131nda y\u00fcr\u00fcyorum.<br \/> Karanl\u0131kta etraf\u0131m\u0131<br \/> g\u00fcnd\u00fcz gibi g\u00f6r\u00fcyorum.<\/p>\n<p>\u015eimdi \u015furdan sapt\u0131m m\u0131yd\u0131,<br \/> \u015fose, tirenyolu, ova.<br \/> Yirmi be\u015f kilometreden<\/p>\n<p>Naz\u0131m Hikmet RAN<\/p>\n","protected":false},"excerpt":{"rendered":"<p>\u00a0 Karl\u0131 kay\u0131n orman\u0131nda y\u00fcr\u00fcyorum geceleyin. Efk\u00e2rl\u0131y\u0131m, efk\u00e2rl\u0131y\u0131m, elini ver, nerde elin? Ay\u0131\u015f\u0131\u011f\u0131 renginde kar, ke\u00e7e \u00e7izmelerim a\u011f\u0131r. \u0130\u00e7imde \u00e7al\u0131nan \u0131sl\u0131k beni nereye \u00e7a\u011f\u0131r\u0131r? Memleket mi, y\u0131ld\u0131zlar m\u0131, gen\u00e7li\u011fim mi daha uzak? Kay\u0131nlar\u0131n aras\u0131nda bir pencere, sar\u0131 s\u0131cak. Ben ordan ge\u00e7erken biri: \u00b4Amca, dese, gir i\u00e7eri.\u00b4 Girip yerden sel\u00e2mlasam hane i\u00e7indekileri. Eski takvim hesab\u0131yle bu [&hellip;]<\/p>\n","protected":false},"author":1,"featured_media":0,"comment_status":"open","ping_status":"open","sticky":false,"template":"","format":"standard","meta":{"footnotes":""},"categories":[59],"tags":[],"class_list":{"0":"post-1123","1":"post","2":"type-post","3":"status-publish","4":"format-standard","6":"category-nazim-hikmet-ran"},"yoast_head":"<!-- This site is optimized with the Yoast SEO Premium plugin v24.9 (Yoast SEO v24.9) - https:\/\/yoast.com\/wordpress\/plugins\/seo\/ -->\n<title>KARLI KAYIN ORMANINDA - narteks.net<\/title>\n<meta name=\"robots\" content=\"index, follow, max-snippet:-1, max-image-preview:large, max-video-preview:-1\" \/>\n<link rel=\"canonical\" href=\"https:\/\/narteks.net\/index.php\/2009\/11\/05\/karli-kayin-ormaninda\/\" \/>\n<meta property=\"og:locale\" content=\"tr_TR\" \/>\n<meta property=\"og:type\" content=\"article\" \/>\n<meta property=\"og:title\" content=\"KARLI KAYIN ORMANINDA\" \/>\n<meta property=\"og:description\" content=\"\u00a0 Karl\u0131 kay\u0131n orman\u0131nda y\u00fcr\u00fcyorum geceleyin. Efk\u00e2rl\u0131y\u0131m, efk\u00e2rl\u0131y\u0131m, elini ver, nerde elin? Ay\u0131\u015f\u0131\u011f\u0131 renginde kar, ke\u00e7e \u00e7izmelerim a\u011f\u0131r. \u0130\u00e7imde \u00e7al\u0131nan \u0131sl\u0131k beni nereye \u00e7a\u011f\u0131r\u0131r? Memleket mi, y\u0131ld\u0131zlar m\u0131, gen\u00e7li\u011fim mi daha uzak? Kay\u0131nlar\u0131n aras\u0131nda bir pencere, sar\u0131 s\u0131cak. Ben ordan ge\u00e7erken biri: \u00b4Amca, dese, gir i\u00e7eri.\u00b4 Girip yerden sel\u00e2mlasam hane i\u00e7indekileri. Eski takvim hesab\u0131yle bu [&hellip;]\" \/>\n<meta property=\"og:url\" content=\"https:\/\/narteks.net\/index.php\/2009\/11\/05\/karli-kayin-ormaninda\/\" \/>\n<meta property=\"og:site_name\" content=\"narteks.net\" \/>\n<meta property=\"article:published_time\" content=\"2009-11-05T10:26:37+00:00\" \/>\n<meta property=\"og:image\" content=\"https:\/\/narteks.net\/wp-content\/uploads\/narteks.png\" \/>\n\t<meta property=\"og:image:width\" content=\"300\" \/>\n\t<meta property=\"og:image:height\" content=\"90\" \/>\n\t<meta property=\"og:image:type\" content=\"image\/png\" \/>\n<meta name=\"author\" content=\"Tar\u0131k\" \/>\n<meta name=\"twitter:card\" content=\"summary_large_image\" \/>\n<meta name=\"twitter:creator\" content=\"@narteks\" \/>\n<meta name=\"twitter:site\" content=\"@narteks\" \/>\n<meta name=\"twitter:label1\" content=\"Yazan:\" \/>\n\t<meta name=\"twitter:data1\" content=\"Tar\u0131k\" \/>\n\t<meta name=\"twitter:label2\" content=\"Tahmini okuma s\u00fcresi\" \/>\n\t<meta name=\"twitter:data2\" content=\"1 dakika\" \/>\n<script type=\"application\/ld+json\" class=\"yoast-schema-graph\">{\"@context\":\"https:\/\/schema.org\",\"@graph\":[{\"@type\":\"Article\",\"@id\":\"https:\/\/narteks.net\/index.php\/2009\/11\/05\/karli-kayin-ormaninda\/#article\",\"isPartOf\":{\"@id\":\"https:\/\/narteks.net\/index.php\/2009\/11\/05\/karli-kayin-ormaninda\/\"},\"author\":{\"name\":\"Tar\u0131k\",\"@id\":\"https:\/\/narteks.net\/#\/schema\/person\/61f37d9834294b72d31d274e7ed79bca\"},\"headline\":\"KARLI KAYIN ORMANINDA\",\"datePublished\":\"2009-11-05T10:26:37+00:00\",\"mainEntityOfPage\":{\"@id\":\"https:\/\/narteks.net\/index.php\/2009\/11\/05\/karli-kayin-ormaninda\/\"},\"wordCount\":259,\"commentCount\":0,\"publisher\":{\"@id\":\"https:\/\/narteks.net\/#organization\"},\"articleSection\":[\"Naz\u0131m H\u0130KMET RAN\"],\"inLanguage\":\"tr\",\"potentialAction\":[{\"@type\":\"CommentAction\",\"name\":\"Comment\",\"target\":[\"https:\/\/narteks.net\/index.php\/2009\/11\/05\/karli-kayin-ormaninda\/#respond\"]}]},{\"@type\":\"WebPage\",\"@id\":\"https:\/\/narteks.net\/index.php\/2009\/11\/05\/karli-kayin-ormaninda\/\",\"url\":\"https:\/\/narteks.net\/index.php\/2009\/11\/05\/karli-kayin-ormaninda\/\",\"name\":\"KARLI KAYIN ORMANINDA - narteks.net\",\"isPartOf\":{\"@id\":\"https:\/\/narteks.net\/#website\"},\"datePublished\":\"2009-11-05T10:26:37+00:00\",\"breadcrumb\":{\"@id\":\"https:\/\/narteks.net\/index.php\/2009\/11\/05\/karli-kayin-ormaninda\/#breadcrumb\"},\"inLanguage\":\"tr\",\"potentialAction\":[{\"@type\":\"ReadAction\",\"target\":[\"https:\/\/narteks.net\/index.php\/2009\/11\/05\/karli-kayin-ormaninda\/\"]}]},{\"@type\":\"BreadcrumbList\",\"@id\":\"https:\/\/narteks.net\/index.php\/2009\/11\/05\/karli-kayin-ormaninda\/#breadcrumb\",\"itemListElement\":[{\"@type\":\"ListItem\",\"position\":1,\"name\":\"Anasayfa\",\"item\":\"https:\/\/narteks.net\/\"},{\"@type\":\"ListItem\",\"position\":2,\"name\":\"KARLI KAYIN ORMANINDA\"}]},{\"@type\":\"WebSite\",\"@id\":\"https:\/\/narteks.net\/#website\",\"url\":\"https:\/\/narteks.net\/\",\"name\":\"narteks.net\",\"description\":\"K\u00fclt\u00fcr Sanat Edebiyat Felsefe\",\"publisher\":{\"@id\":\"https:\/\/narteks.net\/#organization\"},\"alternateName\":\"K\u00fclt\u00fcr Sanat Edebiyat Felsefe\",\"potentialAction\":[{\"@type\":\"SearchAction\",\"target\":{\"@type\":\"EntryPoint\",\"urlTemplate\":\"https:\/\/narteks.net\/?s={search_term_string}\"},\"query-input\":{\"@type\":\"PropertyValueSpecification\",\"valueRequired\":true,\"valueName\":\"search_term_string\"}}],\"inLanguage\":\"tr\"},{\"@type\":\"Organization\",\"@id\":\"https:\/\/narteks.net\/#organization\",\"name\":\"narteks.net\",\"url\":\"https:\/\/narteks.net\/\",\"logo\":{\"@type\":\"ImageObject\",\"inLanguage\":\"tr\",\"@id\":\"https:\/\/narteks.net\/#\/schema\/logo\/image\/\",\"url\":\"https:\/\/narteks.net\/wp-content\/uploads\/narteks.png\",\"contentUrl\":\"https:\/\/narteks.net\/wp-content\/uploads\/narteks.png\",\"width\":300,\"height\":90,\"caption\":\"narteks.net\"},\"image\":{\"@id\":\"https:\/\/narteks.net\/#\/schema\/logo\/image\/\"},\"sameAs\":[\"https:\/\/x.com\/narteks\",\"https:\/\/instagram.com\/narteksnet\"]},{\"@type\":\"Person\",\"@id\":\"https:\/\/narteks.net\/#\/schema\/person\/61f37d9834294b72d31d274e7ed79bca\",\"name\":\"Tar\u0131k\",\"image\":{\"@type\":\"ImageObject\",\"inLanguage\":\"tr\",\"@id\":\"https:\/\/narteks.net\/#\/schema\/person\/image\/\",\"url\":\"https:\/\/secure.gravatar.com\/avatar\/50865afb55632c4ae467e0af0930f6510aa2297d8014be502a55b14f3b7550cf?s=96&d=mm&r=g\",\"contentUrl\":\"https:\/\/secure.gravatar.com\/avatar\/50865afb55632c4ae467e0af0930f6510aa2297d8014be502a55b14f3b7550cf?s=96&d=mm&r=g\",\"caption\":\"Tar\u0131k\"},\"sameAs\":[\"http:\/\/narteks.net\"],\"url\":\"https:\/\/narteks.net\/index.php\/author\/narbak\/\"}]}<\/script>\n<!-- \/ Yoast SEO Premium plugin. -->","yoast_head_json":{"title":"KARLI KAYIN ORMANINDA - narteks.net","robots":{"index":"index","follow":"follow","max-snippet":"max-snippet:-1","max-image-preview":"max-image-preview:large","max-video-preview":"max-video-preview:-1"},"canonical":"https:\/\/narteks.net\/index.php\/2009\/11\/05\/karli-kayin-ormaninda\/","og_locale":"tr_TR","og_type":"article","og_title":"KARLI KAYIN ORMANINDA","og_description":"\u00a0 Karl\u0131 kay\u0131n orman\u0131nda y\u00fcr\u00fcyorum geceleyin. Efk\u00e2rl\u0131y\u0131m, efk\u00e2rl\u0131y\u0131m, elini ver, nerde elin? Ay\u0131\u015f\u0131\u011f\u0131 renginde kar, ke\u00e7e \u00e7izmelerim a\u011f\u0131r. \u0130\u00e7imde \u00e7al\u0131nan \u0131sl\u0131k beni nereye \u00e7a\u011f\u0131r\u0131r? Memleket mi, y\u0131ld\u0131zlar m\u0131, gen\u00e7li\u011fim mi daha uzak? Kay\u0131nlar\u0131n aras\u0131nda bir pencere, sar\u0131 s\u0131cak. Ben ordan ge\u00e7erken biri: \u00b4Amca, dese, gir i\u00e7eri.\u00b4 Girip yerden sel\u00e2mlasam hane i\u00e7indekileri. Eski takvim hesab\u0131yle bu [&hellip;]","og_url":"https:\/\/narteks.net\/index.php\/2009\/11\/05\/karli-kayin-ormaninda\/","og_site_name":"narteks.net","article_published_time":"2009-11-05T10:26:37+00:00","og_image":[{"width":300,"height":90,"url":"https:\/\/narteks.net\/wp-content\/uploads\/narteks.png","type":"image\/png"}],"author":"Tar\u0131k","twitter_card":"summary_large_image","twitter_creator":"@narteks","twitter_site":"@narteks","twitter_misc":{"Yazan:":"Tar\u0131k","Tahmini okuma s\u00fcresi":"1 dakika"},"schema":{"@context":"https:\/\/schema.org","@graph":[{"@type":"Article","@id":"https:\/\/narteks.net\/index.php\/2009\/11\/05\/karli-kayin-ormaninda\/#article","isPartOf":{"@id":"https:\/\/narteks.net\/index.php\/2009\/11\/05\/karli-kayin-ormaninda\/"},"author":{"name":"Tar\u0131k","@id":"https:\/\/narteks.net\/#\/schema\/person\/61f37d9834294b72d31d274e7ed79bca"},"headline":"KARLI KAYIN ORMANINDA","datePublished":"2009-11-05T10:26:37+00:00","mainEntityOfPage":{"@id":"https:\/\/narteks.net\/index.php\/2009\/11\/05\/karli-kayin-ormaninda\/"},"wordCount":259,"commentCount":0,"publisher":{"@id":"https:\/\/narteks.net\/#organization"},"articleSection":["Naz\u0131m H\u0130KMET RAN"],"inLanguage":"tr","potentialAction":[{"@type":"CommentAction","name":"Comment","target":["https:\/\/narteks.net\/index.php\/2009\/11\/05\/karli-kayin-ormaninda\/#respond"]}]},{"@type":"WebPage","@id":"https:\/\/narteks.net\/index.php\/2009\/11\/05\/karli-kayin-ormaninda\/","url":"https:\/\/narteks.net\/index.php\/2009\/11\/05\/karli-kayin-ormaninda\/","name":"KARLI KAYIN ORMANINDA - narteks.net","isPartOf":{"@id":"https:\/\/narteks.net\/#website"},"datePublished":"2009-11-05T10:26:37+00:00","breadcrumb":{"@id":"https:\/\/narteks.net\/index.php\/2009\/11\/05\/karli-kayin-ormaninda\/#breadcrumb"},"inLanguage":"tr","potentialAction":[{"@type":"ReadAction","target":["https:\/\/narteks.net\/index.php\/2009\/11\/05\/karli-kayin-ormaninda\/"]}]},{"@type":"BreadcrumbList","@id":"https:\/\/narteks.net\/index.php\/2009\/11\/05\/karli-kayin-ormaninda\/#breadcrumb","itemListElement":[{"@type":"ListItem","position":1,"name":"Anasayfa","item":"https:\/\/narteks.net\/"},{"@type":"ListItem","position":2,"name":"KARLI KAYIN ORMANINDA"}]},{"@type":"WebSite","@id":"https:\/\/narteks.net\/#website","url":"https:\/\/narteks.net\/","name":"narteks.net","description":"K\u00fclt\u00fcr Sanat Edebiyat Felsefe","publisher":{"@id":"https:\/\/narteks.net\/#organization"},"alternateName":"K\u00fclt\u00fcr Sanat Edebiyat Felsefe","potentialAction":[{"@type":"SearchAction","target":{"@type":"EntryPoint","urlTemplate":"https:\/\/narteks.net\/?s={search_term_string}"},"query-input":{"@type":"PropertyValueSpecification","valueRequired":true,"valueName":"search_term_string"}}],"inLanguage":"tr"},{"@type":"Organization","@id":"https:\/\/narteks.net\/#organization","name":"narteks.net","url":"https:\/\/narteks.net\/","logo":{"@type":"ImageObject","inLanguage":"tr","@id":"https:\/\/narteks.net\/#\/schema\/logo\/image\/","url":"https:\/\/narteks.net\/wp-content\/uploads\/narteks.png","contentUrl":"https:\/\/narteks.net\/wp-content\/uploads\/narteks.png","width":300,"height":90,"caption":"narteks.net"},"image":{"@id":"https:\/\/narteks.net\/#\/schema\/logo\/image\/"},"sameAs":["https:\/\/x.com\/narteks","https:\/\/instagram.com\/narteksnet"]},{"@type":"Person","@id":"https:\/\/narteks.net\/#\/schema\/person\/61f37d9834294b72d31d274e7ed79bca","name":"Tar\u0131k","image":{"@type":"ImageObject","inLanguage":"tr","@id":"https:\/\/narteks.net\/#\/schema\/person\/image\/","url":"https:\/\/secure.gravatar.com\/avatar\/50865afb55632c4ae467e0af0930f6510aa2297d8014be502a55b14f3b7550cf?s=96&d=mm&r=g","contentUrl":"https:\/\/secure.gravatar.com\/avatar\/50865afb55632c4ae467e0af0930f6510aa2297d8014be502a55b14f3b7550cf?s=96&d=mm&r=g","caption":"Tar\u0131k"},"sameAs":["http:\/\/narteks.net"],"url":"https:\/\/narteks.net\/index.php\/author\/narbak\/"}]}},"_links":{"self":[{"href":"https:\/\/narteks.net\/index.php\/wp-json\/wp\/v2\/posts\/1123","targetHints":{"allow":["GET"]}}],"collection":[{"href":"https:\/\/narteks.net\/index.php\/wp-json\/wp\/v2\/posts"}],"about":[{"href":"https:\/\/narteks.net\/index.php\/wp-json\/wp\/v2\/types\/post"}],"author":[{"embeddable":true,"href":"https:\/\/narteks.net\/index.php\/wp-json\/wp\/v2\/users\/1"}],"replies":[{"embeddable":true,"href":"https:\/\/narteks.net\/index.php\/wp-json\/wp\/v2\/comments?post=1123"}],"version-history":[{"count":0,"href":"https:\/\/narteks.net\/index.php\/wp-json\/wp\/v2\/posts\/1123\/revisions"}],"wp:attachment":[{"href":"https:\/\/narteks.net\/index.php\/wp-json\/wp\/v2\/media?parent=1123"}],"wp:term":[{"taxonomy":"category","embeddable":true,"href":"https:\/\/narteks.net\/index.php\/wp-json\/wp\/v2\/categories?post=1123"},{"taxonomy":"post_tag","embeddable":true,"href":"https:\/\/narteks.net\/index.php\/wp-json\/wp\/v2\/tags?post=1123"}],"curies":[{"name":"wp","href":"https:\/\/api.w.org\/{rel}","templated":true}]}}