{"id":1146,"date":"2009-11-05T13:45:51","date_gmt":"2009-11-05T10:45:51","guid":{"rendered":"http:\/\/localhost\/wordpress\/2009\/11\/05\/pencereler\/"},"modified":"2009-11-05T13:45:51","modified_gmt":"2009-11-05T10:45:51","slug":"pencereler","status":"publish","type":"post","link":"https:\/\/narteks.net\/index.php\/2009\/11\/05\/pencereler\/","title":{"rendered":"PENCERELER"},"content":{"rendered":"<p>\u00a0<\/p>\n<p>Sabaha kar\u015f\u0131 m\u0131yd\u0131 bilmiyorum<br \/> yoksa ak\u015fam\u00fcst\u00fc m\u00fcyd\u00fc<br \/> belkide gece yar\u0131s\u0131<br \/> bilmiyorum<br \/> girdi odama pencereler<br \/> perdeli perdesiz<br \/> ben basma perdeleri severim<br \/> ama t\u00fcl perdeler de vard\u0131<br \/> kara ustorlar da<br \/> ustorlar\u0131 \u00e7ekip \u00e7ekip b\u0131rak\u0131yordum<br \/> bir daha inmez oldu kimisi<br \/> kimisi bir daha \u00e7\u0131kamad\u0131 yukar\u0131<br \/> ve camlar\u0131 k\u0131r\u0131k pencereler<br \/> elimi kestim<br \/> kimi cams\u0131zd\u0131 b\u00fcsb\u00fct\u00fcn<br \/> cams\u0131z pencereler i\u00e7ime dokunur<br \/> cams\u0131z g\u00f6zl\u00fckler gibi<\/p>\n<p>Pencereler<br \/> ya\u011fmur ya\u011f\u0131yordu camlar\u0131n\u0131za<br \/> k\u0131z\u0131l sa\u00e7lar\u0131 kederli uzun<br \/> ben alt duda\u011f\u0131mda c\u0131garam<br \/> t\u00fcrk\u00fc s\u00f6yl\u00fcyordum i\u00e7imden<br \/> ya\u011fmur sesini kendi sesimden \u00e7ok severim<\/p>\n<p>Pencereler<br \/> be\u015finci katta g\u00fcne\u015fli bo\u015flu\u011funuzda bir deniz<br \/> bir deniz mavi y\u00fcz\u00fck ta\u015f\u0131ndan<br \/> ser\u00e7e parma\u011f\u0131ma ge\u00e7irdim usulcac\u0131k<br \/> \u00fc\u00e7 kere \u00f6pt\u00fcm a\u011flayarak<br \/> \u00f6p\u00fcp aln\u0131ma koydum \u00fc\u00e7 kere<\/p>\n<p>Pencereler<br \/> \u00e7\u0131kt\u0131m k\u0131rm\u0131z\u0131 velenseli yataktan<br \/> \u00e7ocuk burnumu dayad\u0131m terli cam\u0131na pencerenin<br \/> oda s\u0131cakt\u0131 ve gen\u00e7 anam\u0131n kokusu vard\u0131 odada<br \/> d\u0131\u015farda kar ya\u011f\u0131yordu<br \/> ben k\u0131zam\u0131k \u00e7\u0131kar\u0131yordum<\/p>\n<p>Pencereler<br \/> sabaha kar\u015f\u0131 m\u0131yd\u0131 bilmiyorum<br \/> belki de gece yar\u0131s\u0131<br \/> bilmiyorum<br \/> odam\u0131n i\u00e7indeydi y\u0131ld\u0131zlar<br \/> ve gece kelebekleri gibi<br \/> \u00e7\u0131rp\u0131n\u0131yorlard\u0131 camlar\u0131n\u0131zda<br \/> ben onlara dokunmaktan \u00e7ekinerek<br \/> a\u00e7t\u0131m sizi pencereler<br \/> sal\u0131verdim y\u0131ld\u0131zlar\u0131 geceye<br \/> ayd\u0131nl\u0131k s\u0131n\u0131rs\u0131z h\u00fcr geceye<br \/> yapma aylar\u0131n ge\u00e7ti\u011fi geceye<\/p>\n<p>kurtlar duruyor ay\u0131n alt\u0131nda<br \/> hasta a\u00e7 kurtlar<br \/> kurtlar duruyor \u00f6n\u00fcnde pencerenin<br \/> kadife perdeleri kapasam da s\u0131ms\u0131k\u0131<br \/> ordad\u0131rlar bilirim<br \/> g\u00f6zetliyorlar beni<\/p>\n<p>Pencereler<br \/> d\u00fc\u015ft\u00fcm bir pencereden<br \/> bir g\u00fczele bakarken<br \/> d\u00fcnya halime g\u00fcld\u00fc<br \/> g\u00fczel d\u00f6n\u00fcp bakmad\u0131<br \/> belki fark\u0131nda de\u011fildi<\/p>\n<p>Pencereler<br \/> pencereler<br \/> k\u0131rk evin penceresi odama girdi<br \/> ben oturdum birinin i\u00e7ine<br \/> sark\u0131tt\u0131m ayaklar\u0131m\u0131 bulutlara<br \/> bahtiyar\u0131m<br \/> diyebilirdim belki<\/p>\n<p>Naz\u0131m Hikmet RAN<\/p>\n","protected":false},"excerpt":{"rendered":"<p>\u00a0 Sabaha kar\u015f\u0131 m\u0131yd\u0131 bilmiyorum yoksa ak\u015fam\u00fcst\u00fc m\u00fcyd\u00fc belkide gece yar\u0131s\u0131 bilmiyorum girdi odama pencereler perdeli perdesiz ben basma perdeleri severim ama t\u00fcl perdeler de vard\u0131 kara ustorlar da ustorlar\u0131 \u00e7ekip \u00e7ekip b\u0131rak\u0131yordum bir daha inmez oldu kimisi kimisi bir daha \u00e7\u0131kamad\u0131 yukar\u0131 ve camlar\u0131 k\u0131r\u0131k pencereler elimi kestim kimi cams\u0131zd\u0131 b\u00fcsb\u00fct\u00fcn cams\u0131z pencereler i\u00e7ime [&hellip;]<\/p>\n","protected":false},"author":1,"featured_media":0,"comment_status":"open","ping_status":"open","sticky":false,"template":"","format":"standard","meta":{"footnotes":""},"categories":[59],"tags":[],"class_list":{"0":"post-1146","1":"post","2":"type-post","3":"status-publish","4":"format-standard","6":"category-nazim-hikmet-ran"},"yoast_head":"<!-- This site is optimized with the Yoast SEO Premium plugin v24.9 (Yoast SEO v24.9) - https:\/\/yoast.com\/wordpress\/plugins\/seo\/ -->\n<title>PENCERELER - narteks.net<\/title>\n<meta name=\"robots\" content=\"index, follow, max-snippet:-1, max-image-preview:large, max-video-preview:-1\" \/>\n<link rel=\"canonical\" href=\"https:\/\/narteks.net\/index.php\/2009\/11\/05\/pencereler\/\" \/>\n<meta property=\"og:locale\" content=\"tr_TR\" \/>\n<meta property=\"og:type\" content=\"article\" \/>\n<meta property=\"og:title\" content=\"PENCERELER\" \/>\n<meta property=\"og:description\" content=\"\u00a0 Sabaha kar\u015f\u0131 m\u0131yd\u0131 bilmiyorum yoksa ak\u015fam\u00fcst\u00fc m\u00fcyd\u00fc belkide gece yar\u0131s\u0131 bilmiyorum girdi odama pencereler perdeli perdesiz ben basma perdeleri severim ama t\u00fcl perdeler de vard\u0131 kara ustorlar da ustorlar\u0131 \u00e7ekip \u00e7ekip b\u0131rak\u0131yordum bir daha inmez oldu kimisi kimisi bir daha \u00e7\u0131kamad\u0131 yukar\u0131 ve camlar\u0131 k\u0131r\u0131k pencereler elimi kestim kimi cams\u0131zd\u0131 b\u00fcsb\u00fct\u00fcn cams\u0131z pencereler i\u00e7ime [&hellip;]\" \/>\n<meta property=\"og:url\" content=\"https:\/\/narteks.net\/index.php\/2009\/11\/05\/pencereler\/\" \/>\n<meta property=\"og:site_name\" content=\"narteks.net\" \/>\n<meta property=\"article:published_time\" content=\"2009-11-05T10:45:51+00:00\" \/>\n<meta property=\"og:image\" content=\"https:\/\/narteks.net\/wp-content\/uploads\/narteks.png\" \/>\n\t<meta property=\"og:image:width\" content=\"300\" \/>\n\t<meta property=\"og:image:height\" content=\"90\" \/>\n\t<meta property=\"og:image:type\" content=\"image\/png\" \/>\n<meta name=\"author\" content=\"Tar\u0131k\" \/>\n<meta name=\"twitter:card\" content=\"summary_large_image\" \/>\n<meta name=\"twitter:creator\" content=\"@narteks\" \/>\n<meta name=\"twitter:site\" content=\"@narteks\" \/>\n<meta name=\"twitter:label1\" content=\"Yazan:\" \/>\n\t<meta name=\"twitter:data1\" content=\"Tar\u0131k\" \/>\n\t<meta name=\"twitter:label2\" content=\"Tahmini okuma s\u00fcresi\" \/>\n\t<meta name=\"twitter:data2\" content=\"2 dakika\" \/>\n<script type=\"application\/ld+json\" class=\"yoast-schema-graph\">{\"@context\":\"https:\/\/schema.org\",\"@graph\":[{\"@type\":\"Article\",\"@id\":\"https:\/\/narteks.net\/index.php\/2009\/11\/05\/pencereler\/#article\",\"isPartOf\":{\"@id\":\"https:\/\/narteks.net\/index.php\/2009\/11\/05\/pencereler\/\"},\"author\":{\"name\":\"Tar\u0131k\",\"@id\":\"https:\/\/narteks.net\/#\/schema\/person\/61f37d9834294b72d31d274e7ed79bca\"},\"headline\":\"PENCERELER\",\"datePublished\":\"2009-11-05T10:45:51+00:00\",\"mainEntityOfPage\":{\"@id\":\"https:\/\/narteks.net\/index.php\/2009\/11\/05\/pencereler\/\"},\"wordCount\":330,\"commentCount\":0,\"publisher\":{\"@id\":\"https:\/\/narteks.net\/#organization\"},\"articleSection\":[\"Naz\u0131m H\u0130KMET RAN\"],\"inLanguage\":\"tr\",\"potentialAction\":[{\"@type\":\"CommentAction\",\"name\":\"Comment\",\"target\":[\"https:\/\/narteks.net\/index.php\/2009\/11\/05\/pencereler\/#respond\"]}]},{\"@type\":\"WebPage\",\"@id\":\"https:\/\/narteks.net\/index.php\/2009\/11\/05\/pencereler\/\",\"url\":\"https:\/\/narteks.net\/index.php\/2009\/11\/05\/pencereler\/\",\"name\":\"PENCERELER - narteks.net\",\"isPartOf\":{\"@id\":\"https:\/\/narteks.net\/#website\"},\"datePublished\":\"2009-11-05T10:45:51+00:00\",\"breadcrumb\":{\"@id\":\"https:\/\/narteks.net\/index.php\/2009\/11\/05\/pencereler\/#breadcrumb\"},\"inLanguage\":\"tr\",\"potentialAction\":[{\"@type\":\"ReadAction\",\"target\":[\"https:\/\/narteks.net\/index.php\/2009\/11\/05\/pencereler\/\"]}]},{\"@type\":\"BreadcrumbList\",\"@id\":\"https:\/\/narteks.net\/index.php\/2009\/11\/05\/pencereler\/#breadcrumb\",\"itemListElement\":[{\"@type\":\"ListItem\",\"position\":1,\"name\":\"Anasayfa\",\"item\":\"https:\/\/narteks.net\/\"},{\"@type\":\"ListItem\",\"position\":2,\"name\":\"PENCERELER\"}]},{\"@type\":\"WebSite\",\"@id\":\"https:\/\/narteks.net\/#website\",\"url\":\"https:\/\/narteks.net\/\",\"name\":\"narteks.net\",\"description\":\"K\u00fclt\u00fcr Sanat Edebiyat Felsefe\",\"publisher\":{\"@id\":\"https:\/\/narteks.net\/#organization\"},\"alternateName\":\"K\u00fclt\u00fcr Sanat Edebiyat Felsefe\",\"potentialAction\":[{\"@type\":\"SearchAction\",\"target\":{\"@type\":\"EntryPoint\",\"urlTemplate\":\"https:\/\/narteks.net\/?s={search_term_string}\"},\"query-input\":{\"@type\":\"PropertyValueSpecification\",\"valueRequired\":true,\"valueName\":\"search_term_string\"}}],\"inLanguage\":\"tr\"},{\"@type\":\"Organization\",\"@id\":\"https:\/\/narteks.net\/#organization\",\"name\":\"narteks.net\",\"url\":\"https:\/\/narteks.net\/\",\"logo\":{\"@type\":\"ImageObject\",\"inLanguage\":\"tr\",\"@id\":\"https:\/\/narteks.net\/#\/schema\/logo\/image\/\",\"url\":\"https:\/\/narteks.net\/wp-content\/uploads\/narteks.png\",\"contentUrl\":\"https:\/\/narteks.net\/wp-content\/uploads\/narteks.png\",\"width\":300,\"height\":90,\"caption\":\"narteks.net\"},\"image\":{\"@id\":\"https:\/\/narteks.net\/#\/schema\/logo\/image\/\"},\"sameAs\":[\"https:\/\/x.com\/narteks\",\"https:\/\/instagram.com\/narteksnet\"]},{\"@type\":\"Person\",\"@id\":\"https:\/\/narteks.net\/#\/schema\/person\/61f37d9834294b72d31d274e7ed79bca\",\"name\":\"Tar\u0131k\",\"image\":{\"@type\":\"ImageObject\",\"inLanguage\":\"tr\",\"@id\":\"https:\/\/narteks.net\/#\/schema\/person\/image\/\",\"url\":\"https:\/\/secure.gravatar.com\/avatar\/50865afb55632c4ae467e0af0930f6510aa2297d8014be502a55b14f3b7550cf?s=96&d=mm&r=g\",\"contentUrl\":\"https:\/\/secure.gravatar.com\/avatar\/50865afb55632c4ae467e0af0930f6510aa2297d8014be502a55b14f3b7550cf?s=96&d=mm&r=g\",\"caption\":\"Tar\u0131k\"},\"sameAs\":[\"http:\/\/narteks.net\"],\"url\":\"https:\/\/narteks.net\/index.php\/author\/narbak\/\"}]}<\/script>\n<!-- \/ Yoast SEO Premium plugin. -->","yoast_head_json":{"title":"PENCERELER - narteks.net","robots":{"index":"index","follow":"follow","max-snippet":"max-snippet:-1","max-image-preview":"max-image-preview:large","max-video-preview":"max-video-preview:-1"},"canonical":"https:\/\/narteks.net\/index.php\/2009\/11\/05\/pencereler\/","og_locale":"tr_TR","og_type":"article","og_title":"PENCERELER","og_description":"\u00a0 Sabaha kar\u015f\u0131 m\u0131yd\u0131 bilmiyorum yoksa ak\u015fam\u00fcst\u00fc m\u00fcyd\u00fc belkide gece yar\u0131s\u0131 bilmiyorum girdi odama pencereler perdeli perdesiz ben basma perdeleri severim ama t\u00fcl perdeler de vard\u0131 kara ustorlar da ustorlar\u0131 \u00e7ekip \u00e7ekip b\u0131rak\u0131yordum bir daha inmez oldu kimisi kimisi bir daha \u00e7\u0131kamad\u0131 yukar\u0131 ve camlar\u0131 k\u0131r\u0131k pencereler elimi kestim kimi cams\u0131zd\u0131 b\u00fcsb\u00fct\u00fcn cams\u0131z pencereler i\u00e7ime [&hellip;]","og_url":"https:\/\/narteks.net\/index.php\/2009\/11\/05\/pencereler\/","og_site_name":"narteks.net","article_published_time":"2009-11-05T10:45:51+00:00","og_image":[{"width":300,"height":90,"url":"https:\/\/narteks.net\/wp-content\/uploads\/narteks.png","type":"image\/png"}],"author":"Tar\u0131k","twitter_card":"summary_large_image","twitter_creator":"@narteks","twitter_site":"@narteks","twitter_misc":{"Yazan:":"Tar\u0131k","Tahmini okuma s\u00fcresi":"2 dakika"},"schema":{"@context":"https:\/\/schema.org","@graph":[{"@type":"Article","@id":"https:\/\/narteks.net\/index.php\/2009\/11\/05\/pencereler\/#article","isPartOf":{"@id":"https:\/\/narteks.net\/index.php\/2009\/11\/05\/pencereler\/"},"author":{"name":"Tar\u0131k","@id":"https:\/\/narteks.net\/#\/schema\/person\/61f37d9834294b72d31d274e7ed79bca"},"headline":"PENCERELER","datePublished":"2009-11-05T10:45:51+00:00","mainEntityOfPage":{"@id":"https:\/\/narteks.net\/index.php\/2009\/11\/05\/pencereler\/"},"wordCount":330,"commentCount":0,"publisher":{"@id":"https:\/\/narteks.net\/#organization"},"articleSection":["Naz\u0131m H\u0130KMET RAN"],"inLanguage":"tr","potentialAction":[{"@type":"CommentAction","name":"Comment","target":["https:\/\/narteks.net\/index.php\/2009\/11\/05\/pencereler\/#respond"]}]},{"@type":"WebPage","@id":"https:\/\/narteks.net\/index.php\/2009\/11\/05\/pencereler\/","url":"https:\/\/narteks.net\/index.php\/2009\/11\/05\/pencereler\/","name":"PENCERELER - narteks.net","isPartOf":{"@id":"https:\/\/narteks.net\/#website"},"datePublished":"2009-11-05T10:45:51+00:00","breadcrumb":{"@id":"https:\/\/narteks.net\/index.php\/2009\/11\/05\/pencereler\/#breadcrumb"},"inLanguage":"tr","potentialAction":[{"@type":"ReadAction","target":["https:\/\/narteks.net\/index.php\/2009\/11\/05\/pencereler\/"]}]},{"@type":"BreadcrumbList","@id":"https:\/\/narteks.net\/index.php\/2009\/11\/05\/pencereler\/#breadcrumb","itemListElement":[{"@type":"ListItem","position":1,"name":"Anasayfa","item":"https:\/\/narteks.net\/"},{"@type":"ListItem","position":2,"name":"PENCERELER"}]},{"@type":"WebSite","@id":"https:\/\/narteks.net\/#website","url":"https:\/\/narteks.net\/","name":"narteks.net","description":"K\u00fclt\u00fcr Sanat Edebiyat Felsefe","publisher":{"@id":"https:\/\/narteks.net\/#organization"},"alternateName":"K\u00fclt\u00fcr Sanat Edebiyat Felsefe","potentialAction":[{"@type":"SearchAction","target":{"@type":"EntryPoint","urlTemplate":"https:\/\/narteks.net\/?s={search_term_string}"},"query-input":{"@type":"PropertyValueSpecification","valueRequired":true,"valueName":"search_term_string"}}],"inLanguage":"tr"},{"@type":"Organization","@id":"https:\/\/narteks.net\/#organization","name":"narteks.net","url":"https:\/\/narteks.net\/","logo":{"@type":"ImageObject","inLanguage":"tr","@id":"https:\/\/narteks.net\/#\/schema\/logo\/image\/","url":"https:\/\/narteks.net\/wp-content\/uploads\/narteks.png","contentUrl":"https:\/\/narteks.net\/wp-content\/uploads\/narteks.png","width":300,"height":90,"caption":"narteks.net"},"image":{"@id":"https:\/\/narteks.net\/#\/schema\/logo\/image\/"},"sameAs":["https:\/\/x.com\/narteks","https:\/\/instagram.com\/narteksnet"]},{"@type":"Person","@id":"https:\/\/narteks.net\/#\/schema\/person\/61f37d9834294b72d31d274e7ed79bca","name":"Tar\u0131k","image":{"@type":"ImageObject","inLanguage":"tr","@id":"https:\/\/narteks.net\/#\/schema\/person\/image\/","url":"https:\/\/secure.gravatar.com\/avatar\/50865afb55632c4ae467e0af0930f6510aa2297d8014be502a55b14f3b7550cf?s=96&d=mm&r=g","contentUrl":"https:\/\/secure.gravatar.com\/avatar\/50865afb55632c4ae467e0af0930f6510aa2297d8014be502a55b14f3b7550cf?s=96&d=mm&r=g","caption":"Tar\u0131k"},"sameAs":["http:\/\/narteks.net"],"url":"https:\/\/narteks.net\/index.php\/author\/narbak\/"}]}},"_links":{"self":[{"href":"https:\/\/narteks.net\/index.php\/wp-json\/wp\/v2\/posts\/1146","targetHints":{"allow":["GET"]}}],"collection":[{"href":"https:\/\/narteks.net\/index.php\/wp-json\/wp\/v2\/posts"}],"about":[{"href":"https:\/\/narteks.net\/index.php\/wp-json\/wp\/v2\/types\/post"}],"author":[{"embeddable":true,"href":"https:\/\/narteks.net\/index.php\/wp-json\/wp\/v2\/users\/1"}],"replies":[{"embeddable":true,"href":"https:\/\/narteks.net\/index.php\/wp-json\/wp\/v2\/comments?post=1146"}],"version-history":[{"count":0,"href":"https:\/\/narteks.net\/index.php\/wp-json\/wp\/v2\/posts\/1146\/revisions"}],"wp:attachment":[{"href":"https:\/\/narteks.net\/index.php\/wp-json\/wp\/v2\/media?parent=1146"}],"wp:term":[{"taxonomy":"category","embeddable":true,"href":"https:\/\/narteks.net\/index.php\/wp-json\/wp\/v2\/categories?post=1146"},{"taxonomy":"post_tag","embeddable":true,"href":"https:\/\/narteks.net\/index.php\/wp-json\/wp\/v2\/tags?post=1146"}],"curies":[{"name":"wp","href":"https:\/\/api.w.org\/{rel}","templated":true}]}}