{"id":1152,"date":"2009-11-05T13:49:49","date_gmt":"2009-11-05T10:49:49","guid":{"rendered":"http:\/\/localhost\/wordpress\/2009\/11\/05\/sebastian-bach\/"},"modified":"2009-11-05T13:49:49","modified_gmt":"2009-11-05T10:49:49","slug":"sebastian-bach","status":"publish","type":"post","link":"https:\/\/narteks.net\/index.php\/2009\/11\/05\/sebastian-bach\/","title":{"rendered":"SEBASTIAN BACH"},"content":{"rendered":"<p>\u00a0<\/p>\n<p>G\u00fcz sabah\u0131 \u00fcz\u00fcm ba\u011f\u0131nda<br \/> S\u0131ra s\u0131ra b\u00fckl\u00fcm b\u00fckl\u00fcm<br \/> K\u00fct\u00fcklerin tekrar\u0131.<br \/> K\u00fct\u00fcklerde salk\u0131mlar\u0131n,<br \/> Salk\u0131mlarda tanelerin,<br \/> Tanelerde ayd\u0131nl\u0131\u011f\u0131n.<\/p>\n<p>Geceleyin \u00e7ok b\u00fcy\u00fck \u00e7ok beyaz evde,<br \/> Herbirinde ayr\u0131 \u0131\u015f\u0131k,<br \/> Pencerelerin tekrar\u0131.<\/p>\n<p>Ya\u011fan b\u00fct\u00fcn ya\u011fmurlar\u0131n tekrar\u0131<br \/> Topra\u011fa, a\u011faca, denize,<br \/> Elime, y\u00fcz\u00fcme, g\u00f6z\u00fcme<br \/> Ve camda ezilen damlalar.<\/p>\n<p>G\u00fcnlerimin tekrar\u0131<br \/> Birbirine benzeyen,<br \/> Benzemeyen g\u00fcnlerimin.<\/p>\n<p>\u00d6r\u00fclen \u00f6rg\u00fcdeki tekrar,<br \/> Y\u0131ld\u0131zl\u0131 g\u00f6ky\u00fcz\u00fcndeki tekrar<br \/> Ve b\u00fct\u00fcn dillerde \u00b4seviyorum\u00b4un tekrar\u0131<br \/> Ve yapraklarda a\u011fac\u0131n tekrar\u0131.<br \/> Ve her \u00f6l\u00fcm d\u00f6\u015fe\u011finde ac\u0131s\u0131 tez biten ya\u015faman\u0131n.<\/p>\n<p>Ya\u011fan kardaki tekrar,<br \/> \u0130ncecikten ya\u011fan karda,<br \/> Lapa lapa ya\u011fan karda,<br \/> Buram buram ya\u011fan karda<br \/> Esen tipide savrularak<br \/> Ve yolumu kesen kardaki tekrar.<\/p>\n<p>\u00c7ocuklar ko\u015fuyor avluda.<br \/> Avluda ko\u015fuyor \u00e7ocuklar.<br \/> \u0130htiyar bir kad\u0131n ge\u00e7iyor sokaktan.<br \/> Sokaktan ihtiyar bir kad\u0131n ge\u00e7iyor.<br \/> Ge\u00e7iyor sokaktan ihtiyar bir kad\u0131n.<\/p>\n<p>Geceleyin \u00e7ok b\u00fcy\u00fck, \u00e7ok beyaz evde<br \/> Herbirinde ayr\u0131 \u0131\u015f\u0131k,<br \/> Pencerelerin tekrar\u0131.<\/p>\n<p>Salk\u0131mlarda tanelerin,<br \/> Tanelerde ayd\u0131nl\u0131\u011f\u0131n.<\/p>\n<p>Y\u00fcr\u00fcmek iyiye, hakl\u0131ya, do\u011fruya<br \/> D\u00f6v\u00fc\u015fmek yolunda iyinin, hakl\u0131n\u0131n, do\u011frunun<br \/> Zaptetmek iyiyi, hakl\u0131y\u0131, do\u011fruyu.<\/p>\n<p>Sessiz g\u00f6zya\u015f\u0131n ve g\u00fcl\u00fcmsemen g\u00fcl\u00fcm,<br \/> H\u0131\u00e7k\u0131r\u0131klar\u0131n ve kahkahan g\u00fcl\u00fcm.<br \/> P\u0131r\u0131l p\u0131r\u0131l bembeyaz di\u015fli kahkahan\u0131n tekrar\u0131.<\/p>\n<p>G\u00fcz sabah\u0131 \u00fcz\u00fcm ba\u011f\u0131nda<br \/> S\u0131ra s\u0131ra, b\u00fckl\u00fcm b\u00fckl\u00fcm<br \/> K\u00fct\u00fcklerin tekrar\u0131.<br \/> K\u00fct\u00fcklerde salk\u0131mlar\u0131n,<br \/> Salk\u0131mlarda tanelerin,<br \/> Tanelerde ayd\u0131nl\u0131\u011f\u0131n,<br \/> Ayd\u0131nl\u0131kta y\u00fcre\u011fimin.<\/p>\n<p>Tekrardaki mucize g\u00fcl\u00fcm,<br \/> Tekrar\u0131n tekrars\u0131zl\u0131\u011f\u0131!<\/p>\n<p>Naz\u0131m Hikmet RAN<\/p>\n","protected":false},"excerpt":{"rendered":"<p>\u00a0 G\u00fcz sabah\u0131 \u00fcz\u00fcm ba\u011f\u0131nda S\u0131ra s\u0131ra b\u00fckl\u00fcm b\u00fckl\u00fcm K\u00fct\u00fcklerin tekrar\u0131. K\u00fct\u00fcklerde salk\u0131mlar\u0131n, Salk\u0131mlarda tanelerin, Tanelerde ayd\u0131nl\u0131\u011f\u0131n. Geceleyin \u00e7ok b\u00fcy\u00fck \u00e7ok beyaz evde, Herbirinde ayr\u0131 \u0131\u015f\u0131k, Pencerelerin tekrar\u0131. Ya\u011fan b\u00fct\u00fcn ya\u011fmurlar\u0131n tekrar\u0131 Topra\u011fa, a\u011faca, denize, Elime, y\u00fcz\u00fcme, g\u00f6z\u00fcme Ve camda ezilen damlalar. G\u00fcnlerimin tekrar\u0131 Birbirine benzeyen, Benzemeyen g\u00fcnlerimin. \u00d6r\u00fclen \u00f6rg\u00fcdeki tekrar, Y\u0131ld\u0131zl\u0131 g\u00f6ky\u00fcz\u00fcndeki tekrar Ve [&hellip;]<\/p>\n","protected":false},"author":1,"featured_media":0,"comment_status":"open","ping_status":"open","sticky":false,"template":"","format":"standard","meta":{"footnotes":""},"categories":[59],"tags":[],"class_list":{"0":"post-1152","1":"post","2":"type-post","3":"status-publish","4":"format-standard","6":"category-nazim-hikmet-ran"},"yoast_head":"<!-- This site is optimized with the Yoast SEO Premium plugin v24.9 (Yoast SEO v24.9) - https:\/\/yoast.com\/wordpress\/plugins\/seo\/ -->\n<title>SEBASTIAN BACH - narteks.net<\/title>\n<meta name=\"robots\" content=\"index, follow, max-snippet:-1, max-image-preview:large, max-video-preview:-1\" \/>\n<link rel=\"canonical\" href=\"https:\/\/narteks.net\/index.php\/2009\/11\/05\/sebastian-bach\/\" \/>\n<meta property=\"og:locale\" content=\"tr_TR\" \/>\n<meta property=\"og:type\" content=\"article\" \/>\n<meta property=\"og:title\" content=\"SEBASTIAN BACH\" \/>\n<meta property=\"og:description\" content=\"\u00a0 G\u00fcz sabah\u0131 \u00fcz\u00fcm ba\u011f\u0131nda S\u0131ra s\u0131ra b\u00fckl\u00fcm b\u00fckl\u00fcm K\u00fct\u00fcklerin tekrar\u0131. K\u00fct\u00fcklerde salk\u0131mlar\u0131n, Salk\u0131mlarda tanelerin, Tanelerde ayd\u0131nl\u0131\u011f\u0131n. Geceleyin \u00e7ok b\u00fcy\u00fck \u00e7ok beyaz evde, Herbirinde ayr\u0131 \u0131\u015f\u0131k, Pencerelerin tekrar\u0131. Ya\u011fan b\u00fct\u00fcn ya\u011fmurlar\u0131n tekrar\u0131 Topra\u011fa, a\u011faca, denize, Elime, y\u00fcz\u00fcme, g\u00f6z\u00fcme Ve camda ezilen damlalar. G\u00fcnlerimin tekrar\u0131 Birbirine benzeyen, Benzemeyen g\u00fcnlerimin. \u00d6r\u00fclen \u00f6rg\u00fcdeki tekrar, Y\u0131ld\u0131zl\u0131 g\u00f6ky\u00fcz\u00fcndeki tekrar Ve [&hellip;]\" \/>\n<meta property=\"og:url\" content=\"https:\/\/narteks.net\/index.php\/2009\/11\/05\/sebastian-bach\/\" \/>\n<meta property=\"og:site_name\" content=\"narteks.net\" \/>\n<meta property=\"article:published_time\" content=\"2009-11-05T10:49:49+00:00\" \/>\n<meta property=\"og:image\" content=\"https:\/\/narteks.net\/wp-content\/uploads\/narteks.png\" \/>\n\t<meta property=\"og:image:width\" content=\"300\" \/>\n\t<meta property=\"og:image:height\" content=\"90\" \/>\n\t<meta property=\"og:image:type\" content=\"image\/png\" \/>\n<meta name=\"author\" content=\"Tar\u0131k\" \/>\n<meta name=\"twitter:card\" content=\"summary_large_image\" \/>\n<meta name=\"twitter:creator\" content=\"@narteks\" \/>\n<meta name=\"twitter:site\" content=\"@narteks\" \/>\n<meta name=\"twitter:label1\" content=\"Yazan:\" \/>\n\t<meta name=\"twitter:data1\" content=\"Tar\u0131k\" \/>\n\t<meta name=\"twitter:label2\" content=\"Tahmini okuma s\u00fcresi\" \/>\n\t<meta name=\"twitter:data2\" content=\"2 dakika\" \/>\n<script type=\"application\/ld+json\" class=\"yoast-schema-graph\">{\"@context\":\"https:\/\/schema.org\",\"@graph\":[{\"@type\":\"Article\",\"@id\":\"https:\/\/narteks.net\/index.php\/2009\/11\/05\/sebastian-bach\/#article\",\"isPartOf\":{\"@id\":\"https:\/\/narteks.net\/index.php\/2009\/11\/05\/sebastian-bach\/\"},\"author\":{\"name\":\"Tar\u0131k\",\"@id\":\"https:\/\/narteks.net\/#\/schema\/person\/61f37d9834294b72d31d274e7ed79bca\"},\"headline\":\"SEBASTIAN BACH\",\"datePublished\":\"2009-11-05T10:49:49+00:00\",\"mainEntityOfPage\":{\"@id\":\"https:\/\/narteks.net\/index.php\/2009\/11\/05\/sebastian-bach\/\"},\"wordCount\":308,\"commentCount\":0,\"publisher\":{\"@id\":\"https:\/\/narteks.net\/#organization\"},\"articleSection\":[\"Naz\u0131m H\u0130KMET RAN\"],\"inLanguage\":\"tr\",\"potentialAction\":[{\"@type\":\"CommentAction\",\"name\":\"Comment\",\"target\":[\"https:\/\/narteks.net\/index.php\/2009\/11\/05\/sebastian-bach\/#respond\"]}]},{\"@type\":\"WebPage\",\"@id\":\"https:\/\/narteks.net\/index.php\/2009\/11\/05\/sebastian-bach\/\",\"url\":\"https:\/\/narteks.net\/index.php\/2009\/11\/05\/sebastian-bach\/\",\"name\":\"SEBASTIAN BACH - narteks.net\",\"isPartOf\":{\"@id\":\"https:\/\/narteks.net\/#website\"},\"datePublished\":\"2009-11-05T10:49:49+00:00\",\"breadcrumb\":{\"@id\":\"https:\/\/narteks.net\/index.php\/2009\/11\/05\/sebastian-bach\/#breadcrumb\"},\"inLanguage\":\"tr\",\"potentialAction\":[{\"@type\":\"ReadAction\",\"target\":[\"https:\/\/narteks.net\/index.php\/2009\/11\/05\/sebastian-bach\/\"]}]},{\"@type\":\"BreadcrumbList\",\"@id\":\"https:\/\/narteks.net\/index.php\/2009\/11\/05\/sebastian-bach\/#breadcrumb\",\"itemListElement\":[{\"@type\":\"ListItem\",\"position\":1,\"name\":\"Anasayfa\",\"item\":\"https:\/\/narteks.net\/\"},{\"@type\":\"ListItem\",\"position\":2,\"name\":\"SEBASTIAN BACH\"}]},{\"@type\":\"WebSite\",\"@id\":\"https:\/\/narteks.net\/#website\",\"url\":\"https:\/\/narteks.net\/\",\"name\":\"narteks.net\",\"description\":\"K\u00fclt\u00fcr Sanat Edebiyat Felsefe\",\"publisher\":{\"@id\":\"https:\/\/narteks.net\/#organization\"},\"alternateName\":\"K\u00fclt\u00fcr Sanat Edebiyat Felsefe\",\"potentialAction\":[{\"@type\":\"SearchAction\",\"target\":{\"@type\":\"EntryPoint\",\"urlTemplate\":\"https:\/\/narteks.net\/?s={search_term_string}\"},\"query-input\":{\"@type\":\"PropertyValueSpecification\",\"valueRequired\":true,\"valueName\":\"search_term_string\"}}],\"inLanguage\":\"tr\"},{\"@type\":\"Organization\",\"@id\":\"https:\/\/narteks.net\/#organization\",\"name\":\"narteks.net\",\"url\":\"https:\/\/narteks.net\/\",\"logo\":{\"@type\":\"ImageObject\",\"inLanguage\":\"tr\",\"@id\":\"https:\/\/narteks.net\/#\/schema\/logo\/image\/\",\"url\":\"https:\/\/narteks.net\/wp-content\/uploads\/narteks.png\",\"contentUrl\":\"https:\/\/narteks.net\/wp-content\/uploads\/narteks.png\",\"width\":300,\"height\":90,\"caption\":\"narteks.net\"},\"image\":{\"@id\":\"https:\/\/narteks.net\/#\/schema\/logo\/image\/\"},\"sameAs\":[\"https:\/\/x.com\/narteks\",\"https:\/\/instagram.com\/narteksnet\"]},{\"@type\":\"Person\",\"@id\":\"https:\/\/narteks.net\/#\/schema\/person\/61f37d9834294b72d31d274e7ed79bca\",\"name\":\"Tar\u0131k\",\"image\":{\"@type\":\"ImageObject\",\"inLanguage\":\"tr\",\"@id\":\"https:\/\/narteks.net\/#\/schema\/person\/image\/\",\"url\":\"https:\/\/secure.gravatar.com\/avatar\/50865afb55632c4ae467e0af0930f6510aa2297d8014be502a55b14f3b7550cf?s=96&d=mm&r=g\",\"contentUrl\":\"https:\/\/secure.gravatar.com\/avatar\/50865afb55632c4ae467e0af0930f6510aa2297d8014be502a55b14f3b7550cf?s=96&d=mm&r=g\",\"caption\":\"Tar\u0131k\"},\"sameAs\":[\"http:\/\/narteks.net\"],\"url\":\"https:\/\/narteks.net\/index.php\/author\/narbak\/\"}]}<\/script>\n<!-- \/ Yoast SEO Premium plugin. -->","yoast_head_json":{"title":"SEBASTIAN BACH - narteks.net","robots":{"index":"index","follow":"follow","max-snippet":"max-snippet:-1","max-image-preview":"max-image-preview:large","max-video-preview":"max-video-preview:-1"},"canonical":"https:\/\/narteks.net\/index.php\/2009\/11\/05\/sebastian-bach\/","og_locale":"tr_TR","og_type":"article","og_title":"SEBASTIAN BACH","og_description":"\u00a0 G\u00fcz sabah\u0131 \u00fcz\u00fcm ba\u011f\u0131nda S\u0131ra s\u0131ra b\u00fckl\u00fcm b\u00fckl\u00fcm K\u00fct\u00fcklerin tekrar\u0131. K\u00fct\u00fcklerde salk\u0131mlar\u0131n, Salk\u0131mlarda tanelerin, Tanelerde ayd\u0131nl\u0131\u011f\u0131n. Geceleyin \u00e7ok b\u00fcy\u00fck \u00e7ok beyaz evde, Herbirinde ayr\u0131 \u0131\u015f\u0131k, Pencerelerin tekrar\u0131. Ya\u011fan b\u00fct\u00fcn ya\u011fmurlar\u0131n tekrar\u0131 Topra\u011fa, a\u011faca, denize, Elime, y\u00fcz\u00fcme, g\u00f6z\u00fcme Ve camda ezilen damlalar. G\u00fcnlerimin tekrar\u0131 Birbirine benzeyen, Benzemeyen g\u00fcnlerimin. \u00d6r\u00fclen \u00f6rg\u00fcdeki tekrar, Y\u0131ld\u0131zl\u0131 g\u00f6ky\u00fcz\u00fcndeki tekrar Ve [&hellip;]","og_url":"https:\/\/narteks.net\/index.php\/2009\/11\/05\/sebastian-bach\/","og_site_name":"narteks.net","article_published_time":"2009-11-05T10:49:49+00:00","og_image":[{"width":300,"height":90,"url":"https:\/\/narteks.net\/wp-content\/uploads\/narteks.png","type":"image\/png"}],"author":"Tar\u0131k","twitter_card":"summary_large_image","twitter_creator":"@narteks","twitter_site":"@narteks","twitter_misc":{"Yazan:":"Tar\u0131k","Tahmini okuma s\u00fcresi":"2 dakika"},"schema":{"@context":"https:\/\/schema.org","@graph":[{"@type":"Article","@id":"https:\/\/narteks.net\/index.php\/2009\/11\/05\/sebastian-bach\/#article","isPartOf":{"@id":"https:\/\/narteks.net\/index.php\/2009\/11\/05\/sebastian-bach\/"},"author":{"name":"Tar\u0131k","@id":"https:\/\/narteks.net\/#\/schema\/person\/61f37d9834294b72d31d274e7ed79bca"},"headline":"SEBASTIAN BACH","datePublished":"2009-11-05T10:49:49+00:00","mainEntityOfPage":{"@id":"https:\/\/narteks.net\/index.php\/2009\/11\/05\/sebastian-bach\/"},"wordCount":308,"commentCount":0,"publisher":{"@id":"https:\/\/narteks.net\/#organization"},"articleSection":["Naz\u0131m H\u0130KMET RAN"],"inLanguage":"tr","potentialAction":[{"@type":"CommentAction","name":"Comment","target":["https:\/\/narteks.net\/index.php\/2009\/11\/05\/sebastian-bach\/#respond"]}]},{"@type":"WebPage","@id":"https:\/\/narteks.net\/index.php\/2009\/11\/05\/sebastian-bach\/","url":"https:\/\/narteks.net\/index.php\/2009\/11\/05\/sebastian-bach\/","name":"SEBASTIAN BACH - narteks.net","isPartOf":{"@id":"https:\/\/narteks.net\/#website"},"datePublished":"2009-11-05T10:49:49+00:00","breadcrumb":{"@id":"https:\/\/narteks.net\/index.php\/2009\/11\/05\/sebastian-bach\/#breadcrumb"},"inLanguage":"tr","potentialAction":[{"@type":"ReadAction","target":["https:\/\/narteks.net\/index.php\/2009\/11\/05\/sebastian-bach\/"]}]},{"@type":"BreadcrumbList","@id":"https:\/\/narteks.net\/index.php\/2009\/11\/05\/sebastian-bach\/#breadcrumb","itemListElement":[{"@type":"ListItem","position":1,"name":"Anasayfa","item":"https:\/\/narteks.net\/"},{"@type":"ListItem","position":2,"name":"SEBASTIAN BACH"}]},{"@type":"WebSite","@id":"https:\/\/narteks.net\/#website","url":"https:\/\/narteks.net\/","name":"narteks.net","description":"K\u00fclt\u00fcr Sanat Edebiyat Felsefe","publisher":{"@id":"https:\/\/narteks.net\/#organization"},"alternateName":"K\u00fclt\u00fcr Sanat Edebiyat Felsefe","potentialAction":[{"@type":"SearchAction","target":{"@type":"EntryPoint","urlTemplate":"https:\/\/narteks.net\/?s={search_term_string}"},"query-input":{"@type":"PropertyValueSpecification","valueRequired":true,"valueName":"search_term_string"}}],"inLanguage":"tr"},{"@type":"Organization","@id":"https:\/\/narteks.net\/#organization","name":"narteks.net","url":"https:\/\/narteks.net\/","logo":{"@type":"ImageObject","inLanguage":"tr","@id":"https:\/\/narteks.net\/#\/schema\/logo\/image\/","url":"https:\/\/narteks.net\/wp-content\/uploads\/narteks.png","contentUrl":"https:\/\/narteks.net\/wp-content\/uploads\/narteks.png","width":300,"height":90,"caption":"narteks.net"},"image":{"@id":"https:\/\/narteks.net\/#\/schema\/logo\/image\/"},"sameAs":["https:\/\/x.com\/narteks","https:\/\/instagram.com\/narteksnet"]},{"@type":"Person","@id":"https:\/\/narteks.net\/#\/schema\/person\/61f37d9834294b72d31d274e7ed79bca","name":"Tar\u0131k","image":{"@type":"ImageObject","inLanguage":"tr","@id":"https:\/\/narteks.net\/#\/schema\/person\/image\/","url":"https:\/\/secure.gravatar.com\/avatar\/50865afb55632c4ae467e0af0930f6510aa2297d8014be502a55b14f3b7550cf?s=96&d=mm&r=g","contentUrl":"https:\/\/secure.gravatar.com\/avatar\/50865afb55632c4ae467e0af0930f6510aa2297d8014be502a55b14f3b7550cf?s=96&d=mm&r=g","caption":"Tar\u0131k"},"sameAs":["http:\/\/narteks.net"],"url":"https:\/\/narteks.net\/index.php\/author\/narbak\/"}]}},"_links":{"self":[{"href":"https:\/\/narteks.net\/index.php\/wp-json\/wp\/v2\/posts\/1152","targetHints":{"allow":["GET"]}}],"collection":[{"href":"https:\/\/narteks.net\/index.php\/wp-json\/wp\/v2\/posts"}],"about":[{"href":"https:\/\/narteks.net\/index.php\/wp-json\/wp\/v2\/types\/post"}],"author":[{"embeddable":true,"href":"https:\/\/narteks.net\/index.php\/wp-json\/wp\/v2\/users\/1"}],"replies":[{"embeddable":true,"href":"https:\/\/narteks.net\/index.php\/wp-json\/wp\/v2\/comments?post=1152"}],"version-history":[{"count":0,"href":"https:\/\/narteks.net\/index.php\/wp-json\/wp\/v2\/posts\/1152\/revisions"}],"wp:attachment":[{"href":"https:\/\/narteks.net\/index.php\/wp-json\/wp\/v2\/media?parent=1152"}],"wp:term":[{"taxonomy":"category","embeddable":true,"href":"https:\/\/narteks.net\/index.php\/wp-json\/wp\/v2\/categories?post=1152"},{"taxonomy":"post_tag","embeddable":true,"href":"https:\/\/narteks.net\/index.php\/wp-json\/wp\/v2\/tags?post=1152"}],"curies":[{"name":"wp","href":"https:\/\/api.w.org\/{rel}","templated":true}]}}