{"id":116,"date":"2009-02-27T15:40:23","date_gmt":"2009-02-27T12:40:23","guid":{"rendered":"http:\/\/localhost\/wordpress\/2009\/02\/27\/eylul\/"},"modified":"2009-02-27T15:40:23","modified_gmt":"2009-02-27T12:40:23","slug":"eylul","status":"publish","type":"post","link":"https:\/\/narteks.net\/index.php\/2009\/02\/27\/eylul\/","title":{"rendered":"EYL\u00dcL"},"content":{"rendered":"<p>\u00a0<\/p>\n<p>Eyl\u00fcl, g\u00fclleri soldurarak <br \/>duyurdu bu y\u0131l kendini <br \/>B\u00f6yle olaca\u011f\u0131n\u0131 bile bile <br \/>\u015fa\u015f\u0131rtt\u0131 bizi yinede <\/p>\n<p>Daha bir demet k\u0131r \u00e7i\u00e7e\u011fi <br \/>al\u0131p koymad\u0131k vazoya <br \/>G\u00fcller mi unutturdu bize sevinci <br \/>yoksa a\u015f\u0131nd\u0131rd\u0131k m\u0131 kimi duygular\u0131 <\/p>\n<p>\u015e\u00f6yle bir ak\u015fam <br \/>s\u00f6yle\u015femedik dostlarla <br \/>erkenden kapand\u0131 perdeler <br \/>yorgun muydu \u00e7ocuklar da <\/p>\n<p>Her g\u00fcn ya\u011fmalanan <br \/>talan edilen sevincimiz <br \/>kurudu galiba b\u00fcsb\u00fct\u00fcn <br \/>su y\u00fcr\u00fcm\u00fcyor dallara <\/p>\n<p>Ama k\u0131rp\u0131nt\u0131, bir k\u00fc\u00e7\u00fck <br \/>u\u00e7 u\u00e7 b\u00f6ce\u011finin her nas\u0131lsa <br \/>konuvermesi balkona <br \/>uyar\u0131yor bizi irkilterek <\/p>\n<p>Bu kahrolas\u0131 tarraka <br \/>bitecek gibi de\u011fil sokaklarda <br \/>\u00c7ekip kap\u0131y\u0131 \u00e7\u0131kmak en iyisi <br \/>dalmak caddelere, varo\u015flara <\/p>\n<p>Belki o zaman eyl\u00fcl <br \/>\u015fa\u015f\u0131rtmayacak bizi <br \/>bulup \u00e7\u0131karaca\u011f\u0131z \u00e7\u00fcnk\u00fc <br \/>evrenin \u00f6teki y\u00fcz\u00fcn\u00fc<\/p>\n<p>AHMET TELL\u0130<\/p>\n","protected":false},"excerpt":{"rendered":"<p>\u00a0 Eyl\u00fcl, g\u00fclleri soldurarak duyurdu bu y\u0131l kendini B\u00f6yle olaca\u011f\u0131n\u0131 bile bile \u015fa\u015f\u0131rtt\u0131 bizi yinede Daha bir demet k\u0131r \u00e7i\u00e7e\u011fi al\u0131p koymad\u0131k vazoya G\u00fcller mi unutturdu bize sevinci yoksa a\u015f\u0131nd\u0131rd\u0131k m\u0131 kimi duygular\u0131 \u015e\u00f6yle bir ak\u015fam s\u00f6yle\u015femedik dostlarla erkenden kapand\u0131 perdeler yorgun muydu \u00e7ocuklar da Her g\u00fcn ya\u011fmalanan talan edilen sevincimiz kurudu galiba b\u00fcsb\u00fct\u00fcn su [&hellip;]<\/p>\n","protected":false},"author":1,"featured_media":0,"comment_status":"open","ping_status":"open","sticky":false,"template":"","format":"standard","meta":{"footnotes":""},"categories":[7],"tags":[],"class_list":{"0":"post-116","1":"post","2":"type-post","3":"status-publish","4":"format-standard","6":"category-ahmet-telli"},"yoast_head":"<!-- This site is optimized with the Yoast SEO Premium plugin v24.9 (Yoast SEO v24.9) - https:\/\/yoast.com\/wordpress\/plugins\/seo\/ -->\n<title>EYL\u00dcL - narteks.net<\/title>\n<meta name=\"robots\" content=\"index, follow, max-snippet:-1, max-image-preview:large, max-video-preview:-1\" \/>\n<link rel=\"canonical\" href=\"https:\/\/narteks.net\/index.php\/2009\/02\/27\/eylul\/\" \/>\n<meta property=\"og:locale\" content=\"tr_TR\" \/>\n<meta property=\"og:type\" content=\"article\" \/>\n<meta property=\"og:title\" content=\"EYL\u00dcL\" \/>\n<meta property=\"og:description\" content=\"\u00a0 Eyl\u00fcl, g\u00fclleri soldurarak duyurdu bu y\u0131l kendini B\u00f6yle olaca\u011f\u0131n\u0131 bile bile \u015fa\u015f\u0131rtt\u0131 bizi yinede Daha bir demet k\u0131r \u00e7i\u00e7e\u011fi al\u0131p koymad\u0131k vazoya G\u00fcller mi unutturdu bize sevinci yoksa a\u015f\u0131nd\u0131rd\u0131k m\u0131 kimi duygular\u0131 \u015e\u00f6yle bir ak\u015fam s\u00f6yle\u015femedik dostlarla erkenden kapand\u0131 perdeler yorgun muydu \u00e7ocuklar da Her g\u00fcn ya\u011fmalanan talan edilen sevincimiz kurudu galiba b\u00fcsb\u00fct\u00fcn su [&hellip;]\" \/>\n<meta property=\"og:url\" content=\"https:\/\/narteks.net\/index.php\/2009\/02\/27\/eylul\/\" \/>\n<meta property=\"og:site_name\" content=\"narteks.net\" \/>\n<meta property=\"article:published_time\" content=\"2009-02-27T12:40:23+00:00\" \/>\n<meta property=\"og:image\" content=\"https:\/\/narteks.net\/wp-content\/uploads\/narteks.png\" \/>\n\t<meta property=\"og:image:width\" content=\"300\" \/>\n\t<meta property=\"og:image:height\" content=\"90\" \/>\n\t<meta property=\"og:image:type\" content=\"image\/png\" \/>\n<meta name=\"author\" content=\"Tar\u0131k\" \/>\n<meta name=\"twitter:card\" content=\"summary_large_image\" \/>\n<meta name=\"twitter:creator\" content=\"@narteks\" \/>\n<meta name=\"twitter:site\" content=\"@narteks\" \/>\n<meta name=\"twitter:label1\" content=\"Yazan:\" \/>\n\t<meta name=\"twitter:data1\" content=\"Tar\u0131k\" \/>\n\t<meta name=\"twitter:label2\" content=\"Tahmini okuma s\u00fcresi\" \/>\n\t<meta name=\"twitter:data2\" content=\"1 dakika\" \/>\n<script type=\"application\/ld+json\" class=\"yoast-schema-graph\">{\"@context\":\"https:\/\/schema.org\",\"@graph\":[{\"@type\":\"Article\",\"@id\":\"https:\/\/narteks.net\/index.php\/2009\/02\/27\/eylul\/#article\",\"isPartOf\":{\"@id\":\"https:\/\/narteks.net\/index.php\/2009\/02\/27\/eylul\/\"},\"author\":{\"name\":\"Tar\u0131k\",\"@id\":\"https:\/\/narteks.net\/#\/schema\/person\/61f37d9834294b72d31d274e7ed79bca\"},\"headline\":\"EYL\u00dcL\",\"datePublished\":\"2009-02-27T12:40:23+00:00\",\"mainEntityOfPage\":{\"@id\":\"https:\/\/narteks.net\/index.php\/2009\/02\/27\/eylul\/\"},\"wordCount\":142,\"commentCount\":0,\"publisher\":{\"@id\":\"https:\/\/narteks.net\/#organization\"},\"articleSection\":[\"Ahmet TELL\u0130\"],\"inLanguage\":\"tr\",\"potentialAction\":[{\"@type\":\"CommentAction\",\"name\":\"Comment\",\"target\":[\"https:\/\/narteks.net\/index.php\/2009\/02\/27\/eylul\/#respond\"]}]},{\"@type\":\"WebPage\",\"@id\":\"https:\/\/narteks.net\/index.php\/2009\/02\/27\/eylul\/\",\"url\":\"https:\/\/narteks.net\/index.php\/2009\/02\/27\/eylul\/\",\"name\":\"EYL\u00dcL - narteks.net\",\"isPartOf\":{\"@id\":\"https:\/\/narteks.net\/#website\"},\"datePublished\":\"2009-02-27T12:40:23+00:00\",\"breadcrumb\":{\"@id\":\"https:\/\/narteks.net\/index.php\/2009\/02\/27\/eylul\/#breadcrumb\"},\"inLanguage\":\"tr\",\"potentialAction\":[{\"@type\":\"ReadAction\",\"target\":[\"https:\/\/narteks.net\/index.php\/2009\/02\/27\/eylul\/\"]}]},{\"@type\":\"BreadcrumbList\",\"@id\":\"https:\/\/narteks.net\/index.php\/2009\/02\/27\/eylul\/#breadcrumb\",\"itemListElement\":[{\"@type\":\"ListItem\",\"position\":1,\"name\":\"Anasayfa\",\"item\":\"https:\/\/narteks.net\/\"},{\"@type\":\"ListItem\",\"position\":2,\"name\":\"EYL\u00dcL\"}]},{\"@type\":\"WebSite\",\"@id\":\"https:\/\/narteks.net\/#website\",\"url\":\"https:\/\/narteks.net\/\",\"name\":\"narteks.net\",\"description\":\"K\u00fclt\u00fcr Sanat Edebiyat Felsefe\",\"publisher\":{\"@id\":\"https:\/\/narteks.net\/#organization\"},\"alternateName\":\"K\u00fclt\u00fcr Sanat Edebiyat Felsefe\",\"potentialAction\":[{\"@type\":\"SearchAction\",\"target\":{\"@type\":\"EntryPoint\",\"urlTemplate\":\"https:\/\/narteks.net\/?s={search_term_string}\"},\"query-input\":{\"@type\":\"PropertyValueSpecification\",\"valueRequired\":true,\"valueName\":\"search_term_string\"}}],\"inLanguage\":\"tr\"},{\"@type\":\"Organization\",\"@id\":\"https:\/\/narteks.net\/#organization\",\"name\":\"narteks.net\",\"url\":\"https:\/\/narteks.net\/\",\"logo\":{\"@type\":\"ImageObject\",\"inLanguage\":\"tr\",\"@id\":\"https:\/\/narteks.net\/#\/schema\/logo\/image\/\",\"url\":\"https:\/\/narteks.net\/wp-content\/uploads\/narteks.png\",\"contentUrl\":\"https:\/\/narteks.net\/wp-content\/uploads\/narteks.png\",\"width\":300,\"height\":90,\"caption\":\"narteks.net\"},\"image\":{\"@id\":\"https:\/\/narteks.net\/#\/schema\/logo\/image\/\"},\"sameAs\":[\"https:\/\/x.com\/narteks\",\"https:\/\/instagram.com\/narteksnet\"]},{\"@type\":\"Person\",\"@id\":\"https:\/\/narteks.net\/#\/schema\/person\/61f37d9834294b72d31d274e7ed79bca\",\"name\":\"Tar\u0131k\",\"image\":{\"@type\":\"ImageObject\",\"inLanguage\":\"tr\",\"@id\":\"https:\/\/narteks.net\/#\/schema\/person\/image\/\",\"url\":\"https:\/\/secure.gravatar.com\/avatar\/50865afb55632c4ae467e0af0930f6510aa2297d8014be502a55b14f3b7550cf?s=96&d=mm&r=g\",\"contentUrl\":\"https:\/\/secure.gravatar.com\/avatar\/50865afb55632c4ae467e0af0930f6510aa2297d8014be502a55b14f3b7550cf?s=96&d=mm&r=g\",\"caption\":\"Tar\u0131k\"},\"sameAs\":[\"http:\/\/narteks.net\"],\"url\":\"https:\/\/narteks.net\/index.php\/author\/narbak\/\"}]}<\/script>\n<!-- \/ Yoast SEO Premium plugin. -->","yoast_head_json":{"title":"EYL\u00dcL - narteks.net","robots":{"index":"index","follow":"follow","max-snippet":"max-snippet:-1","max-image-preview":"max-image-preview:large","max-video-preview":"max-video-preview:-1"},"canonical":"https:\/\/narteks.net\/index.php\/2009\/02\/27\/eylul\/","og_locale":"tr_TR","og_type":"article","og_title":"EYL\u00dcL","og_description":"\u00a0 Eyl\u00fcl, g\u00fclleri soldurarak duyurdu bu y\u0131l kendini B\u00f6yle olaca\u011f\u0131n\u0131 bile bile \u015fa\u015f\u0131rtt\u0131 bizi yinede Daha bir demet k\u0131r \u00e7i\u00e7e\u011fi al\u0131p koymad\u0131k vazoya G\u00fcller mi unutturdu bize sevinci yoksa a\u015f\u0131nd\u0131rd\u0131k m\u0131 kimi duygular\u0131 \u015e\u00f6yle bir ak\u015fam s\u00f6yle\u015femedik dostlarla erkenden kapand\u0131 perdeler yorgun muydu \u00e7ocuklar da Her g\u00fcn ya\u011fmalanan talan edilen sevincimiz kurudu galiba b\u00fcsb\u00fct\u00fcn su [&hellip;]","og_url":"https:\/\/narteks.net\/index.php\/2009\/02\/27\/eylul\/","og_site_name":"narteks.net","article_published_time":"2009-02-27T12:40:23+00:00","og_image":[{"width":300,"height":90,"url":"https:\/\/narteks.net\/wp-content\/uploads\/narteks.png","type":"image\/png"}],"author":"Tar\u0131k","twitter_card":"summary_large_image","twitter_creator":"@narteks","twitter_site":"@narteks","twitter_misc":{"Yazan:":"Tar\u0131k","Tahmini okuma s\u00fcresi":"1 dakika"},"schema":{"@context":"https:\/\/schema.org","@graph":[{"@type":"Article","@id":"https:\/\/narteks.net\/index.php\/2009\/02\/27\/eylul\/#article","isPartOf":{"@id":"https:\/\/narteks.net\/index.php\/2009\/02\/27\/eylul\/"},"author":{"name":"Tar\u0131k","@id":"https:\/\/narteks.net\/#\/schema\/person\/61f37d9834294b72d31d274e7ed79bca"},"headline":"EYL\u00dcL","datePublished":"2009-02-27T12:40:23+00:00","mainEntityOfPage":{"@id":"https:\/\/narteks.net\/index.php\/2009\/02\/27\/eylul\/"},"wordCount":142,"commentCount":0,"publisher":{"@id":"https:\/\/narteks.net\/#organization"},"articleSection":["Ahmet TELL\u0130"],"inLanguage":"tr","potentialAction":[{"@type":"CommentAction","name":"Comment","target":["https:\/\/narteks.net\/index.php\/2009\/02\/27\/eylul\/#respond"]}]},{"@type":"WebPage","@id":"https:\/\/narteks.net\/index.php\/2009\/02\/27\/eylul\/","url":"https:\/\/narteks.net\/index.php\/2009\/02\/27\/eylul\/","name":"EYL\u00dcL - narteks.net","isPartOf":{"@id":"https:\/\/narteks.net\/#website"},"datePublished":"2009-02-27T12:40:23+00:00","breadcrumb":{"@id":"https:\/\/narteks.net\/index.php\/2009\/02\/27\/eylul\/#breadcrumb"},"inLanguage":"tr","potentialAction":[{"@type":"ReadAction","target":["https:\/\/narteks.net\/index.php\/2009\/02\/27\/eylul\/"]}]},{"@type":"BreadcrumbList","@id":"https:\/\/narteks.net\/index.php\/2009\/02\/27\/eylul\/#breadcrumb","itemListElement":[{"@type":"ListItem","position":1,"name":"Anasayfa","item":"https:\/\/narteks.net\/"},{"@type":"ListItem","position":2,"name":"EYL\u00dcL"}]},{"@type":"WebSite","@id":"https:\/\/narteks.net\/#website","url":"https:\/\/narteks.net\/","name":"narteks.net","description":"K\u00fclt\u00fcr Sanat Edebiyat Felsefe","publisher":{"@id":"https:\/\/narteks.net\/#organization"},"alternateName":"K\u00fclt\u00fcr Sanat Edebiyat Felsefe","potentialAction":[{"@type":"SearchAction","target":{"@type":"EntryPoint","urlTemplate":"https:\/\/narteks.net\/?s={search_term_string}"},"query-input":{"@type":"PropertyValueSpecification","valueRequired":true,"valueName":"search_term_string"}}],"inLanguage":"tr"},{"@type":"Organization","@id":"https:\/\/narteks.net\/#organization","name":"narteks.net","url":"https:\/\/narteks.net\/","logo":{"@type":"ImageObject","inLanguage":"tr","@id":"https:\/\/narteks.net\/#\/schema\/logo\/image\/","url":"https:\/\/narteks.net\/wp-content\/uploads\/narteks.png","contentUrl":"https:\/\/narteks.net\/wp-content\/uploads\/narteks.png","width":300,"height":90,"caption":"narteks.net"},"image":{"@id":"https:\/\/narteks.net\/#\/schema\/logo\/image\/"},"sameAs":["https:\/\/x.com\/narteks","https:\/\/instagram.com\/narteksnet"]},{"@type":"Person","@id":"https:\/\/narteks.net\/#\/schema\/person\/61f37d9834294b72d31d274e7ed79bca","name":"Tar\u0131k","image":{"@type":"ImageObject","inLanguage":"tr","@id":"https:\/\/narteks.net\/#\/schema\/person\/image\/","url":"https:\/\/secure.gravatar.com\/avatar\/50865afb55632c4ae467e0af0930f6510aa2297d8014be502a55b14f3b7550cf?s=96&d=mm&r=g","contentUrl":"https:\/\/secure.gravatar.com\/avatar\/50865afb55632c4ae467e0af0930f6510aa2297d8014be502a55b14f3b7550cf?s=96&d=mm&r=g","caption":"Tar\u0131k"},"sameAs":["http:\/\/narteks.net"],"url":"https:\/\/narteks.net\/index.php\/author\/narbak\/"}]}},"_links":{"self":[{"href":"https:\/\/narteks.net\/index.php\/wp-json\/wp\/v2\/posts\/116","targetHints":{"allow":["GET"]}}],"collection":[{"href":"https:\/\/narteks.net\/index.php\/wp-json\/wp\/v2\/posts"}],"about":[{"href":"https:\/\/narteks.net\/index.php\/wp-json\/wp\/v2\/types\/post"}],"author":[{"embeddable":true,"href":"https:\/\/narteks.net\/index.php\/wp-json\/wp\/v2\/users\/1"}],"replies":[{"embeddable":true,"href":"https:\/\/narteks.net\/index.php\/wp-json\/wp\/v2\/comments?post=116"}],"version-history":[{"count":0,"href":"https:\/\/narteks.net\/index.php\/wp-json\/wp\/v2\/posts\/116\/revisions"}],"wp:attachment":[{"href":"https:\/\/narteks.net\/index.php\/wp-json\/wp\/v2\/media?parent=116"}],"wp:term":[{"taxonomy":"category","embeddable":true,"href":"https:\/\/narteks.net\/index.php\/wp-json\/wp\/v2\/categories?post=116"},{"taxonomy":"post_tag","embeddable":true,"href":"https:\/\/narteks.net\/index.php\/wp-json\/wp\/v2\/tags?post=116"}],"curies":[{"name":"wp","href":"https:\/\/api.w.org\/{rel}","templated":true}]}}