{"id":1167,"date":"2009-11-05T13:59:53","date_gmt":"2009-11-05T10:59:53","guid":{"rendered":"http:\/\/localhost\/wordpress\/2009\/11\/05\/vera-icin\/"},"modified":"2009-11-05T13:59:53","modified_gmt":"2009-11-05T10:59:53","slug":"vera-icin","status":"publish","type":"post","link":"https:\/\/narteks.net\/index.php\/2009\/11\/05\/vera-icin\/","title":{"rendered":"VERA \u0130\u00c7\u0130N"},"content":{"rendered":"<p>\u00a0<\/p>\n<p>Bir a\u011fa\u00e7 var i\u00e7imde<br \/> fidesini getirmi\u015fim g\u00fcne\u015ften.<br \/> Sal\u0131n\u0131r yapraklar\u0131 ate\u015f bal\u0131klar\u0131 gibi<br \/> yemi\u015fleri ku\u015flar gibi \u00f6t\u00fc\u015f\u00fcr.<\/p>\n<p>Yolcular f\u00fczelerden<br \/> \u00e7oktan indi i\u00e7imdeki y\u0131ld\u0131za.<br \/> D\u00fc\u015f\u00fcmde i\u015fitti\u011fim dille konu\u015fuyorlar,<br \/> komuta, b\u00f6b\u00fcrlenme, yalvar\u0131p yakarma yok.<\/p>\n<p>\u0130\u00e7imde ak bir yol var.<br \/> Kar\u0131ncalar bu\u011fday taneleriyle<br \/> bayram \u00e7\u0131\u011fl\u0131klar\u0131yla kamyonlar gelir ge\u00e7er<br \/> ama yasak, ge\u00e7emez cenaze arabas\u0131<\/p>\n<p>\u0130\u00e7imde mis kokulu<br \/> k\u0131z\u0131l bir g\u00fcl gibi duruyor zaman.<br \/> Ama bug\u00fcn cumaym\u0131\u015f, yar\u0131n cumartesiymi\u015f,<br \/> \u00e7o\u011fum gitmi\u015f de az\u0131m kalm\u0131\u015f, umurumda de\u011fil<\/p>\n<p>Naz\u0131m Hikmet RAN<\/p>\n","protected":false},"excerpt":{"rendered":"<p>\u00a0 Bir a\u011fa\u00e7 var i\u00e7imde fidesini getirmi\u015fim g\u00fcne\u015ften. Sal\u0131n\u0131r yapraklar\u0131 ate\u015f bal\u0131klar\u0131 gibi yemi\u015fleri ku\u015flar gibi \u00f6t\u00fc\u015f\u00fcr. Yolcular f\u00fczelerden \u00e7oktan indi i\u00e7imdeki y\u0131ld\u0131za. D\u00fc\u015f\u00fcmde i\u015fitti\u011fim dille konu\u015fuyorlar, komuta, b\u00f6b\u00fcrlenme, yalvar\u0131p yakarma yok. \u0130\u00e7imde ak bir yol var. Kar\u0131ncalar bu\u011fday taneleriyle bayram \u00e7\u0131\u011fl\u0131klar\u0131yla kamyonlar gelir ge\u00e7er ama yasak, ge\u00e7emez cenaze arabas\u0131 \u0130\u00e7imde mis kokulu k\u0131z\u0131l bir [&hellip;]<\/p>\n","protected":false},"author":1,"featured_media":0,"comment_status":"open","ping_status":"open","sticky":false,"template":"","format":"standard","meta":{"footnotes":""},"categories":[59],"tags":[],"class_list":{"0":"post-1167","1":"post","2":"type-post","3":"status-publish","4":"format-standard","6":"category-nazim-hikmet-ran"},"yoast_head":"<!-- This site is optimized with the Yoast SEO Premium plugin v24.9 (Yoast SEO v24.9) - https:\/\/yoast.com\/wordpress\/plugins\/seo\/ -->\n<title>VERA \u0130\u00c7\u0130N - narteks.net<\/title>\n<meta name=\"robots\" content=\"index, follow, max-snippet:-1, max-image-preview:large, max-video-preview:-1\" \/>\n<link rel=\"canonical\" href=\"https:\/\/narteks.net\/index.php\/2009\/11\/05\/vera-icin\/\" \/>\n<meta property=\"og:locale\" content=\"tr_TR\" \/>\n<meta property=\"og:type\" content=\"article\" \/>\n<meta property=\"og:title\" content=\"VERA \u0130\u00c7\u0130N\" \/>\n<meta property=\"og:description\" content=\"\u00a0 Bir a\u011fa\u00e7 var i\u00e7imde fidesini getirmi\u015fim g\u00fcne\u015ften. Sal\u0131n\u0131r yapraklar\u0131 ate\u015f bal\u0131klar\u0131 gibi yemi\u015fleri ku\u015flar gibi \u00f6t\u00fc\u015f\u00fcr. Yolcular f\u00fczelerden \u00e7oktan indi i\u00e7imdeki y\u0131ld\u0131za. D\u00fc\u015f\u00fcmde i\u015fitti\u011fim dille konu\u015fuyorlar, komuta, b\u00f6b\u00fcrlenme, yalvar\u0131p yakarma yok. \u0130\u00e7imde ak bir yol var. Kar\u0131ncalar bu\u011fday taneleriyle bayram \u00e7\u0131\u011fl\u0131klar\u0131yla kamyonlar gelir ge\u00e7er ama yasak, ge\u00e7emez cenaze arabas\u0131 \u0130\u00e7imde mis kokulu k\u0131z\u0131l bir [&hellip;]\" \/>\n<meta property=\"og:url\" content=\"https:\/\/narteks.net\/index.php\/2009\/11\/05\/vera-icin\/\" \/>\n<meta property=\"og:site_name\" content=\"narteks.net\" \/>\n<meta property=\"article:published_time\" content=\"2009-11-05T10:59:53+00:00\" \/>\n<meta property=\"og:image\" content=\"https:\/\/narteks.net\/wp-content\/uploads\/narteks.png\" \/>\n\t<meta property=\"og:image:width\" content=\"300\" \/>\n\t<meta property=\"og:image:height\" content=\"90\" \/>\n\t<meta property=\"og:image:type\" content=\"image\/png\" \/>\n<meta name=\"author\" content=\"Tar\u0131k\" \/>\n<meta name=\"twitter:card\" content=\"summary_large_image\" \/>\n<meta name=\"twitter:creator\" content=\"@narteks\" \/>\n<meta name=\"twitter:site\" content=\"@narteks\" \/>\n<meta name=\"twitter:label1\" content=\"Yazan:\" \/>\n\t<meta name=\"twitter:data1\" content=\"Tar\u0131k\" \/>\n\t<meta name=\"twitter:label2\" content=\"Tahmini okuma s\u00fcresi\" \/>\n\t<meta name=\"twitter:data2\" content=\"1 dakika\" \/>\n<script type=\"application\/ld+json\" class=\"yoast-schema-graph\">{\"@context\":\"https:\/\/schema.org\",\"@graph\":[{\"@type\":\"Article\",\"@id\":\"https:\/\/narteks.net\/index.php\/2009\/11\/05\/vera-icin\/#article\",\"isPartOf\":{\"@id\":\"https:\/\/narteks.net\/index.php\/2009\/11\/05\/vera-icin\/\"},\"author\":{\"name\":\"Tar\u0131k\",\"@id\":\"https:\/\/narteks.net\/#\/schema\/person\/61f37d9834294b72d31d274e7ed79bca\"},\"headline\":\"VERA \u0130\u00c7\u0130N\",\"datePublished\":\"2009-11-05T10:59:53+00:00\",\"mainEntityOfPage\":{\"@id\":\"https:\/\/narteks.net\/index.php\/2009\/11\/05\/vera-icin\/\"},\"wordCount\":112,\"commentCount\":0,\"publisher\":{\"@id\":\"https:\/\/narteks.net\/#organization\"},\"articleSection\":[\"Naz\u0131m H\u0130KMET RAN\"],\"inLanguage\":\"tr\",\"potentialAction\":[{\"@type\":\"CommentAction\",\"name\":\"Comment\",\"target\":[\"https:\/\/narteks.net\/index.php\/2009\/11\/05\/vera-icin\/#respond\"]}]},{\"@type\":\"WebPage\",\"@id\":\"https:\/\/narteks.net\/index.php\/2009\/11\/05\/vera-icin\/\",\"url\":\"https:\/\/narteks.net\/index.php\/2009\/11\/05\/vera-icin\/\",\"name\":\"VERA \u0130\u00c7\u0130N - narteks.net\",\"isPartOf\":{\"@id\":\"https:\/\/narteks.net\/#website\"},\"datePublished\":\"2009-11-05T10:59:53+00:00\",\"breadcrumb\":{\"@id\":\"https:\/\/narteks.net\/index.php\/2009\/11\/05\/vera-icin\/#breadcrumb\"},\"inLanguage\":\"tr\",\"potentialAction\":[{\"@type\":\"ReadAction\",\"target\":[\"https:\/\/narteks.net\/index.php\/2009\/11\/05\/vera-icin\/\"]}]},{\"@type\":\"BreadcrumbList\",\"@id\":\"https:\/\/narteks.net\/index.php\/2009\/11\/05\/vera-icin\/#breadcrumb\",\"itemListElement\":[{\"@type\":\"ListItem\",\"position\":1,\"name\":\"Anasayfa\",\"item\":\"https:\/\/narteks.net\/\"},{\"@type\":\"ListItem\",\"position\":2,\"name\":\"VERA \u0130\u00c7\u0130N\"}]},{\"@type\":\"WebSite\",\"@id\":\"https:\/\/narteks.net\/#website\",\"url\":\"https:\/\/narteks.net\/\",\"name\":\"narteks.net\",\"description\":\"K\u00fclt\u00fcr Sanat Edebiyat Felsefe\",\"publisher\":{\"@id\":\"https:\/\/narteks.net\/#organization\"},\"alternateName\":\"K\u00fclt\u00fcr Sanat Edebiyat Felsefe\",\"potentialAction\":[{\"@type\":\"SearchAction\",\"target\":{\"@type\":\"EntryPoint\",\"urlTemplate\":\"https:\/\/narteks.net\/?s={search_term_string}\"},\"query-input\":{\"@type\":\"PropertyValueSpecification\",\"valueRequired\":true,\"valueName\":\"search_term_string\"}}],\"inLanguage\":\"tr\"},{\"@type\":\"Organization\",\"@id\":\"https:\/\/narteks.net\/#organization\",\"name\":\"narteks.net\",\"url\":\"https:\/\/narteks.net\/\",\"logo\":{\"@type\":\"ImageObject\",\"inLanguage\":\"tr\",\"@id\":\"https:\/\/narteks.net\/#\/schema\/logo\/image\/\",\"url\":\"https:\/\/narteks.net\/wp-content\/uploads\/narteks.png\",\"contentUrl\":\"https:\/\/narteks.net\/wp-content\/uploads\/narteks.png\",\"width\":300,\"height\":90,\"caption\":\"narteks.net\"},\"image\":{\"@id\":\"https:\/\/narteks.net\/#\/schema\/logo\/image\/\"},\"sameAs\":[\"https:\/\/x.com\/narteks\",\"https:\/\/instagram.com\/narteksnet\"]},{\"@type\":\"Person\",\"@id\":\"https:\/\/narteks.net\/#\/schema\/person\/61f37d9834294b72d31d274e7ed79bca\",\"name\":\"Tar\u0131k\",\"image\":{\"@type\":\"ImageObject\",\"inLanguage\":\"tr\",\"@id\":\"https:\/\/narteks.net\/#\/schema\/person\/image\/\",\"url\":\"https:\/\/secure.gravatar.com\/avatar\/50865afb55632c4ae467e0af0930f6510aa2297d8014be502a55b14f3b7550cf?s=96&d=mm&r=g\",\"contentUrl\":\"https:\/\/secure.gravatar.com\/avatar\/50865afb55632c4ae467e0af0930f6510aa2297d8014be502a55b14f3b7550cf?s=96&d=mm&r=g\",\"caption\":\"Tar\u0131k\"},\"sameAs\":[\"http:\/\/narteks.net\"],\"url\":\"https:\/\/narteks.net\/index.php\/author\/narbak\/\"}]}<\/script>\n<!-- \/ Yoast SEO Premium plugin. -->","yoast_head_json":{"title":"VERA \u0130\u00c7\u0130N - narteks.net","robots":{"index":"index","follow":"follow","max-snippet":"max-snippet:-1","max-image-preview":"max-image-preview:large","max-video-preview":"max-video-preview:-1"},"canonical":"https:\/\/narteks.net\/index.php\/2009\/11\/05\/vera-icin\/","og_locale":"tr_TR","og_type":"article","og_title":"VERA \u0130\u00c7\u0130N","og_description":"\u00a0 Bir a\u011fa\u00e7 var i\u00e7imde fidesini getirmi\u015fim g\u00fcne\u015ften. Sal\u0131n\u0131r yapraklar\u0131 ate\u015f bal\u0131klar\u0131 gibi yemi\u015fleri ku\u015flar gibi \u00f6t\u00fc\u015f\u00fcr. Yolcular f\u00fczelerden \u00e7oktan indi i\u00e7imdeki y\u0131ld\u0131za. D\u00fc\u015f\u00fcmde i\u015fitti\u011fim dille konu\u015fuyorlar, komuta, b\u00f6b\u00fcrlenme, yalvar\u0131p yakarma yok. \u0130\u00e7imde ak bir yol var. Kar\u0131ncalar bu\u011fday taneleriyle bayram \u00e7\u0131\u011fl\u0131klar\u0131yla kamyonlar gelir ge\u00e7er ama yasak, ge\u00e7emez cenaze arabas\u0131 \u0130\u00e7imde mis kokulu k\u0131z\u0131l bir [&hellip;]","og_url":"https:\/\/narteks.net\/index.php\/2009\/11\/05\/vera-icin\/","og_site_name":"narteks.net","article_published_time":"2009-11-05T10:59:53+00:00","og_image":[{"width":300,"height":90,"url":"https:\/\/narteks.net\/wp-content\/uploads\/narteks.png","type":"image\/png"}],"author":"Tar\u0131k","twitter_card":"summary_large_image","twitter_creator":"@narteks","twitter_site":"@narteks","twitter_misc":{"Yazan:":"Tar\u0131k","Tahmini okuma s\u00fcresi":"1 dakika"},"schema":{"@context":"https:\/\/schema.org","@graph":[{"@type":"Article","@id":"https:\/\/narteks.net\/index.php\/2009\/11\/05\/vera-icin\/#article","isPartOf":{"@id":"https:\/\/narteks.net\/index.php\/2009\/11\/05\/vera-icin\/"},"author":{"name":"Tar\u0131k","@id":"https:\/\/narteks.net\/#\/schema\/person\/61f37d9834294b72d31d274e7ed79bca"},"headline":"VERA \u0130\u00c7\u0130N","datePublished":"2009-11-05T10:59:53+00:00","mainEntityOfPage":{"@id":"https:\/\/narteks.net\/index.php\/2009\/11\/05\/vera-icin\/"},"wordCount":112,"commentCount":0,"publisher":{"@id":"https:\/\/narteks.net\/#organization"},"articleSection":["Naz\u0131m H\u0130KMET RAN"],"inLanguage":"tr","potentialAction":[{"@type":"CommentAction","name":"Comment","target":["https:\/\/narteks.net\/index.php\/2009\/11\/05\/vera-icin\/#respond"]}]},{"@type":"WebPage","@id":"https:\/\/narteks.net\/index.php\/2009\/11\/05\/vera-icin\/","url":"https:\/\/narteks.net\/index.php\/2009\/11\/05\/vera-icin\/","name":"VERA \u0130\u00c7\u0130N - narteks.net","isPartOf":{"@id":"https:\/\/narteks.net\/#website"},"datePublished":"2009-11-05T10:59:53+00:00","breadcrumb":{"@id":"https:\/\/narteks.net\/index.php\/2009\/11\/05\/vera-icin\/#breadcrumb"},"inLanguage":"tr","potentialAction":[{"@type":"ReadAction","target":["https:\/\/narteks.net\/index.php\/2009\/11\/05\/vera-icin\/"]}]},{"@type":"BreadcrumbList","@id":"https:\/\/narteks.net\/index.php\/2009\/11\/05\/vera-icin\/#breadcrumb","itemListElement":[{"@type":"ListItem","position":1,"name":"Anasayfa","item":"https:\/\/narteks.net\/"},{"@type":"ListItem","position":2,"name":"VERA \u0130\u00c7\u0130N"}]},{"@type":"WebSite","@id":"https:\/\/narteks.net\/#website","url":"https:\/\/narteks.net\/","name":"narteks.net","description":"K\u00fclt\u00fcr Sanat Edebiyat Felsefe","publisher":{"@id":"https:\/\/narteks.net\/#organization"},"alternateName":"K\u00fclt\u00fcr Sanat Edebiyat Felsefe","potentialAction":[{"@type":"SearchAction","target":{"@type":"EntryPoint","urlTemplate":"https:\/\/narteks.net\/?s={search_term_string}"},"query-input":{"@type":"PropertyValueSpecification","valueRequired":true,"valueName":"search_term_string"}}],"inLanguage":"tr"},{"@type":"Organization","@id":"https:\/\/narteks.net\/#organization","name":"narteks.net","url":"https:\/\/narteks.net\/","logo":{"@type":"ImageObject","inLanguage":"tr","@id":"https:\/\/narteks.net\/#\/schema\/logo\/image\/","url":"https:\/\/narteks.net\/wp-content\/uploads\/narteks.png","contentUrl":"https:\/\/narteks.net\/wp-content\/uploads\/narteks.png","width":300,"height":90,"caption":"narteks.net"},"image":{"@id":"https:\/\/narteks.net\/#\/schema\/logo\/image\/"},"sameAs":["https:\/\/x.com\/narteks","https:\/\/instagram.com\/narteksnet"]},{"@type":"Person","@id":"https:\/\/narteks.net\/#\/schema\/person\/61f37d9834294b72d31d274e7ed79bca","name":"Tar\u0131k","image":{"@type":"ImageObject","inLanguage":"tr","@id":"https:\/\/narteks.net\/#\/schema\/person\/image\/","url":"https:\/\/secure.gravatar.com\/avatar\/50865afb55632c4ae467e0af0930f6510aa2297d8014be502a55b14f3b7550cf?s=96&d=mm&r=g","contentUrl":"https:\/\/secure.gravatar.com\/avatar\/50865afb55632c4ae467e0af0930f6510aa2297d8014be502a55b14f3b7550cf?s=96&d=mm&r=g","caption":"Tar\u0131k"},"sameAs":["http:\/\/narteks.net"],"url":"https:\/\/narteks.net\/index.php\/author\/narbak\/"}]}},"_links":{"self":[{"href":"https:\/\/narteks.net\/index.php\/wp-json\/wp\/v2\/posts\/1167","targetHints":{"allow":["GET"]}}],"collection":[{"href":"https:\/\/narteks.net\/index.php\/wp-json\/wp\/v2\/posts"}],"about":[{"href":"https:\/\/narteks.net\/index.php\/wp-json\/wp\/v2\/types\/post"}],"author":[{"embeddable":true,"href":"https:\/\/narteks.net\/index.php\/wp-json\/wp\/v2\/users\/1"}],"replies":[{"embeddable":true,"href":"https:\/\/narteks.net\/index.php\/wp-json\/wp\/v2\/comments?post=1167"}],"version-history":[{"count":0,"href":"https:\/\/narteks.net\/index.php\/wp-json\/wp\/v2\/posts\/1167\/revisions"}],"wp:attachment":[{"href":"https:\/\/narteks.net\/index.php\/wp-json\/wp\/v2\/media?parent=1167"}],"wp:term":[{"taxonomy":"category","embeddable":true,"href":"https:\/\/narteks.net\/index.php\/wp-json\/wp\/v2\/categories?post=1167"},{"taxonomy":"post_tag","embeddable":true,"href":"https:\/\/narteks.net\/index.php\/wp-json\/wp\/v2\/tags?post=1167"}],"curies":[{"name":"wp","href":"https:\/\/api.w.org\/{rel}","templated":true}]}}