{"id":1168,"date":"2009-11-05T14:00:32","date_gmt":"2009-11-05T11:00:32","guid":{"rendered":"http:\/\/localhost\/wordpress\/2009\/11\/05\/vera-uyandi\/"},"modified":"2009-11-05T14:00:32","modified_gmt":"2009-11-05T11:00:32","slug":"vera-uyandi","status":"publish","type":"post","link":"https:\/\/narteks.net\/index.php\/2009\/11\/05\/vera-uyandi\/","title":{"rendered":"VERA UYANDI"},"content":{"rendered":"<p>\u00a0<\/p>\n<p>\u0130skemleler ayakta uyuyor<br \/> masa da \u00f6yle<br \/> serilmi\u015f yat\u0131yor s\u0131rt\u00fcst\u00fc kilim<br \/> yummu\u015f nak\u0131\u015flar\u0131n\u0131<br \/> ayna uyuyor<br \/> pencerelerin s\u0131ms\u0131k\u0131 kapal\u0131 g\u00f6zleri<br \/> uyuyor sark\u0131tm\u0131\u015f bo\u015flu\u011fa bacaklar\u0131n\u0131 balkon<br \/> kar\u015f\u0131 damda bacalar uyuyor<br \/> kald\u0131r\u0131mda akasyalar da \u00f6yle<br \/> bulut uyuyor<br \/> g\u00f6\u011fs\u00fcnde y\u0131ld\u0131z\u0131yla<br \/> evin i\u00e7inde d\u0131\u015f\u0131nda uykuda ayd\u0131nl\u0131k<br \/> uyand\u0131n g\u00fcl\u00fcm<br \/> iskemleler uyand\u0131<br \/> k\u00f6\u015feden k\u00f6\u015feye ko\u015fu\u015ftular<br \/> masa da \u00f6yle<br \/> do\u011frulup oturdu kilim<br \/> nak\u0131\u015flar\u0131 a\u00e7\u0131ld\u0131 katmer katmer<br \/> ayna seher vakti g\u00f6l\u00fc gibi uyand\u0131<br \/> a\u00e7t\u0131 kocaman mavi g\u00f6zlerini pencereler<br \/> uyand\u0131 balkon<br \/> toparlad\u0131 bacaklar\u0131n\u0131 bo\u015fluktan<br \/> t\u00fctt\u00fc kar\u015f\u0131 damda bacalar<br \/> kald\u0131r\u0131mlar akasyalar \u00f6t\u00fc\u015ft\u00fc<br \/> bulut uyand\u0131<br \/> att\u0131 g\u00f6\u011fs\u00fcndeki y\u0131ld\u0131z\u0131 odam\u0131za<br \/> evin i\u00e7inde d\u0131\u015f\u0131nda uyand\u0131 ayd\u0131nl\u0131k<br \/> doldu sa\u00e7lar\u0131na senin<br \/> doland\u0131 \u00e7\u0131plak beline ak ayaklar\u0131na senin<\/p>\n<p>Naz\u0131m Hikmet RAN<\/p>\n","protected":false},"excerpt":{"rendered":"<p>\u00a0 \u0130skemleler ayakta uyuyor masa da \u00f6yle serilmi\u015f yat\u0131yor s\u0131rt\u00fcst\u00fc kilim yummu\u015f nak\u0131\u015flar\u0131n\u0131 ayna uyuyor pencerelerin s\u0131ms\u0131k\u0131 kapal\u0131 g\u00f6zleri uyuyor sark\u0131tm\u0131\u015f bo\u015flu\u011fa bacaklar\u0131n\u0131 balkon kar\u015f\u0131 damda bacalar uyuyor kald\u0131r\u0131mda akasyalar da \u00f6yle bulut uyuyor g\u00f6\u011fs\u00fcnde y\u0131ld\u0131z\u0131yla evin i\u00e7inde d\u0131\u015f\u0131nda uykuda ayd\u0131nl\u0131k uyand\u0131n g\u00fcl\u00fcm iskemleler uyand\u0131 k\u00f6\u015feden k\u00f6\u015feye ko\u015fu\u015ftular masa da \u00f6yle do\u011frulup oturdu kilim nak\u0131\u015flar\u0131 [&hellip;]<\/p>\n","protected":false},"author":1,"featured_media":0,"comment_status":"open","ping_status":"open","sticky":false,"template":"","format":"standard","meta":{"footnotes":""},"categories":[59],"tags":[],"class_list":{"0":"post-1168","1":"post","2":"type-post","3":"status-publish","4":"format-standard","6":"category-nazim-hikmet-ran"},"yoast_head":"<!-- This site is optimized with the Yoast SEO Premium plugin v24.9 (Yoast SEO v24.9) - https:\/\/yoast.com\/wordpress\/plugins\/seo\/ -->\n<title>VERA UYANDI - narteks.net<\/title>\n<meta name=\"robots\" content=\"index, follow, max-snippet:-1, max-image-preview:large, max-video-preview:-1\" \/>\n<link rel=\"canonical\" href=\"https:\/\/narteks.net\/index.php\/2009\/11\/05\/vera-uyandi\/\" \/>\n<meta property=\"og:locale\" content=\"tr_TR\" \/>\n<meta property=\"og:type\" content=\"article\" \/>\n<meta property=\"og:title\" content=\"VERA UYANDI\" \/>\n<meta property=\"og:description\" content=\"\u00a0 \u0130skemleler ayakta uyuyor masa da \u00f6yle serilmi\u015f yat\u0131yor s\u0131rt\u00fcst\u00fc kilim yummu\u015f nak\u0131\u015flar\u0131n\u0131 ayna uyuyor pencerelerin s\u0131ms\u0131k\u0131 kapal\u0131 g\u00f6zleri uyuyor sark\u0131tm\u0131\u015f bo\u015flu\u011fa bacaklar\u0131n\u0131 balkon kar\u015f\u0131 damda bacalar uyuyor kald\u0131r\u0131mda akasyalar da \u00f6yle bulut uyuyor g\u00f6\u011fs\u00fcnde y\u0131ld\u0131z\u0131yla evin i\u00e7inde d\u0131\u015f\u0131nda uykuda ayd\u0131nl\u0131k uyand\u0131n g\u00fcl\u00fcm iskemleler uyand\u0131 k\u00f6\u015feden k\u00f6\u015feye ko\u015fu\u015ftular masa da \u00f6yle do\u011frulup oturdu kilim nak\u0131\u015flar\u0131 [&hellip;]\" \/>\n<meta property=\"og:url\" content=\"https:\/\/narteks.net\/index.php\/2009\/11\/05\/vera-uyandi\/\" \/>\n<meta property=\"og:site_name\" content=\"narteks.net\" \/>\n<meta property=\"article:published_time\" content=\"2009-11-05T11:00:32+00:00\" \/>\n<meta property=\"og:image\" content=\"https:\/\/narteks.net\/wp-content\/uploads\/narteks.png\" \/>\n\t<meta property=\"og:image:width\" content=\"300\" \/>\n\t<meta property=\"og:image:height\" content=\"90\" \/>\n\t<meta property=\"og:image:type\" content=\"image\/png\" \/>\n<meta name=\"author\" content=\"Tar\u0131k\" \/>\n<meta name=\"twitter:card\" content=\"summary_large_image\" \/>\n<meta name=\"twitter:creator\" content=\"@narteks\" \/>\n<meta name=\"twitter:site\" content=\"@narteks\" \/>\n<meta name=\"twitter:label1\" content=\"Yazan:\" \/>\n\t<meta name=\"twitter:data1\" content=\"Tar\u0131k\" \/>\n\t<meta name=\"twitter:label2\" content=\"Tahmini okuma s\u00fcresi\" \/>\n\t<meta name=\"twitter:data2\" content=\"1 dakika\" \/>\n<script type=\"application\/ld+json\" class=\"yoast-schema-graph\">{\"@context\":\"https:\/\/schema.org\",\"@graph\":[{\"@type\":\"Article\",\"@id\":\"https:\/\/narteks.net\/index.php\/2009\/11\/05\/vera-uyandi\/#article\",\"isPartOf\":{\"@id\":\"https:\/\/narteks.net\/index.php\/2009\/11\/05\/vera-uyandi\/\"},\"author\":{\"name\":\"Tar\u0131k\",\"@id\":\"https:\/\/narteks.net\/#\/schema\/person\/61f37d9834294b72d31d274e7ed79bca\"},\"headline\":\"VERA UYANDI\",\"datePublished\":\"2009-11-05T11:00:32+00:00\",\"mainEntityOfPage\":{\"@id\":\"https:\/\/narteks.net\/index.php\/2009\/11\/05\/vera-uyandi\/\"},\"wordCount\":160,\"commentCount\":0,\"publisher\":{\"@id\":\"https:\/\/narteks.net\/#organization\"},\"articleSection\":[\"Naz\u0131m H\u0130KMET RAN\"],\"inLanguage\":\"tr\",\"potentialAction\":[{\"@type\":\"CommentAction\",\"name\":\"Comment\",\"target\":[\"https:\/\/narteks.net\/index.php\/2009\/11\/05\/vera-uyandi\/#respond\"]}]},{\"@type\":\"WebPage\",\"@id\":\"https:\/\/narteks.net\/index.php\/2009\/11\/05\/vera-uyandi\/\",\"url\":\"https:\/\/narteks.net\/index.php\/2009\/11\/05\/vera-uyandi\/\",\"name\":\"VERA UYANDI - narteks.net\",\"isPartOf\":{\"@id\":\"https:\/\/narteks.net\/#website\"},\"datePublished\":\"2009-11-05T11:00:32+00:00\",\"breadcrumb\":{\"@id\":\"https:\/\/narteks.net\/index.php\/2009\/11\/05\/vera-uyandi\/#breadcrumb\"},\"inLanguage\":\"tr\",\"potentialAction\":[{\"@type\":\"ReadAction\",\"target\":[\"https:\/\/narteks.net\/index.php\/2009\/11\/05\/vera-uyandi\/\"]}]},{\"@type\":\"BreadcrumbList\",\"@id\":\"https:\/\/narteks.net\/index.php\/2009\/11\/05\/vera-uyandi\/#breadcrumb\",\"itemListElement\":[{\"@type\":\"ListItem\",\"position\":1,\"name\":\"Anasayfa\",\"item\":\"https:\/\/narteks.net\/\"},{\"@type\":\"ListItem\",\"position\":2,\"name\":\"VERA UYANDI\"}]},{\"@type\":\"WebSite\",\"@id\":\"https:\/\/narteks.net\/#website\",\"url\":\"https:\/\/narteks.net\/\",\"name\":\"narteks.net\",\"description\":\"K\u00fclt\u00fcr Sanat Edebiyat Felsefe\",\"publisher\":{\"@id\":\"https:\/\/narteks.net\/#organization\"},\"alternateName\":\"K\u00fclt\u00fcr Sanat Edebiyat Felsefe\",\"potentialAction\":[{\"@type\":\"SearchAction\",\"target\":{\"@type\":\"EntryPoint\",\"urlTemplate\":\"https:\/\/narteks.net\/?s={search_term_string}\"},\"query-input\":{\"@type\":\"PropertyValueSpecification\",\"valueRequired\":true,\"valueName\":\"search_term_string\"}}],\"inLanguage\":\"tr\"},{\"@type\":\"Organization\",\"@id\":\"https:\/\/narteks.net\/#organization\",\"name\":\"narteks.net\",\"url\":\"https:\/\/narteks.net\/\",\"logo\":{\"@type\":\"ImageObject\",\"inLanguage\":\"tr\",\"@id\":\"https:\/\/narteks.net\/#\/schema\/logo\/image\/\",\"url\":\"https:\/\/narteks.net\/wp-content\/uploads\/narteks.png\",\"contentUrl\":\"https:\/\/narteks.net\/wp-content\/uploads\/narteks.png\",\"width\":300,\"height\":90,\"caption\":\"narteks.net\"},\"image\":{\"@id\":\"https:\/\/narteks.net\/#\/schema\/logo\/image\/\"},\"sameAs\":[\"https:\/\/x.com\/narteks\",\"https:\/\/instagram.com\/narteksnet\"]},{\"@type\":\"Person\",\"@id\":\"https:\/\/narteks.net\/#\/schema\/person\/61f37d9834294b72d31d274e7ed79bca\",\"name\":\"Tar\u0131k\",\"image\":{\"@type\":\"ImageObject\",\"inLanguage\":\"tr\",\"@id\":\"https:\/\/narteks.net\/#\/schema\/person\/image\/\",\"url\":\"https:\/\/secure.gravatar.com\/avatar\/50865afb55632c4ae467e0af0930f6510aa2297d8014be502a55b14f3b7550cf?s=96&d=mm&r=g\",\"contentUrl\":\"https:\/\/secure.gravatar.com\/avatar\/50865afb55632c4ae467e0af0930f6510aa2297d8014be502a55b14f3b7550cf?s=96&d=mm&r=g\",\"caption\":\"Tar\u0131k\"},\"sameAs\":[\"http:\/\/narteks.net\"],\"url\":\"https:\/\/narteks.net\/index.php\/author\/narbak\/\"}]}<\/script>\n<!-- \/ Yoast SEO Premium plugin. -->","yoast_head_json":{"title":"VERA UYANDI - narteks.net","robots":{"index":"index","follow":"follow","max-snippet":"max-snippet:-1","max-image-preview":"max-image-preview:large","max-video-preview":"max-video-preview:-1"},"canonical":"https:\/\/narteks.net\/index.php\/2009\/11\/05\/vera-uyandi\/","og_locale":"tr_TR","og_type":"article","og_title":"VERA UYANDI","og_description":"\u00a0 \u0130skemleler ayakta uyuyor masa da \u00f6yle serilmi\u015f yat\u0131yor s\u0131rt\u00fcst\u00fc kilim yummu\u015f nak\u0131\u015flar\u0131n\u0131 ayna uyuyor pencerelerin s\u0131ms\u0131k\u0131 kapal\u0131 g\u00f6zleri uyuyor sark\u0131tm\u0131\u015f bo\u015flu\u011fa bacaklar\u0131n\u0131 balkon kar\u015f\u0131 damda bacalar uyuyor kald\u0131r\u0131mda akasyalar da \u00f6yle bulut uyuyor g\u00f6\u011fs\u00fcnde y\u0131ld\u0131z\u0131yla evin i\u00e7inde d\u0131\u015f\u0131nda uykuda ayd\u0131nl\u0131k uyand\u0131n g\u00fcl\u00fcm iskemleler uyand\u0131 k\u00f6\u015feden k\u00f6\u015feye ko\u015fu\u015ftular masa da \u00f6yle do\u011frulup oturdu kilim nak\u0131\u015flar\u0131 [&hellip;]","og_url":"https:\/\/narteks.net\/index.php\/2009\/11\/05\/vera-uyandi\/","og_site_name":"narteks.net","article_published_time":"2009-11-05T11:00:32+00:00","og_image":[{"width":300,"height":90,"url":"https:\/\/narteks.net\/wp-content\/uploads\/narteks.png","type":"image\/png"}],"author":"Tar\u0131k","twitter_card":"summary_large_image","twitter_creator":"@narteks","twitter_site":"@narteks","twitter_misc":{"Yazan:":"Tar\u0131k","Tahmini okuma s\u00fcresi":"1 dakika"},"schema":{"@context":"https:\/\/schema.org","@graph":[{"@type":"Article","@id":"https:\/\/narteks.net\/index.php\/2009\/11\/05\/vera-uyandi\/#article","isPartOf":{"@id":"https:\/\/narteks.net\/index.php\/2009\/11\/05\/vera-uyandi\/"},"author":{"name":"Tar\u0131k","@id":"https:\/\/narteks.net\/#\/schema\/person\/61f37d9834294b72d31d274e7ed79bca"},"headline":"VERA UYANDI","datePublished":"2009-11-05T11:00:32+00:00","mainEntityOfPage":{"@id":"https:\/\/narteks.net\/index.php\/2009\/11\/05\/vera-uyandi\/"},"wordCount":160,"commentCount":0,"publisher":{"@id":"https:\/\/narteks.net\/#organization"},"articleSection":["Naz\u0131m H\u0130KMET RAN"],"inLanguage":"tr","potentialAction":[{"@type":"CommentAction","name":"Comment","target":["https:\/\/narteks.net\/index.php\/2009\/11\/05\/vera-uyandi\/#respond"]}]},{"@type":"WebPage","@id":"https:\/\/narteks.net\/index.php\/2009\/11\/05\/vera-uyandi\/","url":"https:\/\/narteks.net\/index.php\/2009\/11\/05\/vera-uyandi\/","name":"VERA UYANDI - narteks.net","isPartOf":{"@id":"https:\/\/narteks.net\/#website"},"datePublished":"2009-11-05T11:00:32+00:00","breadcrumb":{"@id":"https:\/\/narteks.net\/index.php\/2009\/11\/05\/vera-uyandi\/#breadcrumb"},"inLanguage":"tr","potentialAction":[{"@type":"ReadAction","target":["https:\/\/narteks.net\/index.php\/2009\/11\/05\/vera-uyandi\/"]}]},{"@type":"BreadcrumbList","@id":"https:\/\/narteks.net\/index.php\/2009\/11\/05\/vera-uyandi\/#breadcrumb","itemListElement":[{"@type":"ListItem","position":1,"name":"Anasayfa","item":"https:\/\/narteks.net\/"},{"@type":"ListItem","position":2,"name":"VERA UYANDI"}]},{"@type":"WebSite","@id":"https:\/\/narteks.net\/#website","url":"https:\/\/narteks.net\/","name":"narteks.net","description":"K\u00fclt\u00fcr Sanat Edebiyat Felsefe","publisher":{"@id":"https:\/\/narteks.net\/#organization"},"alternateName":"K\u00fclt\u00fcr Sanat Edebiyat Felsefe","potentialAction":[{"@type":"SearchAction","target":{"@type":"EntryPoint","urlTemplate":"https:\/\/narteks.net\/?s={search_term_string}"},"query-input":{"@type":"PropertyValueSpecification","valueRequired":true,"valueName":"search_term_string"}}],"inLanguage":"tr"},{"@type":"Organization","@id":"https:\/\/narteks.net\/#organization","name":"narteks.net","url":"https:\/\/narteks.net\/","logo":{"@type":"ImageObject","inLanguage":"tr","@id":"https:\/\/narteks.net\/#\/schema\/logo\/image\/","url":"https:\/\/narteks.net\/wp-content\/uploads\/narteks.png","contentUrl":"https:\/\/narteks.net\/wp-content\/uploads\/narteks.png","width":300,"height":90,"caption":"narteks.net"},"image":{"@id":"https:\/\/narteks.net\/#\/schema\/logo\/image\/"},"sameAs":["https:\/\/x.com\/narteks","https:\/\/instagram.com\/narteksnet"]},{"@type":"Person","@id":"https:\/\/narteks.net\/#\/schema\/person\/61f37d9834294b72d31d274e7ed79bca","name":"Tar\u0131k","image":{"@type":"ImageObject","inLanguage":"tr","@id":"https:\/\/narteks.net\/#\/schema\/person\/image\/","url":"https:\/\/secure.gravatar.com\/avatar\/50865afb55632c4ae467e0af0930f6510aa2297d8014be502a55b14f3b7550cf?s=96&d=mm&r=g","contentUrl":"https:\/\/secure.gravatar.com\/avatar\/50865afb55632c4ae467e0af0930f6510aa2297d8014be502a55b14f3b7550cf?s=96&d=mm&r=g","caption":"Tar\u0131k"},"sameAs":["http:\/\/narteks.net"],"url":"https:\/\/narteks.net\/index.php\/author\/narbak\/"}]}},"_links":{"self":[{"href":"https:\/\/narteks.net\/index.php\/wp-json\/wp\/v2\/posts\/1168","targetHints":{"allow":["GET"]}}],"collection":[{"href":"https:\/\/narteks.net\/index.php\/wp-json\/wp\/v2\/posts"}],"about":[{"href":"https:\/\/narteks.net\/index.php\/wp-json\/wp\/v2\/types\/post"}],"author":[{"embeddable":true,"href":"https:\/\/narteks.net\/index.php\/wp-json\/wp\/v2\/users\/1"}],"replies":[{"embeddable":true,"href":"https:\/\/narteks.net\/index.php\/wp-json\/wp\/v2\/comments?post=1168"}],"version-history":[{"count":0,"href":"https:\/\/narteks.net\/index.php\/wp-json\/wp\/v2\/posts\/1168\/revisions"}],"wp:attachment":[{"href":"https:\/\/narteks.net\/index.php\/wp-json\/wp\/v2\/media?parent=1168"}],"wp:term":[{"taxonomy":"category","embeddable":true,"href":"https:\/\/narteks.net\/index.php\/wp-json\/wp\/v2\/categories?post=1168"},{"taxonomy":"post_tag","embeddable":true,"href":"https:\/\/narteks.net\/index.php\/wp-json\/wp\/v2\/tags?post=1168"}],"curies":[{"name":"wp","href":"https:\/\/api.w.org\/{rel}","templated":true}]}}