{"id":117,"date":"2009-02-27T15:41:24","date_gmt":"2009-02-27T12:41:24","guid":{"rendered":"http:\/\/localhost\/wordpress\/2009\/02\/27\/geceleyin-bir-kirda\/"},"modified":"2009-02-27T15:41:24","modified_gmt":"2009-02-27T12:41:24","slug":"geceleyin-bir-kirda","status":"publish","type":"post","link":"https:\/\/narteks.net\/index.php\/2009\/02\/27\/geceleyin-bir-kirda\/","title":{"rendered":"GECELEY\u0130N B\u0130R KIRDA"},"content":{"rendered":"<p>\u00a0<\/p>\n<p>Kuytu bir k\u00f6\u015fesindeyim <br \/>ve yorgun bedenimin alt\u0131nda <br \/>\u00e7\u0131t\u0131rd\u0131yor kuru yapraklar <br \/>\u00dcstte kristal bir g\u00f6k <br \/>ve y\u0131ld\u0131zlar <br \/>ozancas\u0131na <\/p>\n<p>Yaln\u0131z\u0131m <br \/>s\u0131k\u0131nt\u0131n\u0131n yaln\u0131zl\u0131\u011f\u0131 de\u011fil bu <br \/>D\u00fc\u015flerle el ele <br \/>ya\u015famay\u0131 dillendiren <br \/>ve yudum yudum \u00f6z\u00fcmleten <br \/>bir sevgi yaln\u0131zl\u0131\u011f\u0131 <\/p>\n<p>Dinlendiriyor y\u00fcre\u011fimi <br \/>kafam\u0131 <br \/>bedenimi <br \/>serin ok\u015fay\u0131\u015flar\u0131yla do\u011fa <br \/>Dinliyorum en g\u00fczel t\u00fcrk\u00fcs\u00fcn\u00fc <br \/>kurdun ku\u015fun <\/p>\n<p>U\u00e7mak i\u00e7in <br \/>kanat aram\u0131yorum<\/p>\n<p>AHMET TELL\u0130<\/p>\n","protected":false},"excerpt":{"rendered":"<p>\u00a0 Kuytu bir k\u00f6\u015fesindeyim ve yorgun bedenimin alt\u0131nda \u00e7\u0131t\u0131rd\u0131yor kuru yapraklar \u00dcstte kristal bir g\u00f6k ve y\u0131ld\u0131zlar ozancas\u0131na Yaln\u0131z\u0131m s\u0131k\u0131nt\u0131n\u0131n yaln\u0131zl\u0131\u011f\u0131 de\u011fil bu D\u00fc\u015flerle el ele ya\u015famay\u0131 dillendiren ve yudum yudum \u00f6z\u00fcmleten bir sevgi yaln\u0131zl\u0131\u011f\u0131 Dinlendiriyor y\u00fcre\u011fimi kafam\u0131 bedenimi serin ok\u015fay\u0131\u015flar\u0131yla do\u011fa Dinliyorum en g\u00fczel t\u00fcrk\u00fcs\u00fcn\u00fc kurdun ku\u015fun U\u00e7mak i\u00e7in kanat aram\u0131yorum AHMET TELL\u0130<\/p>\n","protected":false},"author":1,"featured_media":0,"comment_status":"open","ping_status":"open","sticky":false,"template":"","format":"standard","meta":{"footnotes":""},"categories":[7],"tags":[],"class_list":{"0":"post-117","1":"post","2":"type-post","3":"status-publish","4":"format-standard","6":"category-ahmet-telli"},"yoast_head":"<!-- This site is optimized with the Yoast SEO Premium plugin v24.9 (Yoast SEO v24.9) - https:\/\/yoast.com\/wordpress\/plugins\/seo\/ -->\n<title>GECELEY\u0130N B\u0130R KIRDA - narteks.net<\/title>\n<meta name=\"robots\" content=\"index, follow, max-snippet:-1, max-image-preview:large, max-video-preview:-1\" \/>\n<link rel=\"canonical\" href=\"https:\/\/narteks.net\/index.php\/2009\/02\/27\/geceleyin-bir-kirda\/\" \/>\n<meta property=\"og:locale\" content=\"tr_TR\" \/>\n<meta property=\"og:type\" content=\"article\" \/>\n<meta property=\"og:title\" content=\"GECELEY\u0130N B\u0130R KIRDA\" \/>\n<meta property=\"og:description\" content=\"\u00a0 Kuytu bir k\u00f6\u015fesindeyim ve yorgun bedenimin alt\u0131nda \u00e7\u0131t\u0131rd\u0131yor kuru yapraklar \u00dcstte kristal bir g\u00f6k ve y\u0131ld\u0131zlar ozancas\u0131na Yaln\u0131z\u0131m s\u0131k\u0131nt\u0131n\u0131n yaln\u0131zl\u0131\u011f\u0131 de\u011fil bu D\u00fc\u015flerle el ele ya\u015famay\u0131 dillendiren ve yudum yudum \u00f6z\u00fcmleten bir sevgi yaln\u0131zl\u0131\u011f\u0131 Dinlendiriyor y\u00fcre\u011fimi kafam\u0131 bedenimi serin ok\u015fay\u0131\u015flar\u0131yla do\u011fa Dinliyorum en g\u00fczel t\u00fcrk\u00fcs\u00fcn\u00fc kurdun ku\u015fun U\u00e7mak i\u00e7in kanat aram\u0131yorum AHMET TELL\u0130\" \/>\n<meta property=\"og:url\" content=\"https:\/\/narteks.net\/index.php\/2009\/02\/27\/geceleyin-bir-kirda\/\" \/>\n<meta property=\"og:site_name\" content=\"narteks.net\" \/>\n<meta property=\"article:published_time\" content=\"2009-02-27T12:41:24+00:00\" \/>\n<meta property=\"og:image\" content=\"https:\/\/narteks.net\/wp-content\/uploads\/narteks.png\" \/>\n\t<meta property=\"og:image:width\" content=\"300\" \/>\n\t<meta property=\"og:image:height\" content=\"90\" \/>\n\t<meta property=\"og:image:type\" content=\"image\/png\" \/>\n<meta name=\"author\" content=\"Tar\u0131k\" \/>\n<meta name=\"twitter:card\" content=\"summary_large_image\" \/>\n<meta name=\"twitter:creator\" content=\"@narteks\" \/>\n<meta name=\"twitter:site\" content=\"@narteks\" \/>\n<meta name=\"twitter:label1\" content=\"Yazan:\" \/>\n\t<meta name=\"twitter:data1\" content=\"Tar\u0131k\" \/>\n<script type=\"application\/ld+json\" class=\"yoast-schema-graph\">{\"@context\":\"https:\/\/schema.org\",\"@graph\":[{\"@type\":\"Article\",\"@id\":\"https:\/\/narteks.net\/index.php\/2009\/02\/27\/geceleyin-bir-kirda\/#article\",\"isPartOf\":{\"@id\":\"https:\/\/narteks.net\/index.php\/2009\/02\/27\/geceleyin-bir-kirda\/\"},\"author\":{\"name\":\"Tar\u0131k\",\"@id\":\"https:\/\/narteks.net\/#\/schema\/person\/61f37d9834294b72d31d274e7ed79bca\"},\"headline\":\"GECELEY\u0130N B\u0130R KIRDA\",\"datePublished\":\"2009-02-27T12:41:24+00:00\",\"mainEntityOfPage\":{\"@id\":\"https:\/\/narteks.net\/index.php\/2009\/02\/27\/geceleyin-bir-kirda\/\"},\"wordCount\":92,\"commentCount\":0,\"publisher\":{\"@id\":\"https:\/\/narteks.net\/#organization\"},\"articleSection\":[\"Ahmet TELL\u0130\"],\"inLanguage\":\"tr\",\"potentialAction\":[{\"@type\":\"CommentAction\",\"name\":\"Comment\",\"target\":[\"https:\/\/narteks.net\/index.php\/2009\/02\/27\/geceleyin-bir-kirda\/#respond\"]}]},{\"@type\":\"WebPage\",\"@id\":\"https:\/\/narteks.net\/index.php\/2009\/02\/27\/geceleyin-bir-kirda\/\",\"url\":\"https:\/\/narteks.net\/index.php\/2009\/02\/27\/geceleyin-bir-kirda\/\",\"name\":\"GECELEY\u0130N B\u0130R KIRDA - narteks.net\",\"isPartOf\":{\"@id\":\"https:\/\/narteks.net\/#website\"},\"datePublished\":\"2009-02-27T12:41:24+00:00\",\"breadcrumb\":{\"@id\":\"https:\/\/narteks.net\/index.php\/2009\/02\/27\/geceleyin-bir-kirda\/#breadcrumb\"},\"inLanguage\":\"tr\",\"potentialAction\":[{\"@type\":\"ReadAction\",\"target\":[\"https:\/\/narteks.net\/index.php\/2009\/02\/27\/geceleyin-bir-kirda\/\"]}]},{\"@type\":\"BreadcrumbList\",\"@id\":\"https:\/\/narteks.net\/index.php\/2009\/02\/27\/geceleyin-bir-kirda\/#breadcrumb\",\"itemListElement\":[{\"@type\":\"ListItem\",\"position\":1,\"name\":\"Anasayfa\",\"item\":\"https:\/\/narteks.net\/\"},{\"@type\":\"ListItem\",\"position\":2,\"name\":\"GECELEY\u0130N B\u0130R KIRDA\"}]},{\"@type\":\"WebSite\",\"@id\":\"https:\/\/narteks.net\/#website\",\"url\":\"https:\/\/narteks.net\/\",\"name\":\"narteks.net\",\"description\":\"K\u00fclt\u00fcr Sanat Edebiyat Felsefe\",\"publisher\":{\"@id\":\"https:\/\/narteks.net\/#organization\"},\"alternateName\":\"K\u00fclt\u00fcr Sanat Edebiyat Felsefe\",\"potentialAction\":[{\"@type\":\"SearchAction\",\"target\":{\"@type\":\"EntryPoint\",\"urlTemplate\":\"https:\/\/narteks.net\/?s={search_term_string}\"},\"query-input\":{\"@type\":\"PropertyValueSpecification\",\"valueRequired\":true,\"valueName\":\"search_term_string\"}}],\"inLanguage\":\"tr\"},{\"@type\":\"Organization\",\"@id\":\"https:\/\/narteks.net\/#organization\",\"name\":\"narteks.net\",\"url\":\"https:\/\/narteks.net\/\",\"logo\":{\"@type\":\"ImageObject\",\"inLanguage\":\"tr\",\"@id\":\"https:\/\/narteks.net\/#\/schema\/logo\/image\/\",\"url\":\"https:\/\/narteks.net\/wp-content\/uploads\/narteks.png\",\"contentUrl\":\"https:\/\/narteks.net\/wp-content\/uploads\/narteks.png\",\"width\":300,\"height\":90,\"caption\":\"narteks.net\"},\"image\":{\"@id\":\"https:\/\/narteks.net\/#\/schema\/logo\/image\/\"},\"sameAs\":[\"https:\/\/x.com\/narteks\",\"https:\/\/instagram.com\/narteksnet\"]},{\"@type\":\"Person\",\"@id\":\"https:\/\/narteks.net\/#\/schema\/person\/61f37d9834294b72d31d274e7ed79bca\",\"name\":\"Tar\u0131k\",\"image\":{\"@type\":\"ImageObject\",\"inLanguage\":\"tr\",\"@id\":\"https:\/\/narteks.net\/#\/schema\/person\/image\/\",\"url\":\"https:\/\/secure.gravatar.com\/avatar\/50865afb55632c4ae467e0af0930f6510aa2297d8014be502a55b14f3b7550cf?s=96&d=mm&r=g\",\"contentUrl\":\"https:\/\/secure.gravatar.com\/avatar\/50865afb55632c4ae467e0af0930f6510aa2297d8014be502a55b14f3b7550cf?s=96&d=mm&r=g\",\"caption\":\"Tar\u0131k\"},\"sameAs\":[\"http:\/\/narteks.net\"],\"url\":\"https:\/\/narteks.net\/index.php\/author\/narbak\/\"}]}<\/script>\n<!-- \/ Yoast SEO Premium plugin. -->","yoast_head_json":{"title":"GECELEY\u0130N B\u0130R KIRDA - narteks.net","robots":{"index":"index","follow":"follow","max-snippet":"max-snippet:-1","max-image-preview":"max-image-preview:large","max-video-preview":"max-video-preview:-1"},"canonical":"https:\/\/narteks.net\/index.php\/2009\/02\/27\/geceleyin-bir-kirda\/","og_locale":"tr_TR","og_type":"article","og_title":"GECELEY\u0130N B\u0130R KIRDA","og_description":"\u00a0 Kuytu bir k\u00f6\u015fesindeyim ve yorgun bedenimin alt\u0131nda \u00e7\u0131t\u0131rd\u0131yor kuru yapraklar \u00dcstte kristal bir g\u00f6k ve y\u0131ld\u0131zlar ozancas\u0131na Yaln\u0131z\u0131m s\u0131k\u0131nt\u0131n\u0131n yaln\u0131zl\u0131\u011f\u0131 de\u011fil bu D\u00fc\u015flerle el ele ya\u015famay\u0131 dillendiren ve yudum yudum \u00f6z\u00fcmleten bir sevgi yaln\u0131zl\u0131\u011f\u0131 Dinlendiriyor y\u00fcre\u011fimi kafam\u0131 bedenimi serin ok\u015fay\u0131\u015flar\u0131yla do\u011fa Dinliyorum en g\u00fczel t\u00fcrk\u00fcs\u00fcn\u00fc kurdun ku\u015fun U\u00e7mak i\u00e7in kanat aram\u0131yorum AHMET TELL\u0130","og_url":"https:\/\/narteks.net\/index.php\/2009\/02\/27\/geceleyin-bir-kirda\/","og_site_name":"narteks.net","article_published_time":"2009-02-27T12:41:24+00:00","og_image":[{"width":300,"height":90,"url":"https:\/\/narteks.net\/wp-content\/uploads\/narteks.png","type":"image\/png"}],"author":"Tar\u0131k","twitter_card":"summary_large_image","twitter_creator":"@narteks","twitter_site":"@narteks","twitter_misc":{"Yazan:":"Tar\u0131k"},"schema":{"@context":"https:\/\/schema.org","@graph":[{"@type":"Article","@id":"https:\/\/narteks.net\/index.php\/2009\/02\/27\/geceleyin-bir-kirda\/#article","isPartOf":{"@id":"https:\/\/narteks.net\/index.php\/2009\/02\/27\/geceleyin-bir-kirda\/"},"author":{"name":"Tar\u0131k","@id":"https:\/\/narteks.net\/#\/schema\/person\/61f37d9834294b72d31d274e7ed79bca"},"headline":"GECELEY\u0130N B\u0130R KIRDA","datePublished":"2009-02-27T12:41:24+00:00","mainEntityOfPage":{"@id":"https:\/\/narteks.net\/index.php\/2009\/02\/27\/geceleyin-bir-kirda\/"},"wordCount":92,"commentCount":0,"publisher":{"@id":"https:\/\/narteks.net\/#organization"},"articleSection":["Ahmet TELL\u0130"],"inLanguage":"tr","potentialAction":[{"@type":"CommentAction","name":"Comment","target":["https:\/\/narteks.net\/index.php\/2009\/02\/27\/geceleyin-bir-kirda\/#respond"]}]},{"@type":"WebPage","@id":"https:\/\/narteks.net\/index.php\/2009\/02\/27\/geceleyin-bir-kirda\/","url":"https:\/\/narteks.net\/index.php\/2009\/02\/27\/geceleyin-bir-kirda\/","name":"GECELEY\u0130N B\u0130R KIRDA - narteks.net","isPartOf":{"@id":"https:\/\/narteks.net\/#website"},"datePublished":"2009-02-27T12:41:24+00:00","breadcrumb":{"@id":"https:\/\/narteks.net\/index.php\/2009\/02\/27\/geceleyin-bir-kirda\/#breadcrumb"},"inLanguage":"tr","potentialAction":[{"@type":"ReadAction","target":["https:\/\/narteks.net\/index.php\/2009\/02\/27\/geceleyin-bir-kirda\/"]}]},{"@type":"BreadcrumbList","@id":"https:\/\/narteks.net\/index.php\/2009\/02\/27\/geceleyin-bir-kirda\/#breadcrumb","itemListElement":[{"@type":"ListItem","position":1,"name":"Anasayfa","item":"https:\/\/narteks.net\/"},{"@type":"ListItem","position":2,"name":"GECELEY\u0130N B\u0130R KIRDA"}]},{"@type":"WebSite","@id":"https:\/\/narteks.net\/#website","url":"https:\/\/narteks.net\/","name":"narteks.net","description":"K\u00fclt\u00fcr Sanat Edebiyat Felsefe","publisher":{"@id":"https:\/\/narteks.net\/#organization"},"alternateName":"K\u00fclt\u00fcr Sanat Edebiyat Felsefe","potentialAction":[{"@type":"SearchAction","target":{"@type":"EntryPoint","urlTemplate":"https:\/\/narteks.net\/?s={search_term_string}"},"query-input":{"@type":"PropertyValueSpecification","valueRequired":true,"valueName":"search_term_string"}}],"inLanguage":"tr"},{"@type":"Organization","@id":"https:\/\/narteks.net\/#organization","name":"narteks.net","url":"https:\/\/narteks.net\/","logo":{"@type":"ImageObject","inLanguage":"tr","@id":"https:\/\/narteks.net\/#\/schema\/logo\/image\/","url":"https:\/\/narteks.net\/wp-content\/uploads\/narteks.png","contentUrl":"https:\/\/narteks.net\/wp-content\/uploads\/narteks.png","width":300,"height":90,"caption":"narteks.net"},"image":{"@id":"https:\/\/narteks.net\/#\/schema\/logo\/image\/"},"sameAs":["https:\/\/x.com\/narteks","https:\/\/instagram.com\/narteksnet"]},{"@type":"Person","@id":"https:\/\/narteks.net\/#\/schema\/person\/61f37d9834294b72d31d274e7ed79bca","name":"Tar\u0131k","image":{"@type":"ImageObject","inLanguage":"tr","@id":"https:\/\/narteks.net\/#\/schema\/person\/image\/","url":"https:\/\/secure.gravatar.com\/avatar\/50865afb55632c4ae467e0af0930f6510aa2297d8014be502a55b14f3b7550cf?s=96&d=mm&r=g","contentUrl":"https:\/\/secure.gravatar.com\/avatar\/50865afb55632c4ae467e0af0930f6510aa2297d8014be502a55b14f3b7550cf?s=96&d=mm&r=g","caption":"Tar\u0131k"},"sameAs":["http:\/\/narteks.net"],"url":"https:\/\/narteks.net\/index.php\/author\/narbak\/"}]}},"_links":{"self":[{"href":"https:\/\/narteks.net\/index.php\/wp-json\/wp\/v2\/posts\/117","targetHints":{"allow":["GET"]}}],"collection":[{"href":"https:\/\/narteks.net\/index.php\/wp-json\/wp\/v2\/posts"}],"about":[{"href":"https:\/\/narteks.net\/index.php\/wp-json\/wp\/v2\/types\/post"}],"author":[{"embeddable":true,"href":"https:\/\/narteks.net\/index.php\/wp-json\/wp\/v2\/users\/1"}],"replies":[{"embeddable":true,"href":"https:\/\/narteks.net\/index.php\/wp-json\/wp\/v2\/comments?post=117"}],"version-history":[{"count":0,"href":"https:\/\/narteks.net\/index.php\/wp-json\/wp\/v2\/posts\/117\/revisions"}],"wp:attachment":[{"href":"https:\/\/narteks.net\/index.php\/wp-json\/wp\/v2\/media?parent=117"}],"wp:term":[{"taxonomy":"category","embeddable":true,"href":"https:\/\/narteks.net\/index.php\/wp-json\/wp\/v2\/categories?post=117"},{"taxonomy":"post_tag","embeddable":true,"href":"https:\/\/narteks.net\/index.php\/wp-json\/wp\/v2\/tags?post=117"}],"curies":[{"name":"wp","href":"https:\/\/api.w.org\/{rel}","templated":true}]}}