{"id":1174,"date":"2009-11-05T14:23:24","date_gmt":"2009-11-05T11:23:24","guid":{"rendered":"http:\/\/localhost\/wordpress\/2009\/11\/05\/950den-notlar\/"},"modified":"2009-11-05T14:23:24","modified_gmt":"2009-11-05T11:23:24","slug":"950den-notlar","status":"publish","type":"post","link":"https:\/\/narteks.net\/index.php\/2009\/11\/05\/950den-notlar\/","title":{"rendered":"950&#8217;den Notlar"},"content":{"rendered":"<p>\u00a0<\/p>\n<p>Y\u00fcce da\u011f ba\u015flar\u0131 dumanl\u0131 dumanl\u0131<br \/>Irmaklar yorgun a\u011f\u0131r<br \/>\u0130nsanlar yapayaln\u0131z<br \/>Nedir \u00fcst\u00fcm\u00fczdeki bu karanl\u0131k bulut<br \/>Irgat\u0131n ak\u015famlara kadar d\u00fc\u015f\u00fcnd\u00fc\u011f\u00fc nedir<br \/>Yabanc\u0131 band\u0131ralar bayraklar emirler<br \/>Ne maviliklerde ferahl\u0131k ne toprakta g\u00fcven<br \/>yurda \u00f6l\u00fcm t\u00fcccarlar\u0131 kurulmu\u015f<br \/>Bu vatan bu millet bu bayrak<br \/>Sat\u0131lmaz diyenden hesap sorulmu\u015f<br \/>Yollar fabrikalar tarlalar<br \/>Bir han\u00e7er alt\u0131nda amans\u0131z<br \/>Da\u011f ta\u015f haber bekler h\u00fcrriyetten<br \/>Nedir bu topraklar\u0131n bitmeyen \u00e7ilesi<br \/>Nedir nedir nedir<br \/>Bu g\u00fcn karanl\u0131kta apans\u0131z<br \/>Bir \u00e7\u0131\u011fl\u0131k y\u00fckseldi memleketten<br \/>Ben bayraks\u0131z h\u00fcrriyetsiz neylerim dedi<br \/>K\u0131nal\u0131 keklikler u\u00e7tu d\u00fcz ovalardan tabur tabur<br \/>Yabanc\u0131 bu memlekette i\u015fin ne<br \/>Yerin alt\u0131nda damar damar madenlerimiz var<br \/>Bizi bekler<br \/>G\u00f6t\u00fcr\u00fcp top d\u00f6kemezsin<br \/>Da\u011flar\u0131m\u0131z \u0131rmaklar\u0131m\u0131z bize g\u00f6redir<br \/>Tarlalar\u0131m\u0131z bize kadar<br \/>Ekemezsin<br \/>Bizim bu toprak i\u00e7in<br \/>Bu topraklarda d\u00f6k\u00fclecek kanlar\u0131m\u0131z var<br \/>Elini kolunu sallayarak bu memlekette<br \/>Giremezsin \u00e7\u0131kamazs\u0131n<br \/>Biliriz ya\u011fmaya geldin yabanc\u0131<br \/>Senin bu memlekette i\u015fin ne<\/p>\n<p>Biliyorum bir g\u00fcn karanl\u0131kta<br \/>Kesecekler yolumuzu<br \/>Ya siz \u00e7ocuklar<br \/>Nas\u0131l anlatmal\u0131 sizlere olup bitecekleri<br \/>\u00c7ocuklar bizim dedi\u011fimiz<br \/>Y\u00fcz\u00fcm\u00fcze utan\u00e7 duymadan bakmakt\u0131r<br \/>Mal de\u011fil m\u00fclk de\u011fil istedi\u011fimiz<br \/>Size namuslu bir d\u00fcnya b\u0131rakmakt\u0131r<\/p>\n<p>Vedat T\u00dcRKAL\u0130<\/p>\n","protected":false},"excerpt":{"rendered":"<p>\u00a0 Y\u00fcce da\u011f ba\u015flar\u0131 dumanl\u0131 dumanl\u0131Irmaklar yorgun a\u011f\u0131r\u0130nsanlar yapayaln\u0131zNedir \u00fcst\u00fcm\u00fczdeki bu karanl\u0131k bulutIrgat\u0131n ak\u015famlara kadar d\u00fc\u015f\u00fcnd\u00fc\u011f\u00fc nedirYabanc\u0131 band\u0131ralar bayraklar emirlerNe maviliklerde ferahl\u0131k ne toprakta g\u00fcvenyurda \u00f6l\u00fcm t\u00fcccarlar\u0131 kurulmu\u015fBu vatan bu millet bu bayrakSat\u0131lmaz diyenden hesap sorulmu\u015fYollar fabrikalar tarlalarBir han\u00e7er alt\u0131nda amans\u0131zDa\u011f ta\u015f haber bekler h\u00fcrriyettenNedir bu topraklar\u0131n bitmeyen \u00e7ilesiNedir nedir nedirBu g\u00fcn karanl\u0131kta apans\u0131zBir \u00e7\u0131\u011fl\u0131k [&hellip;]<\/p>\n","protected":false},"author":1,"featured_media":0,"comment_status":"open","ping_status":"open","sticky":false,"template":"","format":"standard","meta":{"footnotes":""},"categories":[32],"tags":[],"class_list":{"0":"post-1174","1":"post","2":"type-post","3":"status-publish","4":"format-standard","6":"category-vedat-turkali"},"yoast_head":"<!-- This site is optimized with the Yoast SEO Premium plugin v24.9 (Yoast SEO v24.9) - https:\/\/yoast.com\/wordpress\/plugins\/seo\/ -->\n<title>950&#039;den Notlar - narteks.net<\/title>\n<meta name=\"robots\" content=\"index, follow, max-snippet:-1, max-image-preview:large, max-video-preview:-1\" \/>\n<link rel=\"canonical\" href=\"https:\/\/narteks.net\/index.php\/2009\/11\/05\/950den-notlar\/\" \/>\n<meta property=\"og:locale\" content=\"tr_TR\" \/>\n<meta property=\"og:type\" content=\"article\" \/>\n<meta property=\"og:title\" content=\"950&#039;den Notlar\" \/>\n<meta property=\"og:description\" content=\"\u00a0 Y\u00fcce da\u011f ba\u015flar\u0131 dumanl\u0131 dumanl\u0131Irmaklar yorgun a\u011f\u0131r\u0130nsanlar yapayaln\u0131zNedir \u00fcst\u00fcm\u00fczdeki bu karanl\u0131k bulutIrgat\u0131n ak\u015famlara kadar d\u00fc\u015f\u00fcnd\u00fc\u011f\u00fc nedirYabanc\u0131 band\u0131ralar bayraklar emirlerNe maviliklerde ferahl\u0131k ne toprakta g\u00fcvenyurda \u00f6l\u00fcm t\u00fcccarlar\u0131 kurulmu\u015fBu vatan bu millet bu bayrakSat\u0131lmaz diyenden hesap sorulmu\u015fYollar fabrikalar tarlalarBir han\u00e7er alt\u0131nda amans\u0131zDa\u011f ta\u015f haber bekler h\u00fcrriyettenNedir bu topraklar\u0131n bitmeyen \u00e7ilesiNedir nedir nedirBu g\u00fcn karanl\u0131kta apans\u0131zBir \u00e7\u0131\u011fl\u0131k [&hellip;]\" \/>\n<meta property=\"og:url\" content=\"https:\/\/narteks.net\/index.php\/2009\/11\/05\/950den-notlar\/\" \/>\n<meta property=\"og:site_name\" content=\"narteks.net\" \/>\n<meta property=\"article:published_time\" content=\"2009-11-05T11:23:24+00:00\" \/>\n<meta property=\"og:image\" content=\"https:\/\/narteks.net\/wp-content\/uploads\/narteks.png\" \/>\n\t<meta property=\"og:image:width\" content=\"300\" \/>\n\t<meta property=\"og:image:height\" content=\"90\" \/>\n\t<meta property=\"og:image:type\" content=\"image\/png\" \/>\n<meta name=\"author\" content=\"Tar\u0131k\" \/>\n<meta name=\"twitter:card\" content=\"summary_large_image\" \/>\n<meta name=\"twitter:creator\" content=\"@narteks\" \/>\n<meta name=\"twitter:site\" content=\"@narteks\" \/>\n<meta name=\"twitter:label1\" content=\"Yazan:\" \/>\n\t<meta name=\"twitter:data1\" content=\"Tar\u0131k\" \/>\n\t<meta name=\"twitter:label2\" content=\"Tahmini okuma s\u00fcresi\" \/>\n\t<meta name=\"twitter:data2\" content=\"1 dakika\" \/>\n<script type=\"application\/ld+json\" class=\"yoast-schema-graph\">{\"@context\":\"https:\/\/schema.org\",\"@graph\":[{\"@type\":\"Article\",\"@id\":\"https:\/\/narteks.net\/index.php\/2009\/11\/05\/950den-notlar\/#article\",\"isPartOf\":{\"@id\":\"https:\/\/narteks.net\/index.php\/2009\/11\/05\/950den-notlar\/\"},\"author\":{\"name\":\"Tar\u0131k\",\"@id\":\"https:\/\/narteks.net\/#\/schema\/person\/61f37d9834294b72d31d274e7ed79bca\"},\"headline\":\"950&#8217;den Notlar\",\"datePublished\":\"2009-11-05T11:23:24+00:00\",\"mainEntityOfPage\":{\"@id\":\"https:\/\/narteks.net\/index.php\/2009\/11\/05\/950den-notlar\/\"},\"wordCount\":205,\"commentCount\":0,\"publisher\":{\"@id\":\"https:\/\/narteks.net\/#organization\"},\"articleSection\":[\"Vedat T\u00dcRKALI\"],\"inLanguage\":\"tr\",\"potentialAction\":[{\"@type\":\"CommentAction\",\"name\":\"Comment\",\"target\":[\"https:\/\/narteks.net\/index.php\/2009\/11\/05\/950den-notlar\/#respond\"]}]},{\"@type\":\"WebPage\",\"@id\":\"https:\/\/narteks.net\/index.php\/2009\/11\/05\/950den-notlar\/\",\"url\":\"https:\/\/narteks.net\/index.php\/2009\/11\/05\/950den-notlar\/\",\"name\":\"950'den Notlar - narteks.net\",\"isPartOf\":{\"@id\":\"https:\/\/narteks.net\/#website\"},\"datePublished\":\"2009-11-05T11:23:24+00:00\",\"breadcrumb\":{\"@id\":\"https:\/\/narteks.net\/index.php\/2009\/11\/05\/950den-notlar\/#breadcrumb\"},\"inLanguage\":\"tr\",\"potentialAction\":[{\"@type\":\"ReadAction\",\"target\":[\"https:\/\/narteks.net\/index.php\/2009\/11\/05\/950den-notlar\/\"]}]},{\"@type\":\"BreadcrumbList\",\"@id\":\"https:\/\/narteks.net\/index.php\/2009\/11\/05\/950den-notlar\/#breadcrumb\",\"itemListElement\":[{\"@type\":\"ListItem\",\"position\":1,\"name\":\"Anasayfa\",\"item\":\"https:\/\/narteks.net\/\"},{\"@type\":\"ListItem\",\"position\":2,\"name\":\"950&#8217;den Notlar\"}]},{\"@type\":\"WebSite\",\"@id\":\"https:\/\/narteks.net\/#website\",\"url\":\"https:\/\/narteks.net\/\",\"name\":\"narteks.net\",\"description\":\"K\u00fclt\u00fcr Sanat Edebiyat Felsefe\",\"publisher\":{\"@id\":\"https:\/\/narteks.net\/#organization\"},\"alternateName\":\"K\u00fclt\u00fcr Sanat Edebiyat Felsefe\",\"potentialAction\":[{\"@type\":\"SearchAction\",\"target\":{\"@type\":\"EntryPoint\",\"urlTemplate\":\"https:\/\/narteks.net\/?s={search_term_string}\"},\"query-input\":{\"@type\":\"PropertyValueSpecification\",\"valueRequired\":true,\"valueName\":\"search_term_string\"}}],\"inLanguage\":\"tr\"},{\"@type\":\"Organization\",\"@id\":\"https:\/\/narteks.net\/#organization\",\"name\":\"narteks.net\",\"url\":\"https:\/\/narteks.net\/\",\"logo\":{\"@type\":\"ImageObject\",\"inLanguage\":\"tr\",\"@id\":\"https:\/\/narteks.net\/#\/schema\/logo\/image\/\",\"url\":\"https:\/\/narteks.net\/wp-content\/uploads\/narteks.png\",\"contentUrl\":\"https:\/\/narteks.net\/wp-content\/uploads\/narteks.png\",\"width\":300,\"height\":90,\"caption\":\"narteks.net\"},\"image\":{\"@id\":\"https:\/\/narteks.net\/#\/schema\/logo\/image\/\"},\"sameAs\":[\"https:\/\/x.com\/narteks\",\"https:\/\/instagram.com\/narteksnet\"]},{\"@type\":\"Person\",\"@id\":\"https:\/\/narteks.net\/#\/schema\/person\/61f37d9834294b72d31d274e7ed79bca\",\"name\":\"Tar\u0131k\",\"image\":{\"@type\":\"ImageObject\",\"inLanguage\":\"tr\",\"@id\":\"https:\/\/narteks.net\/#\/schema\/person\/image\/\",\"url\":\"https:\/\/secure.gravatar.com\/avatar\/50865afb55632c4ae467e0af0930f6510aa2297d8014be502a55b14f3b7550cf?s=96&d=mm&r=g\",\"contentUrl\":\"https:\/\/secure.gravatar.com\/avatar\/50865afb55632c4ae467e0af0930f6510aa2297d8014be502a55b14f3b7550cf?s=96&d=mm&r=g\",\"caption\":\"Tar\u0131k\"},\"sameAs\":[\"http:\/\/narteks.net\"],\"url\":\"https:\/\/narteks.net\/index.php\/author\/narbak\/\"}]}<\/script>\n<!-- \/ Yoast SEO Premium plugin. -->","yoast_head_json":{"title":"950'den Notlar - narteks.net","robots":{"index":"index","follow":"follow","max-snippet":"max-snippet:-1","max-image-preview":"max-image-preview:large","max-video-preview":"max-video-preview:-1"},"canonical":"https:\/\/narteks.net\/index.php\/2009\/11\/05\/950den-notlar\/","og_locale":"tr_TR","og_type":"article","og_title":"950'den Notlar","og_description":"\u00a0 Y\u00fcce da\u011f ba\u015flar\u0131 dumanl\u0131 dumanl\u0131Irmaklar yorgun a\u011f\u0131r\u0130nsanlar yapayaln\u0131zNedir \u00fcst\u00fcm\u00fczdeki bu karanl\u0131k bulutIrgat\u0131n ak\u015famlara kadar d\u00fc\u015f\u00fcnd\u00fc\u011f\u00fc nedirYabanc\u0131 band\u0131ralar bayraklar emirlerNe maviliklerde ferahl\u0131k ne toprakta g\u00fcvenyurda \u00f6l\u00fcm t\u00fcccarlar\u0131 kurulmu\u015fBu vatan bu millet bu bayrakSat\u0131lmaz diyenden hesap sorulmu\u015fYollar fabrikalar tarlalarBir han\u00e7er alt\u0131nda amans\u0131zDa\u011f ta\u015f haber bekler h\u00fcrriyettenNedir bu topraklar\u0131n bitmeyen \u00e7ilesiNedir nedir nedirBu g\u00fcn karanl\u0131kta apans\u0131zBir \u00e7\u0131\u011fl\u0131k [&hellip;]","og_url":"https:\/\/narteks.net\/index.php\/2009\/11\/05\/950den-notlar\/","og_site_name":"narteks.net","article_published_time":"2009-11-05T11:23:24+00:00","og_image":[{"width":300,"height":90,"url":"https:\/\/narteks.net\/wp-content\/uploads\/narteks.png","type":"image\/png"}],"author":"Tar\u0131k","twitter_card":"summary_large_image","twitter_creator":"@narteks","twitter_site":"@narteks","twitter_misc":{"Yazan:":"Tar\u0131k","Tahmini okuma s\u00fcresi":"1 dakika"},"schema":{"@context":"https:\/\/schema.org","@graph":[{"@type":"Article","@id":"https:\/\/narteks.net\/index.php\/2009\/11\/05\/950den-notlar\/#article","isPartOf":{"@id":"https:\/\/narteks.net\/index.php\/2009\/11\/05\/950den-notlar\/"},"author":{"name":"Tar\u0131k","@id":"https:\/\/narteks.net\/#\/schema\/person\/61f37d9834294b72d31d274e7ed79bca"},"headline":"950&#8217;den Notlar","datePublished":"2009-11-05T11:23:24+00:00","mainEntityOfPage":{"@id":"https:\/\/narteks.net\/index.php\/2009\/11\/05\/950den-notlar\/"},"wordCount":205,"commentCount":0,"publisher":{"@id":"https:\/\/narteks.net\/#organization"},"articleSection":["Vedat T\u00dcRKALI"],"inLanguage":"tr","potentialAction":[{"@type":"CommentAction","name":"Comment","target":["https:\/\/narteks.net\/index.php\/2009\/11\/05\/950den-notlar\/#respond"]}]},{"@type":"WebPage","@id":"https:\/\/narteks.net\/index.php\/2009\/11\/05\/950den-notlar\/","url":"https:\/\/narteks.net\/index.php\/2009\/11\/05\/950den-notlar\/","name":"950'den Notlar - narteks.net","isPartOf":{"@id":"https:\/\/narteks.net\/#website"},"datePublished":"2009-11-05T11:23:24+00:00","breadcrumb":{"@id":"https:\/\/narteks.net\/index.php\/2009\/11\/05\/950den-notlar\/#breadcrumb"},"inLanguage":"tr","potentialAction":[{"@type":"ReadAction","target":["https:\/\/narteks.net\/index.php\/2009\/11\/05\/950den-notlar\/"]}]},{"@type":"BreadcrumbList","@id":"https:\/\/narteks.net\/index.php\/2009\/11\/05\/950den-notlar\/#breadcrumb","itemListElement":[{"@type":"ListItem","position":1,"name":"Anasayfa","item":"https:\/\/narteks.net\/"},{"@type":"ListItem","position":2,"name":"950&#8217;den Notlar"}]},{"@type":"WebSite","@id":"https:\/\/narteks.net\/#website","url":"https:\/\/narteks.net\/","name":"narteks.net","description":"K\u00fclt\u00fcr Sanat Edebiyat Felsefe","publisher":{"@id":"https:\/\/narteks.net\/#organization"},"alternateName":"K\u00fclt\u00fcr Sanat Edebiyat Felsefe","potentialAction":[{"@type":"SearchAction","target":{"@type":"EntryPoint","urlTemplate":"https:\/\/narteks.net\/?s={search_term_string}"},"query-input":{"@type":"PropertyValueSpecification","valueRequired":true,"valueName":"search_term_string"}}],"inLanguage":"tr"},{"@type":"Organization","@id":"https:\/\/narteks.net\/#organization","name":"narteks.net","url":"https:\/\/narteks.net\/","logo":{"@type":"ImageObject","inLanguage":"tr","@id":"https:\/\/narteks.net\/#\/schema\/logo\/image\/","url":"https:\/\/narteks.net\/wp-content\/uploads\/narteks.png","contentUrl":"https:\/\/narteks.net\/wp-content\/uploads\/narteks.png","width":300,"height":90,"caption":"narteks.net"},"image":{"@id":"https:\/\/narteks.net\/#\/schema\/logo\/image\/"},"sameAs":["https:\/\/x.com\/narteks","https:\/\/instagram.com\/narteksnet"]},{"@type":"Person","@id":"https:\/\/narteks.net\/#\/schema\/person\/61f37d9834294b72d31d274e7ed79bca","name":"Tar\u0131k","image":{"@type":"ImageObject","inLanguage":"tr","@id":"https:\/\/narteks.net\/#\/schema\/person\/image\/","url":"https:\/\/secure.gravatar.com\/avatar\/50865afb55632c4ae467e0af0930f6510aa2297d8014be502a55b14f3b7550cf?s=96&d=mm&r=g","contentUrl":"https:\/\/secure.gravatar.com\/avatar\/50865afb55632c4ae467e0af0930f6510aa2297d8014be502a55b14f3b7550cf?s=96&d=mm&r=g","caption":"Tar\u0131k"},"sameAs":["http:\/\/narteks.net"],"url":"https:\/\/narteks.net\/index.php\/author\/narbak\/"}]}},"_links":{"self":[{"href":"https:\/\/narteks.net\/index.php\/wp-json\/wp\/v2\/posts\/1174","targetHints":{"allow":["GET"]}}],"collection":[{"href":"https:\/\/narteks.net\/index.php\/wp-json\/wp\/v2\/posts"}],"about":[{"href":"https:\/\/narteks.net\/index.php\/wp-json\/wp\/v2\/types\/post"}],"author":[{"embeddable":true,"href":"https:\/\/narteks.net\/index.php\/wp-json\/wp\/v2\/users\/1"}],"replies":[{"embeddable":true,"href":"https:\/\/narteks.net\/index.php\/wp-json\/wp\/v2\/comments?post=1174"}],"version-history":[{"count":0,"href":"https:\/\/narteks.net\/index.php\/wp-json\/wp\/v2\/posts\/1174\/revisions"}],"wp:attachment":[{"href":"https:\/\/narteks.net\/index.php\/wp-json\/wp\/v2\/media?parent=1174"}],"wp:term":[{"taxonomy":"category","embeddable":true,"href":"https:\/\/narteks.net\/index.php\/wp-json\/wp\/v2\/categories?post=1174"},{"taxonomy":"post_tag","embeddable":true,"href":"https:\/\/narteks.net\/index.php\/wp-json\/wp\/v2\/tags?post=1174"}],"curies":[{"name":"wp","href":"https:\/\/api.w.org\/{rel}","templated":true}]}}