{"id":1175,"date":"2009-11-06T10:24:43","date_gmt":"2009-11-06T07:24:43","guid":{"rendered":"http:\/\/localhost\/wordpress\/2009\/11\/06\/turgut-uyar-biyografisi\/"},"modified":"2009-11-06T10:24:43","modified_gmt":"2009-11-06T07:24:43","slug":"turgut-uyar-biyografisi","status":"publish","type":"post","link":"https:\/\/narteks.net\/index.php\/2009\/11\/06\/turgut-uyar-biyografisi\/","title":{"rendered":"Turgut UYAR Biyografisi"},"content":{"rendered":"<p><img loading=\"lazy\" decoding=\"async\" src=\"http:\/\/upload.wikimedia.org\/wikipedia\/tr\/5\/59\/Turgut_Uyar.jpg\" border=\"0\" width=\"155\" height=\"205\" \/><\/p>\n<p style=\"text-align: justify;\">Turgut Uyar (d. 4 A\u011fustos 1927, Ankara &#8211; \u00f6. 22 A\u011fustos 1985, \u0130stanbul)<\/p>\n<p>\u0130stanbul&#8217;daki ilk\u00f6\u011freniminden sonra, Konya Askeri Okulu, I\u015f\u0131klar Askeri Hava Lisesi ve Askeri Memurlar Okulu&#8217;nu bitirip Posof, Terme ve Ankara&#8217;da personel subay\u0131 olarak g\u00f6rev yapt\u0131. \u0130lk evlili\u011fi annesinin iste\u011fi ile oldu. 18 ya\u015f\u0131nda baba olan Uyar ilk e\u015finden olma 3 \u00e7ocu\u011funu memurluk yapt\u0131\u011f\u0131 yerlerde b\u00fcy\u00fctt\u00fc. 1958&#8217;de askerlikten ayr\u0131larak T\u00fcrkiye Sel\u00fcloz ve Ka\u011f\u0131t Sanayisi&#8217;nin Ankara \u015fubesinde \u00e7al\u0131\u015fmaya ba\u015flad\u0131. 1966 y\u0131l\u0131nda e\u015finden ayr\u0131l\u0131p \u0130stanbul&#8217;a yerle\u015fti\u011finde o d\u00f6nem Cemal S\u00fcreya ile ili\u015fkisi bitme a\u015famas\u0131nda olan Tomris Uyar ile \u015fiir \u00fczerine mektupla\u015fmaya ba\u015flarlar. Bu mektupla\u015fmalar evlilikle sonu\u00e7lan\u0131r. Tomris Uyar ile evliliklerinden bir erkek \u00e7ocuklar\u0131 olur.<\/p>\n<p>Hece \u00f6l\u00e7\u00fcs\u00fcyle yazd\u0131\u011f\u0131 ve toplumsal konular\u0131 i\u015fleyen ilk iki kitab\u0131 Arz-\u0131 Hal (1949) ve T\u00fcrkiyem (1952)&#8217;den sonra, D\u00fcnyan\u0131n En G\u00fczel Arabistan\u0131&#8217;yla bireyin i\u00e7 d\u00fcnyas\u0131na y\u00f6nelerek yaln\u0131zl\u0131\u011f\u0131n ve \u00e7\u0131k\u0131\u015fs\u0131zl\u0131\u011f\u0131n pe\u015finde olmu\u015ftur. T\u00fct\u00fcnler Islak(1962) ve Her Pazartesi(1968) &#8216;de korudu\u011fu bu \u00e7izgiyi, Divan(1970)&#8217;la geleneksel \u015fiirin kal\u0131plar\u0131na, Topland\u0131lar (1974) ve Kayay\u0131 Delen \u0130ncir (1982)&#8217;le s\u00f6z konusu d\u00f6nemde ya\u015fanan s\u0131n\u0131fsal m\u00fccadelenin yans\u0131malar\u0131na yerini b\u0131rakm\u0131\u015ft\u0131r.<\/p>\n<p style=\"text-align: justify;\"><strong>Eserleri<\/strong><\/p>\n<p style=\"text-align: justify;\">\u015eiir<\/p>\n<p> * Arz-\u0131 Hal (1949)<br \/> * T\u00fcrkiyem (1952-1963)<br \/> * D\u00fcnyan\u0131n En G\u00fczel Arabistan\u0131 (1959)<br \/> * T\u00fct\u00fcnler Islak (1962)<br \/> * Her Pazartesi (1968)<br \/> * Divan (1970)<\/p>\n<p> * Topland\u0131lar (1974)<br \/> * Toplu \u015eiir (1981, ilk d\u00f6rt kitaptaki \u015fiirleri)<br \/> * Kayay\u0131 Delen \u0130ncir (1982)<br \/> * D\u00fcn Yok mu (1984)<br \/> * B\u00fcy\u00fck Saat (Son yazd\u0131klar\u0131yla birlikte b\u00fct\u00fcn \u015fiirleri 1984)<\/p>\n<p>\u0130nceleme<\/p>\n<p> * Bir \u015eiirden (1984)<\/p>\n<p>\u00c7eviri<\/p>\n<p> * (Tomris Uyar&#8217;la birlikte) Lukretius &#8211; Evrenin Yap\u0131s\u0131<\/p>\n<p>\u00d6d\u00fclleri<\/p>\n<p> * 1963 Yeditepe \u015eiir Arma\u011fan\u0131 T\u00fct\u00fcnler Islak ile<br \/> * 1975 T\u00fcrk Dil Kurumu \u00c7eviri \u00d6d\u00fcl\u00fc Lucretius&#8217;tan Evrenin Yap\u0131s\u0131 \u00e7evirisi ile (Tomris Uyar&#8217;la birlikte)<br \/> * 1981 Beh\u00e7et Necatigil \u015eiir \u00d6d\u00fcl\u00fc Kayay\u0131 Delen \u0130ncir ile<br \/> * 1984 Sedat Simavi Vakf\u0131 Edebiyat \u00d6d\u00fcl\u00fc B\u00fcy\u00fck Saat ile<\/p>\n","protected":false},"excerpt":{"rendered":"<p>Turgut Uyar (d. 4 A\u011fustos 1927, Ankara &#8211; \u00f6. 22 A\u011fustos 1985, \u0130stanbul) \u0130stanbul&#8217;daki ilk\u00f6\u011freniminden sonra, Konya Askeri Okulu, I\u015f\u0131klar Askeri Hava Lisesi ve Askeri Memurlar Okulu&#8217;nu bitirip Posof, Terme ve Ankara&#8217;da personel subay\u0131 olarak g\u00f6rev yapt\u0131. \u0130lk evlili\u011fi annesinin iste\u011fi ile oldu. 18 ya\u015f\u0131nda baba olan Uyar ilk e\u015finden olma 3 \u00e7ocu\u011funu memurluk yapt\u0131\u011f\u0131 [&hellip;]<\/p>\n","protected":false},"author":1,"featured_media":0,"comment_status":"open","ping_status":"open","sticky":false,"template":"","format":"standard","meta":{"footnotes":""},"categories":[65],"tags":[],"class_list":{"0":"post-1175","1":"post","2":"type-post","3":"status-publish","4":"format-standard","6":"category-turgut-uyar"},"yoast_head":"<!-- This site is optimized with the Yoast SEO Premium plugin v24.9 (Yoast SEO v24.9) - https:\/\/yoast.com\/wordpress\/plugins\/seo\/ -->\n<title>Turgut UYAR Biyografisi - narteks.net<\/title>\n<meta name=\"robots\" content=\"index, follow, max-snippet:-1, max-image-preview:large, max-video-preview:-1\" \/>\n<link rel=\"canonical\" href=\"https:\/\/narteks.net\/index.php\/2009\/11\/06\/turgut-uyar-biyografisi\/\" \/>\n<meta property=\"og:locale\" content=\"tr_TR\" \/>\n<meta property=\"og:type\" content=\"article\" \/>\n<meta property=\"og:title\" content=\"Turgut UYAR Biyografisi\" \/>\n<meta property=\"og:description\" content=\"Turgut Uyar (d. 4 A\u011fustos 1927, Ankara &#8211; \u00f6. 22 A\u011fustos 1985, \u0130stanbul) \u0130stanbul&#8217;daki ilk\u00f6\u011freniminden sonra, Konya Askeri Okulu, I\u015f\u0131klar Askeri Hava Lisesi ve Askeri Memurlar Okulu&#8217;nu bitirip Posof, Terme ve Ankara&#8217;da personel subay\u0131 olarak g\u00f6rev yapt\u0131. \u0130lk evlili\u011fi annesinin iste\u011fi ile oldu. 18 ya\u015f\u0131nda baba olan Uyar ilk e\u015finden olma 3 \u00e7ocu\u011funu memurluk yapt\u0131\u011f\u0131 [&hellip;]\" \/>\n<meta property=\"og:url\" content=\"https:\/\/narteks.net\/index.php\/2009\/11\/06\/turgut-uyar-biyografisi\/\" \/>\n<meta property=\"og:site_name\" content=\"narteks.net\" \/>\n<meta property=\"article:published_time\" content=\"2009-11-06T07:24:43+00:00\" \/>\n<meta property=\"og:image\" content=\"http:\/\/upload.wikimedia.org\/wikipedia\/tr\/5\/59\/Turgut_Uyar.jpg\" \/>\n<meta name=\"author\" content=\"Tar\u0131k\" \/>\n<meta name=\"twitter:card\" content=\"summary_large_image\" \/>\n<meta name=\"twitter:creator\" content=\"@narteks\" \/>\n<meta name=\"twitter:site\" content=\"@narteks\" \/>\n<meta name=\"twitter:label1\" content=\"Yazan:\" \/>\n\t<meta name=\"twitter:data1\" content=\"Tar\u0131k\" \/>\n\t<meta name=\"twitter:label2\" content=\"Tahmini okuma s\u00fcresi\" \/>\n\t<meta name=\"twitter:data2\" content=\"2 dakika\" \/>\n<script type=\"application\/ld+json\" class=\"yoast-schema-graph\">{\"@context\":\"https:\/\/schema.org\",\"@graph\":[{\"@type\":\"Article\",\"@id\":\"https:\/\/narteks.net\/index.php\/2009\/11\/06\/turgut-uyar-biyografisi\/#article\",\"isPartOf\":{\"@id\":\"https:\/\/narteks.net\/index.php\/2009\/11\/06\/turgut-uyar-biyografisi\/\"},\"author\":{\"name\":\"Tar\u0131k\",\"@id\":\"https:\/\/narteks.net\/#\/schema\/person\/61f37d9834294b72d31d274e7ed79bca\"},\"headline\":\"Turgut UYAR Biyografisi\",\"datePublished\":\"2009-11-06T07:24:43+00:00\",\"mainEntityOfPage\":{\"@id\":\"https:\/\/narteks.net\/index.php\/2009\/11\/06\/turgut-uyar-biyografisi\/\"},\"wordCount\":336,\"commentCount\":0,\"publisher\":{\"@id\":\"https:\/\/narteks.net\/#organization\"},\"image\":{\"@id\":\"https:\/\/narteks.net\/index.php\/2009\/11\/06\/turgut-uyar-biyografisi\/#primaryimage\"},\"thumbnailUrl\":\"http:\/\/upload.wikimedia.org\/wikipedia\/tr\/5\/59\/Turgut_Uyar.jpg\",\"articleSection\":[\"Turgut UYAR\"],\"inLanguage\":\"tr\",\"potentialAction\":[{\"@type\":\"CommentAction\",\"name\":\"Comment\",\"target\":[\"https:\/\/narteks.net\/index.php\/2009\/11\/06\/turgut-uyar-biyografisi\/#respond\"]}]},{\"@type\":\"WebPage\",\"@id\":\"https:\/\/narteks.net\/index.php\/2009\/11\/06\/turgut-uyar-biyografisi\/\",\"url\":\"https:\/\/narteks.net\/index.php\/2009\/11\/06\/turgut-uyar-biyografisi\/\",\"name\":\"Turgut UYAR Biyografisi - narteks.net\",\"isPartOf\":{\"@id\":\"https:\/\/narteks.net\/#website\"},\"primaryImageOfPage\":{\"@id\":\"https:\/\/narteks.net\/index.php\/2009\/11\/06\/turgut-uyar-biyografisi\/#primaryimage\"},\"image\":{\"@id\":\"https:\/\/narteks.net\/index.php\/2009\/11\/06\/turgut-uyar-biyografisi\/#primaryimage\"},\"thumbnailUrl\":\"http:\/\/upload.wikimedia.org\/wikipedia\/tr\/5\/59\/Turgut_Uyar.jpg\",\"datePublished\":\"2009-11-06T07:24:43+00:00\",\"breadcrumb\":{\"@id\":\"https:\/\/narteks.net\/index.php\/2009\/11\/06\/turgut-uyar-biyografisi\/#breadcrumb\"},\"inLanguage\":\"tr\",\"potentialAction\":[{\"@type\":\"ReadAction\",\"target\":[\"https:\/\/narteks.net\/index.php\/2009\/11\/06\/turgut-uyar-biyografisi\/\"]}]},{\"@type\":\"ImageObject\",\"inLanguage\":\"tr\",\"@id\":\"https:\/\/narteks.net\/index.php\/2009\/11\/06\/turgut-uyar-biyografisi\/#primaryimage\",\"url\":\"http:\/\/upload.wikimedia.org\/wikipedia\/tr\/5\/59\/Turgut_Uyar.jpg\",\"contentUrl\":\"http:\/\/upload.wikimedia.org\/wikipedia\/tr\/5\/59\/Turgut_Uyar.jpg\"},{\"@type\":\"BreadcrumbList\",\"@id\":\"https:\/\/narteks.net\/index.php\/2009\/11\/06\/turgut-uyar-biyografisi\/#breadcrumb\",\"itemListElement\":[{\"@type\":\"ListItem\",\"position\":1,\"name\":\"Anasayfa\",\"item\":\"https:\/\/narteks.net\/\"},{\"@type\":\"ListItem\",\"position\":2,\"name\":\"Turgut UYAR Biyografisi\"}]},{\"@type\":\"WebSite\",\"@id\":\"https:\/\/narteks.net\/#website\",\"url\":\"https:\/\/narteks.net\/\",\"name\":\"narteks.net\",\"description\":\"K\u00fclt\u00fcr Sanat Edebiyat Felsefe\",\"publisher\":{\"@id\":\"https:\/\/narteks.net\/#organization\"},\"alternateName\":\"K\u00fclt\u00fcr Sanat Edebiyat Felsefe\",\"potentialAction\":[{\"@type\":\"SearchAction\",\"target\":{\"@type\":\"EntryPoint\",\"urlTemplate\":\"https:\/\/narteks.net\/?s={search_term_string}\"},\"query-input\":{\"@type\":\"PropertyValueSpecification\",\"valueRequired\":true,\"valueName\":\"search_term_string\"}}],\"inLanguage\":\"tr\"},{\"@type\":\"Organization\",\"@id\":\"https:\/\/narteks.net\/#organization\",\"name\":\"narteks.net\",\"url\":\"https:\/\/narteks.net\/\",\"logo\":{\"@type\":\"ImageObject\",\"inLanguage\":\"tr\",\"@id\":\"https:\/\/narteks.net\/#\/schema\/logo\/image\/\",\"url\":\"https:\/\/narteks.net\/wp-content\/uploads\/narteks.png\",\"contentUrl\":\"https:\/\/narteks.net\/wp-content\/uploads\/narteks.png\",\"width\":300,\"height\":90,\"caption\":\"narteks.net\"},\"image\":{\"@id\":\"https:\/\/narteks.net\/#\/schema\/logo\/image\/\"},\"sameAs\":[\"https:\/\/x.com\/narteks\",\"https:\/\/instagram.com\/narteksnet\"]},{\"@type\":\"Person\",\"@id\":\"https:\/\/narteks.net\/#\/schema\/person\/61f37d9834294b72d31d274e7ed79bca\",\"name\":\"Tar\u0131k\",\"image\":{\"@type\":\"ImageObject\",\"inLanguage\":\"tr\",\"@id\":\"https:\/\/narteks.net\/#\/schema\/person\/image\/\",\"url\":\"https:\/\/secure.gravatar.com\/avatar\/50865afb55632c4ae467e0af0930f6510aa2297d8014be502a55b14f3b7550cf?s=96&d=mm&r=g\",\"contentUrl\":\"https:\/\/secure.gravatar.com\/avatar\/50865afb55632c4ae467e0af0930f6510aa2297d8014be502a55b14f3b7550cf?s=96&d=mm&r=g\",\"caption\":\"Tar\u0131k\"},\"sameAs\":[\"http:\/\/narteks.net\"],\"url\":\"https:\/\/narteks.net\/index.php\/author\/narbak\/\"}]}<\/script>\n<!-- \/ Yoast SEO Premium plugin. -->","yoast_head_json":{"title":"Turgut UYAR Biyografisi - narteks.net","robots":{"index":"index","follow":"follow","max-snippet":"max-snippet:-1","max-image-preview":"max-image-preview:large","max-video-preview":"max-video-preview:-1"},"canonical":"https:\/\/narteks.net\/index.php\/2009\/11\/06\/turgut-uyar-biyografisi\/","og_locale":"tr_TR","og_type":"article","og_title":"Turgut UYAR Biyografisi","og_description":"Turgut Uyar (d. 4 A\u011fustos 1927, Ankara &#8211; \u00f6. 22 A\u011fustos 1985, \u0130stanbul) \u0130stanbul&#8217;daki ilk\u00f6\u011freniminden sonra, Konya Askeri Okulu, I\u015f\u0131klar Askeri Hava Lisesi ve Askeri Memurlar Okulu&#8217;nu bitirip Posof, Terme ve Ankara&#8217;da personel subay\u0131 olarak g\u00f6rev yapt\u0131. \u0130lk evlili\u011fi annesinin iste\u011fi ile oldu. 18 ya\u015f\u0131nda baba olan Uyar ilk e\u015finden olma 3 \u00e7ocu\u011funu memurluk yapt\u0131\u011f\u0131 [&hellip;]","og_url":"https:\/\/narteks.net\/index.php\/2009\/11\/06\/turgut-uyar-biyografisi\/","og_site_name":"narteks.net","article_published_time":"2009-11-06T07:24:43+00:00","og_image":[{"url":"http:\/\/upload.wikimedia.org\/wikipedia\/tr\/5\/59\/Turgut_Uyar.jpg","type":"","width":"","height":""}],"author":"Tar\u0131k","twitter_card":"summary_large_image","twitter_creator":"@narteks","twitter_site":"@narteks","twitter_misc":{"Yazan:":"Tar\u0131k","Tahmini okuma s\u00fcresi":"2 dakika"},"schema":{"@context":"https:\/\/schema.org","@graph":[{"@type":"Article","@id":"https:\/\/narteks.net\/index.php\/2009\/11\/06\/turgut-uyar-biyografisi\/#article","isPartOf":{"@id":"https:\/\/narteks.net\/index.php\/2009\/11\/06\/turgut-uyar-biyografisi\/"},"author":{"name":"Tar\u0131k","@id":"https:\/\/narteks.net\/#\/schema\/person\/61f37d9834294b72d31d274e7ed79bca"},"headline":"Turgut UYAR Biyografisi","datePublished":"2009-11-06T07:24:43+00:00","mainEntityOfPage":{"@id":"https:\/\/narteks.net\/index.php\/2009\/11\/06\/turgut-uyar-biyografisi\/"},"wordCount":336,"commentCount":0,"publisher":{"@id":"https:\/\/narteks.net\/#organization"},"image":{"@id":"https:\/\/narteks.net\/index.php\/2009\/11\/06\/turgut-uyar-biyografisi\/#primaryimage"},"thumbnailUrl":"http:\/\/upload.wikimedia.org\/wikipedia\/tr\/5\/59\/Turgut_Uyar.jpg","articleSection":["Turgut UYAR"],"inLanguage":"tr","potentialAction":[{"@type":"CommentAction","name":"Comment","target":["https:\/\/narteks.net\/index.php\/2009\/11\/06\/turgut-uyar-biyografisi\/#respond"]}]},{"@type":"WebPage","@id":"https:\/\/narteks.net\/index.php\/2009\/11\/06\/turgut-uyar-biyografisi\/","url":"https:\/\/narteks.net\/index.php\/2009\/11\/06\/turgut-uyar-biyografisi\/","name":"Turgut UYAR Biyografisi - narteks.net","isPartOf":{"@id":"https:\/\/narteks.net\/#website"},"primaryImageOfPage":{"@id":"https:\/\/narteks.net\/index.php\/2009\/11\/06\/turgut-uyar-biyografisi\/#primaryimage"},"image":{"@id":"https:\/\/narteks.net\/index.php\/2009\/11\/06\/turgut-uyar-biyografisi\/#primaryimage"},"thumbnailUrl":"http:\/\/upload.wikimedia.org\/wikipedia\/tr\/5\/59\/Turgut_Uyar.jpg","datePublished":"2009-11-06T07:24:43+00:00","breadcrumb":{"@id":"https:\/\/narteks.net\/index.php\/2009\/11\/06\/turgut-uyar-biyografisi\/#breadcrumb"},"inLanguage":"tr","potentialAction":[{"@type":"ReadAction","target":["https:\/\/narteks.net\/index.php\/2009\/11\/06\/turgut-uyar-biyografisi\/"]}]},{"@type":"ImageObject","inLanguage":"tr","@id":"https:\/\/narteks.net\/index.php\/2009\/11\/06\/turgut-uyar-biyografisi\/#primaryimage","url":"http:\/\/upload.wikimedia.org\/wikipedia\/tr\/5\/59\/Turgut_Uyar.jpg","contentUrl":"http:\/\/upload.wikimedia.org\/wikipedia\/tr\/5\/59\/Turgut_Uyar.jpg"},{"@type":"BreadcrumbList","@id":"https:\/\/narteks.net\/index.php\/2009\/11\/06\/turgut-uyar-biyografisi\/#breadcrumb","itemListElement":[{"@type":"ListItem","position":1,"name":"Anasayfa","item":"https:\/\/narteks.net\/"},{"@type":"ListItem","position":2,"name":"Turgut UYAR Biyografisi"}]},{"@type":"WebSite","@id":"https:\/\/narteks.net\/#website","url":"https:\/\/narteks.net\/","name":"narteks.net","description":"K\u00fclt\u00fcr Sanat Edebiyat Felsefe","publisher":{"@id":"https:\/\/narteks.net\/#organization"},"alternateName":"K\u00fclt\u00fcr Sanat Edebiyat Felsefe","potentialAction":[{"@type":"SearchAction","target":{"@type":"EntryPoint","urlTemplate":"https:\/\/narteks.net\/?s={search_term_string}"},"query-input":{"@type":"PropertyValueSpecification","valueRequired":true,"valueName":"search_term_string"}}],"inLanguage":"tr"},{"@type":"Organization","@id":"https:\/\/narteks.net\/#organization","name":"narteks.net","url":"https:\/\/narteks.net\/","logo":{"@type":"ImageObject","inLanguage":"tr","@id":"https:\/\/narteks.net\/#\/schema\/logo\/image\/","url":"https:\/\/narteks.net\/wp-content\/uploads\/narteks.png","contentUrl":"https:\/\/narteks.net\/wp-content\/uploads\/narteks.png","width":300,"height":90,"caption":"narteks.net"},"image":{"@id":"https:\/\/narteks.net\/#\/schema\/logo\/image\/"},"sameAs":["https:\/\/x.com\/narteks","https:\/\/instagram.com\/narteksnet"]},{"@type":"Person","@id":"https:\/\/narteks.net\/#\/schema\/person\/61f37d9834294b72d31d274e7ed79bca","name":"Tar\u0131k","image":{"@type":"ImageObject","inLanguage":"tr","@id":"https:\/\/narteks.net\/#\/schema\/person\/image\/","url":"https:\/\/secure.gravatar.com\/avatar\/50865afb55632c4ae467e0af0930f6510aa2297d8014be502a55b14f3b7550cf?s=96&d=mm&r=g","contentUrl":"https:\/\/secure.gravatar.com\/avatar\/50865afb55632c4ae467e0af0930f6510aa2297d8014be502a55b14f3b7550cf?s=96&d=mm&r=g","caption":"Tar\u0131k"},"sameAs":["http:\/\/narteks.net"],"url":"https:\/\/narteks.net\/index.php\/author\/narbak\/"}]}},"_links":{"self":[{"href":"https:\/\/narteks.net\/index.php\/wp-json\/wp\/v2\/posts\/1175","targetHints":{"allow":["GET"]}}],"collection":[{"href":"https:\/\/narteks.net\/index.php\/wp-json\/wp\/v2\/posts"}],"about":[{"href":"https:\/\/narteks.net\/index.php\/wp-json\/wp\/v2\/types\/post"}],"author":[{"embeddable":true,"href":"https:\/\/narteks.net\/index.php\/wp-json\/wp\/v2\/users\/1"}],"replies":[{"embeddable":true,"href":"https:\/\/narteks.net\/index.php\/wp-json\/wp\/v2\/comments?post=1175"}],"version-history":[{"count":0,"href":"https:\/\/narteks.net\/index.php\/wp-json\/wp\/v2\/posts\/1175\/revisions"}],"wp:attachment":[{"href":"https:\/\/narteks.net\/index.php\/wp-json\/wp\/v2\/media?parent=1175"}],"wp:term":[{"taxonomy":"category","embeddable":true,"href":"https:\/\/narteks.net\/index.php\/wp-json\/wp\/v2\/categories?post=1175"},{"taxonomy":"post_tag","embeddable":true,"href":"https:\/\/narteks.net\/index.php\/wp-json\/wp\/v2\/tags?post=1175"}],"curies":[{"name":"wp","href":"https:\/\/api.w.org\/{rel}","templated":true}]}}