{"id":1183,"date":"2009-11-06T10:34:39","date_gmt":"2009-11-06T07:34:39","guid":{"rendered":"http:\/\/localhost\/wordpress\/2009\/11\/06\/birgun-sabah-sabah\/"},"modified":"2009-11-06T10:34:39","modified_gmt":"2009-11-06T07:34:39","slug":"birgun-sabah-sabah","status":"publish","type":"post","link":"https:\/\/narteks.net\/index.php\/2009\/11\/06\/birgun-sabah-sabah\/","title":{"rendered":"B\u0130RG\u00dcN SABAH SABAH"},"content":{"rendered":"<p>\u00a0<\/p>\n<p>Bir g\u00fcn sabah vakti kap\u0131y\u0131 \u00e7alsam,<br \/>Uykudan uyand\u0131rsam seni:<br \/>Ki, daha sisler kalkmam\u0131\u015ft\u0131r Hali\u00e7\u00b4ten.<br \/>Vapur d\u00fcd\u00fckleri \u00f6tmededir.<br \/>Etraf alacakaranl\u0131k,<br \/>K\u00f6pr\u00fc a\u00e7\u0131kt\u0131r hen\u00fcz.<br \/>Bir g\u00fcn sabah sabah kap\u0131y\u0131 \u00e7alsam&#8230;<br \/>Yolculu\u011fum uzun s\u00fcrm\u00fc\u015f olduk\u00e7a<br \/>Gece demir k\u00f6pr\u00fclerden ge\u00e7mi\u015ftir tren.<br \/>Da\u011f ba\u015f\u0131nda be\u015f on haneli k\u00f6yler,<br \/>Telgraf direkleri yollar boyunca<br \/>Ko\u015fu\u015fup durmu\u015f bizle beraber.<br \/>\u015eark\u0131lar s\u00f6ylemi\u015fim pencereden,<br \/>Uyan\u0131p uyan\u0131p yine dalm\u0131\u015f\u0131m.<br \/>Biletim \u00fc\u00e7\u00fcnc\u00fc mevki,<br \/>Fakirlik hali.<br \/>L\u00fcleta\u015f\u0131ndan gerdanl\u0131\u011fa g\u00fcc\u00fcm yetmemi\u015f,<br \/>Sana Sapanca\u00b4dan bir sepet elma alm\u0131\u015f\u0131m..<br \/>Ver elini Haydarpa\u015fa demi\u015fiz,<br \/>Vapur r\u0131ht\u0131mdad\u0131r p\u0131r\u0131l p\u0131r\u0131l,<br \/>Hava hafiften so\u011fuk,<br \/>Deniz katran ve bal\u0131k kokulu<br \/>K\u00f6pr\u00fcden kay\u0131kla ge\u00e7mi\u015fim kar\u015f\u0131ya,<br \/>Bir nefeste \u00e7\u0131km\u0131\u015f\u0131m bizim yoku\u015fu&#8230;<br \/>Bir g\u00fcn sabah sabah kap\u0131y\u0131 vursam,<br \/>-Kim o ? dersin uykulu sesinle i\u00e7erden.<br \/>Sa\u00e7lar\u0131n da\u011f\u0131n\u0131kt\u0131r, mahmursundur.<br \/>Kimbilir ne g\u00fczel g\u00f6r\u00fcn\u00fcrs\u00fcn sevgilim,<br \/>Bir g\u00fcn sabah vakti kap\u0131y\u0131 \u00e7alsam,<br \/>Uykudan uyand\u0131rsam seni,<br \/>Ki, daha sisler kalkmam\u0131\u015ft\u0131r Hali\u00e7\u00b4ten.<br \/>Fabrika d\u00fcd\u00fckleri \u00f6tmededir.<\/p>\n<p>Turgut UYAR<\/p>\n","protected":false},"excerpt":{"rendered":"<p>\u00a0 Bir g\u00fcn sabah vakti kap\u0131y\u0131 \u00e7alsam,Uykudan uyand\u0131rsam seni:Ki, daha sisler kalkmam\u0131\u015ft\u0131r Hali\u00e7\u00b4ten.Vapur d\u00fcd\u00fckleri \u00f6tmededir.Etraf alacakaranl\u0131k,K\u00f6pr\u00fc a\u00e7\u0131kt\u0131r hen\u00fcz.Bir g\u00fcn sabah sabah kap\u0131y\u0131 \u00e7alsam&#8230;Yolculu\u011fum uzun s\u00fcrm\u00fc\u015f olduk\u00e7aGece demir k\u00f6pr\u00fclerden ge\u00e7mi\u015ftir tren.Da\u011f ba\u015f\u0131nda be\u015f on haneli k\u00f6yler,Telgraf direkleri yollar boyuncaKo\u015fu\u015fup durmu\u015f bizle beraber.\u015eark\u0131lar s\u00f6ylemi\u015fim pencereden,Uyan\u0131p uyan\u0131p yine dalm\u0131\u015f\u0131m.Biletim \u00fc\u00e7\u00fcnc\u00fc mevki,Fakirlik hali.L\u00fcleta\u015f\u0131ndan gerdanl\u0131\u011fa g\u00fcc\u00fcm yetmemi\u015f,Sana Sapanca\u00b4dan bir sepet [&hellip;]<\/p>\n","protected":false},"author":1,"featured_media":0,"comment_status":"open","ping_status":"open","sticky":false,"template":"","format":"standard","meta":{"footnotes":""},"categories":[65],"tags":[],"class_list":{"0":"post-1183","1":"post","2":"type-post","3":"status-publish","4":"format-standard","6":"category-turgut-uyar"},"yoast_head":"<!-- This site is optimized with the Yoast SEO Premium plugin v24.9 (Yoast SEO v24.9) - https:\/\/yoast.com\/wordpress\/plugins\/seo\/ -->\n<title>B\u0130RG\u00dcN SABAH SABAH - narteks.net<\/title>\n<meta name=\"robots\" content=\"index, follow, max-snippet:-1, max-image-preview:large, max-video-preview:-1\" \/>\n<link rel=\"canonical\" href=\"https:\/\/narteks.net\/index.php\/2009\/11\/06\/birgun-sabah-sabah\/\" \/>\n<meta property=\"og:locale\" content=\"tr_TR\" \/>\n<meta property=\"og:type\" content=\"article\" \/>\n<meta property=\"og:title\" content=\"B\u0130RG\u00dcN SABAH SABAH\" \/>\n<meta property=\"og:description\" content=\"\u00a0 Bir g\u00fcn sabah vakti kap\u0131y\u0131 \u00e7alsam,Uykudan uyand\u0131rsam seni:Ki, daha sisler kalkmam\u0131\u015ft\u0131r Hali\u00e7\u00b4ten.Vapur d\u00fcd\u00fckleri \u00f6tmededir.Etraf alacakaranl\u0131k,K\u00f6pr\u00fc a\u00e7\u0131kt\u0131r hen\u00fcz.Bir g\u00fcn sabah sabah kap\u0131y\u0131 \u00e7alsam&#8230;Yolculu\u011fum uzun s\u00fcrm\u00fc\u015f olduk\u00e7aGece demir k\u00f6pr\u00fclerden ge\u00e7mi\u015ftir tren.Da\u011f ba\u015f\u0131nda be\u015f on haneli k\u00f6yler,Telgraf direkleri yollar boyuncaKo\u015fu\u015fup durmu\u015f bizle beraber.\u015eark\u0131lar s\u00f6ylemi\u015fim pencereden,Uyan\u0131p uyan\u0131p yine dalm\u0131\u015f\u0131m.Biletim \u00fc\u00e7\u00fcnc\u00fc mevki,Fakirlik hali.L\u00fcleta\u015f\u0131ndan gerdanl\u0131\u011fa g\u00fcc\u00fcm yetmemi\u015f,Sana Sapanca\u00b4dan bir sepet [&hellip;]\" \/>\n<meta property=\"og:url\" content=\"https:\/\/narteks.net\/index.php\/2009\/11\/06\/birgun-sabah-sabah\/\" \/>\n<meta property=\"og:site_name\" content=\"narteks.net\" \/>\n<meta property=\"article:published_time\" content=\"2009-11-06T07:34:39+00:00\" \/>\n<meta property=\"og:image\" content=\"https:\/\/narteks.net\/wp-content\/uploads\/narteks.png\" \/>\n\t<meta property=\"og:image:width\" content=\"300\" \/>\n\t<meta property=\"og:image:height\" content=\"90\" \/>\n\t<meta property=\"og:image:type\" content=\"image\/png\" \/>\n<meta name=\"author\" content=\"Tar\u0131k\" \/>\n<meta name=\"twitter:card\" content=\"summary_large_image\" \/>\n<meta name=\"twitter:creator\" content=\"@narteks\" \/>\n<meta name=\"twitter:site\" content=\"@narteks\" \/>\n<meta name=\"twitter:label1\" content=\"Yazan:\" \/>\n\t<meta name=\"twitter:data1\" content=\"Tar\u0131k\" \/>\n\t<meta name=\"twitter:label2\" content=\"Tahmini okuma s\u00fcresi\" \/>\n\t<meta name=\"twitter:data2\" content=\"1 dakika\" \/>\n<script type=\"application\/ld+json\" class=\"yoast-schema-graph\">{\"@context\":\"https:\/\/schema.org\",\"@graph\":[{\"@type\":\"Article\",\"@id\":\"https:\/\/narteks.net\/index.php\/2009\/11\/06\/birgun-sabah-sabah\/#article\",\"isPartOf\":{\"@id\":\"https:\/\/narteks.net\/index.php\/2009\/11\/06\/birgun-sabah-sabah\/\"},\"author\":{\"name\":\"Tar\u0131k\",\"@id\":\"https:\/\/narteks.net\/#\/schema\/person\/61f37d9834294b72d31d274e7ed79bca\"},\"headline\":\"B\u0130RG\u00dcN SABAH SABAH\",\"datePublished\":\"2009-11-06T07:34:39+00:00\",\"mainEntityOfPage\":{\"@id\":\"https:\/\/narteks.net\/index.php\/2009\/11\/06\/birgun-sabah-sabah\/\"},\"wordCount\":218,\"commentCount\":0,\"publisher\":{\"@id\":\"https:\/\/narteks.net\/#organization\"},\"articleSection\":[\"Turgut UYAR\"],\"inLanguage\":\"tr\",\"potentialAction\":[{\"@type\":\"CommentAction\",\"name\":\"Comment\",\"target\":[\"https:\/\/narteks.net\/index.php\/2009\/11\/06\/birgun-sabah-sabah\/#respond\"]}]},{\"@type\":\"WebPage\",\"@id\":\"https:\/\/narteks.net\/index.php\/2009\/11\/06\/birgun-sabah-sabah\/\",\"url\":\"https:\/\/narteks.net\/index.php\/2009\/11\/06\/birgun-sabah-sabah\/\",\"name\":\"B\u0130RG\u00dcN SABAH SABAH - narteks.net\",\"isPartOf\":{\"@id\":\"https:\/\/narteks.net\/#website\"},\"datePublished\":\"2009-11-06T07:34:39+00:00\",\"breadcrumb\":{\"@id\":\"https:\/\/narteks.net\/index.php\/2009\/11\/06\/birgun-sabah-sabah\/#breadcrumb\"},\"inLanguage\":\"tr\",\"potentialAction\":[{\"@type\":\"ReadAction\",\"target\":[\"https:\/\/narteks.net\/index.php\/2009\/11\/06\/birgun-sabah-sabah\/\"]}]},{\"@type\":\"BreadcrumbList\",\"@id\":\"https:\/\/narteks.net\/index.php\/2009\/11\/06\/birgun-sabah-sabah\/#breadcrumb\",\"itemListElement\":[{\"@type\":\"ListItem\",\"position\":1,\"name\":\"Anasayfa\",\"item\":\"https:\/\/narteks.net\/\"},{\"@type\":\"ListItem\",\"position\":2,\"name\":\"B\u0130RG\u00dcN SABAH SABAH\"}]},{\"@type\":\"WebSite\",\"@id\":\"https:\/\/narteks.net\/#website\",\"url\":\"https:\/\/narteks.net\/\",\"name\":\"narteks.net\",\"description\":\"K\u00fclt\u00fcr Sanat Edebiyat Felsefe\",\"publisher\":{\"@id\":\"https:\/\/narteks.net\/#organization\"},\"alternateName\":\"K\u00fclt\u00fcr Sanat Edebiyat Felsefe\",\"potentialAction\":[{\"@type\":\"SearchAction\",\"target\":{\"@type\":\"EntryPoint\",\"urlTemplate\":\"https:\/\/narteks.net\/?s={search_term_string}\"},\"query-input\":{\"@type\":\"PropertyValueSpecification\",\"valueRequired\":true,\"valueName\":\"search_term_string\"}}],\"inLanguage\":\"tr\"},{\"@type\":\"Organization\",\"@id\":\"https:\/\/narteks.net\/#organization\",\"name\":\"narteks.net\",\"url\":\"https:\/\/narteks.net\/\",\"logo\":{\"@type\":\"ImageObject\",\"inLanguage\":\"tr\",\"@id\":\"https:\/\/narteks.net\/#\/schema\/logo\/image\/\",\"url\":\"https:\/\/narteks.net\/wp-content\/uploads\/narteks.png\",\"contentUrl\":\"https:\/\/narteks.net\/wp-content\/uploads\/narteks.png\",\"width\":300,\"height\":90,\"caption\":\"narteks.net\"},\"image\":{\"@id\":\"https:\/\/narteks.net\/#\/schema\/logo\/image\/\"},\"sameAs\":[\"https:\/\/x.com\/narteks\",\"https:\/\/instagram.com\/narteksnet\"]},{\"@type\":\"Person\",\"@id\":\"https:\/\/narteks.net\/#\/schema\/person\/61f37d9834294b72d31d274e7ed79bca\",\"name\":\"Tar\u0131k\",\"image\":{\"@type\":\"ImageObject\",\"inLanguage\":\"tr\",\"@id\":\"https:\/\/narteks.net\/#\/schema\/person\/image\/\",\"url\":\"https:\/\/secure.gravatar.com\/avatar\/50865afb55632c4ae467e0af0930f6510aa2297d8014be502a55b14f3b7550cf?s=96&d=mm&r=g\",\"contentUrl\":\"https:\/\/secure.gravatar.com\/avatar\/50865afb55632c4ae467e0af0930f6510aa2297d8014be502a55b14f3b7550cf?s=96&d=mm&r=g\",\"caption\":\"Tar\u0131k\"},\"sameAs\":[\"http:\/\/narteks.net\"],\"url\":\"https:\/\/narteks.net\/index.php\/author\/narbak\/\"}]}<\/script>\n<!-- \/ Yoast SEO Premium plugin. -->","yoast_head_json":{"title":"B\u0130RG\u00dcN SABAH SABAH - narteks.net","robots":{"index":"index","follow":"follow","max-snippet":"max-snippet:-1","max-image-preview":"max-image-preview:large","max-video-preview":"max-video-preview:-1"},"canonical":"https:\/\/narteks.net\/index.php\/2009\/11\/06\/birgun-sabah-sabah\/","og_locale":"tr_TR","og_type":"article","og_title":"B\u0130RG\u00dcN SABAH SABAH","og_description":"\u00a0 Bir g\u00fcn sabah vakti kap\u0131y\u0131 \u00e7alsam,Uykudan uyand\u0131rsam seni:Ki, daha sisler kalkmam\u0131\u015ft\u0131r Hali\u00e7\u00b4ten.Vapur d\u00fcd\u00fckleri \u00f6tmededir.Etraf alacakaranl\u0131k,K\u00f6pr\u00fc a\u00e7\u0131kt\u0131r hen\u00fcz.Bir g\u00fcn sabah sabah kap\u0131y\u0131 \u00e7alsam&#8230;Yolculu\u011fum uzun s\u00fcrm\u00fc\u015f olduk\u00e7aGece demir k\u00f6pr\u00fclerden ge\u00e7mi\u015ftir tren.Da\u011f ba\u015f\u0131nda be\u015f on haneli k\u00f6yler,Telgraf direkleri yollar boyuncaKo\u015fu\u015fup durmu\u015f bizle beraber.\u015eark\u0131lar s\u00f6ylemi\u015fim pencereden,Uyan\u0131p uyan\u0131p yine dalm\u0131\u015f\u0131m.Biletim \u00fc\u00e7\u00fcnc\u00fc mevki,Fakirlik hali.L\u00fcleta\u015f\u0131ndan gerdanl\u0131\u011fa g\u00fcc\u00fcm yetmemi\u015f,Sana Sapanca\u00b4dan bir sepet [&hellip;]","og_url":"https:\/\/narteks.net\/index.php\/2009\/11\/06\/birgun-sabah-sabah\/","og_site_name":"narteks.net","article_published_time":"2009-11-06T07:34:39+00:00","og_image":[{"width":300,"height":90,"url":"https:\/\/narteks.net\/wp-content\/uploads\/narteks.png","type":"image\/png"}],"author":"Tar\u0131k","twitter_card":"summary_large_image","twitter_creator":"@narteks","twitter_site":"@narteks","twitter_misc":{"Yazan:":"Tar\u0131k","Tahmini okuma s\u00fcresi":"1 dakika"},"schema":{"@context":"https:\/\/schema.org","@graph":[{"@type":"Article","@id":"https:\/\/narteks.net\/index.php\/2009\/11\/06\/birgun-sabah-sabah\/#article","isPartOf":{"@id":"https:\/\/narteks.net\/index.php\/2009\/11\/06\/birgun-sabah-sabah\/"},"author":{"name":"Tar\u0131k","@id":"https:\/\/narteks.net\/#\/schema\/person\/61f37d9834294b72d31d274e7ed79bca"},"headline":"B\u0130RG\u00dcN SABAH SABAH","datePublished":"2009-11-06T07:34:39+00:00","mainEntityOfPage":{"@id":"https:\/\/narteks.net\/index.php\/2009\/11\/06\/birgun-sabah-sabah\/"},"wordCount":218,"commentCount":0,"publisher":{"@id":"https:\/\/narteks.net\/#organization"},"articleSection":["Turgut UYAR"],"inLanguage":"tr","potentialAction":[{"@type":"CommentAction","name":"Comment","target":["https:\/\/narteks.net\/index.php\/2009\/11\/06\/birgun-sabah-sabah\/#respond"]}]},{"@type":"WebPage","@id":"https:\/\/narteks.net\/index.php\/2009\/11\/06\/birgun-sabah-sabah\/","url":"https:\/\/narteks.net\/index.php\/2009\/11\/06\/birgun-sabah-sabah\/","name":"B\u0130RG\u00dcN SABAH SABAH - narteks.net","isPartOf":{"@id":"https:\/\/narteks.net\/#website"},"datePublished":"2009-11-06T07:34:39+00:00","breadcrumb":{"@id":"https:\/\/narteks.net\/index.php\/2009\/11\/06\/birgun-sabah-sabah\/#breadcrumb"},"inLanguage":"tr","potentialAction":[{"@type":"ReadAction","target":["https:\/\/narteks.net\/index.php\/2009\/11\/06\/birgun-sabah-sabah\/"]}]},{"@type":"BreadcrumbList","@id":"https:\/\/narteks.net\/index.php\/2009\/11\/06\/birgun-sabah-sabah\/#breadcrumb","itemListElement":[{"@type":"ListItem","position":1,"name":"Anasayfa","item":"https:\/\/narteks.net\/"},{"@type":"ListItem","position":2,"name":"B\u0130RG\u00dcN SABAH SABAH"}]},{"@type":"WebSite","@id":"https:\/\/narteks.net\/#website","url":"https:\/\/narteks.net\/","name":"narteks.net","description":"K\u00fclt\u00fcr Sanat Edebiyat Felsefe","publisher":{"@id":"https:\/\/narteks.net\/#organization"},"alternateName":"K\u00fclt\u00fcr Sanat Edebiyat Felsefe","potentialAction":[{"@type":"SearchAction","target":{"@type":"EntryPoint","urlTemplate":"https:\/\/narteks.net\/?s={search_term_string}"},"query-input":{"@type":"PropertyValueSpecification","valueRequired":true,"valueName":"search_term_string"}}],"inLanguage":"tr"},{"@type":"Organization","@id":"https:\/\/narteks.net\/#organization","name":"narteks.net","url":"https:\/\/narteks.net\/","logo":{"@type":"ImageObject","inLanguage":"tr","@id":"https:\/\/narteks.net\/#\/schema\/logo\/image\/","url":"https:\/\/narteks.net\/wp-content\/uploads\/narteks.png","contentUrl":"https:\/\/narteks.net\/wp-content\/uploads\/narteks.png","width":300,"height":90,"caption":"narteks.net"},"image":{"@id":"https:\/\/narteks.net\/#\/schema\/logo\/image\/"},"sameAs":["https:\/\/x.com\/narteks","https:\/\/instagram.com\/narteksnet"]},{"@type":"Person","@id":"https:\/\/narteks.net\/#\/schema\/person\/61f37d9834294b72d31d274e7ed79bca","name":"Tar\u0131k","image":{"@type":"ImageObject","inLanguage":"tr","@id":"https:\/\/narteks.net\/#\/schema\/person\/image\/","url":"https:\/\/secure.gravatar.com\/avatar\/50865afb55632c4ae467e0af0930f6510aa2297d8014be502a55b14f3b7550cf?s=96&d=mm&r=g","contentUrl":"https:\/\/secure.gravatar.com\/avatar\/50865afb55632c4ae467e0af0930f6510aa2297d8014be502a55b14f3b7550cf?s=96&d=mm&r=g","caption":"Tar\u0131k"},"sameAs":["http:\/\/narteks.net"],"url":"https:\/\/narteks.net\/index.php\/author\/narbak\/"}]}},"_links":{"self":[{"href":"https:\/\/narteks.net\/index.php\/wp-json\/wp\/v2\/posts\/1183","targetHints":{"allow":["GET"]}}],"collection":[{"href":"https:\/\/narteks.net\/index.php\/wp-json\/wp\/v2\/posts"}],"about":[{"href":"https:\/\/narteks.net\/index.php\/wp-json\/wp\/v2\/types\/post"}],"author":[{"embeddable":true,"href":"https:\/\/narteks.net\/index.php\/wp-json\/wp\/v2\/users\/1"}],"replies":[{"embeddable":true,"href":"https:\/\/narteks.net\/index.php\/wp-json\/wp\/v2\/comments?post=1183"}],"version-history":[{"count":0,"href":"https:\/\/narteks.net\/index.php\/wp-json\/wp\/v2\/posts\/1183\/revisions"}],"wp:attachment":[{"href":"https:\/\/narteks.net\/index.php\/wp-json\/wp\/v2\/media?parent=1183"}],"wp:term":[{"taxonomy":"category","embeddable":true,"href":"https:\/\/narteks.net\/index.php\/wp-json\/wp\/v2\/categories?post=1183"},{"taxonomy":"post_tag","embeddable":true,"href":"https:\/\/narteks.net\/index.php\/wp-json\/wp\/v2\/tags?post=1183"}],"curies":[{"name":"wp","href":"https:\/\/api.w.org\/{rel}","templated":true}]}}