{"id":1189,"date":"2009-11-06T10:39:09","date_gmt":"2009-11-06T07:39:09","guid":{"rendered":"http:\/\/localhost\/wordpress\/2009\/11\/06\/geyikli-gece\/"},"modified":"2009-11-06T10:39:09","modified_gmt":"2009-11-06T07:39:09","slug":"geyikli-gece","status":"publish","type":"post","link":"https:\/\/narteks.net\/index.php\/2009\/11\/06\/geyikli-gece\/","title":{"rendered":"GEY\u0130KL\u0130 GECE"},"content":{"rendered":"<p>\u00a0<\/p>\n<p>Halbuki korkulacak hi\u00e7bir \u015fey yoktu ortal\u0131kta<br \/> Her\u015fey naylondand\u0131 o kadar<br \/> Ve \u00f6l\u00fcnce be\u015f on bin birden \u00f6l\u00fcyorduk g\u00fcne\u015fe kar\u015f\u0131<br \/> Ama geyikli geceyi bulmadan \u00f6nce<br \/> Hepimiz \u00e7ocuklar gibi korkuyorduk.<\/p>\n<p>Geyikli geceyi hep bilmelisiniz<br \/> Ye\u015fil ve yabani uzak ormanlarda<br \/> G\u00fcne\u015fin asfalt sonlar\u0131nda batmas\u0131yla a\u011f\u0131rdan<br \/> Hepimizi vakitten kurtaracak<\/p>\n<p>Bir yandan topra\u011f\u0131 s\u00fcrd\u00fck<br \/> Bir yandan kaybolduk<br \/> Gladyat\u00f6rlerden ve di\u015flilerden<br \/> Ve b\u00fcy\u00fck \u015fehirlerden<br \/> Gizleyerek yahut d\u00f6v\u00fc\u015ferek<br \/> Geyikli geceyi kurtard\u0131k<\/p>\n<p>Evet kimsesizdik ama umudumuz vard\u0131<br \/> \u00dc\u00e7 ev g\u00f6rsek bir \u015fehir san\u0131yorduk<br \/> \u00dc\u00e7 g\u00fcvercin g\u00f6rsek Meksika geliyordu akl\u0131m\u0131za<br \/> Caddelerde gezmekten ho\u015flan\u0131yorduk ak\u015famlar\u0131<br \/> Kad\u0131nlar\u0131n kocalar\u0131n\u0131 aramas\u0131n\u0131 seviyorduk<br \/> Sonra \u015farap i\u00e7iyorduk k\u0131rm\u0131z\u0131 yahut beyaz<br \/> Bilir bilmez geyikli gece y\u00fcz\u00fcnden<\/p>\n<p>\u00b4Geyikli gecenin arkas\u0131 a\u011fa\u00e7<br \/> Aya\u011f\u0131n\u0131n suya de\u011fdi\u011fi yerde bir g\u00f6ky\u00fcz\u00fc<br \/> \u00c7atal boynuzlar\u0131nda so\u011fuk ay \u0131\u015f\u0131\u011f\u0131\u00b4<br \/> \u0130ster istemez a\u015fklar\u0131 hat\u0131rlat\u0131r<br \/> Eskiden g\u00fczel kad\u0131nlar ve a\u015fklar olmu\u015f<br \/> \u015eimdi de var biliyorum<br \/> Bir seviniyorum d\u00fc\u015f\u00fcnd\u00fck\u00e7e bilseniz<br \/> Da\u011flarda geyikli gecelerin en g\u00fczeli&#8230;<\/p>\n<p>Hi\u00e7bir \u015fey umurumda de\u011fil diyorum<br \/> A\u015fktan ve umuttan ba\u015fka<br \/> Bir anda \u00fc\u00e7 kadeh ve \u00fc\u00e7 yeni \u015fark\u0131<br \/> Belle\u011fimde t\u00fcyl\u00fc t\u00fcyl\u00fc geyikli gece duruyor.<\/p>\n<p>Biliyorum gemiler g\u00f6t\u00fcremez<br \/> Neonlar teoriler \u0131\u015f\u0131tamaz yan\u0131n\u0131 y\u00f6resini<br \/> \u00d6rne\u011fin manast\u0131rda oturur i\u00e7erdik iki ki\u015fi<br \/> Ya da yatakta sevi\u015firdik bir kad\u0131n bir erkek<br \/> \u00d6p\u00fc\u015flerimiz gitgide \u0131s\u0131n\u0131rd\u0131<br \/> Koltuk altlar\u0131m\u0131z gitgide tatl\u0131 gelirdi<br \/> Geyikli gecenin karanl\u0131\u011f\u0131nda..<\/p>\n<p>Aldat\u0131ld\u0131\u011f\u0131m\u0131z \u00f6nemli de\u011fildi yoksa<br \/> Herkesin unuttu\u011funu biz hat\u0131rlamasak<br \/> G\u00fcm\u00fc\u015f semaverleri ve eski \u015feyleri<br \/> Salt yads\u0131mak i\u00e7in sevmiyorduk<br \/> K\u00f6t\u00fcyd\u00fck de ondan m\u0131 diyeceksiniz<br \/> Ne iyiydik ne k\u00f6t\u00fcyd\u00fck<br \/> Durumumuz ba\u015fta ve sonda ayr\u0131 ayr\u0131ysa<br \/> Ba\u015fta ve sonda ayr\u0131 oldu\u011fumuzdand\u0131&#8230;<\/p>\n<p>Ama ne varsa geyikli gecede idi<br \/> Bir bilseniz avu\u00e7lar\u0131n\u0131z terlerdi heyecandan<br \/> Bir bak\u0131yorduk ak\u015fam oluyordu kald\u0131r\u0131mlarda<br \/> Kesme avizelerde ve \u00e7\u0131plak kad\u0131n omuzlar\u0131nda<br \/> B\u00fcy\u00fck otellerin \u00f6n\u00fcnde garipsiyorduk<br \/> \u00c7aresizli\u011fimiz b\u00f6ylesine kolayd\u0131 i\u015fte<br \/> H\u00fczn\u00fcm\u00fcz\u00fc b\u00fcy\u00fck \u015feylerden san\u0131rsan\u0131z yan\u0131l\u0131rs\u0131n\u0131z<br \/> \u00d6rne\u011fin \u00fc\u00e7 bardak \u015farap i\u00e7sek kurtulurduk<br \/> Yahut bir adam b\u0131\u00e7aklasak<br \/> Yahut sokaklara t\u00fck\u00fcrsek<br \/> Ama en iyisi \u00e7eker giderdik<br \/> Gider geyikli gecede uyurduk<\/p>\n<p>\u00b4Geyi\u011fin g\u00f6zleri p\u0131r\u0131l p\u0131r\u0131l gecede<br \/> \u0130mdat ate\u015fleri gibi \u00fcrkek tela\u015fl\u0131<br \/> Sultan han\u00e7erleri gibi ay \u0131\u015f\u0131\u011f\u0131nda<br \/> Bir yan\u0131nda \u00fcst\u00fcste \u00fcst\u00fcste kayalar<br \/> \u00d6b\u00fcr yan\u0131nda ben<br \/> Ama siz zavall\u0131s\u0131n\u0131z ben de zavall\u0131y\u0131m<br \/> Domino ta\u015flar\u0131 ve so\u011fuk ikindiler<br \/> \u00c7i\u00e7ekli elbiseleriyle yabanc\u0131 kalabal\u0131k<br \/> G\u00f6lgemiz tortop ayak ucumuzda<br \/> Sevinsek de sonunu biliyoruz<br \/> Bor\u00e7lar\u0131 kefilleri bonolar\u0131 unutuyorum<br \/> \u0130kramiyeler bensiz \u00e7ekiliyor d\u00fcnyada<br \/> Daha ilk oturumda su\u00e7suz \u00e7\u0131k\u0131yorum<br \/> Oturup esmer bir kad\u0131n\u0131 kendim i\u00e7in y\u0131k\u0131yorum<br \/> \u0130yice kurulam\u0131yorum sa\u00e7lar\u0131n\u0131<br \/> Bir bardak \u015farab\u0131 kendim i\u00e7in i\u00e7iyorum<br \/> \u00b4Halbuki geyikli gece ormanda<br \/> Keskin mavi ve h\u0131\u015f\u0131rt\u0131l\u0131<br \/> Geyikli geceye ge\u00e7iyorum\u00b4<\/p>\n<p>Uzan\u0131p kendi yanaklar\u0131mdan \u00f6p\u00fcyorum.<\/p>\n<p>Turgut UYAR<\/p>\n","protected":false},"excerpt":{"rendered":"<p>\u00a0 Halbuki korkulacak hi\u00e7bir \u015fey yoktu ortal\u0131kta Her\u015fey naylondand\u0131 o kadar Ve \u00f6l\u00fcnce be\u015f on bin birden \u00f6l\u00fcyorduk g\u00fcne\u015fe kar\u015f\u0131 Ama geyikli geceyi bulmadan \u00f6nce Hepimiz \u00e7ocuklar gibi korkuyorduk. Geyikli geceyi hep bilmelisiniz Ye\u015fil ve yabani uzak ormanlarda G\u00fcne\u015fin asfalt sonlar\u0131nda batmas\u0131yla a\u011f\u0131rdan Hepimizi vakitten kurtaracak Bir yandan topra\u011f\u0131 s\u00fcrd\u00fck Bir yandan kaybolduk Gladyat\u00f6rlerden ve [&hellip;]<\/p>\n","protected":false},"author":1,"featured_media":0,"comment_status":"open","ping_status":"open","sticky":false,"template":"","format":"standard","meta":{"footnotes":""},"categories":[65],"tags":[],"class_list":{"0":"post-1189","1":"post","2":"type-post","3":"status-publish","4":"format-standard","6":"category-turgut-uyar"},"yoast_head":"<!-- This site is optimized with the Yoast SEO Premium plugin v24.9 (Yoast SEO v24.9) - https:\/\/yoast.com\/wordpress\/plugins\/seo\/ -->\n<title>GEY\u0130KL\u0130 GECE - narteks.net<\/title>\n<meta name=\"robots\" content=\"index, follow, max-snippet:-1, max-image-preview:large, max-video-preview:-1\" \/>\n<link rel=\"canonical\" href=\"https:\/\/narteks.net\/index.php\/2009\/11\/06\/geyikli-gece\/\" \/>\n<meta property=\"og:locale\" content=\"tr_TR\" \/>\n<meta property=\"og:type\" content=\"article\" \/>\n<meta property=\"og:title\" content=\"GEY\u0130KL\u0130 GECE\" \/>\n<meta property=\"og:description\" content=\"\u00a0 Halbuki korkulacak hi\u00e7bir \u015fey yoktu ortal\u0131kta Her\u015fey naylondand\u0131 o kadar Ve \u00f6l\u00fcnce be\u015f on bin birden \u00f6l\u00fcyorduk g\u00fcne\u015fe kar\u015f\u0131 Ama geyikli geceyi bulmadan \u00f6nce Hepimiz \u00e7ocuklar gibi korkuyorduk. Geyikli geceyi hep bilmelisiniz Ye\u015fil ve yabani uzak ormanlarda G\u00fcne\u015fin asfalt sonlar\u0131nda batmas\u0131yla a\u011f\u0131rdan Hepimizi vakitten kurtaracak Bir yandan topra\u011f\u0131 s\u00fcrd\u00fck Bir yandan kaybolduk Gladyat\u00f6rlerden ve [&hellip;]\" \/>\n<meta property=\"og:url\" content=\"https:\/\/narteks.net\/index.php\/2009\/11\/06\/geyikli-gece\/\" \/>\n<meta property=\"og:site_name\" content=\"narteks.net\" \/>\n<meta property=\"article:published_time\" content=\"2009-11-06T07:39:09+00:00\" \/>\n<meta property=\"og:image\" content=\"https:\/\/narteks.net\/wp-content\/uploads\/narteks.png\" \/>\n\t<meta property=\"og:image:width\" content=\"300\" \/>\n\t<meta property=\"og:image:height\" content=\"90\" \/>\n\t<meta property=\"og:image:type\" content=\"image\/png\" \/>\n<meta name=\"author\" content=\"Tar\u0131k\" \/>\n<meta name=\"twitter:card\" content=\"summary_large_image\" \/>\n<meta name=\"twitter:creator\" content=\"@narteks\" \/>\n<meta name=\"twitter:site\" content=\"@narteks\" \/>\n<meta name=\"twitter:label1\" content=\"Yazan:\" \/>\n\t<meta name=\"twitter:data1\" content=\"Tar\u0131k\" \/>\n\t<meta name=\"twitter:label2\" content=\"Tahmini okuma s\u00fcresi\" \/>\n\t<meta name=\"twitter:data2\" content=\"3 dakika\" \/>\n<script type=\"application\/ld+json\" class=\"yoast-schema-graph\">{\"@context\":\"https:\/\/schema.org\",\"@graph\":[{\"@type\":\"Article\",\"@id\":\"https:\/\/narteks.net\/index.php\/2009\/11\/06\/geyikli-gece\/#article\",\"isPartOf\":{\"@id\":\"https:\/\/narteks.net\/index.php\/2009\/11\/06\/geyikli-gece\/\"},\"author\":{\"name\":\"Tar\u0131k\",\"@id\":\"https:\/\/narteks.net\/#\/schema\/person\/61f37d9834294b72d31d274e7ed79bca\"},\"headline\":\"GEY\u0130KL\u0130 GECE\",\"datePublished\":\"2009-11-06T07:39:09+00:00\",\"mainEntityOfPage\":{\"@id\":\"https:\/\/narteks.net\/index.php\/2009\/11\/06\/geyikli-gece\/\"},\"wordCount\":553,\"commentCount\":0,\"publisher\":{\"@id\":\"https:\/\/narteks.net\/#organization\"},\"articleSection\":[\"Turgut UYAR\"],\"inLanguage\":\"tr\",\"potentialAction\":[{\"@type\":\"CommentAction\",\"name\":\"Comment\",\"target\":[\"https:\/\/narteks.net\/index.php\/2009\/11\/06\/geyikli-gece\/#respond\"]}]},{\"@type\":\"WebPage\",\"@id\":\"https:\/\/narteks.net\/index.php\/2009\/11\/06\/geyikli-gece\/\",\"url\":\"https:\/\/narteks.net\/index.php\/2009\/11\/06\/geyikli-gece\/\",\"name\":\"GEY\u0130KL\u0130 GECE - narteks.net\",\"isPartOf\":{\"@id\":\"https:\/\/narteks.net\/#website\"},\"datePublished\":\"2009-11-06T07:39:09+00:00\",\"breadcrumb\":{\"@id\":\"https:\/\/narteks.net\/index.php\/2009\/11\/06\/geyikli-gece\/#breadcrumb\"},\"inLanguage\":\"tr\",\"potentialAction\":[{\"@type\":\"ReadAction\",\"target\":[\"https:\/\/narteks.net\/index.php\/2009\/11\/06\/geyikli-gece\/\"]}]},{\"@type\":\"BreadcrumbList\",\"@id\":\"https:\/\/narteks.net\/index.php\/2009\/11\/06\/geyikli-gece\/#breadcrumb\",\"itemListElement\":[{\"@type\":\"ListItem\",\"position\":1,\"name\":\"Anasayfa\",\"item\":\"https:\/\/narteks.net\/\"},{\"@type\":\"ListItem\",\"position\":2,\"name\":\"GEY\u0130KL\u0130 GECE\"}]},{\"@type\":\"WebSite\",\"@id\":\"https:\/\/narteks.net\/#website\",\"url\":\"https:\/\/narteks.net\/\",\"name\":\"narteks.net\",\"description\":\"K\u00fclt\u00fcr Sanat Edebiyat Felsefe\",\"publisher\":{\"@id\":\"https:\/\/narteks.net\/#organization\"},\"alternateName\":\"K\u00fclt\u00fcr Sanat Edebiyat Felsefe\",\"potentialAction\":[{\"@type\":\"SearchAction\",\"target\":{\"@type\":\"EntryPoint\",\"urlTemplate\":\"https:\/\/narteks.net\/?s={search_term_string}\"},\"query-input\":{\"@type\":\"PropertyValueSpecification\",\"valueRequired\":true,\"valueName\":\"search_term_string\"}}],\"inLanguage\":\"tr\"},{\"@type\":\"Organization\",\"@id\":\"https:\/\/narteks.net\/#organization\",\"name\":\"narteks.net\",\"url\":\"https:\/\/narteks.net\/\",\"logo\":{\"@type\":\"ImageObject\",\"inLanguage\":\"tr\",\"@id\":\"https:\/\/narteks.net\/#\/schema\/logo\/image\/\",\"url\":\"https:\/\/narteks.net\/wp-content\/uploads\/narteks.png\",\"contentUrl\":\"https:\/\/narteks.net\/wp-content\/uploads\/narteks.png\",\"width\":300,\"height\":90,\"caption\":\"narteks.net\"},\"image\":{\"@id\":\"https:\/\/narteks.net\/#\/schema\/logo\/image\/\"},\"sameAs\":[\"https:\/\/x.com\/narteks\",\"https:\/\/instagram.com\/narteksnet\"]},{\"@type\":\"Person\",\"@id\":\"https:\/\/narteks.net\/#\/schema\/person\/61f37d9834294b72d31d274e7ed79bca\",\"name\":\"Tar\u0131k\",\"image\":{\"@type\":\"ImageObject\",\"inLanguage\":\"tr\",\"@id\":\"https:\/\/narteks.net\/#\/schema\/person\/image\/\",\"url\":\"https:\/\/secure.gravatar.com\/avatar\/50865afb55632c4ae467e0af0930f6510aa2297d8014be502a55b14f3b7550cf?s=96&d=mm&r=g\",\"contentUrl\":\"https:\/\/secure.gravatar.com\/avatar\/50865afb55632c4ae467e0af0930f6510aa2297d8014be502a55b14f3b7550cf?s=96&d=mm&r=g\",\"caption\":\"Tar\u0131k\"},\"sameAs\":[\"http:\/\/narteks.net\"],\"url\":\"https:\/\/narteks.net\/index.php\/author\/narbak\/\"}]}<\/script>\n<!-- \/ Yoast SEO Premium plugin. -->","yoast_head_json":{"title":"GEY\u0130KL\u0130 GECE - narteks.net","robots":{"index":"index","follow":"follow","max-snippet":"max-snippet:-1","max-image-preview":"max-image-preview:large","max-video-preview":"max-video-preview:-1"},"canonical":"https:\/\/narteks.net\/index.php\/2009\/11\/06\/geyikli-gece\/","og_locale":"tr_TR","og_type":"article","og_title":"GEY\u0130KL\u0130 GECE","og_description":"\u00a0 Halbuki korkulacak hi\u00e7bir \u015fey yoktu ortal\u0131kta Her\u015fey naylondand\u0131 o kadar Ve \u00f6l\u00fcnce be\u015f on bin birden \u00f6l\u00fcyorduk g\u00fcne\u015fe kar\u015f\u0131 Ama geyikli geceyi bulmadan \u00f6nce Hepimiz \u00e7ocuklar gibi korkuyorduk. Geyikli geceyi hep bilmelisiniz Ye\u015fil ve yabani uzak ormanlarda G\u00fcne\u015fin asfalt sonlar\u0131nda batmas\u0131yla a\u011f\u0131rdan Hepimizi vakitten kurtaracak Bir yandan topra\u011f\u0131 s\u00fcrd\u00fck Bir yandan kaybolduk Gladyat\u00f6rlerden ve [&hellip;]","og_url":"https:\/\/narteks.net\/index.php\/2009\/11\/06\/geyikli-gece\/","og_site_name":"narteks.net","article_published_time":"2009-11-06T07:39:09+00:00","og_image":[{"width":300,"height":90,"url":"https:\/\/narteks.net\/wp-content\/uploads\/narteks.png","type":"image\/png"}],"author":"Tar\u0131k","twitter_card":"summary_large_image","twitter_creator":"@narteks","twitter_site":"@narteks","twitter_misc":{"Yazan:":"Tar\u0131k","Tahmini okuma s\u00fcresi":"3 dakika"},"schema":{"@context":"https:\/\/schema.org","@graph":[{"@type":"Article","@id":"https:\/\/narteks.net\/index.php\/2009\/11\/06\/geyikli-gece\/#article","isPartOf":{"@id":"https:\/\/narteks.net\/index.php\/2009\/11\/06\/geyikli-gece\/"},"author":{"name":"Tar\u0131k","@id":"https:\/\/narteks.net\/#\/schema\/person\/61f37d9834294b72d31d274e7ed79bca"},"headline":"GEY\u0130KL\u0130 GECE","datePublished":"2009-11-06T07:39:09+00:00","mainEntityOfPage":{"@id":"https:\/\/narteks.net\/index.php\/2009\/11\/06\/geyikli-gece\/"},"wordCount":553,"commentCount":0,"publisher":{"@id":"https:\/\/narteks.net\/#organization"},"articleSection":["Turgut UYAR"],"inLanguage":"tr","potentialAction":[{"@type":"CommentAction","name":"Comment","target":["https:\/\/narteks.net\/index.php\/2009\/11\/06\/geyikli-gece\/#respond"]}]},{"@type":"WebPage","@id":"https:\/\/narteks.net\/index.php\/2009\/11\/06\/geyikli-gece\/","url":"https:\/\/narteks.net\/index.php\/2009\/11\/06\/geyikli-gece\/","name":"GEY\u0130KL\u0130 GECE - narteks.net","isPartOf":{"@id":"https:\/\/narteks.net\/#website"},"datePublished":"2009-11-06T07:39:09+00:00","breadcrumb":{"@id":"https:\/\/narteks.net\/index.php\/2009\/11\/06\/geyikli-gece\/#breadcrumb"},"inLanguage":"tr","potentialAction":[{"@type":"ReadAction","target":["https:\/\/narteks.net\/index.php\/2009\/11\/06\/geyikli-gece\/"]}]},{"@type":"BreadcrumbList","@id":"https:\/\/narteks.net\/index.php\/2009\/11\/06\/geyikli-gece\/#breadcrumb","itemListElement":[{"@type":"ListItem","position":1,"name":"Anasayfa","item":"https:\/\/narteks.net\/"},{"@type":"ListItem","position":2,"name":"GEY\u0130KL\u0130 GECE"}]},{"@type":"WebSite","@id":"https:\/\/narteks.net\/#website","url":"https:\/\/narteks.net\/","name":"narteks.net","description":"K\u00fclt\u00fcr Sanat Edebiyat Felsefe","publisher":{"@id":"https:\/\/narteks.net\/#organization"},"alternateName":"K\u00fclt\u00fcr Sanat Edebiyat Felsefe","potentialAction":[{"@type":"SearchAction","target":{"@type":"EntryPoint","urlTemplate":"https:\/\/narteks.net\/?s={search_term_string}"},"query-input":{"@type":"PropertyValueSpecification","valueRequired":true,"valueName":"search_term_string"}}],"inLanguage":"tr"},{"@type":"Organization","@id":"https:\/\/narteks.net\/#organization","name":"narteks.net","url":"https:\/\/narteks.net\/","logo":{"@type":"ImageObject","inLanguage":"tr","@id":"https:\/\/narteks.net\/#\/schema\/logo\/image\/","url":"https:\/\/narteks.net\/wp-content\/uploads\/narteks.png","contentUrl":"https:\/\/narteks.net\/wp-content\/uploads\/narteks.png","width":300,"height":90,"caption":"narteks.net"},"image":{"@id":"https:\/\/narteks.net\/#\/schema\/logo\/image\/"},"sameAs":["https:\/\/x.com\/narteks","https:\/\/instagram.com\/narteksnet"]},{"@type":"Person","@id":"https:\/\/narteks.net\/#\/schema\/person\/61f37d9834294b72d31d274e7ed79bca","name":"Tar\u0131k","image":{"@type":"ImageObject","inLanguage":"tr","@id":"https:\/\/narteks.net\/#\/schema\/person\/image\/","url":"https:\/\/secure.gravatar.com\/avatar\/50865afb55632c4ae467e0af0930f6510aa2297d8014be502a55b14f3b7550cf?s=96&d=mm&r=g","contentUrl":"https:\/\/secure.gravatar.com\/avatar\/50865afb55632c4ae467e0af0930f6510aa2297d8014be502a55b14f3b7550cf?s=96&d=mm&r=g","caption":"Tar\u0131k"},"sameAs":["http:\/\/narteks.net"],"url":"https:\/\/narteks.net\/index.php\/author\/narbak\/"}]}},"_links":{"self":[{"href":"https:\/\/narteks.net\/index.php\/wp-json\/wp\/v2\/posts\/1189","targetHints":{"allow":["GET"]}}],"collection":[{"href":"https:\/\/narteks.net\/index.php\/wp-json\/wp\/v2\/posts"}],"about":[{"href":"https:\/\/narteks.net\/index.php\/wp-json\/wp\/v2\/types\/post"}],"author":[{"embeddable":true,"href":"https:\/\/narteks.net\/index.php\/wp-json\/wp\/v2\/users\/1"}],"replies":[{"embeddable":true,"href":"https:\/\/narteks.net\/index.php\/wp-json\/wp\/v2\/comments?post=1189"}],"version-history":[{"count":0,"href":"https:\/\/narteks.net\/index.php\/wp-json\/wp\/v2\/posts\/1189\/revisions"}],"wp:attachment":[{"href":"https:\/\/narteks.net\/index.php\/wp-json\/wp\/v2\/media?parent=1189"}],"wp:term":[{"taxonomy":"category","embeddable":true,"href":"https:\/\/narteks.net\/index.php\/wp-json\/wp\/v2\/categories?post=1189"},{"taxonomy":"post_tag","embeddable":true,"href":"https:\/\/narteks.net\/index.php\/wp-json\/wp\/v2\/tags?post=1189"}],"curies":[{"name":"wp","href":"https:\/\/api.w.org\/{rel}","templated":true}]}}