{"id":119,"date":"2009-02-27T15:42:57","date_gmt":"2009-02-27T12:42:57","guid":{"rendered":"http:\/\/localhost\/wordpress\/2009\/02\/27\/gidersen-yikilir-bu-kent\/"},"modified":"2009-02-27T15:42:57","modified_gmt":"2009-02-27T12:42:57","slug":"gidersen-yikilir-bu-kent","status":"publish","type":"post","link":"https:\/\/narteks.net\/index.php\/2009\/02\/27\/gidersen-yikilir-bu-kent\/","title":{"rendered":"G\u0130DERSEN YIKILIR BU KENT"},"content":{"rendered":"<p>\u00a0<\/p>\n<p>Gidersen y\u0131k\u0131l\u0131r bu kent, ku\u015flar da gider <br \/>Bir nehir gibi susar\u0131m y\u00fcz\u00fcn\u00fcn deltas\u0131nda <br \/>Yanl\u0131\u015f adresteydik, kimsesizdik belki <br \/>Sar\u0131\u015f\u0131n bir \u015fa\u015fk\u0131nl\u0131k olurdu b\u00fct\u00fcn \u0131\u015f\u0131klar <br \/>Biz mi yaln\u0131zd\u0131k, durmadan ya\u011fmur ya\u011fard\u0131 <br \/>\u00dc\u015f\u00fcr m\u00fcyd\u00fck nar \u00e7i\u00e7ekleri \u00fcrperirken <\/p>\n<p>Gidersen kim sular fesle\u011fenleri <br \/>Ku\u015flar nereye s\u0131\u011f\u0131n\u0131r ak\u015fam olunca <\/p>\n<p>Sessizli\u011fi dinliyorum \u015fimdi ve solu\u011funu <br \/>Sustu\u011fun yerde bir \u015feyler k\u0131r\u0131l\u0131yor <br \/>Bekleyi\u015f diyorum caddelere, dal\u0131p gidiyorsun <br \/>Ad\u0131n\u0131 yaz\u0131yorum b\u00fct\u00fcn otob\u00fcs duraklar\u0131na <br \/>\u00d6p\u00fc\u015ft\u00fc\u011f\u00fcm\u00fcz her yer ad\u0131nla an\u0131l\u0131yor <br \/>Birde seni ekliyorum susu\u015flar\u0131ma <\/p>\n<p>Selams\u0131z sayg\u0131s\u0131z y\u00fcr\u00fcyelim sokaklar\u0131 <br \/>Belki bizimle \u0131\u015f\u0131klan\u0131r b\u00fct\u00fcn varo\u015flar <br \/>Geriye mapushaneler kal\u0131r, pasl\u0131 so\u011fuklar <br \/>Ad\u0131n\u0131 bilmedi\u011fimiz dostlar kal\u0131r yaln\u0131z <br \/>Y\u00fcre\u011fimize al\u0131r\u0131z onlar\u0131, \u0131s\u0131t\u0131r\u0131z <br \/>Gardiyan olamay\u0131z kendi \u00f6mr\u00fcm\u00fcze her ak\u015fam <\/p>\n<p>Gidersen kar ya\u011far avu\u00e7lar\u0131ma <br \/>Bir ceylan sessizli\u011fi olur burada a\u015fklar <\/p>\n<p>Fiyakal\u0131 \u0131\u015f\u0131klar yan\u0131yor reklam panolar\u0131nda <br \/>Durmadan \u00e7o\u011fal\u0131yor faili me\u00e7hul cinayetler <br \/>Ve \u00f6l\u00fc ku\u015flar sat\u0131l\u0131yor b\u00fct\u00fcn \u00e7i\u00e7ek\u00e7ilerde <br \/>Menek\u015feler nergisler yerine ku\u015f \u00f6l\u00fcleri <br \/>Bir su sesi bir fesle\u011fen kokusu \u015fimdi uzak <br \/>Yang\u0131nlar\u0131 an\u0131msat\u0131yor gen\u00e7 \u00f6l\u00fclere art\u0131k <\/p>\n<p>Bulvar kahvelerinde arabesk bir duman <br \/>Sis ve intihar \u00e7\u00f6k\u00fcyor b\u00fct\u00fcn birahanelere <br \/>Bu kentin k\u00fcnyesi bellidir art\u0131k ve susu\u015fun <br \/>\u0130syan olur milyon kere, hi\u00e7 bilmez miyim <br \/>Sokul yan\u0131ma sen, ellerin s\u0131ms\u0131cak kals\u0131n <br \/>Devriyeler bas\u0131yor karart\u0131lm\u0131\u015f evleri yine <\/p>\n<p>Gidersen y\u0131k\u0131l\u0131r bu kent ku\u015flar da \u00f6l\u00fcr <br \/>Bir tufan olurum sustu\u011fun her yerde<\/p>\n<p>AHMET TELL\u0130<\/p>\n","protected":false},"excerpt":{"rendered":"<p>\u00a0 Gidersen y\u0131k\u0131l\u0131r bu kent, ku\u015flar da gider Bir nehir gibi susar\u0131m y\u00fcz\u00fcn\u00fcn deltas\u0131nda Yanl\u0131\u015f adresteydik, kimsesizdik belki Sar\u0131\u015f\u0131n bir \u015fa\u015fk\u0131nl\u0131k olurdu b\u00fct\u00fcn \u0131\u015f\u0131klar Biz mi yaln\u0131zd\u0131k, durmadan ya\u011fmur ya\u011fard\u0131 \u00dc\u015f\u00fcr m\u00fcyd\u00fck nar \u00e7i\u00e7ekleri \u00fcrperirken Gidersen kim sular fesle\u011fenleri Ku\u015flar nereye s\u0131\u011f\u0131n\u0131r ak\u015fam olunca Sessizli\u011fi dinliyorum \u015fimdi ve solu\u011funu Sustu\u011fun yerde bir \u015feyler k\u0131r\u0131l\u0131yor Bekleyi\u015f [&hellip;]<\/p>\n","protected":false},"author":1,"featured_media":0,"comment_status":"open","ping_status":"open","sticky":false,"template":"","format":"standard","meta":{"footnotes":""},"categories":[7],"tags":[],"class_list":{"0":"post-119","1":"post","2":"type-post","3":"status-publish","4":"format-standard","6":"category-ahmet-telli"},"yoast_head":"<!-- This site is optimized with the Yoast SEO Premium plugin v24.9 (Yoast SEO v24.9) - https:\/\/yoast.com\/wordpress\/plugins\/seo\/ -->\n<title>G\u0130DERSEN YIKILIR BU KENT - narteks.net<\/title>\n<meta name=\"robots\" content=\"index, follow, max-snippet:-1, max-image-preview:large, max-video-preview:-1\" \/>\n<link rel=\"canonical\" href=\"https:\/\/narteks.net\/index.php\/2009\/02\/27\/gidersen-yikilir-bu-kent\/\" \/>\n<meta property=\"og:locale\" content=\"tr_TR\" \/>\n<meta property=\"og:type\" content=\"article\" \/>\n<meta property=\"og:title\" content=\"G\u0130DERSEN YIKILIR BU KENT\" \/>\n<meta property=\"og:description\" content=\"\u00a0 Gidersen y\u0131k\u0131l\u0131r bu kent, ku\u015flar da gider Bir nehir gibi susar\u0131m y\u00fcz\u00fcn\u00fcn deltas\u0131nda Yanl\u0131\u015f adresteydik, kimsesizdik belki Sar\u0131\u015f\u0131n bir \u015fa\u015fk\u0131nl\u0131k olurdu b\u00fct\u00fcn \u0131\u015f\u0131klar Biz mi yaln\u0131zd\u0131k, durmadan ya\u011fmur ya\u011fard\u0131 \u00dc\u015f\u00fcr m\u00fcyd\u00fck nar \u00e7i\u00e7ekleri \u00fcrperirken Gidersen kim sular fesle\u011fenleri Ku\u015flar nereye s\u0131\u011f\u0131n\u0131r ak\u015fam olunca Sessizli\u011fi dinliyorum \u015fimdi ve solu\u011funu Sustu\u011fun yerde bir \u015feyler k\u0131r\u0131l\u0131yor Bekleyi\u015f [&hellip;]\" \/>\n<meta property=\"og:url\" content=\"https:\/\/narteks.net\/index.php\/2009\/02\/27\/gidersen-yikilir-bu-kent\/\" \/>\n<meta property=\"og:site_name\" content=\"narteks.net\" \/>\n<meta property=\"article:published_time\" content=\"2009-02-27T12:42:57+00:00\" \/>\n<meta property=\"og:image\" content=\"https:\/\/narteks.net\/wp-content\/uploads\/narteks.png\" \/>\n\t<meta property=\"og:image:width\" content=\"300\" \/>\n\t<meta property=\"og:image:height\" content=\"90\" \/>\n\t<meta property=\"og:image:type\" content=\"image\/png\" \/>\n<meta name=\"author\" content=\"Tar\u0131k\" \/>\n<meta name=\"twitter:card\" content=\"summary_large_image\" \/>\n<meta name=\"twitter:creator\" content=\"@narteks\" \/>\n<meta name=\"twitter:site\" content=\"@narteks\" \/>\n<meta name=\"twitter:label1\" content=\"Yazan:\" \/>\n\t<meta name=\"twitter:data1\" content=\"Tar\u0131k\" \/>\n\t<meta name=\"twitter:label2\" content=\"Tahmini okuma s\u00fcresi\" \/>\n\t<meta name=\"twitter:data2\" content=\"2 dakika\" \/>\n<script type=\"application\/ld+json\" class=\"yoast-schema-graph\">{\"@context\":\"https:\/\/schema.org\",\"@graph\":[{\"@type\":\"Article\",\"@id\":\"https:\/\/narteks.net\/index.php\/2009\/02\/27\/gidersen-yikilir-bu-kent\/#article\",\"isPartOf\":{\"@id\":\"https:\/\/narteks.net\/index.php\/2009\/02\/27\/gidersen-yikilir-bu-kent\/\"},\"author\":{\"name\":\"Tar\u0131k\",\"@id\":\"https:\/\/narteks.net\/#\/schema\/person\/61f37d9834294b72d31d274e7ed79bca\"},\"headline\":\"G\u0130DERSEN YIKILIR BU KENT\",\"datePublished\":\"2009-02-27T12:42:57+00:00\",\"mainEntityOfPage\":{\"@id\":\"https:\/\/narteks.net\/index.php\/2009\/02\/27\/gidersen-yikilir-bu-kent\/\"},\"wordCount\":318,\"commentCount\":0,\"publisher\":{\"@id\":\"https:\/\/narteks.net\/#organization\"},\"articleSection\":[\"Ahmet TELL\u0130\"],\"inLanguage\":\"tr\",\"potentialAction\":[{\"@type\":\"CommentAction\",\"name\":\"Comment\",\"target\":[\"https:\/\/narteks.net\/index.php\/2009\/02\/27\/gidersen-yikilir-bu-kent\/#respond\"]}]},{\"@type\":\"WebPage\",\"@id\":\"https:\/\/narteks.net\/index.php\/2009\/02\/27\/gidersen-yikilir-bu-kent\/\",\"url\":\"https:\/\/narteks.net\/index.php\/2009\/02\/27\/gidersen-yikilir-bu-kent\/\",\"name\":\"G\u0130DERSEN YIKILIR BU KENT - narteks.net\",\"isPartOf\":{\"@id\":\"https:\/\/narteks.net\/#website\"},\"datePublished\":\"2009-02-27T12:42:57+00:00\",\"breadcrumb\":{\"@id\":\"https:\/\/narteks.net\/index.php\/2009\/02\/27\/gidersen-yikilir-bu-kent\/#breadcrumb\"},\"inLanguage\":\"tr\",\"potentialAction\":[{\"@type\":\"ReadAction\",\"target\":[\"https:\/\/narteks.net\/index.php\/2009\/02\/27\/gidersen-yikilir-bu-kent\/\"]}]},{\"@type\":\"BreadcrumbList\",\"@id\":\"https:\/\/narteks.net\/index.php\/2009\/02\/27\/gidersen-yikilir-bu-kent\/#breadcrumb\",\"itemListElement\":[{\"@type\":\"ListItem\",\"position\":1,\"name\":\"Anasayfa\",\"item\":\"https:\/\/narteks.net\/\"},{\"@type\":\"ListItem\",\"position\":2,\"name\":\"G\u0130DERSEN YIKILIR BU KENT\"}]},{\"@type\":\"WebSite\",\"@id\":\"https:\/\/narteks.net\/#website\",\"url\":\"https:\/\/narteks.net\/\",\"name\":\"narteks.net\",\"description\":\"K\u00fclt\u00fcr Sanat Edebiyat Felsefe\",\"publisher\":{\"@id\":\"https:\/\/narteks.net\/#organization\"},\"alternateName\":\"K\u00fclt\u00fcr Sanat Edebiyat Felsefe\",\"potentialAction\":[{\"@type\":\"SearchAction\",\"target\":{\"@type\":\"EntryPoint\",\"urlTemplate\":\"https:\/\/narteks.net\/?s={search_term_string}\"},\"query-input\":{\"@type\":\"PropertyValueSpecification\",\"valueRequired\":true,\"valueName\":\"search_term_string\"}}],\"inLanguage\":\"tr\"},{\"@type\":\"Organization\",\"@id\":\"https:\/\/narteks.net\/#organization\",\"name\":\"narteks.net\",\"url\":\"https:\/\/narteks.net\/\",\"logo\":{\"@type\":\"ImageObject\",\"inLanguage\":\"tr\",\"@id\":\"https:\/\/narteks.net\/#\/schema\/logo\/image\/\",\"url\":\"https:\/\/narteks.net\/wp-content\/uploads\/narteks.png\",\"contentUrl\":\"https:\/\/narteks.net\/wp-content\/uploads\/narteks.png\",\"width\":300,\"height\":90,\"caption\":\"narteks.net\"},\"image\":{\"@id\":\"https:\/\/narteks.net\/#\/schema\/logo\/image\/\"},\"sameAs\":[\"https:\/\/x.com\/narteks\",\"https:\/\/instagram.com\/narteksnet\"]},{\"@type\":\"Person\",\"@id\":\"https:\/\/narteks.net\/#\/schema\/person\/61f37d9834294b72d31d274e7ed79bca\",\"name\":\"Tar\u0131k\",\"image\":{\"@type\":\"ImageObject\",\"inLanguage\":\"tr\",\"@id\":\"https:\/\/narteks.net\/#\/schema\/person\/image\/\",\"url\":\"https:\/\/secure.gravatar.com\/avatar\/50865afb55632c4ae467e0af0930f6510aa2297d8014be502a55b14f3b7550cf?s=96&d=mm&r=g\",\"contentUrl\":\"https:\/\/secure.gravatar.com\/avatar\/50865afb55632c4ae467e0af0930f6510aa2297d8014be502a55b14f3b7550cf?s=96&d=mm&r=g\",\"caption\":\"Tar\u0131k\"},\"sameAs\":[\"http:\/\/narteks.net\"],\"url\":\"https:\/\/narteks.net\/index.php\/author\/narbak\/\"}]}<\/script>\n<!-- \/ Yoast SEO Premium plugin. -->","yoast_head_json":{"title":"G\u0130DERSEN YIKILIR BU KENT - narteks.net","robots":{"index":"index","follow":"follow","max-snippet":"max-snippet:-1","max-image-preview":"max-image-preview:large","max-video-preview":"max-video-preview:-1"},"canonical":"https:\/\/narteks.net\/index.php\/2009\/02\/27\/gidersen-yikilir-bu-kent\/","og_locale":"tr_TR","og_type":"article","og_title":"G\u0130DERSEN YIKILIR BU KENT","og_description":"\u00a0 Gidersen y\u0131k\u0131l\u0131r bu kent, ku\u015flar da gider Bir nehir gibi susar\u0131m y\u00fcz\u00fcn\u00fcn deltas\u0131nda Yanl\u0131\u015f adresteydik, kimsesizdik belki Sar\u0131\u015f\u0131n bir \u015fa\u015fk\u0131nl\u0131k olurdu b\u00fct\u00fcn \u0131\u015f\u0131klar Biz mi yaln\u0131zd\u0131k, durmadan ya\u011fmur ya\u011fard\u0131 \u00dc\u015f\u00fcr m\u00fcyd\u00fck nar \u00e7i\u00e7ekleri \u00fcrperirken Gidersen kim sular fesle\u011fenleri Ku\u015flar nereye s\u0131\u011f\u0131n\u0131r ak\u015fam olunca Sessizli\u011fi dinliyorum \u015fimdi ve solu\u011funu Sustu\u011fun yerde bir \u015feyler k\u0131r\u0131l\u0131yor Bekleyi\u015f [&hellip;]","og_url":"https:\/\/narteks.net\/index.php\/2009\/02\/27\/gidersen-yikilir-bu-kent\/","og_site_name":"narteks.net","article_published_time":"2009-02-27T12:42:57+00:00","og_image":[{"width":300,"height":90,"url":"https:\/\/narteks.net\/wp-content\/uploads\/narteks.png","type":"image\/png"}],"author":"Tar\u0131k","twitter_card":"summary_large_image","twitter_creator":"@narteks","twitter_site":"@narteks","twitter_misc":{"Yazan:":"Tar\u0131k","Tahmini okuma s\u00fcresi":"2 dakika"},"schema":{"@context":"https:\/\/schema.org","@graph":[{"@type":"Article","@id":"https:\/\/narteks.net\/index.php\/2009\/02\/27\/gidersen-yikilir-bu-kent\/#article","isPartOf":{"@id":"https:\/\/narteks.net\/index.php\/2009\/02\/27\/gidersen-yikilir-bu-kent\/"},"author":{"name":"Tar\u0131k","@id":"https:\/\/narteks.net\/#\/schema\/person\/61f37d9834294b72d31d274e7ed79bca"},"headline":"G\u0130DERSEN YIKILIR BU KENT","datePublished":"2009-02-27T12:42:57+00:00","mainEntityOfPage":{"@id":"https:\/\/narteks.net\/index.php\/2009\/02\/27\/gidersen-yikilir-bu-kent\/"},"wordCount":318,"commentCount":0,"publisher":{"@id":"https:\/\/narteks.net\/#organization"},"articleSection":["Ahmet TELL\u0130"],"inLanguage":"tr","potentialAction":[{"@type":"CommentAction","name":"Comment","target":["https:\/\/narteks.net\/index.php\/2009\/02\/27\/gidersen-yikilir-bu-kent\/#respond"]}]},{"@type":"WebPage","@id":"https:\/\/narteks.net\/index.php\/2009\/02\/27\/gidersen-yikilir-bu-kent\/","url":"https:\/\/narteks.net\/index.php\/2009\/02\/27\/gidersen-yikilir-bu-kent\/","name":"G\u0130DERSEN YIKILIR BU KENT - narteks.net","isPartOf":{"@id":"https:\/\/narteks.net\/#website"},"datePublished":"2009-02-27T12:42:57+00:00","breadcrumb":{"@id":"https:\/\/narteks.net\/index.php\/2009\/02\/27\/gidersen-yikilir-bu-kent\/#breadcrumb"},"inLanguage":"tr","potentialAction":[{"@type":"ReadAction","target":["https:\/\/narteks.net\/index.php\/2009\/02\/27\/gidersen-yikilir-bu-kent\/"]}]},{"@type":"BreadcrumbList","@id":"https:\/\/narteks.net\/index.php\/2009\/02\/27\/gidersen-yikilir-bu-kent\/#breadcrumb","itemListElement":[{"@type":"ListItem","position":1,"name":"Anasayfa","item":"https:\/\/narteks.net\/"},{"@type":"ListItem","position":2,"name":"G\u0130DERSEN YIKILIR BU KENT"}]},{"@type":"WebSite","@id":"https:\/\/narteks.net\/#website","url":"https:\/\/narteks.net\/","name":"narteks.net","description":"K\u00fclt\u00fcr Sanat Edebiyat Felsefe","publisher":{"@id":"https:\/\/narteks.net\/#organization"},"alternateName":"K\u00fclt\u00fcr Sanat Edebiyat Felsefe","potentialAction":[{"@type":"SearchAction","target":{"@type":"EntryPoint","urlTemplate":"https:\/\/narteks.net\/?s={search_term_string}"},"query-input":{"@type":"PropertyValueSpecification","valueRequired":true,"valueName":"search_term_string"}}],"inLanguage":"tr"},{"@type":"Organization","@id":"https:\/\/narteks.net\/#organization","name":"narteks.net","url":"https:\/\/narteks.net\/","logo":{"@type":"ImageObject","inLanguage":"tr","@id":"https:\/\/narteks.net\/#\/schema\/logo\/image\/","url":"https:\/\/narteks.net\/wp-content\/uploads\/narteks.png","contentUrl":"https:\/\/narteks.net\/wp-content\/uploads\/narteks.png","width":300,"height":90,"caption":"narteks.net"},"image":{"@id":"https:\/\/narteks.net\/#\/schema\/logo\/image\/"},"sameAs":["https:\/\/x.com\/narteks","https:\/\/instagram.com\/narteksnet"]},{"@type":"Person","@id":"https:\/\/narteks.net\/#\/schema\/person\/61f37d9834294b72d31d274e7ed79bca","name":"Tar\u0131k","image":{"@type":"ImageObject","inLanguage":"tr","@id":"https:\/\/narteks.net\/#\/schema\/person\/image\/","url":"https:\/\/secure.gravatar.com\/avatar\/50865afb55632c4ae467e0af0930f6510aa2297d8014be502a55b14f3b7550cf?s=96&d=mm&r=g","contentUrl":"https:\/\/secure.gravatar.com\/avatar\/50865afb55632c4ae467e0af0930f6510aa2297d8014be502a55b14f3b7550cf?s=96&d=mm&r=g","caption":"Tar\u0131k"},"sameAs":["http:\/\/narteks.net"],"url":"https:\/\/narteks.net\/index.php\/author\/narbak\/"}]}},"_links":{"self":[{"href":"https:\/\/narteks.net\/index.php\/wp-json\/wp\/v2\/posts\/119","targetHints":{"allow":["GET"]}}],"collection":[{"href":"https:\/\/narteks.net\/index.php\/wp-json\/wp\/v2\/posts"}],"about":[{"href":"https:\/\/narteks.net\/index.php\/wp-json\/wp\/v2\/types\/post"}],"author":[{"embeddable":true,"href":"https:\/\/narteks.net\/index.php\/wp-json\/wp\/v2\/users\/1"}],"replies":[{"embeddable":true,"href":"https:\/\/narteks.net\/index.php\/wp-json\/wp\/v2\/comments?post=119"}],"version-history":[{"count":0,"href":"https:\/\/narteks.net\/index.php\/wp-json\/wp\/v2\/posts\/119\/revisions"}],"wp:attachment":[{"href":"https:\/\/narteks.net\/index.php\/wp-json\/wp\/v2\/media?parent=119"}],"wp:term":[{"taxonomy":"category","embeddable":true,"href":"https:\/\/narteks.net\/index.php\/wp-json\/wp\/v2\/categories?post=119"},{"taxonomy":"post_tag","embeddable":true,"href":"https:\/\/narteks.net\/index.php\/wp-json\/wp\/v2\/tags?post=119"}],"curies":[{"name":"wp","href":"https:\/\/api.w.org\/{rel}","templated":true}]}}