{"id":1192,"date":"2009-11-06T10:41:13","date_gmt":"2009-11-06T07:41:13","guid":{"rendered":"http:\/\/localhost\/wordpress\/2009\/11\/06\/ilkin\/"},"modified":"2009-11-06T10:41:13","modified_gmt":"2009-11-06T07:41:13","slug":"ilkin","status":"publish","type":"post","link":"https:\/\/narteks.net\/index.php\/2009\/11\/06\/ilkin\/","title":{"rendered":"\u0130LK\u0130N"},"content":{"rendered":"<p>\u00a0<\/p>\n<p>Bunu kimse s\u00f6ylemedi belki d\u00fc\u015f\u00fcnd\u00fc<br \/> \u00e7\u00fcnk\u00fc vard\u0131r insan\u0131n ya\u015famas\u0131nda<br \/> uyku ve \u00f6fke gibi vard\u0131r<br \/> kimse s\u00f6ylemedi<br \/> tuzunu \u00e7o\u011faltan bir denizde<br \/> nas\u0131l batarsa g\u00fcne\u015f \u00f6yle bende ka\u00e7\u0131rd\u0131m<br \/> ki g\u00f6z\u00fcm b\u00fct\u00fcn g\u00fcn<br \/> boyu lekelerde<br \/> ka\u00e7\u0131rd\u0131m ama \u015f\u00f6yle de s\u00f6ylenebilir<br \/> \u015fiirin b\u00fct\u00fcn ge\u00e7mi\u015finin d\u0131\u015f\u0131nda<br \/> \u00f6nceden a\u00e7\u0131klanan her \u015feyin d\u0131\u015f\u0131nda<br \/> \u00f6rne\u011fin en s\u0131cak \u00fclkelerin yaz\u0131nda<br \/> en so\u011fuklar\u0131n k\u0131\u015f\u0131nda<br \/> yanar\u0131m \u00fc\u015f\u00fcr\u00fcm berbat olurum<br \/> hi\u00e7 bir \u015feye yaramam<br \/> ama yine de seni severim<br \/> o zaman sen de beni sev<br \/> evet.<\/p>\n<p>Turgut UYAR<\/p>\n","protected":false},"excerpt":{"rendered":"<p>\u00a0 Bunu kimse s\u00f6ylemedi belki d\u00fc\u015f\u00fcnd\u00fc \u00e7\u00fcnk\u00fc vard\u0131r insan\u0131n ya\u015famas\u0131nda uyku ve \u00f6fke gibi vard\u0131r kimse s\u00f6ylemedi tuzunu \u00e7o\u011faltan bir denizde nas\u0131l batarsa g\u00fcne\u015f \u00f6yle bende ka\u00e7\u0131rd\u0131m ki g\u00f6z\u00fcm b\u00fct\u00fcn g\u00fcn boyu lekelerde ka\u00e7\u0131rd\u0131m ama \u015f\u00f6yle de s\u00f6ylenebilir \u015fiirin b\u00fct\u00fcn ge\u00e7mi\u015finin d\u0131\u015f\u0131nda \u00f6nceden a\u00e7\u0131klanan her \u015feyin d\u0131\u015f\u0131nda \u00f6rne\u011fin en s\u0131cak \u00fclkelerin yaz\u0131nda en so\u011fuklar\u0131n k\u0131\u015f\u0131nda [&hellip;]<\/p>\n","protected":false},"author":1,"featured_media":0,"comment_status":"open","ping_status":"open","sticky":false,"template":"","format":"standard","meta":{"footnotes":""},"categories":[65],"tags":[],"class_list":{"0":"post-1192","1":"post","2":"type-post","3":"status-publish","4":"format-standard","6":"category-turgut-uyar"},"yoast_head":"<!-- This site is optimized with the Yoast SEO Premium plugin v24.9 (Yoast SEO v24.9) - https:\/\/yoast.com\/wordpress\/plugins\/seo\/ -->\n<title>\u0130LK\u0130N - narteks.net<\/title>\n<meta name=\"robots\" content=\"index, follow, max-snippet:-1, max-image-preview:large, max-video-preview:-1\" \/>\n<link rel=\"canonical\" href=\"https:\/\/narteks.net\/index.php\/2009\/11\/06\/ilkin\/\" \/>\n<meta property=\"og:locale\" content=\"tr_TR\" \/>\n<meta property=\"og:type\" content=\"article\" \/>\n<meta property=\"og:title\" content=\"\u0130LK\u0130N\" \/>\n<meta property=\"og:description\" content=\"\u00a0 Bunu kimse s\u00f6ylemedi belki d\u00fc\u015f\u00fcnd\u00fc \u00e7\u00fcnk\u00fc vard\u0131r insan\u0131n ya\u015famas\u0131nda uyku ve \u00f6fke gibi vard\u0131r kimse s\u00f6ylemedi tuzunu \u00e7o\u011faltan bir denizde nas\u0131l batarsa g\u00fcne\u015f \u00f6yle bende ka\u00e7\u0131rd\u0131m ki g\u00f6z\u00fcm b\u00fct\u00fcn g\u00fcn boyu lekelerde ka\u00e7\u0131rd\u0131m ama \u015f\u00f6yle de s\u00f6ylenebilir \u015fiirin b\u00fct\u00fcn ge\u00e7mi\u015finin d\u0131\u015f\u0131nda \u00f6nceden a\u00e7\u0131klanan her \u015feyin d\u0131\u015f\u0131nda \u00f6rne\u011fin en s\u0131cak \u00fclkelerin yaz\u0131nda en so\u011fuklar\u0131n k\u0131\u015f\u0131nda [&hellip;]\" \/>\n<meta property=\"og:url\" content=\"https:\/\/narteks.net\/index.php\/2009\/11\/06\/ilkin\/\" \/>\n<meta property=\"og:site_name\" content=\"narteks.net\" \/>\n<meta property=\"article:published_time\" content=\"2009-11-06T07:41:13+00:00\" \/>\n<meta property=\"og:image\" content=\"https:\/\/narteks.net\/wp-content\/uploads\/narteks.png\" \/>\n\t<meta property=\"og:image:width\" content=\"300\" \/>\n\t<meta property=\"og:image:height\" content=\"90\" \/>\n\t<meta property=\"og:image:type\" content=\"image\/png\" \/>\n<meta name=\"author\" content=\"Tar\u0131k\" \/>\n<meta name=\"twitter:card\" content=\"summary_large_image\" \/>\n<meta name=\"twitter:creator\" content=\"@narteks\" \/>\n<meta name=\"twitter:site\" content=\"@narteks\" \/>\n<meta name=\"twitter:label1\" content=\"Yazan:\" \/>\n\t<meta name=\"twitter:data1\" content=\"Tar\u0131k\" \/>\n\t<meta name=\"twitter:label2\" content=\"Tahmini okuma s\u00fcresi\" \/>\n\t<meta name=\"twitter:data2\" content=\"1 dakika\" \/>\n<script type=\"application\/ld+json\" class=\"yoast-schema-graph\">{\"@context\":\"https:\/\/schema.org\",\"@graph\":[{\"@type\":\"Article\",\"@id\":\"https:\/\/narteks.net\/index.php\/2009\/11\/06\/ilkin\/#article\",\"isPartOf\":{\"@id\":\"https:\/\/narteks.net\/index.php\/2009\/11\/06\/ilkin\/\"},\"author\":{\"name\":\"Tar\u0131k\",\"@id\":\"https:\/\/narteks.net\/#\/schema\/person\/61f37d9834294b72d31d274e7ed79bca\"},\"headline\":\"\u0130LK\u0130N\",\"datePublished\":\"2009-11-06T07:41:13+00:00\",\"mainEntityOfPage\":{\"@id\":\"https:\/\/narteks.net\/index.php\/2009\/11\/06\/ilkin\/\"},\"wordCount\":114,\"commentCount\":0,\"publisher\":{\"@id\":\"https:\/\/narteks.net\/#organization\"},\"articleSection\":[\"Turgut UYAR\"],\"inLanguage\":\"tr\",\"potentialAction\":[{\"@type\":\"CommentAction\",\"name\":\"Comment\",\"target\":[\"https:\/\/narteks.net\/index.php\/2009\/11\/06\/ilkin\/#respond\"]}]},{\"@type\":\"WebPage\",\"@id\":\"https:\/\/narteks.net\/index.php\/2009\/11\/06\/ilkin\/\",\"url\":\"https:\/\/narteks.net\/index.php\/2009\/11\/06\/ilkin\/\",\"name\":\"\u0130LK\u0130N - narteks.net\",\"isPartOf\":{\"@id\":\"https:\/\/narteks.net\/#website\"},\"datePublished\":\"2009-11-06T07:41:13+00:00\",\"breadcrumb\":{\"@id\":\"https:\/\/narteks.net\/index.php\/2009\/11\/06\/ilkin\/#breadcrumb\"},\"inLanguage\":\"tr\",\"potentialAction\":[{\"@type\":\"ReadAction\",\"target\":[\"https:\/\/narteks.net\/index.php\/2009\/11\/06\/ilkin\/\"]}]},{\"@type\":\"BreadcrumbList\",\"@id\":\"https:\/\/narteks.net\/index.php\/2009\/11\/06\/ilkin\/#breadcrumb\",\"itemListElement\":[{\"@type\":\"ListItem\",\"position\":1,\"name\":\"Anasayfa\",\"item\":\"https:\/\/narteks.net\/\"},{\"@type\":\"ListItem\",\"position\":2,\"name\":\"\u0130LK\u0130N\"}]},{\"@type\":\"WebSite\",\"@id\":\"https:\/\/narteks.net\/#website\",\"url\":\"https:\/\/narteks.net\/\",\"name\":\"narteks.net\",\"description\":\"K\u00fclt\u00fcr Sanat Edebiyat Felsefe\",\"publisher\":{\"@id\":\"https:\/\/narteks.net\/#organization\"},\"alternateName\":\"K\u00fclt\u00fcr Sanat Edebiyat Felsefe\",\"potentialAction\":[{\"@type\":\"SearchAction\",\"target\":{\"@type\":\"EntryPoint\",\"urlTemplate\":\"https:\/\/narteks.net\/?s={search_term_string}\"},\"query-input\":{\"@type\":\"PropertyValueSpecification\",\"valueRequired\":true,\"valueName\":\"search_term_string\"}}],\"inLanguage\":\"tr\"},{\"@type\":\"Organization\",\"@id\":\"https:\/\/narteks.net\/#organization\",\"name\":\"narteks.net\",\"url\":\"https:\/\/narteks.net\/\",\"logo\":{\"@type\":\"ImageObject\",\"inLanguage\":\"tr\",\"@id\":\"https:\/\/narteks.net\/#\/schema\/logo\/image\/\",\"url\":\"https:\/\/narteks.net\/wp-content\/uploads\/narteks.png\",\"contentUrl\":\"https:\/\/narteks.net\/wp-content\/uploads\/narteks.png\",\"width\":300,\"height\":90,\"caption\":\"narteks.net\"},\"image\":{\"@id\":\"https:\/\/narteks.net\/#\/schema\/logo\/image\/\"},\"sameAs\":[\"https:\/\/x.com\/narteks\",\"https:\/\/instagram.com\/narteksnet\"]},{\"@type\":\"Person\",\"@id\":\"https:\/\/narteks.net\/#\/schema\/person\/61f37d9834294b72d31d274e7ed79bca\",\"name\":\"Tar\u0131k\",\"image\":{\"@type\":\"ImageObject\",\"inLanguage\":\"tr\",\"@id\":\"https:\/\/narteks.net\/#\/schema\/person\/image\/\",\"url\":\"https:\/\/secure.gravatar.com\/avatar\/50865afb55632c4ae467e0af0930f6510aa2297d8014be502a55b14f3b7550cf?s=96&d=mm&r=g\",\"contentUrl\":\"https:\/\/secure.gravatar.com\/avatar\/50865afb55632c4ae467e0af0930f6510aa2297d8014be502a55b14f3b7550cf?s=96&d=mm&r=g\",\"caption\":\"Tar\u0131k\"},\"sameAs\":[\"http:\/\/narteks.net\"],\"url\":\"https:\/\/narteks.net\/index.php\/author\/narbak\/\"}]}<\/script>\n<!-- \/ Yoast SEO Premium plugin. -->","yoast_head_json":{"title":"\u0130LK\u0130N - narteks.net","robots":{"index":"index","follow":"follow","max-snippet":"max-snippet:-1","max-image-preview":"max-image-preview:large","max-video-preview":"max-video-preview:-1"},"canonical":"https:\/\/narteks.net\/index.php\/2009\/11\/06\/ilkin\/","og_locale":"tr_TR","og_type":"article","og_title":"\u0130LK\u0130N","og_description":"\u00a0 Bunu kimse s\u00f6ylemedi belki d\u00fc\u015f\u00fcnd\u00fc \u00e7\u00fcnk\u00fc vard\u0131r insan\u0131n ya\u015famas\u0131nda uyku ve \u00f6fke gibi vard\u0131r kimse s\u00f6ylemedi tuzunu \u00e7o\u011faltan bir denizde nas\u0131l batarsa g\u00fcne\u015f \u00f6yle bende ka\u00e7\u0131rd\u0131m ki g\u00f6z\u00fcm b\u00fct\u00fcn g\u00fcn boyu lekelerde ka\u00e7\u0131rd\u0131m ama \u015f\u00f6yle de s\u00f6ylenebilir \u015fiirin b\u00fct\u00fcn ge\u00e7mi\u015finin d\u0131\u015f\u0131nda \u00f6nceden a\u00e7\u0131klanan her \u015feyin d\u0131\u015f\u0131nda \u00f6rne\u011fin en s\u0131cak \u00fclkelerin yaz\u0131nda en so\u011fuklar\u0131n k\u0131\u015f\u0131nda [&hellip;]","og_url":"https:\/\/narteks.net\/index.php\/2009\/11\/06\/ilkin\/","og_site_name":"narteks.net","article_published_time":"2009-11-06T07:41:13+00:00","og_image":[{"width":300,"height":90,"url":"https:\/\/narteks.net\/wp-content\/uploads\/narteks.png","type":"image\/png"}],"author":"Tar\u0131k","twitter_card":"summary_large_image","twitter_creator":"@narteks","twitter_site":"@narteks","twitter_misc":{"Yazan:":"Tar\u0131k","Tahmini okuma s\u00fcresi":"1 dakika"},"schema":{"@context":"https:\/\/schema.org","@graph":[{"@type":"Article","@id":"https:\/\/narteks.net\/index.php\/2009\/11\/06\/ilkin\/#article","isPartOf":{"@id":"https:\/\/narteks.net\/index.php\/2009\/11\/06\/ilkin\/"},"author":{"name":"Tar\u0131k","@id":"https:\/\/narteks.net\/#\/schema\/person\/61f37d9834294b72d31d274e7ed79bca"},"headline":"\u0130LK\u0130N","datePublished":"2009-11-06T07:41:13+00:00","mainEntityOfPage":{"@id":"https:\/\/narteks.net\/index.php\/2009\/11\/06\/ilkin\/"},"wordCount":114,"commentCount":0,"publisher":{"@id":"https:\/\/narteks.net\/#organization"},"articleSection":["Turgut UYAR"],"inLanguage":"tr","potentialAction":[{"@type":"CommentAction","name":"Comment","target":["https:\/\/narteks.net\/index.php\/2009\/11\/06\/ilkin\/#respond"]}]},{"@type":"WebPage","@id":"https:\/\/narteks.net\/index.php\/2009\/11\/06\/ilkin\/","url":"https:\/\/narteks.net\/index.php\/2009\/11\/06\/ilkin\/","name":"\u0130LK\u0130N - narteks.net","isPartOf":{"@id":"https:\/\/narteks.net\/#website"},"datePublished":"2009-11-06T07:41:13+00:00","breadcrumb":{"@id":"https:\/\/narteks.net\/index.php\/2009\/11\/06\/ilkin\/#breadcrumb"},"inLanguage":"tr","potentialAction":[{"@type":"ReadAction","target":["https:\/\/narteks.net\/index.php\/2009\/11\/06\/ilkin\/"]}]},{"@type":"BreadcrumbList","@id":"https:\/\/narteks.net\/index.php\/2009\/11\/06\/ilkin\/#breadcrumb","itemListElement":[{"@type":"ListItem","position":1,"name":"Anasayfa","item":"https:\/\/narteks.net\/"},{"@type":"ListItem","position":2,"name":"\u0130LK\u0130N"}]},{"@type":"WebSite","@id":"https:\/\/narteks.net\/#website","url":"https:\/\/narteks.net\/","name":"narteks.net","description":"K\u00fclt\u00fcr Sanat Edebiyat Felsefe","publisher":{"@id":"https:\/\/narteks.net\/#organization"},"alternateName":"K\u00fclt\u00fcr Sanat Edebiyat Felsefe","potentialAction":[{"@type":"SearchAction","target":{"@type":"EntryPoint","urlTemplate":"https:\/\/narteks.net\/?s={search_term_string}"},"query-input":{"@type":"PropertyValueSpecification","valueRequired":true,"valueName":"search_term_string"}}],"inLanguage":"tr"},{"@type":"Organization","@id":"https:\/\/narteks.net\/#organization","name":"narteks.net","url":"https:\/\/narteks.net\/","logo":{"@type":"ImageObject","inLanguage":"tr","@id":"https:\/\/narteks.net\/#\/schema\/logo\/image\/","url":"https:\/\/narteks.net\/wp-content\/uploads\/narteks.png","contentUrl":"https:\/\/narteks.net\/wp-content\/uploads\/narteks.png","width":300,"height":90,"caption":"narteks.net"},"image":{"@id":"https:\/\/narteks.net\/#\/schema\/logo\/image\/"},"sameAs":["https:\/\/x.com\/narteks","https:\/\/instagram.com\/narteksnet"]},{"@type":"Person","@id":"https:\/\/narteks.net\/#\/schema\/person\/61f37d9834294b72d31d274e7ed79bca","name":"Tar\u0131k","image":{"@type":"ImageObject","inLanguage":"tr","@id":"https:\/\/narteks.net\/#\/schema\/person\/image\/","url":"https:\/\/secure.gravatar.com\/avatar\/50865afb55632c4ae467e0af0930f6510aa2297d8014be502a55b14f3b7550cf?s=96&d=mm&r=g","contentUrl":"https:\/\/secure.gravatar.com\/avatar\/50865afb55632c4ae467e0af0930f6510aa2297d8014be502a55b14f3b7550cf?s=96&d=mm&r=g","caption":"Tar\u0131k"},"sameAs":["http:\/\/narteks.net"],"url":"https:\/\/narteks.net\/index.php\/author\/narbak\/"}]}},"_links":{"self":[{"href":"https:\/\/narteks.net\/index.php\/wp-json\/wp\/v2\/posts\/1192","targetHints":{"allow":["GET"]}}],"collection":[{"href":"https:\/\/narteks.net\/index.php\/wp-json\/wp\/v2\/posts"}],"about":[{"href":"https:\/\/narteks.net\/index.php\/wp-json\/wp\/v2\/types\/post"}],"author":[{"embeddable":true,"href":"https:\/\/narteks.net\/index.php\/wp-json\/wp\/v2\/users\/1"}],"replies":[{"embeddable":true,"href":"https:\/\/narteks.net\/index.php\/wp-json\/wp\/v2\/comments?post=1192"}],"version-history":[{"count":0,"href":"https:\/\/narteks.net\/index.php\/wp-json\/wp\/v2\/posts\/1192\/revisions"}],"wp:attachment":[{"href":"https:\/\/narteks.net\/index.php\/wp-json\/wp\/v2\/media?parent=1192"}],"wp:term":[{"taxonomy":"category","embeddable":true,"href":"https:\/\/narteks.net\/index.php\/wp-json\/wp\/v2\/categories?post=1192"},{"taxonomy":"post_tag","embeddable":true,"href":"https:\/\/narteks.net\/index.php\/wp-json\/wp\/v2\/tags?post=1192"}],"curies":[{"name":"wp","href":"https:\/\/api.w.org\/{rel}","templated":true}]}}