{"id":12,"date":"2009-02-27T13:03:25","date_gmt":"2009-02-27T10:03:25","guid":{"rendered":""},"modified":"2009-02-27T13:03:25","modified_gmt":"2009-02-27T10:03:25","slug":"kirdin-kalbimi-cankorugum","status":"publish","type":"post","link":"https:\/\/narteks.net\/index.php\/2009\/02\/27\/kirdin-kalbimi-cankorugum\/","title":{"rendered":"KIRDIN KALBIMI CANK\u00d6R\u00dcG\u00dcM"},"content":{"rendered":"<p>\u00a0<\/p>\n<p><span>Ne zaman ya\u011fmur ya\u011fsa<br \/> Bir bulu\u015fma yeri olurdun<br \/> \u0130stanbul&#8217;da r\u00fczg\u00e2r soluklara<br \/> Mavisi yasaklanm\u0131\u015f deniz<br \/> K\u0131z\u0131l tufan\u0131 yaratmadan daha<br \/> Ne zaman ya\u011fmur ya\u011fsa<br \/> Tarihin \u015fiir tan\u0131\u011f\u0131 olurdun<br \/> Ya\u011fmurdan sonra<br \/> Toprak kokusu bak\u0131\u015fl\u0131lara<\/p>\n<p> Tam otuz y\u0131l nas\u0131l k\u0131yd\u0131m sana<br \/> Bin zehirli duman aras\u0131nda<br \/> Isl\u0131\u011f\u0131nla besteledim hep<br \/> En pembe \u00e7ocuk d\u00fc\u015flerini<br \/> Pan&#8217;\u0131n fl\u00fct\u00fcnden mi kalma<br \/> Babam&#8217;\u0131n dilsiz kaval\u0131ndan m\u0131<br \/> Hep r\u00fczg\u00e2rla bir tuttum seni<br \/> Hani yolu yak\u0131n<br \/> A\u015fk\u0131 sonsuz k\u0131lan r\u00fczg\u00e2rla bir<\/p>\n<p> Ey can i\u00e7re cank\u00f6r\u00fc\u011f\u00fcm<br \/> Hangi kentin temiz havas\u0131<br \/> Yetmez oldu ki solu\u011funa<br \/> \u00c7\u0131kard\u0131n kendini \u00f6l\u00fcm doru\u011funa<br \/> \u00d6lmek kolay de\u011fil cank\u00f6r\u00fc\u011f\u00fcm<br \/> Kalbimde sevin\u00e7 g\u00f6zesi p\u0131narlar<br \/> Kalbimde ya\u015famak a\u015fk\u0131 \u00e7\u0131narlar<br \/> Ve bir nice co\u015fkular co\u015fkular<br \/> Sende onlar gibi ya\u015fayacaks\u0131n<br \/> Ak\u0131p \u0131rmaklara kar\u0131\u015facaks\u0131n<br \/> S\u0131r\u0131ls\u0131klam b\u00fct\u00fcn sevi\u015fmeleri<br \/> Yine solu\u011funla kurutacaks\u0131n <\/span><\/p>\n<p>ADNAN Y\u00dcCEL<\/p>\n","protected":false},"excerpt":{"rendered":"<p>\u00a0 Ne zaman ya\u011fmur ya\u011fsa Bir bulu\u015fma yeri olurdun \u0130stanbul&#8217;da r\u00fczg\u00e2r soluklara Mavisi yasaklanm\u0131\u015f deniz K\u0131z\u0131l tufan\u0131 yaratmadan daha Ne zaman ya\u011fmur ya\u011fsa Tarihin \u015fiir tan\u0131\u011f\u0131 olurdun Ya\u011fmurdan sonra Toprak kokusu bak\u0131\u015fl\u0131lara Tam otuz y\u0131l nas\u0131l k\u0131yd\u0131m sana Bin zehirli duman aras\u0131nda Isl\u0131\u011f\u0131nla besteledim hep En pembe \u00e7ocuk d\u00fc\u015flerini Pan&#8217;\u0131n fl\u00fct\u00fcnden mi kalma Babam&#8217;\u0131n dilsiz [&hellip;]<\/p>\n","protected":false},"author":1,"featured_media":0,"comment_status":"open","ping_status":"open","sticky":false,"template":"","format":"standard","meta":{"footnotes":""},"categories":[3],"tags":[],"class_list":{"0":"post-12","1":"post","2":"type-post","3":"status-publish","4":"format-standard","6":"category-adnan-yucel"},"yoast_head":"<!-- This site is optimized with the Yoast SEO Premium plugin v24.9 (Yoast SEO v24.9) - https:\/\/yoast.com\/wordpress\/plugins\/seo\/ -->\n<title>KIRDIN KALBIMI CANK\u00d6R\u00dcG\u00dcM - narteks.net<\/title>\n<meta name=\"robots\" content=\"index, follow, max-snippet:-1, max-image-preview:large, max-video-preview:-1\" \/>\n<link rel=\"canonical\" href=\"https:\/\/narteks.net\/index.php\/2009\/02\/27\/kirdin-kalbimi-cankorugum\/\" \/>\n<meta property=\"og:locale\" content=\"tr_TR\" \/>\n<meta property=\"og:type\" content=\"article\" \/>\n<meta property=\"og:title\" content=\"KIRDIN KALBIMI CANK\u00d6R\u00dcG\u00dcM\" \/>\n<meta property=\"og:description\" content=\"\u00a0 Ne zaman ya\u011fmur ya\u011fsa Bir bulu\u015fma yeri olurdun \u0130stanbul&#8217;da r\u00fczg\u00e2r soluklara Mavisi yasaklanm\u0131\u015f deniz K\u0131z\u0131l tufan\u0131 yaratmadan daha Ne zaman ya\u011fmur ya\u011fsa Tarihin \u015fiir tan\u0131\u011f\u0131 olurdun Ya\u011fmurdan sonra Toprak kokusu bak\u0131\u015fl\u0131lara Tam otuz y\u0131l nas\u0131l k\u0131yd\u0131m sana Bin zehirli duman aras\u0131nda Isl\u0131\u011f\u0131nla besteledim hep En pembe \u00e7ocuk d\u00fc\u015flerini Pan&#8217;\u0131n fl\u00fct\u00fcnden mi kalma Babam&#8217;\u0131n dilsiz [&hellip;]\" \/>\n<meta property=\"og:url\" content=\"https:\/\/narteks.net\/index.php\/2009\/02\/27\/kirdin-kalbimi-cankorugum\/\" \/>\n<meta property=\"og:site_name\" content=\"narteks.net\" \/>\n<meta property=\"article:published_time\" content=\"2009-02-27T10:03:25+00:00\" \/>\n<meta property=\"og:image\" content=\"https:\/\/narteks.net\/wp-content\/uploads\/narteks.png\" \/>\n\t<meta property=\"og:image:width\" content=\"300\" \/>\n\t<meta property=\"og:image:height\" content=\"90\" \/>\n\t<meta property=\"og:image:type\" content=\"image\/png\" \/>\n<meta name=\"author\" content=\"Tar\u0131k\" \/>\n<meta name=\"twitter:card\" content=\"summary_large_image\" \/>\n<meta name=\"twitter:creator\" content=\"@narteks\" \/>\n<meta name=\"twitter:site\" content=\"@narteks\" \/>\n<meta name=\"twitter:label1\" content=\"Yazan:\" \/>\n\t<meta name=\"twitter:data1\" content=\"Tar\u0131k\" \/>\n\t<meta name=\"twitter:label2\" content=\"Tahmini okuma s\u00fcresi\" \/>\n\t<meta name=\"twitter:data2\" content=\"1 dakika\" \/>\n<script type=\"application\/ld+json\" class=\"yoast-schema-graph\">{\"@context\":\"https:\/\/schema.org\",\"@graph\":[{\"@type\":\"Article\",\"@id\":\"https:\/\/narteks.net\/index.php\/2009\/02\/27\/kirdin-kalbimi-cankorugum\/#article\",\"isPartOf\":{\"@id\":\"https:\/\/narteks.net\/index.php\/2009\/02\/27\/kirdin-kalbimi-cankorugum\/\"},\"author\":{\"name\":\"Tar\u0131k\",\"@id\":\"https:\/\/narteks.net\/#\/schema\/person\/61f37d9834294b72d31d274e7ed79bca\"},\"headline\":\"KIRDIN KALBIMI CANK\u00d6R\u00dcG\u00dcM\",\"datePublished\":\"2009-02-27T10:03:25+00:00\",\"mainEntityOfPage\":{\"@id\":\"https:\/\/narteks.net\/index.php\/2009\/02\/27\/kirdin-kalbimi-cankorugum\/\"},\"wordCount\":184,\"commentCount\":0,\"publisher\":{\"@id\":\"https:\/\/narteks.net\/#organization\"},\"articleSection\":[\"Adnan Y\u00dcCEL\"],\"inLanguage\":\"tr\",\"potentialAction\":[{\"@type\":\"CommentAction\",\"name\":\"Comment\",\"target\":[\"https:\/\/narteks.net\/index.php\/2009\/02\/27\/kirdin-kalbimi-cankorugum\/#respond\"]}]},{\"@type\":\"WebPage\",\"@id\":\"https:\/\/narteks.net\/index.php\/2009\/02\/27\/kirdin-kalbimi-cankorugum\/\",\"url\":\"https:\/\/narteks.net\/index.php\/2009\/02\/27\/kirdin-kalbimi-cankorugum\/\",\"name\":\"KIRDIN KALBIMI CANK\u00d6R\u00dcG\u00dcM - narteks.net\",\"isPartOf\":{\"@id\":\"https:\/\/narteks.net\/#website\"},\"datePublished\":\"2009-02-27T10:03:25+00:00\",\"breadcrumb\":{\"@id\":\"https:\/\/narteks.net\/index.php\/2009\/02\/27\/kirdin-kalbimi-cankorugum\/#breadcrumb\"},\"inLanguage\":\"tr\",\"potentialAction\":[{\"@type\":\"ReadAction\",\"target\":[\"https:\/\/narteks.net\/index.php\/2009\/02\/27\/kirdin-kalbimi-cankorugum\/\"]}]},{\"@type\":\"BreadcrumbList\",\"@id\":\"https:\/\/narteks.net\/index.php\/2009\/02\/27\/kirdin-kalbimi-cankorugum\/#breadcrumb\",\"itemListElement\":[{\"@type\":\"ListItem\",\"position\":1,\"name\":\"Anasayfa\",\"item\":\"https:\/\/narteks.net\/\"},{\"@type\":\"ListItem\",\"position\":2,\"name\":\"KIRDIN KALBIMI CANK\u00d6R\u00dcG\u00dcM\"}]},{\"@type\":\"WebSite\",\"@id\":\"https:\/\/narteks.net\/#website\",\"url\":\"https:\/\/narteks.net\/\",\"name\":\"narteks.net\",\"description\":\"K\u00fclt\u00fcr Sanat Edebiyat Felsefe\",\"publisher\":{\"@id\":\"https:\/\/narteks.net\/#organization\"},\"alternateName\":\"K\u00fclt\u00fcr Sanat Edebiyat Felsefe\",\"potentialAction\":[{\"@type\":\"SearchAction\",\"target\":{\"@type\":\"EntryPoint\",\"urlTemplate\":\"https:\/\/narteks.net\/?s={search_term_string}\"},\"query-input\":{\"@type\":\"PropertyValueSpecification\",\"valueRequired\":true,\"valueName\":\"search_term_string\"}}],\"inLanguage\":\"tr\"},{\"@type\":\"Organization\",\"@id\":\"https:\/\/narteks.net\/#organization\",\"name\":\"narteks.net\",\"url\":\"https:\/\/narteks.net\/\",\"logo\":{\"@type\":\"ImageObject\",\"inLanguage\":\"tr\",\"@id\":\"https:\/\/narteks.net\/#\/schema\/logo\/image\/\",\"url\":\"https:\/\/narteks.net\/wp-content\/uploads\/narteks.png\",\"contentUrl\":\"https:\/\/narteks.net\/wp-content\/uploads\/narteks.png\",\"width\":300,\"height\":90,\"caption\":\"narteks.net\"},\"image\":{\"@id\":\"https:\/\/narteks.net\/#\/schema\/logo\/image\/\"},\"sameAs\":[\"https:\/\/x.com\/narteks\",\"https:\/\/instagram.com\/narteksnet\"]},{\"@type\":\"Person\",\"@id\":\"https:\/\/narteks.net\/#\/schema\/person\/61f37d9834294b72d31d274e7ed79bca\",\"name\":\"Tar\u0131k\",\"image\":{\"@type\":\"ImageObject\",\"inLanguage\":\"tr\",\"@id\":\"https:\/\/narteks.net\/#\/schema\/person\/image\/\",\"url\":\"https:\/\/secure.gravatar.com\/avatar\/50865afb55632c4ae467e0af0930f6510aa2297d8014be502a55b14f3b7550cf?s=96&d=mm&r=g\",\"contentUrl\":\"https:\/\/secure.gravatar.com\/avatar\/50865afb55632c4ae467e0af0930f6510aa2297d8014be502a55b14f3b7550cf?s=96&d=mm&r=g\",\"caption\":\"Tar\u0131k\"},\"sameAs\":[\"http:\/\/narteks.net\"],\"url\":\"https:\/\/narteks.net\/index.php\/author\/narbak\/\"}]}<\/script>\n<!-- \/ Yoast SEO Premium plugin. -->","yoast_head_json":{"title":"KIRDIN KALBIMI CANK\u00d6R\u00dcG\u00dcM - narteks.net","robots":{"index":"index","follow":"follow","max-snippet":"max-snippet:-1","max-image-preview":"max-image-preview:large","max-video-preview":"max-video-preview:-1"},"canonical":"https:\/\/narteks.net\/index.php\/2009\/02\/27\/kirdin-kalbimi-cankorugum\/","og_locale":"tr_TR","og_type":"article","og_title":"KIRDIN KALBIMI CANK\u00d6R\u00dcG\u00dcM","og_description":"\u00a0 Ne zaman ya\u011fmur ya\u011fsa Bir bulu\u015fma yeri olurdun \u0130stanbul&#8217;da r\u00fczg\u00e2r soluklara Mavisi yasaklanm\u0131\u015f deniz K\u0131z\u0131l tufan\u0131 yaratmadan daha Ne zaman ya\u011fmur ya\u011fsa Tarihin \u015fiir tan\u0131\u011f\u0131 olurdun Ya\u011fmurdan sonra Toprak kokusu bak\u0131\u015fl\u0131lara Tam otuz y\u0131l nas\u0131l k\u0131yd\u0131m sana Bin zehirli duman aras\u0131nda Isl\u0131\u011f\u0131nla besteledim hep En pembe \u00e7ocuk d\u00fc\u015flerini Pan&#8217;\u0131n fl\u00fct\u00fcnden mi kalma Babam&#8217;\u0131n dilsiz [&hellip;]","og_url":"https:\/\/narteks.net\/index.php\/2009\/02\/27\/kirdin-kalbimi-cankorugum\/","og_site_name":"narteks.net","article_published_time":"2009-02-27T10:03:25+00:00","og_image":[{"width":300,"height":90,"url":"https:\/\/narteks.net\/wp-content\/uploads\/narteks.png","type":"image\/png"}],"author":"Tar\u0131k","twitter_card":"summary_large_image","twitter_creator":"@narteks","twitter_site":"@narteks","twitter_misc":{"Yazan:":"Tar\u0131k","Tahmini okuma s\u00fcresi":"1 dakika"},"schema":{"@context":"https:\/\/schema.org","@graph":[{"@type":"Article","@id":"https:\/\/narteks.net\/index.php\/2009\/02\/27\/kirdin-kalbimi-cankorugum\/#article","isPartOf":{"@id":"https:\/\/narteks.net\/index.php\/2009\/02\/27\/kirdin-kalbimi-cankorugum\/"},"author":{"name":"Tar\u0131k","@id":"https:\/\/narteks.net\/#\/schema\/person\/61f37d9834294b72d31d274e7ed79bca"},"headline":"KIRDIN KALBIMI CANK\u00d6R\u00dcG\u00dcM","datePublished":"2009-02-27T10:03:25+00:00","mainEntityOfPage":{"@id":"https:\/\/narteks.net\/index.php\/2009\/02\/27\/kirdin-kalbimi-cankorugum\/"},"wordCount":184,"commentCount":0,"publisher":{"@id":"https:\/\/narteks.net\/#organization"},"articleSection":["Adnan Y\u00dcCEL"],"inLanguage":"tr","potentialAction":[{"@type":"CommentAction","name":"Comment","target":["https:\/\/narteks.net\/index.php\/2009\/02\/27\/kirdin-kalbimi-cankorugum\/#respond"]}]},{"@type":"WebPage","@id":"https:\/\/narteks.net\/index.php\/2009\/02\/27\/kirdin-kalbimi-cankorugum\/","url":"https:\/\/narteks.net\/index.php\/2009\/02\/27\/kirdin-kalbimi-cankorugum\/","name":"KIRDIN KALBIMI CANK\u00d6R\u00dcG\u00dcM - narteks.net","isPartOf":{"@id":"https:\/\/narteks.net\/#website"},"datePublished":"2009-02-27T10:03:25+00:00","breadcrumb":{"@id":"https:\/\/narteks.net\/index.php\/2009\/02\/27\/kirdin-kalbimi-cankorugum\/#breadcrumb"},"inLanguage":"tr","potentialAction":[{"@type":"ReadAction","target":["https:\/\/narteks.net\/index.php\/2009\/02\/27\/kirdin-kalbimi-cankorugum\/"]}]},{"@type":"BreadcrumbList","@id":"https:\/\/narteks.net\/index.php\/2009\/02\/27\/kirdin-kalbimi-cankorugum\/#breadcrumb","itemListElement":[{"@type":"ListItem","position":1,"name":"Anasayfa","item":"https:\/\/narteks.net\/"},{"@type":"ListItem","position":2,"name":"KIRDIN KALBIMI CANK\u00d6R\u00dcG\u00dcM"}]},{"@type":"WebSite","@id":"https:\/\/narteks.net\/#website","url":"https:\/\/narteks.net\/","name":"narteks.net","description":"K\u00fclt\u00fcr Sanat Edebiyat Felsefe","publisher":{"@id":"https:\/\/narteks.net\/#organization"},"alternateName":"K\u00fclt\u00fcr Sanat Edebiyat Felsefe","potentialAction":[{"@type":"SearchAction","target":{"@type":"EntryPoint","urlTemplate":"https:\/\/narteks.net\/?s={search_term_string}"},"query-input":{"@type":"PropertyValueSpecification","valueRequired":true,"valueName":"search_term_string"}}],"inLanguage":"tr"},{"@type":"Organization","@id":"https:\/\/narteks.net\/#organization","name":"narteks.net","url":"https:\/\/narteks.net\/","logo":{"@type":"ImageObject","inLanguage":"tr","@id":"https:\/\/narteks.net\/#\/schema\/logo\/image\/","url":"https:\/\/narteks.net\/wp-content\/uploads\/narteks.png","contentUrl":"https:\/\/narteks.net\/wp-content\/uploads\/narteks.png","width":300,"height":90,"caption":"narteks.net"},"image":{"@id":"https:\/\/narteks.net\/#\/schema\/logo\/image\/"},"sameAs":["https:\/\/x.com\/narteks","https:\/\/instagram.com\/narteksnet"]},{"@type":"Person","@id":"https:\/\/narteks.net\/#\/schema\/person\/61f37d9834294b72d31d274e7ed79bca","name":"Tar\u0131k","image":{"@type":"ImageObject","inLanguage":"tr","@id":"https:\/\/narteks.net\/#\/schema\/person\/image\/","url":"https:\/\/secure.gravatar.com\/avatar\/50865afb55632c4ae467e0af0930f6510aa2297d8014be502a55b14f3b7550cf?s=96&d=mm&r=g","contentUrl":"https:\/\/secure.gravatar.com\/avatar\/50865afb55632c4ae467e0af0930f6510aa2297d8014be502a55b14f3b7550cf?s=96&d=mm&r=g","caption":"Tar\u0131k"},"sameAs":["http:\/\/narteks.net"],"url":"https:\/\/narteks.net\/index.php\/author\/narbak\/"}]}},"_links":{"self":[{"href":"https:\/\/narteks.net\/index.php\/wp-json\/wp\/v2\/posts\/12","targetHints":{"allow":["GET"]}}],"collection":[{"href":"https:\/\/narteks.net\/index.php\/wp-json\/wp\/v2\/posts"}],"about":[{"href":"https:\/\/narteks.net\/index.php\/wp-json\/wp\/v2\/types\/post"}],"author":[{"embeddable":true,"href":"https:\/\/narteks.net\/index.php\/wp-json\/wp\/v2\/users\/1"}],"replies":[{"embeddable":true,"href":"https:\/\/narteks.net\/index.php\/wp-json\/wp\/v2\/comments?post=12"}],"version-history":[{"count":0,"href":"https:\/\/narteks.net\/index.php\/wp-json\/wp\/v2\/posts\/12\/revisions"}],"wp:attachment":[{"href":"https:\/\/narteks.net\/index.php\/wp-json\/wp\/v2\/media?parent=12"}],"wp:term":[{"taxonomy":"category","embeddable":true,"href":"https:\/\/narteks.net\/index.php\/wp-json\/wp\/v2\/categories?post=12"},{"taxonomy":"post_tag","embeddable":true,"href":"https:\/\/narteks.net\/index.php\/wp-json\/wp\/v2\/tags?post=12"}],"curies":[{"name":"wp","href":"https:\/\/api.w.org\/{rel}","templated":true}]}}