{"id":1206,"date":"2009-11-06T10:51:41","date_gmt":"2009-11-06T07:51:41","guid":{"rendered":"http:\/\/localhost\/wordpress\/2009\/11\/06\/uzak-kaderler-icin\/"},"modified":"2009-11-06T10:51:41","modified_gmt":"2009-11-06T07:51:41","slug":"uzak-kaderler-icin","status":"publish","type":"post","link":"https:\/\/narteks.net\/index.php\/2009\/11\/06\/uzak-kaderler-icin\/","title":{"rendered":"UZAK KADERLER \u0130\u00c7\u0130N"},"content":{"rendered":"<p>\u00a0<\/p>\n<p>Birg\u00fcn, bir ya\u011fmurla garip garip<br \/> -\u00c7olu\u011fu \u00e7ocu\u011fu terk edece\u011fim.-<br \/> Bir sevgiyle doymayacak kalbim,anlad\u0131m<br \/> Al\u0131p ba\u015f\u0131m\u0131 gidece\u011fim.<\/p>\n<p>As\u0131r yirminci as\u0131rd\u0131r,amenna<br \/> Bir yan\u0131mda sevgilerim, bir yan\u0131mda sanc\u0131m<br \/> Neon lambalar\u0131 b\u00fcsb\u00fct\u00fcn karart\u0131r gecemizi<br \/> Uzaklar daha uzakla\u015f\u0131r<br \/> Bir define \u00e7\u0131kar\u0131r gibi kayalardan, Ademden beri<br \/> S\u0131ms\u0131cak sevgilere muhtac\u0131m.<\/p>\n<p>Bir g\u00fcn al\u0131p ba\u015f\u0131m\u0131 gidece\u011fim<br \/> -Y\u0131ld\u0131zlar \u0131\u015f\u0131s\u0131n, yollar \u00fc\u015f\u00fcs\u00fcn, yollar&#8230;-<br \/> Belimi bir \u0131l\u0131k \u015fal sars\u0131n, mavi<br \/> H\u00fcz\u00fcnl\u00fc bir serencam\u0131n ard\u0131ndan, \u015fark\u0131s\u0131z<br \/> R\u00fcyalar\u0131m unutulmu\u015f bir handa pes desin<br \/> G\u00f6rm\u00fc\u015f ge\u00e7irmi\u015f bir \u00e7ift duygulu dudak kar\u015f\u0131s\u0131nda.<\/p>\n<p>Kendi kendine \u00e7ekilmez oluyor \u00f6mr\u00fcm<br \/> Her insan\u0131n ayr\u0131 ayr\u0131 ya\u015fayabilsem kaderinde<br \/> Diyar\u0131 gurbette kanl\u0131 bir a\u015fk<br \/> Bahts\u0131z bir \u00e7ocukluk uzak k\u00f6ylerin birinde<br \/> En uzak beyazlar,<br \/> En yak\u0131n ikindilerde, duygulu<br \/> Ve bir sahil meyhanesinde bir ak\u015fam<br \/> \u0130\u00e7ip i\u00e7ip a\u011flasam&#8230;<\/p>\n<p>Nas\u0131l k\u0131sa kesmeli bilmiyorum?<br \/> Herkesin derdinden pay isterken.<br \/> Uzak kaderlerin sular\u0131 \u00e7a\u011flar \u015fimdi<\/p>\n<p>Y\u0131ld\u0131zlar d\u00f6k\u00fcl\u00fcr sonsuza i\u00e7imizden.<\/p>\n<p>Birg\u00fcn, bir parkta otururken, biliyorum<br \/> Bir el ya\u011fmurla dokunacak omuzuma<br \/> Bir \u00e7ift g\u00f6z,bir davet, bir kalp<br \/> \u00c7olu\u011fu \u00e7ocu\u011fu terk edece\u011fim.<br \/> Yapraklar d\u00f6k\u00fclecek, \u00e7i\u00e7ekler solacak<\/p>\n<p>Bir sonbahar, bir sabah ve bir ya\u011fmur olacak<br \/> Toprak ve insan kokular\u0131yla,<br \/> U\u011fultulu bir sarho\u015fluk i\u00e7inde, y\u0131llar i\u00e7in<br \/> Ba\u015f\u0131m\u0131 al\u0131p gidece\u011fim.<\/p>\n<p>Turgut UYAR<\/p>\n","protected":false},"excerpt":{"rendered":"<p>\u00a0 Birg\u00fcn, bir ya\u011fmurla garip garip -\u00c7olu\u011fu \u00e7ocu\u011fu terk edece\u011fim.- Bir sevgiyle doymayacak kalbim,anlad\u0131m Al\u0131p ba\u015f\u0131m\u0131 gidece\u011fim. As\u0131r yirminci as\u0131rd\u0131r,amenna Bir yan\u0131mda sevgilerim, bir yan\u0131mda sanc\u0131m Neon lambalar\u0131 b\u00fcsb\u00fct\u00fcn karart\u0131r gecemizi Uzaklar daha uzakla\u015f\u0131r Bir define \u00e7\u0131kar\u0131r gibi kayalardan, Ademden beri S\u0131ms\u0131cak sevgilere muhtac\u0131m. Bir g\u00fcn al\u0131p ba\u015f\u0131m\u0131 gidece\u011fim -Y\u0131ld\u0131zlar \u0131\u015f\u0131s\u0131n, yollar \u00fc\u015f\u00fcs\u00fcn, yollar&#8230;- Belimi [&hellip;]<\/p>\n","protected":false},"author":1,"featured_media":0,"comment_status":"open","ping_status":"open","sticky":false,"template":"","format":"standard","meta":{"footnotes":""},"categories":[65],"tags":[],"class_list":{"0":"post-1206","1":"post","2":"type-post","3":"status-publish","4":"format-standard","6":"category-turgut-uyar"},"yoast_head":"<!-- This site is optimized with the Yoast SEO Premium plugin v24.9 (Yoast SEO v24.9) - https:\/\/yoast.com\/wordpress\/plugins\/seo\/ -->\n<title>UZAK KADERLER \u0130\u00c7\u0130N - narteks.net<\/title>\n<meta name=\"robots\" content=\"index, follow, max-snippet:-1, max-image-preview:large, max-video-preview:-1\" \/>\n<link rel=\"canonical\" href=\"https:\/\/narteks.net\/index.php\/2009\/11\/06\/uzak-kaderler-icin\/\" \/>\n<meta property=\"og:locale\" content=\"tr_TR\" \/>\n<meta property=\"og:type\" content=\"article\" \/>\n<meta property=\"og:title\" content=\"UZAK KADERLER \u0130\u00c7\u0130N\" \/>\n<meta property=\"og:description\" content=\"\u00a0 Birg\u00fcn, bir ya\u011fmurla garip garip -\u00c7olu\u011fu \u00e7ocu\u011fu terk edece\u011fim.- Bir sevgiyle doymayacak kalbim,anlad\u0131m Al\u0131p ba\u015f\u0131m\u0131 gidece\u011fim. As\u0131r yirminci as\u0131rd\u0131r,amenna Bir yan\u0131mda sevgilerim, bir yan\u0131mda sanc\u0131m Neon lambalar\u0131 b\u00fcsb\u00fct\u00fcn karart\u0131r gecemizi Uzaklar daha uzakla\u015f\u0131r Bir define \u00e7\u0131kar\u0131r gibi kayalardan, Ademden beri S\u0131ms\u0131cak sevgilere muhtac\u0131m. Bir g\u00fcn al\u0131p ba\u015f\u0131m\u0131 gidece\u011fim -Y\u0131ld\u0131zlar \u0131\u015f\u0131s\u0131n, yollar \u00fc\u015f\u00fcs\u00fcn, yollar&#8230;- Belimi [&hellip;]\" \/>\n<meta property=\"og:url\" content=\"https:\/\/narteks.net\/index.php\/2009\/11\/06\/uzak-kaderler-icin\/\" \/>\n<meta property=\"og:site_name\" content=\"narteks.net\" \/>\n<meta property=\"article:published_time\" content=\"2009-11-06T07:51:41+00:00\" \/>\n<meta property=\"og:image\" content=\"https:\/\/narteks.net\/wp-content\/uploads\/narteks.png\" \/>\n\t<meta property=\"og:image:width\" content=\"300\" \/>\n\t<meta property=\"og:image:height\" content=\"90\" \/>\n\t<meta property=\"og:image:type\" content=\"image\/png\" \/>\n<meta name=\"author\" content=\"Tar\u0131k\" \/>\n<meta name=\"twitter:card\" content=\"summary_large_image\" \/>\n<meta name=\"twitter:creator\" content=\"@narteks\" \/>\n<meta name=\"twitter:site\" content=\"@narteks\" \/>\n<meta name=\"twitter:label1\" content=\"Yazan:\" \/>\n\t<meta name=\"twitter:data1\" content=\"Tar\u0131k\" \/>\n\t<meta name=\"twitter:label2\" content=\"Tahmini okuma s\u00fcresi\" \/>\n\t<meta name=\"twitter:data2\" content=\"1 dakika\" \/>\n<script type=\"application\/ld+json\" class=\"yoast-schema-graph\">{\"@context\":\"https:\/\/schema.org\",\"@graph\":[{\"@type\":\"Article\",\"@id\":\"https:\/\/narteks.net\/index.php\/2009\/11\/06\/uzak-kaderler-icin\/#article\",\"isPartOf\":{\"@id\":\"https:\/\/narteks.net\/index.php\/2009\/11\/06\/uzak-kaderler-icin\/\"},\"author\":{\"name\":\"Tar\u0131k\",\"@id\":\"https:\/\/narteks.net\/#\/schema\/person\/61f37d9834294b72d31d274e7ed79bca\"},\"headline\":\"UZAK KADERLER \u0130\u00c7\u0130N\",\"datePublished\":\"2009-11-06T07:51:41+00:00\",\"mainEntityOfPage\":{\"@id\":\"https:\/\/narteks.net\/index.php\/2009\/11\/06\/uzak-kaderler-icin\/\"},\"wordCount\":272,\"commentCount\":0,\"publisher\":{\"@id\":\"https:\/\/narteks.net\/#organization\"},\"articleSection\":[\"Turgut UYAR\"],\"inLanguage\":\"tr\",\"potentialAction\":[{\"@type\":\"CommentAction\",\"name\":\"Comment\",\"target\":[\"https:\/\/narteks.net\/index.php\/2009\/11\/06\/uzak-kaderler-icin\/#respond\"]}]},{\"@type\":\"WebPage\",\"@id\":\"https:\/\/narteks.net\/index.php\/2009\/11\/06\/uzak-kaderler-icin\/\",\"url\":\"https:\/\/narteks.net\/index.php\/2009\/11\/06\/uzak-kaderler-icin\/\",\"name\":\"UZAK KADERLER \u0130\u00c7\u0130N - narteks.net\",\"isPartOf\":{\"@id\":\"https:\/\/narteks.net\/#website\"},\"datePublished\":\"2009-11-06T07:51:41+00:00\",\"breadcrumb\":{\"@id\":\"https:\/\/narteks.net\/index.php\/2009\/11\/06\/uzak-kaderler-icin\/#breadcrumb\"},\"inLanguage\":\"tr\",\"potentialAction\":[{\"@type\":\"ReadAction\",\"target\":[\"https:\/\/narteks.net\/index.php\/2009\/11\/06\/uzak-kaderler-icin\/\"]}]},{\"@type\":\"BreadcrumbList\",\"@id\":\"https:\/\/narteks.net\/index.php\/2009\/11\/06\/uzak-kaderler-icin\/#breadcrumb\",\"itemListElement\":[{\"@type\":\"ListItem\",\"position\":1,\"name\":\"Anasayfa\",\"item\":\"https:\/\/narteks.net\/\"},{\"@type\":\"ListItem\",\"position\":2,\"name\":\"UZAK KADERLER \u0130\u00c7\u0130N\"}]},{\"@type\":\"WebSite\",\"@id\":\"https:\/\/narteks.net\/#website\",\"url\":\"https:\/\/narteks.net\/\",\"name\":\"narteks.net\",\"description\":\"K\u00fclt\u00fcr Sanat Edebiyat Felsefe\",\"publisher\":{\"@id\":\"https:\/\/narteks.net\/#organization\"},\"alternateName\":\"K\u00fclt\u00fcr Sanat Edebiyat Felsefe\",\"potentialAction\":[{\"@type\":\"SearchAction\",\"target\":{\"@type\":\"EntryPoint\",\"urlTemplate\":\"https:\/\/narteks.net\/?s={search_term_string}\"},\"query-input\":{\"@type\":\"PropertyValueSpecification\",\"valueRequired\":true,\"valueName\":\"search_term_string\"}}],\"inLanguage\":\"tr\"},{\"@type\":\"Organization\",\"@id\":\"https:\/\/narteks.net\/#organization\",\"name\":\"narteks.net\",\"url\":\"https:\/\/narteks.net\/\",\"logo\":{\"@type\":\"ImageObject\",\"inLanguage\":\"tr\",\"@id\":\"https:\/\/narteks.net\/#\/schema\/logo\/image\/\",\"url\":\"https:\/\/narteks.net\/wp-content\/uploads\/narteks.png\",\"contentUrl\":\"https:\/\/narteks.net\/wp-content\/uploads\/narteks.png\",\"width\":300,\"height\":90,\"caption\":\"narteks.net\"},\"image\":{\"@id\":\"https:\/\/narteks.net\/#\/schema\/logo\/image\/\"},\"sameAs\":[\"https:\/\/x.com\/narteks\",\"https:\/\/instagram.com\/narteksnet\"]},{\"@type\":\"Person\",\"@id\":\"https:\/\/narteks.net\/#\/schema\/person\/61f37d9834294b72d31d274e7ed79bca\",\"name\":\"Tar\u0131k\",\"image\":{\"@type\":\"ImageObject\",\"inLanguage\":\"tr\",\"@id\":\"https:\/\/narteks.net\/#\/schema\/person\/image\/\",\"url\":\"https:\/\/secure.gravatar.com\/avatar\/50865afb55632c4ae467e0af0930f6510aa2297d8014be502a55b14f3b7550cf?s=96&d=mm&r=g\",\"contentUrl\":\"https:\/\/secure.gravatar.com\/avatar\/50865afb55632c4ae467e0af0930f6510aa2297d8014be502a55b14f3b7550cf?s=96&d=mm&r=g\",\"caption\":\"Tar\u0131k\"},\"sameAs\":[\"http:\/\/narteks.net\"],\"url\":\"https:\/\/narteks.net\/index.php\/author\/narbak\/\"}]}<\/script>\n<!-- \/ Yoast SEO Premium plugin. -->","yoast_head_json":{"title":"UZAK KADERLER \u0130\u00c7\u0130N - narteks.net","robots":{"index":"index","follow":"follow","max-snippet":"max-snippet:-1","max-image-preview":"max-image-preview:large","max-video-preview":"max-video-preview:-1"},"canonical":"https:\/\/narteks.net\/index.php\/2009\/11\/06\/uzak-kaderler-icin\/","og_locale":"tr_TR","og_type":"article","og_title":"UZAK KADERLER \u0130\u00c7\u0130N","og_description":"\u00a0 Birg\u00fcn, bir ya\u011fmurla garip garip -\u00c7olu\u011fu \u00e7ocu\u011fu terk edece\u011fim.- Bir sevgiyle doymayacak kalbim,anlad\u0131m Al\u0131p ba\u015f\u0131m\u0131 gidece\u011fim. As\u0131r yirminci as\u0131rd\u0131r,amenna Bir yan\u0131mda sevgilerim, bir yan\u0131mda sanc\u0131m Neon lambalar\u0131 b\u00fcsb\u00fct\u00fcn karart\u0131r gecemizi Uzaklar daha uzakla\u015f\u0131r Bir define \u00e7\u0131kar\u0131r gibi kayalardan, Ademden beri S\u0131ms\u0131cak sevgilere muhtac\u0131m. Bir g\u00fcn al\u0131p ba\u015f\u0131m\u0131 gidece\u011fim -Y\u0131ld\u0131zlar \u0131\u015f\u0131s\u0131n, yollar \u00fc\u015f\u00fcs\u00fcn, yollar&#8230;- Belimi [&hellip;]","og_url":"https:\/\/narteks.net\/index.php\/2009\/11\/06\/uzak-kaderler-icin\/","og_site_name":"narteks.net","article_published_time":"2009-11-06T07:51:41+00:00","og_image":[{"width":300,"height":90,"url":"https:\/\/narteks.net\/wp-content\/uploads\/narteks.png","type":"image\/png"}],"author":"Tar\u0131k","twitter_card":"summary_large_image","twitter_creator":"@narteks","twitter_site":"@narteks","twitter_misc":{"Yazan:":"Tar\u0131k","Tahmini okuma s\u00fcresi":"1 dakika"},"schema":{"@context":"https:\/\/schema.org","@graph":[{"@type":"Article","@id":"https:\/\/narteks.net\/index.php\/2009\/11\/06\/uzak-kaderler-icin\/#article","isPartOf":{"@id":"https:\/\/narteks.net\/index.php\/2009\/11\/06\/uzak-kaderler-icin\/"},"author":{"name":"Tar\u0131k","@id":"https:\/\/narteks.net\/#\/schema\/person\/61f37d9834294b72d31d274e7ed79bca"},"headline":"UZAK KADERLER \u0130\u00c7\u0130N","datePublished":"2009-11-06T07:51:41+00:00","mainEntityOfPage":{"@id":"https:\/\/narteks.net\/index.php\/2009\/11\/06\/uzak-kaderler-icin\/"},"wordCount":272,"commentCount":0,"publisher":{"@id":"https:\/\/narteks.net\/#organization"},"articleSection":["Turgut UYAR"],"inLanguage":"tr","potentialAction":[{"@type":"CommentAction","name":"Comment","target":["https:\/\/narteks.net\/index.php\/2009\/11\/06\/uzak-kaderler-icin\/#respond"]}]},{"@type":"WebPage","@id":"https:\/\/narteks.net\/index.php\/2009\/11\/06\/uzak-kaderler-icin\/","url":"https:\/\/narteks.net\/index.php\/2009\/11\/06\/uzak-kaderler-icin\/","name":"UZAK KADERLER \u0130\u00c7\u0130N - narteks.net","isPartOf":{"@id":"https:\/\/narteks.net\/#website"},"datePublished":"2009-11-06T07:51:41+00:00","breadcrumb":{"@id":"https:\/\/narteks.net\/index.php\/2009\/11\/06\/uzak-kaderler-icin\/#breadcrumb"},"inLanguage":"tr","potentialAction":[{"@type":"ReadAction","target":["https:\/\/narteks.net\/index.php\/2009\/11\/06\/uzak-kaderler-icin\/"]}]},{"@type":"BreadcrumbList","@id":"https:\/\/narteks.net\/index.php\/2009\/11\/06\/uzak-kaderler-icin\/#breadcrumb","itemListElement":[{"@type":"ListItem","position":1,"name":"Anasayfa","item":"https:\/\/narteks.net\/"},{"@type":"ListItem","position":2,"name":"UZAK KADERLER \u0130\u00c7\u0130N"}]},{"@type":"WebSite","@id":"https:\/\/narteks.net\/#website","url":"https:\/\/narteks.net\/","name":"narteks.net","description":"K\u00fclt\u00fcr Sanat Edebiyat Felsefe","publisher":{"@id":"https:\/\/narteks.net\/#organization"},"alternateName":"K\u00fclt\u00fcr Sanat Edebiyat Felsefe","potentialAction":[{"@type":"SearchAction","target":{"@type":"EntryPoint","urlTemplate":"https:\/\/narteks.net\/?s={search_term_string}"},"query-input":{"@type":"PropertyValueSpecification","valueRequired":true,"valueName":"search_term_string"}}],"inLanguage":"tr"},{"@type":"Organization","@id":"https:\/\/narteks.net\/#organization","name":"narteks.net","url":"https:\/\/narteks.net\/","logo":{"@type":"ImageObject","inLanguage":"tr","@id":"https:\/\/narteks.net\/#\/schema\/logo\/image\/","url":"https:\/\/narteks.net\/wp-content\/uploads\/narteks.png","contentUrl":"https:\/\/narteks.net\/wp-content\/uploads\/narteks.png","width":300,"height":90,"caption":"narteks.net"},"image":{"@id":"https:\/\/narteks.net\/#\/schema\/logo\/image\/"},"sameAs":["https:\/\/x.com\/narteks","https:\/\/instagram.com\/narteksnet"]},{"@type":"Person","@id":"https:\/\/narteks.net\/#\/schema\/person\/61f37d9834294b72d31d274e7ed79bca","name":"Tar\u0131k","image":{"@type":"ImageObject","inLanguage":"tr","@id":"https:\/\/narteks.net\/#\/schema\/person\/image\/","url":"https:\/\/secure.gravatar.com\/avatar\/50865afb55632c4ae467e0af0930f6510aa2297d8014be502a55b14f3b7550cf?s=96&d=mm&r=g","contentUrl":"https:\/\/secure.gravatar.com\/avatar\/50865afb55632c4ae467e0af0930f6510aa2297d8014be502a55b14f3b7550cf?s=96&d=mm&r=g","caption":"Tar\u0131k"},"sameAs":["http:\/\/narteks.net"],"url":"https:\/\/narteks.net\/index.php\/author\/narbak\/"}]}},"_links":{"self":[{"href":"https:\/\/narteks.net\/index.php\/wp-json\/wp\/v2\/posts\/1206","targetHints":{"allow":["GET"]}}],"collection":[{"href":"https:\/\/narteks.net\/index.php\/wp-json\/wp\/v2\/posts"}],"about":[{"href":"https:\/\/narteks.net\/index.php\/wp-json\/wp\/v2\/types\/post"}],"author":[{"embeddable":true,"href":"https:\/\/narteks.net\/index.php\/wp-json\/wp\/v2\/users\/1"}],"replies":[{"embeddable":true,"href":"https:\/\/narteks.net\/index.php\/wp-json\/wp\/v2\/comments?post=1206"}],"version-history":[{"count":0,"href":"https:\/\/narteks.net\/index.php\/wp-json\/wp\/v2\/posts\/1206\/revisions"}],"wp:attachment":[{"href":"https:\/\/narteks.net\/index.php\/wp-json\/wp\/v2\/media?parent=1206"}],"wp:term":[{"taxonomy":"category","embeddable":true,"href":"https:\/\/narteks.net\/index.php\/wp-json\/wp\/v2\/categories?post=1206"},{"taxonomy":"post_tag","embeddable":true,"href":"https:\/\/narteks.net\/index.php\/wp-json\/wp\/v2\/tags?post=1206"}],"curies":[{"name":"wp","href":"https:\/\/api.w.org\/{rel}","templated":true}]}}