{"id":1214,"date":"2009-11-06T11:03:04","date_gmt":"2009-11-06T08:03:04","guid":{"rendered":"http:\/\/localhost\/wordpress\/2009\/11\/06\/acinin-cografyasi\/"},"modified":"2009-11-06T11:03:04","modified_gmt":"2009-11-06T08:03:04","slug":"acinin-cografyasi","status":"publish","type":"post","link":"https:\/\/narteks.net\/index.php\/2009\/11\/06\/acinin-cografyasi\/","title":{"rendered":"ACININ CO\u011eRAFYASI"},"content":{"rendered":"<p>\u00a0<\/p>\n<p>kente kapand\u0131k kald\u0131k tutanaklarla belli<br \/>sirk izlenimlerinden se\u00e7men k\u00fct\u00fcklerinden<br \/>y\u00fczlerimiz temmuzdan \u00f6t\u00fcr\u00fc sallan\u0131r ve uzar<br \/>ve her k\u00f6\u015fe bir tuzakt\u0131r<br \/>birer dara\u011fac\u0131d\u0131r her meydan saati<br \/>\u00f6\u011fle vaktini kesinlikle g\u00f6steren<br \/>oysa hep g\u00fc\u00e7l\u00fc da\u011flar\u0131 g\u00f6rmenin zaman\u0131d\u0131r<\/p>\n<p>\u00e7\u0131\u011fl\u0131\u011f\u0131m uzun uzun kal\u0131r i\u00e7imde<br \/>yani g\u00fcller giyinmi\u015f bir adam nerde ben nerde<br \/>r\u00fczg\u00e2r bir dirimi d\u00f6rt y\u00f6ne b\u00f6lerken tepelerde<br \/>ve gece duru\u015fmas\u0131ndan yeni \u00e7\u0131km\u0131\u015fken<br \/>sabah\u0131n terazisi eksik tartar g\u00f6lgemi<\/p>\n<p>art\u0131k \u00f6yle a\u00e7\u0131k ki ku\u015fkuya yer yok<br \/>kim gelirse gelsin ac\u0131ya hep yer vard\u0131r<br \/>tutanaklarda duvar diplerinde ve baz\u0131 yerlerde<br \/>\u00f6rne\u011fin \u00e7ukurova ve mekong k\u00f6ylerinde<br \/>ac\u0131d\u0131r a\u011fac\u0131n g\u00f6lgesini yapan<br \/>bunu herkes bilir<\/p>\n<p>kutsal ac\u0131 besleyen ac\u0131 s\u00fct\u00fcn\u00fc emiyoruz<br \/>yat\u0131yoruz seninle terli d\u00f6\u015feklerde<br \/>saati seninle kuruyoruz bir \u00e7alar saati<br \/>sen donat\u0131yorsun kalbimizi<br \/>kalbimiz \u00e7o\u011fu zaman yeterli ve \u00fcrkek<br \/>kendi \u00e7o\u011funlu\u011funu kendi \u00fcreterek<\/p>\n<p>kente kapand\u0131k kald\u0131k iki cadde iki alan bir saat<br \/>mutsuzluk ac\u0131ya varana kadar<br \/>art\u0131k yeminimiz bir tatar g\u00f6lgesi gibi<br \/>\u00f6yle bir g\u00f6lge ki belki \u00e7ok dard\u0131r<br \/>k\u0131sa vakitlerinde aceleci ak\u015fam\u0131n<\/p>\n<p>art\u0131k \u00f6yle a\u00e7\u0131k ki ku\u015fkuya yer yok<br \/>ac\u0131ya hep yer vard\u0131r aram\u0131zda<br \/>d\u00f6rt cepli yele\u011fim ayn\u0131 kolayl\u0131kla ta\u015f\u0131r her \u015feyi<br \/>bozuk paralar\u0131 da umutsuzlu\u011fu da<br \/>ayn\u0131 kolayl\u0131kla tutmu\u015f gibi olurum<br \/>g\u00fcne\u015fin yedi renk ayas\u0131n\u0131<\/p>\n<p>biliyor musun g\u00fc\u00e7l\u00fc da\u011flar\u0131 g\u00f6rmenin zaman\u0131d\u0131r<br \/>\u015fimdi bir ba\u011f\u0131rsan \u00e7ok iyi biliyorum<br \/>ya da \u00fcst \u00fcste silah atsan<br \/>kent tepinir belki b\u00fct\u00fcn ku\u015flar u\u00e7ar<br \/>belki de\u011fil mutlaka<br \/>ama<br \/>bir tanesi mutlaka kal\u0131r.<\/p>\n<p>Turgut UYAR<\/p>\n","protected":false},"excerpt":{"rendered":"<p>\u00a0 kente kapand\u0131k kald\u0131k tutanaklarla bellisirk izlenimlerinden se\u00e7men k\u00fct\u00fcklerindeny\u00fczlerimiz temmuzdan \u00f6t\u00fcr\u00fc sallan\u0131r ve uzarve her k\u00f6\u015fe bir tuzakt\u0131rbirer dara\u011fac\u0131d\u0131r her meydan saati\u00f6\u011fle vaktini kesinlikle g\u00f6sterenoysa hep g\u00fc\u00e7l\u00fc da\u011flar\u0131 g\u00f6rmenin zaman\u0131d\u0131r \u00e7\u0131\u011fl\u0131\u011f\u0131m uzun uzun kal\u0131r i\u00e7imdeyani g\u00fcller giyinmi\u015f bir adam nerde ben nerder\u00fczg\u00e2r bir dirimi d\u00f6rt y\u00f6ne b\u00f6lerken tepelerdeve gece duru\u015fmas\u0131ndan yeni \u00e7\u0131km\u0131\u015fkensabah\u0131n terazisi eksik tartar [&hellip;]<\/p>\n","protected":false},"author":1,"featured_media":0,"comment_status":"open","ping_status":"open","sticky":false,"template":"","format":"standard","meta":{"footnotes":""},"categories":[65],"tags":[],"class_list":{"0":"post-1214","1":"post","2":"type-post","3":"status-publish","4":"format-standard","6":"category-turgut-uyar"},"yoast_head":"<!-- This site is optimized with the Yoast SEO Premium plugin v24.9 (Yoast SEO v24.9) - https:\/\/yoast.com\/wordpress\/plugins\/seo\/ -->\n<title>ACININ CO\u011eRAFYASI - narteks.net<\/title>\n<meta name=\"robots\" content=\"index, follow, max-snippet:-1, max-image-preview:large, max-video-preview:-1\" \/>\n<link rel=\"canonical\" href=\"https:\/\/narteks.net\/index.php\/2009\/11\/06\/acinin-cografyasi\/\" \/>\n<meta property=\"og:locale\" content=\"tr_TR\" \/>\n<meta property=\"og:type\" content=\"article\" \/>\n<meta property=\"og:title\" content=\"ACININ CO\u011eRAFYASI\" \/>\n<meta property=\"og:description\" content=\"\u00a0 kente kapand\u0131k kald\u0131k tutanaklarla bellisirk izlenimlerinden se\u00e7men k\u00fct\u00fcklerindeny\u00fczlerimiz temmuzdan \u00f6t\u00fcr\u00fc sallan\u0131r ve uzarve her k\u00f6\u015fe bir tuzakt\u0131rbirer dara\u011fac\u0131d\u0131r her meydan saati\u00f6\u011fle vaktini kesinlikle g\u00f6sterenoysa hep g\u00fc\u00e7l\u00fc da\u011flar\u0131 g\u00f6rmenin zaman\u0131d\u0131r \u00e7\u0131\u011fl\u0131\u011f\u0131m uzun uzun kal\u0131r i\u00e7imdeyani g\u00fcller giyinmi\u015f bir adam nerde ben nerder\u00fczg\u00e2r bir dirimi d\u00f6rt y\u00f6ne b\u00f6lerken tepelerdeve gece duru\u015fmas\u0131ndan yeni \u00e7\u0131km\u0131\u015fkensabah\u0131n terazisi eksik tartar [&hellip;]\" \/>\n<meta property=\"og:url\" content=\"https:\/\/narteks.net\/index.php\/2009\/11\/06\/acinin-cografyasi\/\" \/>\n<meta property=\"og:site_name\" content=\"narteks.net\" \/>\n<meta property=\"article:published_time\" content=\"2009-11-06T08:03:04+00:00\" \/>\n<meta property=\"og:image\" content=\"https:\/\/narteks.net\/wp-content\/uploads\/narteks.png\" \/>\n\t<meta property=\"og:image:width\" content=\"300\" \/>\n\t<meta property=\"og:image:height\" content=\"90\" \/>\n\t<meta property=\"og:image:type\" content=\"image\/png\" \/>\n<meta name=\"author\" content=\"Tar\u0131k\" \/>\n<meta name=\"twitter:card\" content=\"summary_large_image\" \/>\n<meta name=\"twitter:creator\" content=\"@narteks\" \/>\n<meta name=\"twitter:site\" content=\"@narteks\" \/>\n<meta name=\"twitter:label1\" content=\"Yazan:\" \/>\n\t<meta name=\"twitter:data1\" content=\"Tar\u0131k\" \/>\n\t<meta name=\"twitter:label2\" content=\"Tahmini okuma s\u00fcresi\" \/>\n\t<meta name=\"twitter:data2\" content=\"1 dakika\" \/>\n<script type=\"application\/ld+json\" class=\"yoast-schema-graph\">{\"@context\":\"https:\/\/schema.org\",\"@graph\":[{\"@type\":\"Article\",\"@id\":\"https:\/\/narteks.net\/index.php\/2009\/11\/06\/acinin-cografyasi\/#article\",\"isPartOf\":{\"@id\":\"https:\/\/narteks.net\/index.php\/2009\/11\/06\/acinin-cografyasi\/\"},\"author\":{\"name\":\"Tar\u0131k\",\"@id\":\"https:\/\/narteks.net\/#\/schema\/person\/61f37d9834294b72d31d274e7ed79bca\"},\"headline\":\"ACININ CO\u011eRAFYASI\",\"datePublished\":\"2009-11-06T08:03:04+00:00\",\"mainEntityOfPage\":{\"@id\":\"https:\/\/narteks.net\/index.php\/2009\/11\/06\/acinin-cografyasi\/\"},\"wordCount\":286,\"commentCount\":0,\"publisher\":{\"@id\":\"https:\/\/narteks.net\/#organization\"},\"articleSection\":[\"Turgut UYAR\"],\"inLanguage\":\"tr\",\"potentialAction\":[{\"@type\":\"CommentAction\",\"name\":\"Comment\",\"target\":[\"https:\/\/narteks.net\/index.php\/2009\/11\/06\/acinin-cografyasi\/#respond\"]}]},{\"@type\":\"WebPage\",\"@id\":\"https:\/\/narteks.net\/index.php\/2009\/11\/06\/acinin-cografyasi\/\",\"url\":\"https:\/\/narteks.net\/index.php\/2009\/11\/06\/acinin-cografyasi\/\",\"name\":\"ACININ CO\u011eRAFYASI - narteks.net\",\"isPartOf\":{\"@id\":\"https:\/\/narteks.net\/#website\"},\"datePublished\":\"2009-11-06T08:03:04+00:00\",\"breadcrumb\":{\"@id\":\"https:\/\/narteks.net\/index.php\/2009\/11\/06\/acinin-cografyasi\/#breadcrumb\"},\"inLanguage\":\"tr\",\"potentialAction\":[{\"@type\":\"ReadAction\",\"target\":[\"https:\/\/narteks.net\/index.php\/2009\/11\/06\/acinin-cografyasi\/\"]}]},{\"@type\":\"BreadcrumbList\",\"@id\":\"https:\/\/narteks.net\/index.php\/2009\/11\/06\/acinin-cografyasi\/#breadcrumb\",\"itemListElement\":[{\"@type\":\"ListItem\",\"position\":1,\"name\":\"Anasayfa\",\"item\":\"https:\/\/narteks.net\/\"},{\"@type\":\"ListItem\",\"position\":2,\"name\":\"ACININ CO\u011eRAFYASI\"}]},{\"@type\":\"WebSite\",\"@id\":\"https:\/\/narteks.net\/#website\",\"url\":\"https:\/\/narteks.net\/\",\"name\":\"narteks.net\",\"description\":\"K\u00fclt\u00fcr Sanat Edebiyat Felsefe\",\"publisher\":{\"@id\":\"https:\/\/narteks.net\/#organization\"},\"alternateName\":\"K\u00fclt\u00fcr Sanat Edebiyat Felsefe\",\"potentialAction\":[{\"@type\":\"SearchAction\",\"target\":{\"@type\":\"EntryPoint\",\"urlTemplate\":\"https:\/\/narteks.net\/?s={search_term_string}\"},\"query-input\":{\"@type\":\"PropertyValueSpecification\",\"valueRequired\":true,\"valueName\":\"search_term_string\"}}],\"inLanguage\":\"tr\"},{\"@type\":\"Organization\",\"@id\":\"https:\/\/narteks.net\/#organization\",\"name\":\"narteks.net\",\"url\":\"https:\/\/narteks.net\/\",\"logo\":{\"@type\":\"ImageObject\",\"inLanguage\":\"tr\",\"@id\":\"https:\/\/narteks.net\/#\/schema\/logo\/image\/\",\"url\":\"https:\/\/narteks.net\/wp-content\/uploads\/narteks.png\",\"contentUrl\":\"https:\/\/narteks.net\/wp-content\/uploads\/narteks.png\",\"width\":300,\"height\":90,\"caption\":\"narteks.net\"},\"image\":{\"@id\":\"https:\/\/narteks.net\/#\/schema\/logo\/image\/\"},\"sameAs\":[\"https:\/\/x.com\/narteks\",\"https:\/\/instagram.com\/narteksnet\"]},{\"@type\":\"Person\",\"@id\":\"https:\/\/narteks.net\/#\/schema\/person\/61f37d9834294b72d31d274e7ed79bca\",\"name\":\"Tar\u0131k\",\"image\":{\"@type\":\"ImageObject\",\"inLanguage\":\"tr\",\"@id\":\"https:\/\/narteks.net\/#\/schema\/person\/image\/\",\"url\":\"https:\/\/secure.gravatar.com\/avatar\/50865afb55632c4ae467e0af0930f6510aa2297d8014be502a55b14f3b7550cf?s=96&d=mm&r=g\",\"contentUrl\":\"https:\/\/secure.gravatar.com\/avatar\/50865afb55632c4ae467e0af0930f6510aa2297d8014be502a55b14f3b7550cf?s=96&d=mm&r=g\",\"caption\":\"Tar\u0131k\"},\"sameAs\":[\"http:\/\/narteks.net\"],\"url\":\"https:\/\/narteks.net\/index.php\/author\/narbak\/\"}]}<\/script>\n<!-- \/ Yoast SEO Premium plugin. -->","yoast_head_json":{"title":"ACININ CO\u011eRAFYASI - narteks.net","robots":{"index":"index","follow":"follow","max-snippet":"max-snippet:-1","max-image-preview":"max-image-preview:large","max-video-preview":"max-video-preview:-1"},"canonical":"https:\/\/narteks.net\/index.php\/2009\/11\/06\/acinin-cografyasi\/","og_locale":"tr_TR","og_type":"article","og_title":"ACININ CO\u011eRAFYASI","og_description":"\u00a0 kente kapand\u0131k kald\u0131k tutanaklarla bellisirk izlenimlerinden se\u00e7men k\u00fct\u00fcklerindeny\u00fczlerimiz temmuzdan \u00f6t\u00fcr\u00fc sallan\u0131r ve uzarve her k\u00f6\u015fe bir tuzakt\u0131rbirer dara\u011fac\u0131d\u0131r her meydan saati\u00f6\u011fle vaktini kesinlikle g\u00f6sterenoysa hep g\u00fc\u00e7l\u00fc da\u011flar\u0131 g\u00f6rmenin zaman\u0131d\u0131r \u00e7\u0131\u011fl\u0131\u011f\u0131m uzun uzun kal\u0131r i\u00e7imdeyani g\u00fcller giyinmi\u015f bir adam nerde ben nerder\u00fczg\u00e2r bir dirimi d\u00f6rt y\u00f6ne b\u00f6lerken tepelerdeve gece duru\u015fmas\u0131ndan yeni \u00e7\u0131km\u0131\u015fkensabah\u0131n terazisi eksik tartar [&hellip;]","og_url":"https:\/\/narteks.net\/index.php\/2009\/11\/06\/acinin-cografyasi\/","og_site_name":"narteks.net","article_published_time":"2009-11-06T08:03:04+00:00","og_image":[{"width":300,"height":90,"url":"https:\/\/narteks.net\/wp-content\/uploads\/narteks.png","type":"image\/png"}],"author":"Tar\u0131k","twitter_card":"summary_large_image","twitter_creator":"@narteks","twitter_site":"@narteks","twitter_misc":{"Yazan:":"Tar\u0131k","Tahmini okuma s\u00fcresi":"1 dakika"},"schema":{"@context":"https:\/\/schema.org","@graph":[{"@type":"Article","@id":"https:\/\/narteks.net\/index.php\/2009\/11\/06\/acinin-cografyasi\/#article","isPartOf":{"@id":"https:\/\/narteks.net\/index.php\/2009\/11\/06\/acinin-cografyasi\/"},"author":{"name":"Tar\u0131k","@id":"https:\/\/narteks.net\/#\/schema\/person\/61f37d9834294b72d31d274e7ed79bca"},"headline":"ACININ CO\u011eRAFYASI","datePublished":"2009-11-06T08:03:04+00:00","mainEntityOfPage":{"@id":"https:\/\/narteks.net\/index.php\/2009\/11\/06\/acinin-cografyasi\/"},"wordCount":286,"commentCount":0,"publisher":{"@id":"https:\/\/narteks.net\/#organization"},"articleSection":["Turgut UYAR"],"inLanguage":"tr","potentialAction":[{"@type":"CommentAction","name":"Comment","target":["https:\/\/narteks.net\/index.php\/2009\/11\/06\/acinin-cografyasi\/#respond"]}]},{"@type":"WebPage","@id":"https:\/\/narteks.net\/index.php\/2009\/11\/06\/acinin-cografyasi\/","url":"https:\/\/narteks.net\/index.php\/2009\/11\/06\/acinin-cografyasi\/","name":"ACININ CO\u011eRAFYASI - narteks.net","isPartOf":{"@id":"https:\/\/narteks.net\/#website"},"datePublished":"2009-11-06T08:03:04+00:00","breadcrumb":{"@id":"https:\/\/narteks.net\/index.php\/2009\/11\/06\/acinin-cografyasi\/#breadcrumb"},"inLanguage":"tr","potentialAction":[{"@type":"ReadAction","target":["https:\/\/narteks.net\/index.php\/2009\/11\/06\/acinin-cografyasi\/"]}]},{"@type":"BreadcrumbList","@id":"https:\/\/narteks.net\/index.php\/2009\/11\/06\/acinin-cografyasi\/#breadcrumb","itemListElement":[{"@type":"ListItem","position":1,"name":"Anasayfa","item":"https:\/\/narteks.net\/"},{"@type":"ListItem","position":2,"name":"ACININ CO\u011eRAFYASI"}]},{"@type":"WebSite","@id":"https:\/\/narteks.net\/#website","url":"https:\/\/narteks.net\/","name":"narteks.net","description":"K\u00fclt\u00fcr Sanat Edebiyat Felsefe","publisher":{"@id":"https:\/\/narteks.net\/#organization"},"alternateName":"K\u00fclt\u00fcr Sanat Edebiyat Felsefe","potentialAction":[{"@type":"SearchAction","target":{"@type":"EntryPoint","urlTemplate":"https:\/\/narteks.net\/?s={search_term_string}"},"query-input":{"@type":"PropertyValueSpecification","valueRequired":true,"valueName":"search_term_string"}}],"inLanguage":"tr"},{"@type":"Organization","@id":"https:\/\/narteks.net\/#organization","name":"narteks.net","url":"https:\/\/narteks.net\/","logo":{"@type":"ImageObject","inLanguage":"tr","@id":"https:\/\/narteks.net\/#\/schema\/logo\/image\/","url":"https:\/\/narteks.net\/wp-content\/uploads\/narteks.png","contentUrl":"https:\/\/narteks.net\/wp-content\/uploads\/narteks.png","width":300,"height":90,"caption":"narteks.net"},"image":{"@id":"https:\/\/narteks.net\/#\/schema\/logo\/image\/"},"sameAs":["https:\/\/x.com\/narteks","https:\/\/instagram.com\/narteksnet"]},{"@type":"Person","@id":"https:\/\/narteks.net\/#\/schema\/person\/61f37d9834294b72d31d274e7ed79bca","name":"Tar\u0131k","image":{"@type":"ImageObject","inLanguage":"tr","@id":"https:\/\/narteks.net\/#\/schema\/person\/image\/","url":"https:\/\/secure.gravatar.com\/avatar\/50865afb55632c4ae467e0af0930f6510aa2297d8014be502a55b14f3b7550cf?s=96&d=mm&r=g","contentUrl":"https:\/\/secure.gravatar.com\/avatar\/50865afb55632c4ae467e0af0930f6510aa2297d8014be502a55b14f3b7550cf?s=96&d=mm&r=g","caption":"Tar\u0131k"},"sameAs":["http:\/\/narteks.net"],"url":"https:\/\/narteks.net\/index.php\/author\/narbak\/"}]}},"_links":{"self":[{"href":"https:\/\/narteks.net\/index.php\/wp-json\/wp\/v2\/posts\/1214","targetHints":{"allow":["GET"]}}],"collection":[{"href":"https:\/\/narteks.net\/index.php\/wp-json\/wp\/v2\/posts"}],"about":[{"href":"https:\/\/narteks.net\/index.php\/wp-json\/wp\/v2\/types\/post"}],"author":[{"embeddable":true,"href":"https:\/\/narteks.net\/index.php\/wp-json\/wp\/v2\/users\/1"}],"replies":[{"embeddable":true,"href":"https:\/\/narteks.net\/index.php\/wp-json\/wp\/v2\/comments?post=1214"}],"version-history":[{"count":0,"href":"https:\/\/narteks.net\/index.php\/wp-json\/wp\/v2\/posts\/1214\/revisions"}],"wp:attachment":[{"href":"https:\/\/narteks.net\/index.php\/wp-json\/wp\/v2\/media?parent=1214"}],"wp:term":[{"taxonomy":"category","embeddable":true,"href":"https:\/\/narteks.net\/index.php\/wp-json\/wp\/v2\/categories?post=1214"},{"taxonomy":"post_tag","embeddable":true,"href":"https:\/\/narteks.net\/index.php\/wp-json\/wp\/v2\/tags?post=1214"}],"curies":[{"name":"wp","href":"https:\/\/api.w.org\/{rel}","templated":true}]}}