{"id":1216,"date":"2009-11-06T11:04:59","date_gmt":"2009-11-06T08:04:59","guid":{"rendered":"http:\/\/localhost\/wordpress\/2009\/11\/06\/edirnekapi-ustune-siir\/"},"modified":"2009-11-06T11:04:59","modified_gmt":"2009-11-06T08:04:59","slug":"edirnekapi-ustune-siir","status":"publish","type":"post","link":"https:\/\/narteks.net\/index.php\/2009\/11\/06\/edirnekapi-ustune-siir\/","title":{"rendered":"ED\u0130RNEKAPI \u00dcST\u00dcNE \u015e\u0130\u0130R"},"content":{"rendered":"<p>\u00a0<\/p>\n<p>\u0130stanbul dediler mi benim akl\u0131ma,<br \/>Vaiz soka\u011f\u0131 gelir hemen.<br \/>Edirnekap\u0131 gelir, evimiz gelir<br \/>K\u00f6\u015feba\u015f\u0131nda duran bir g\u00fczel k\u0131z gelir.<br \/>Bilet\u00e7i zili \u00e7eker, tramvay durur<br \/>Bir manav, bir meyhane, iki akasya<br \/>Kumrular ge\u00e7er kilisenin \u00e7an kulesinden<br \/>Beyaz bulutlar ge\u00e7er&#8230;<br \/>Buras\u0131 Hasan Efendinin kahvesi Edirnekap\u0131da,<br \/>Bu ta\u015f\u00e7\u0131 Kemal, \u00e7ocukluk arkada\u015f\u0131m.<br \/>Bulutu Hali\u00e7ten, r\u00fczgar\u0131 Bo\u011faz\u2019dan<br \/>Bir bayg\u0131n g\u00fcn i\u00e7indeyiz, yazdan.<br \/>\u201cD\u00f6rt c\u0131har, sebayid\u00fc, penc\u00fcse<br \/>Ak\u015fam olur, g\u00fcne\u015f batar nerdeyse.\u201d<br \/>P\u0131r\u0131l p\u0131r\u0131l a\u015fk i\u00e7inde Mihrimah Sultan Camii<br \/>Ey\u00fcpten vapur d\u00fcd\u00fc\u011f\u00fc,<br \/>Yenikap\u0131dan tren sesi.<br \/>Kalkar\u0131z a\u011f\u0131r a\u011f\u0131r kahveden<br \/>Ben, Kemal, Kemalin eni\u015ftesi&#8230;<br \/>Vaiz soka\u011f\u0131na gelir eve var\u0131r\u0131m<br \/>Kap\u0131ya iki \u00fc\u00e7 defa vururum<br \/>Kar\u0131m kap\u0131y\u0131 a\u00e7ar, \u00e7ocuklar ko\u015fu\u015fur<br \/>Ekme\u011fimiz var, yeme\u011fimiz var<br \/>Yeme\u011fe i\u015ftah\u0131m\u0131z var.<br \/>Oturur yemek yeriz c\u00fcmb\u00fcr cemaat<br \/>Aln\u0131m\u0131z\u0131n terinden, elimizin eme\u011finden<br \/>Etrafa yay\u0131l\u0131nca makarnan\u0131n bu\u011fusu,<br \/>Bize ne elalemin on t\u00fcrl\u00fc yeme\u011finden&#8230;<br \/>Al\u0131r kar\u0131m\u0131 gezme\u011fe g\u00f6t\u00fcr\u00fcr\u00fcm<br \/>Bir dolmu\u015fa bineriz Edirnekap\u0131dan.<br \/>Sultanahmette atkestanelerinin en g\u00fczeli<br \/>Elli kuru\u015f verir, cambaza gireriz.<br \/>\u0130stanbul bizim memleket, ya\u015f\u0131m\u0131z yirmibe\u015f<br \/>Basmay\u0131 da, ipe\u011fi de a\u015fkla giyeriz.<br \/>Yenicami \u00f6n\u00fcnden g\u00fcvercinler u\u00e7an<br \/>Mavnalar, takalar, koca koca gemiler,<br \/>K\u00f6pr\u00fcden g\u00fcnde kimbilir ka\u00e7 insan ge\u00e7er<br \/>Denizde bal\u0131klar g\u00fczel, havada ku\u015flar<br \/>Bir g\u00fcl\u00fc\u015f\u00fc kar\u0131m\u0131n, sevdam\u0131 yeniler.<br \/>Denizlerin kumuyum, bal\u0131klar\u0131n puluyum<br \/>Ad\u0131m Turgut, kendim \u0130stanbulluyum<br \/>Ben Allah\u0131n bir sevdal\u0131 kuluyum<br \/>\u00dcsk\u00fcdara ge\u00e7erken bir ya\u011fmur almad\u0131 ama<br \/>Bir g\u00fczel yaz g\u00fcn\u00fc Kad\u0131k\u00f6y vapurunda<br \/>Japone kollu bir k\u0131z akl\u0131m\u0131 ald\u0131.<br \/>Bak\u0131\u015ft\u0131k, g\u00fcl\u00fc\u015ft\u00fck, ho\u015fland\u0131k<br \/>Derken o yoluna gitti, ben evime&#8230;<br \/>Bizim ev iki oda, bir sofa<br \/>Evsahibi ayda yetmi\u015f lira al\u0131r.<br \/>Kap\u0131da atnal\u0131ndan, sarm\u0131saktan bir nazarl\u0131k<br \/>\u00d6n\u00fcm\u00fczde kaleler, arkas\u0131 mezarl\u0131k.<br \/>G\u00fcn olur \u00e7oluk \u00e7ocu\u011funla bir bakars\u0131n\u0131z<br \/>G\u00fczelim vaiz soka\u011f\u0131nda benim de<br \/>Ferah, ayd\u0131nl\u0131k bir evim olur.<br \/>Bir b\u00fcy\u00fck radyo da al\u0131r, yerle\u015firim<br \/>Ge\u00e7erim pencereye ak\u015fam\u00fcstleri.<br \/>Boy boy sardunyalar, fesle\u011fenler,<br \/>Boy boy bulutlar kar\u015f\u0131mda.<br \/>Sa\u00e7a\u011f\u0131m\u0131zda bir k\u0131rlang\u0131\u00e7 yuva yapm\u0131\u015f.<br \/>Ahmet efendi ge\u00e7er, selam veririm<br \/>Bakkal \u0130brahim selam verir, al\u0131r\u0131m.<br \/>Fesle\u011fenler kokar, sardunyalar k\u0131zar\u0131r<br \/>\u0130stanbul sereserpe \u00f6n\u00fcmde geceye kar\u015f\u0131<br \/>Gemilerden, fabrikalardan d\u00fcd\u00fckler<br \/>\u015eimdi bir tren kalkar Sirkeciden bilirim.<br \/>Alacakaranl\u0131kta k\u0131p\u0131r k\u0131p\u0131r g\u00f6lgeler<br \/>Sesler gelir yak\u0131n sinema bah\u00e7esinden<br \/>Bir ho\u015f olurum.<\/p>\n<p>Turgut UYAR<\/p>\n","protected":false},"excerpt":{"rendered":"<p>\u00a0 \u0130stanbul dediler mi benim akl\u0131ma,Vaiz soka\u011f\u0131 gelir hemen.Edirnekap\u0131 gelir, evimiz gelirK\u00f6\u015feba\u015f\u0131nda duran bir g\u00fczel k\u0131z gelir.Bilet\u00e7i zili \u00e7eker, tramvay dururBir manav, bir meyhane, iki akasyaKumrular ge\u00e7er kilisenin \u00e7an kulesindenBeyaz bulutlar ge\u00e7er&#8230;Buras\u0131 Hasan Efendinin kahvesi Edirnekap\u0131da,Bu ta\u015f\u00e7\u0131 Kemal, \u00e7ocukluk arkada\u015f\u0131m.Bulutu Hali\u00e7ten, r\u00fczgar\u0131 Bo\u011faz\u2019danBir bayg\u0131n g\u00fcn i\u00e7indeyiz, yazdan.\u201cD\u00f6rt c\u0131har, sebayid\u00fc, penc\u00fcseAk\u015fam olur, g\u00fcne\u015f batar nerdeyse.\u201dP\u0131r\u0131l p\u0131r\u0131l [&hellip;]<\/p>\n","protected":false},"author":1,"featured_media":0,"comment_status":"open","ping_status":"open","sticky":false,"template":"","format":"standard","meta":{"footnotes":""},"categories":[65],"tags":[],"class_list":{"0":"post-1216","1":"post","2":"type-post","3":"status-publish","4":"format-standard","6":"category-turgut-uyar"},"yoast_head":"<!-- This site is optimized with the Yoast SEO Premium plugin v24.9 (Yoast SEO v24.9) - https:\/\/yoast.com\/wordpress\/plugins\/seo\/ -->\n<title>ED\u0130RNEKAPI \u00dcST\u00dcNE \u015e\u0130\u0130R - narteks.net<\/title>\n<meta name=\"robots\" content=\"index, follow, max-snippet:-1, max-image-preview:large, max-video-preview:-1\" \/>\n<link rel=\"canonical\" href=\"https:\/\/narteks.net\/index.php\/2009\/11\/06\/edirnekapi-ustune-siir\/\" \/>\n<meta property=\"og:locale\" content=\"tr_TR\" \/>\n<meta property=\"og:type\" content=\"article\" \/>\n<meta property=\"og:title\" content=\"ED\u0130RNEKAPI \u00dcST\u00dcNE \u015e\u0130\u0130R\" \/>\n<meta property=\"og:description\" content=\"\u00a0 \u0130stanbul dediler mi benim akl\u0131ma,Vaiz soka\u011f\u0131 gelir hemen.Edirnekap\u0131 gelir, evimiz gelirK\u00f6\u015feba\u015f\u0131nda duran bir g\u00fczel k\u0131z gelir.Bilet\u00e7i zili \u00e7eker, tramvay dururBir manav, bir meyhane, iki akasyaKumrular ge\u00e7er kilisenin \u00e7an kulesindenBeyaz bulutlar ge\u00e7er&#8230;Buras\u0131 Hasan Efendinin kahvesi Edirnekap\u0131da,Bu ta\u015f\u00e7\u0131 Kemal, \u00e7ocukluk arkada\u015f\u0131m.Bulutu Hali\u00e7ten, r\u00fczgar\u0131 Bo\u011faz\u2019danBir bayg\u0131n g\u00fcn i\u00e7indeyiz, yazdan.\u201cD\u00f6rt c\u0131har, sebayid\u00fc, penc\u00fcseAk\u015fam olur, g\u00fcne\u015f batar nerdeyse.\u201dP\u0131r\u0131l p\u0131r\u0131l [&hellip;]\" \/>\n<meta property=\"og:url\" content=\"https:\/\/narteks.net\/index.php\/2009\/11\/06\/edirnekapi-ustune-siir\/\" \/>\n<meta property=\"og:site_name\" content=\"narteks.net\" \/>\n<meta property=\"article:published_time\" content=\"2009-11-06T08:04:59+00:00\" \/>\n<meta property=\"og:image\" content=\"https:\/\/narteks.net\/wp-content\/uploads\/narteks.png\" \/>\n\t<meta property=\"og:image:width\" content=\"300\" \/>\n\t<meta property=\"og:image:height\" content=\"90\" \/>\n\t<meta property=\"og:image:type\" content=\"image\/png\" \/>\n<meta name=\"author\" content=\"Tar\u0131k\" \/>\n<meta name=\"twitter:card\" content=\"summary_large_image\" \/>\n<meta name=\"twitter:creator\" content=\"@narteks\" \/>\n<meta name=\"twitter:site\" content=\"@narteks\" \/>\n<meta name=\"twitter:label1\" content=\"Yazan:\" \/>\n\t<meta name=\"twitter:data1\" content=\"Tar\u0131k\" \/>\n\t<meta name=\"twitter:label2\" content=\"Tahmini okuma s\u00fcresi\" \/>\n\t<meta name=\"twitter:data2\" content=\"2 dakika\" \/>\n<script type=\"application\/ld+json\" class=\"yoast-schema-graph\">{\"@context\":\"https:\/\/schema.org\",\"@graph\":[{\"@type\":\"Article\",\"@id\":\"https:\/\/narteks.net\/index.php\/2009\/11\/06\/edirnekapi-ustune-siir\/#article\",\"isPartOf\":{\"@id\":\"https:\/\/narteks.net\/index.php\/2009\/11\/06\/edirnekapi-ustune-siir\/\"},\"author\":{\"name\":\"Tar\u0131k\",\"@id\":\"https:\/\/narteks.net\/#\/schema\/person\/61f37d9834294b72d31d274e7ed79bca\"},\"headline\":\"ED\u0130RNEKAPI \u00dcST\u00dcNE \u015e\u0130\u0130R\",\"datePublished\":\"2009-11-06T08:04:59+00:00\",\"mainEntityOfPage\":{\"@id\":\"https:\/\/narteks.net\/index.php\/2009\/11\/06\/edirnekapi-ustune-siir\/\"},\"wordCount\":449,\"commentCount\":0,\"publisher\":{\"@id\":\"https:\/\/narteks.net\/#organization\"},\"articleSection\":[\"Turgut UYAR\"],\"inLanguage\":\"tr\",\"potentialAction\":[{\"@type\":\"CommentAction\",\"name\":\"Comment\",\"target\":[\"https:\/\/narteks.net\/index.php\/2009\/11\/06\/edirnekapi-ustune-siir\/#respond\"]}]},{\"@type\":\"WebPage\",\"@id\":\"https:\/\/narteks.net\/index.php\/2009\/11\/06\/edirnekapi-ustune-siir\/\",\"url\":\"https:\/\/narteks.net\/index.php\/2009\/11\/06\/edirnekapi-ustune-siir\/\",\"name\":\"ED\u0130RNEKAPI \u00dcST\u00dcNE \u015e\u0130\u0130R - narteks.net\",\"isPartOf\":{\"@id\":\"https:\/\/narteks.net\/#website\"},\"datePublished\":\"2009-11-06T08:04:59+00:00\",\"breadcrumb\":{\"@id\":\"https:\/\/narteks.net\/index.php\/2009\/11\/06\/edirnekapi-ustune-siir\/#breadcrumb\"},\"inLanguage\":\"tr\",\"potentialAction\":[{\"@type\":\"ReadAction\",\"target\":[\"https:\/\/narteks.net\/index.php\/2009\/11\/06\/edirnekapi-ustune-siir\/\"]}]},{\"@type\":\"BreadcrumbList\",\"@id\":\"https:\/\/narteks.net\/index.php\/2009\/11\/06\/edirnekapi-ustune-siir\/#breadcrumb\",\"itemListElement\":[{\"@type\":\"ListItem\",\"position\":1,\"name\":\"Anasayfa\",\"item\":\"https:\/\/narteks.net\/\"},{\"@type\":\"ListItem\",\"position\":2,\"name\":\"ED\u0130RNEKAPI \u00dcST\u00dcNE \u015e\u0130\u0130R\"}]},{\"@type\":\"WebSite\",\"@id\":\"https:\/\/narteks.net\/#website\",\"url\":\"https:\/\/narteks.net\/\",\"name\":\"narteks.net\",\"description\":\"K\u00fclt\u00fcr Sanat Edebiyat Felsefe\",\"publisher\":{\"@id\":\"https:\/\/narteks.net\/#organization\"},\"alternateName\":\"K\u00fclt\u00fcr Sanat Edebiyat Felsefe\",\"potentialAction\":[{\"@type\":\"SearchAction\",\"target\":{\"@type\":\"EntryPoint\",\"urlTemplate\":\"https:\/\/narteks.net\/?s={search_term_string}\"},\"query-input\":{\"@type\":\"PropertyValueSpecification\",\"valueRequired\":true,\"valueName\":\"search_term_string\"}}],\"inLanguage\":\"tr\"},{\"@type\":\"Organization\",\"@id\":\"https:\/\/narteks.net\/#organization\",\"name\":\"narteks.net\",\"url\":\"https:\/\/narteks.net\/\",\"logo\":{\"@type\":\"ImageObject\",\"inLanguage\":\"tr\",\"@id\":\"https:\/\/narteks.net\/#\/schema\/logo\/image\/\",\"url\":\"https:\/\/narteks.net\/wp-content\/uploads\/narteks.png\",\"contentUrl\":\"https:\/\/narteks.net\/wp-content\/uploads\/narteks.png\",\"width\":300,\"height\":90,\"caption\":\"narteks.net\"},\"image\":{\"@id\":\"https:\/\/narteks.net\/#\/schema\/logo\/image\/\"},\"sameAs\":[\"https:\/\/x.com\/narteks\",\"https:\/\/instagram.com\/narteksnet\"]},{\"@type\":\"Person\",\"@id\":\"https:\/\/narteks.net\/#\/schema\/person\/61f37d9834294b72d31d274e7ed79bca\",\"name\":\"Tar\u0131k\",\"image\":{\"@type\":\"ImageObject\",\"inLanguage\":\"tr\",\"@id\":\"https:\/\/narteks.net\/#\/schema\/person\/image\/\",\"url\":\"https:\/\/secure.gravatar.com\/avatar\/50865afb55632c4ae467e0af0930f6510aa2297d8014be502a55b14f3b7550cf?s=96&d=mm&r=g\",\"contentUrl\":\"https:\/\/secure.gravatar.com\/avatar\/50865afb55632c4ae467e0af0930f6510aa2297d8014be502a55b14f3b7550cf?s=96&d=mm&r=g\",\"caption\":\"Tar\u0131k\"},\"sameAs\":[\"http:\/\/narteks.net\"],\"url\":\"https:\/\/narteks.net\/index.php\/author\/narbak\/\"}]}<\/script>\n<!-- \/ Yoast SEO Premium plugin. -->","yoast_head_json":{"title":"ED\u0130RNEKAPI \u00dcST\u00dcNE \u015e\u0130\u0130R - narteks.net","robots":{"index":"index","follow":"follow","max-snippet":"max-snippet:-1","max-image-preview":"max-image-preview:large","max-video-preview":"max-video-preview:-1"},"canonical":"https:\/\/narteks.net\/index.php\/2009\/11\/06\/edirnekapi-ustune-siir\/","og_locale":"tr_TR","og_type":"article","og_title":"ED\u0130RNEKAPI \u00dcST\u00dcNE \u015e\u0130\u0130R","og_description":"\u00a0 \u0130stanbul dediler mi benim akl\u0131ma,Vaiz soka\u011f\u0131 gelir hemen.Edirnekap\u0131 gelir, evimiz gelirK\u00f6\u015feba\u015f\u0131nda duran bir g\u00fczel k\u0131z gelir.Bilet\u00e7i zili \u00e7eker, tramvay dururBir manav, bir meyhane, iki akasyaKumrular ge\u00e7er kilisenin \u00e7an kulesindenBeyaz bulutlar ge\u00e7er&#8230;Buras\u0131 Hasan Efendinin kahvesi Edirnekap\u0131da,Bu ta\u015f\u00e7\u0131 Kemal, \u00e7ocukluk arkada\u015f\u0131m.Bulutu Hali\u00e7ten, r\u00fczgar\u0131 Bo\u011faz\u2019danBir bayg\u0131n g\u00fcn i\u00e7indeyiz, yazdan.\u201cD\u00f6rt c\u0131har, sebayid\u00fc, penc\u00fcseAk\u015fam olur, g\u00fcne\u015f batar nerdeyse.\u201dP\u0131r\u0131l p\u0131r\u0131l [&hellip;]","og_url":"https:\/\/narteks.net\/index.php\/2009\/11\/06\/edirnekapi-ustune-siir\/","og_site_name":"narteks.net","article_published_time":"2009-11-06T08:04:59+00:00","og_image":[{"width":300,"height":90,"url":"https:\/\/narteks.net\/wp-content\/uploads\/narteks.png","type":"image\/png"}],"author":"Tar\u0131k","twitter_card":"summary_large_image","twitter_creator":"@narteks","twitter_site":"@narteks","twitter_misc":{"Yazan:":"Tar\u0131k","Tahmini okuma s\u00fcresi":"2 dakika"},"schema":{"@context":"https:\/\/schema.org","@graph":[{"@type":"Article","@id":"https:\/\/narteks.net\/index.php\/2009\/11\/06\/edirnekapi-ustune-siir\/#article","isPartOf":{"@id":"https:\/\/narteks.net\/index.php\/2009\/11\/06\/edirnekapi-ustune-siir\/"},"author":{"name":"Tar\u0131k","@id":"https:\/\/narteks.net\/#\/schema\/person\/61f37d9834294b72d31d274e7ed79bca"},"headline":"ED\u0130RNEKAPI \u00dcST\u00dcNE \u015e\u0130\u0130R","datePublished":"2009-11-06T08:04:59+00:00","mainEntityOfPage":{"@id":"https:\/\/narteks.net\/index.php\/2009\/11\/06\/edirnekapi-ustune-siir\/"},"wordCount":449,"commentCount":0,"publisher":{"@id":"https:\/\/narteks.net\/#organization"},"articleSection":["Turgut UYAR"],"inLanguage":"tr","potentialAction":[{"@type":"CommentAction","name":"Comment","target":["https:\/\/narteks.net\/index.php\/2009\/11\/06\/edirnekapi-ustune-siir\/#respond"]}]},{"@type":"WebPage","@id":"https:\/\/narteks.net\/index.php\/2009\/11\/06\/edirnekapi-ustune-siir\/","url":"https:\/\/narteks.net\/index.php\/2009\/11\/06\/edirnekapi-ustune-siir\/","name":"ED\u0130RNEKAPI \u00dcST\u00dcNE \u015e\u0130\u0130R - narteks.net","isPartOf":{"@id":"https:\/\/narteks.net\/#website"},"datePublished":"2009-11-06T08:04:59+00:00","breadcrumb":{"@id":"https:\/\/narteks.net\/index.php\/2009\/11\/06\/edirnekapi-ustune-siir\/#breadcrumb"},"inLanguage":"tr","potentialAction":[{"@type":"ReadAction","target":["https:\/\/narteks.net\/index.php\/2009\/11\/06\/edirnekapi-ustune-siir\/"]}]},{"@type":"BreadcrumbList","@id":"https:\/\/narteks.net\/index.php\/2009\/11\/06\/edirnekapi-ustune-siir\/#breadcrumb","itemListElement":[{"@type":"ListItem","position":1,"name":"Anasayfa","item":"https:\/\/narteks.net\/"},{"@type":"ListItem","position":2,"name":"ED\u0130RNEKAPI \u00dcST\u00dcNE \u015e\u0130\u0130R"}]},{"@type":"WebSite","@id":"https:\/\/narteks.net\/#website","url":"https:\/\/narteks.net\/","name":"narteks.net","description":"K\u00fclt\u00fcr Sanat Edebiyat Felsefe","publisher":{"@id":"https:\/\/narteks.net\/#organization"},"alternateName":"K\u00fclt\u00fcr Sanat Edebiyat Felsefe","potentialAction":[{"@type":"SearchAction","target":{"@type":"EntryPoint","urlTemplate":"https:\/\/narteks.net\/?s={search_term_string}"},"query-input":{"@type":"PropertyValueSpecification","valueRequired":true,"valueName":"search_term_string"}}],"inLanguage":"tr"},{"@type":"Organization","@id":"https:\/\/narteks.net\/#organization","name":"narteks.net","url":"https:\/\/narteks.net\/","logo":{"@type":"ImageObject","inLanguage":"tr","@id":"https:\/\/narteks.net\/#\/schema\/logo\/image\/","url":"https:\/\/narteks.net\/wp-content\/uploads\/narteks.png","contentUrl":"https:\/\/narteks.net\/wp-content\/uploads\/narteks.png","width":300,"height":90,"caption":"narteks.net"},"image":{"@id":"https:\/\/narteks.net\/#\/schema\/logo\/image\/"},"sameAs":["https:\/\/x.com\/narteks","https:\/\/instagram.com\/narteksnet"]},{"@type":"Person","@id":"https:\/\/narteks.net\/#\/schema\/person\/61f37d9834294b72d31d274e7ed79bca","name":"Tar\u0131k","image":{"@type":"ImageObject","inLanguage":"tr","@id":"https:\/\/narteks.net\/#\/schema\/person\/image\/","url":"https:\/\/secure.gravatar.com\/avatar\/50865afb55632c4ae467e0af0930f6510aa2297d8014be502a55b14f3b7550cf?s=96&d=mm&r=g","contentUrl":"https:\/\/secure.gravatar.com\/avatar\/50865afb55632c4ae467e0af0930f6510aa2297d8014be502a55b14f3b7550cf?s=96&d=mm&r=g","caption":"Tar\u0131k"},"sameAs":["http:\/\/narteks.net"],"url":"https:\/\/narteks.net\/index.php\/author\/narbak\/"}]}},"_links":{"self":[{"href":"https:\/\/narteks.net\/index.php\/wp-json\/wp\/v2\/posts\/1216","targetHints":{"allow":["GET"]}}],"collection":[{"href":"https:\/\/narteks.net\/index.php\/wp-json\/wp\/v2\/posts"}],"about":[{"href":"https:\/\/narteks.net\/index.php\/wp-json\/wp\/v2\/types\/post"}],"author":[{"embeddable":true,"href":"https:\/\/narteks.net\/index.php\/wp-json\/wp\/v2\/users\/1"}],"replies":[{"embeddable":true,"href":"https:\/\/narteks.net\/index.php\/wp-json\/wp\/v2\/comments?post=1216"}],"version-history":[{"count":0,"href":"https:\/\/narteks.net\/index.php\/wp-json\/wp\/v2\/posts\/1216\/revisions"}],"wp:attachment":[{"href":"https:\/\/narteks.net\/index.php\/wp-json\/wp\/v2\/media?parent=1216"}],"wp:term":[{"taxonomy":"category","embeddable":true,"href":"https:\/\/narteks.net\/index.php\/wp-json\/wp\/v2\/categories?post=1216"},{"taxonomy":"post_tag","embeddable":true,"href":"https:\/\/narteks.net\/index.php\/wp-json\/wp\/v2\/tags?post=1216"}],"curies":[{"name":"wp","href":"https:\/\/api.w.org\/{rel}","templated":true}]}}