{"id":1221,"date":"2009-11-06T11:12:08","date_gmt":"2009-11-06T08:12:08","guid":{"rendered":"http:\/\/localhost\/wordpress\/2009\/11\/06\/akcaburgazli-yektanin-mahkeme-kararini-aldiginda-soyledigi-mezmurdur\/"},"modified":"2009-11-06T11:12:08","modified_gmt":"2009-11-06T08:12:08","slug":"akcaburgazli-yektanin-mahkeme-kararini-aldiginda-soyledigi-mezmurdur","status":"publish","type":"post","link":"https:\/\/narteks.net\/index.php\/2009\/11\/06\/akcaburgazli-yektanin-mahkeme-kararini-aldiginda-soyledigi-mezmurdur\/","title":{"rendered":"AK\u00c7ABURGAZLI YEKTA&#8217;NIN MAHKEME KARARINI ALDI\u011eINDA S\u00d6YLED\u0130\u011e\u0130 MEZMURDUR"},"content":{"rendered":"<p>\u00a0<\/p>\n<p>\u00d6nce onlar\u0131n yan\u0131nda \u00e7ok iyi y\u00fcz g\u00f6rd\u00fcm.<\/p>\n<p>Beni kap\u0131dan kar\u015f\u0131lay\u0131p a\u011f\u0131rlarlard\u0131.<br \/>Sofralar\u0131na konuk ederlerdi.<br \/>Onlar iki ki\u015fiydi ben birdim.<br \/>Bana elmadan s\u0131k\u0131lm\u0131\u015f so\u011fuk sular sunarlard\u0131. Kap\u0131lar\u0131n\u0131 kap\u0131m bellemi\u015ftim.<br \/>Evlerinde oturacak yerim vard\u0131.<br \/>\u00d6nce onlar\u0131n yan\u0131nda \u00e7ok iyi y\u00fcz g\u00f6rd\u00fcm.<br \/>Evleri g\u00fcr\u00fclt\u00fcl\u00fc \u015fehirden iki bin ayak uzaktayd\u0131.<br \/>Tahtadan yap\u0131lm\u0131\u015ft\u0131.<br \/>Beni kap\u0131dan al\u0131rlard\u0131, -ho\u015f geldin- derlerdi, onlar\u0131 sevindirirdim.<br \/>Birlikte ya\u015f\u0131yorlard\u0131, \u00e7ocuksuzdular.<br \/>Birinin ad\u0131 G\u00fclbeyaz&#8217;d\u0131, o kad\u0131nd\u0131, \u00f6b\u00fcr\u00fcn\u00fcn ad\u0131 Sinan&#8217;d\u0131, o erkekti.<br \/>Ben otuzunda Yekta&#8217;yd\u0131m,<\/p>\n<p>Ak\u00e7aburgazl\u0131y\u0131m, oradan geldim,<br \/>Herkes bir yerlidir \u00e7\u00fcnk\u00fc, Ben, Yekta bunu pek ho\u015f buluyordum.<br \/>Sonra az \u0131\u015f\u0131kl\u0131 odalar\u0131na \u00e7\u0131kard\u0131k. Bana yeniden -ho\u015f geldin Yekta, bizi<br \/>sevindirdin senin yan\u0131nda bir\u00e7ok \u015feyleri hat\u0131rl\u0131yoruz- derlerdi. Serin<br \/>\u00f6rt\u00fcl\u00fc minderlere oturmak i\u00e7in ayakta dururduk. Beklerdik, Perdeleri<br \/>beyaz nak\u0131\u015fl\u0131 olurdu. Hal\u0131lar\u0131 b\u00fct\u00fcn odan\u0131n d\u00f6\u015femesini usulca mor mor<br \/>\u00f6rterdi. Patl\u0131can \u00f6rnekleri ve turuncu g\u00fcne\u015fler vard\u0131 \u00fcst\u00fcnde.<br \/>Birden hepimizin akl\u0131na o denizler gelirdi. Ayakta durmay\u0131 istemezdik. Serin<br \/>\u00f6rt\u00fcl\u00fc minderlere otururduk.<br \/>Bana -serin \u00f6rt\u00fcl\u00fc minderlerimizin \u00fcst\u00fcne otur- derlerdi.<br \/>Bana elmadan s\u0131k\u0131lm\u0131\u015f so\u011fuk sular sunarlard\u0131. Evlerinde oturacak yerim vard\u0131.<br \/>T\u00fct\u00fcn sunarlard\u0131.<br \/>Bir dinlenme zaman\u0131 kadar birbirimizi duyard\u0131k. Al\u0131\u015fmak i\u00e7in zorluk \u00e7ekmezdik.<\/p>\n<p>\u00c7\u00fcnk\u00fc kar\u015f\u0131t yerlerimiz kalmam\u0131\u015ft\u0131 bilirdik. Girintilerimiz \u00e7\u0131k\u0131nt\u0131lar\u0131m\u0131z<br \/>uygundu. Sussak da ses \u00e7\u0131karmazd\u0131k.<br \/>Karanl\u0131k her yere girerdi. \u00c7\u00fcnk\u00fc her yerde gece olur, Ben, Yekta bunu pek ho\u015f<br \/>buluyordum.<br \/>Karanl\u0131k, serin \u00f6rt\u00fcl\u00fc minderleri sarmalayan az \u0131\u015f\u0131kl\u0131l\u0131\u011f\u0131 altedemezdi. \u00c7\u00fcnk\u00fc<br \/>biz \u00f6yle bellemi\u015ftik. Hal\u0131 da az \u0131\u015f\u0131kl\u0131 kal\u0131rd\u0131, onun g\u00fcne\u015fleri,<br \/>patl\u0131canlar\u0131 da, minderlerin serinli\u011fi de. Az \u0131\u015f\u0131k, bizim, yani onlar\u0131n ve<br \/>benim, Yekta&#8217;n\u0131n, ka\u00e7t\u0131\u011f\u0131m\u0131z yer de\u011fildi. Birbirimizin \u0131\u015f\u0131ktan ka\u00e7\u0131racak yerlerimiz yoktu. Az \u0131\u015f\u0131kta da \u00e7ok \u0131\u015f\u0131kta da de\u011fi\u015fmezdik. Hep t\u0131pk\u0131<br \/>kal\u0131rd\u0131k.<br \/>Orda bulu\u015fmay\u0131 severdik yaln\u0131z.<br \/>Sar\u0131 bir ku\u015flar\u0131 vard\u0131.<br \/>Ad\u0131na kanarya derlerdi. K\u00fc\u00e7\u00fck bir kafeste oday\u0131 doldururdu.<br \/>\u00abAma ben onlar\u0131n \u00f6l\u00fcml\u00fc, yan\u0131lgan insan,<br \/>Ge\u00e7en ve bir daha geri gelmeyen bir r\u00fczg\u00e2r<br \/>olduklar\u0131n\u0131 unuttum.\u00bb<br \/>\u00c7\u00fcnk\u00fc unutmak bana g\u00f6reydi.<br \/>\u00c7\u00fcnk\u00fc ben de \u00f6l\u00fcml\u00fcyd\u00fcm. Ben, Yekta, bunu pek ho\u015f buluyordum.<br \/>Bu unutmak de\u011fildi, i\u00e7inde olmakt\u0131 onun.<br \/>\u00d6nceleri daha iyi mi idi, bilmiyorum.<br \/>Gidip geldi\u011fim,<br \/>Duruldu\u011fum koyu geceler vard\u0131. Y\u0131k\u0131k de\u011fildim.<br \/>Y\u0131k\u0131l\u0131p yeniden kurulmam\u0131\u015ft\u0131m ama, y\u0131k\u0131k de\u011fildim.<br \/>Gaz l\u00e2mbalar\u0131 yakard\u0131k,<br \/>Ensiz \u00e7alg\u0131lar \u00e7alard\u0131k geceye.<br \/>Tekli\u011fimiz ay\u0131\u015f\u0131\u011f\u0131na bo\u011fulur giderdi.<br \/>Teker teker \u00fc\u00e7er ki\u015fi olurduk. \u00d6yle de iyiydi.<br \/>Ben ona, G\u00fclbeyaz kad\u0131na, eski yaln\u0131zl\u0131\u011f\u0131m\u0131 s\u00f6ylerdim.<br \/>Ben s\u00f6yledik\u00e7e eskirdi,<br \/>Uzakla\u015f\u0131rd\u0131.<br \/>Onunla. G\u00fclbeyaz&#8217;la bak\u0131\u015f\u0131r \u0131s\u0131n\u0131rd\u0131k.<br \/>Sonra yan\u0131lgan insanl\u0131\u011f\u0131m ba\u015flad\u0131.<br \/>Birinde \u00fc\u00e7 gece d\u00f6rt g\u00fcnd\u00fcz orada, evde kald\u0131m.<br \/>\u00dc\u00e7 gece d\u00f6rt g\u00fcnd\u00fcz Sinan&#8217;\u0131n yata\u011f\u0131nda kald\u0131m.<br \/>G\u00fclbeyaz&#8217;la Allan\u0131n emri olduk.<br \/>Ne o beni kand\u0131rm\u0131\u015ft\u0131,<br \/>Ne ben onu ba\u015ftan \u00e7\u0131karm\u0131\u015ft\u0131m. \u0130kimiz de bildiklerimizin \u00f6tesine,<br \/>bulduklar\u0131m\u0131z\u0131n \u00fcst\u00fcne \u00e7\u0131kmak istemi\u015ftik. Bir noksanl\u0131\u011f\u0131 vard\u0131 san\u0131yorduk<br \/>b\u00fct\u00fcn olanlar\u0131n belki. Ama asl\u0131nda b\u00fct\u00fcnl\u00fcklerimize bahaneydik. Sinan<br \/>uzaktayd\u0131. Sinan \u00e7emberimizin d\u0131\u015f\u0131ndayd\u0131. Sonra ne bulduk.<br \/>S\u00fcregeldik\u00e7e kutsal gibi,<br \/>Kesildik\u00e7e kirli, utand\u0131r\u0131c\u0131.<br \/>Ama utanc\u0131ndan ka\u00e7may\u0131 biliyorduk.<br \/>Kutsal gibili\u011fi \u00fc\u00e7 gece d\u00f6rt g\u00fcnd\u00fcz kurtlar gibi bizi kovalad\u0131.<br \/>Sonunda \u00f6yle bulduk.<br \/>Utand\u0131r\u0131c\u0131l\u0131\u011f\u0131 \u00f6b\u00fcr insanlardan de\u011fildi.<br \/>Kar\u015f\u0131la\u015ft\u0131rmadan de\u011fildi.<br \/>Birdenbire kendi bo\u015flu\u011fundand\u0131,<br \/>Gelip ge\u00e7en avutuculu\u011fundand\u0131. Beklemesi vard\u0131.<br \/>Kanaryay\u0131 g\u00f6rmek ayaklar\u0131m\u0131z\u0131 dola\u015ft\u0131r\u0131yordu.<br \/>Minderler serin de\u011fildi art\u0131k. Ben, Yekta, bunu pek ho\u015f bulmuyordum.<br \/>Ama d\u00f6rd\u00fcnc\u00fc gecenin yaln\u0131z sabah\u0131nda yine,<br \/>O, G\u00fclbeyaz<br \/>Benim ilk akl\u0131ma gelendi.<br \/>O k\u0131y\u0131daki denizlerin mavi\u015fiydi art\u0131k.<br \/>\u00d6nce ve birden de\u011fi\u015fen da\u011flar oldu.<br \/>\u0130stemek ve vermek ba\u015flam\u0131\u015ft\u0131 \u00e7\u00fcnk\u00fc.<br \/>Alamamak ba\u015flam\u0131\u015ft\u0131 \u00e7\u00fcnk\u00fc.<br \/>Gitgide d\u00fczelirdi biliyorduk.<br \/>Bunu bekliyorduk.<br \/>Yeni yeni yerler bulmu\u015ftuk birbirimizde<br \/>Onunla, yani G\u00fclbeyaz&#8217;la ben.<br \/>Kaybetti\u011fimizi bir zaman unuttururdu.<br \/>Bir zaman yerine yenilerini koyard\u0131<br \/>Art\u0131k \u00e7ok \u0131\u015f\u0131ktan ka\u00e7\u0131yorduk. Gizleyecek yerlerimiz olmu\u015ftu birbirimizden.<br \/>Hem ikimizin ondan, yani Sinan&#8217;dan, hem birbirimizden.<br \/>Yine bir eksikli\u011fimiz tamamlanm\u0131\u015ft\u0131 galiba. \u0130yice se\u00e7emiyorduk ama,<br \/>anl\u0131yorduk. Uzun yaz gecelerinin durgunlu\u011funu, geni\u015f yapraklar\u0131n\u0131n sal\u0131nt\u0131s\u0131<br \/>ile tamamlayan gizli bitkiler gibiydik. Ka\u00e7mam\u0131z tel\u00e2\u015fl\u0131 de\u011fil<br \/>sevindiriciydi \u00f6nce. Ben o zaman, Tanr\u0131n\u0131n, benim yap\u0131ma katt\u0131\u011f\u0131 tatlar\u0131n,<br \/>bende \u00f6tedenberi durmakta oldu\u011funu, daha \u00f6telere kadar da durmakta<br \/>s\u00fcregidece\u011fini farkettim. Bu beni kendi yan\u0131mda y\u00fcceltiyordu. G\u00fclbeyaz<\/p>\n<p>benim topra\u011f\u0131m\u0131 i\u015fleyen, kazmayd\u0131. G\u00fcnah olamazd\u0131 yapt\u0131\u011f\u0131m\u0131z. Ben onun \u00e7eli\u011fine<br \/>g\u00f6reydim ancak. Biz her \u015feye inanm\u0131\u015ft\u0131k. Her \u015fey bizi inand\u0131r\u0131yordu ama,<br \/>O&#8217;nun, G\u00fclbeyaz&#8217;\u0131n yan\u0131na art\u0131k,<br \/>Serin minderlerde oturmaya gitmiyordum.<br \/>Ak\u015fam\u00fcstleri yak\u0131c\u0131 k\u0131rlardan suvata inen k\u0131r hayvanlar\u0131 gibi gidiyordum.<br \/>Kap\u0131lar\u0131 benim \u00e7e\u015fmemdi.<br \/>Ekme\u011fimi edindi\u011fim ocakt\u0131.<br \/>Bir bu benim dengemi sars\u0131yordu.<br \/>Beni. ate\u015f s\u0131ca\u011f\u0131nda kavuruyordu.<br \/>Suvata inen yan\u0131k k\u0131r hayvanlar\u0131 gibi gitmemeliydim.<br \/>Kap\u0131s\u0131 ekme\u011fimi edindi\u011fim ocak olmamal\u0131yd\u0131.<br \/>Benim bu kavurgan san\u0131lar\u0131n\u0131 belki gizledi\u011fimizdendi.<br \/>\u0130nand\u0131\u011f\u0131m\u0131 kurtarmal\u0131yd\u0131m.<br \/>Beni bulup \u00e7\u0131karan, ekleyip b\u00fct\u00fcnleyen,<br \/>Bu duyguyu -Kurtulursa e\u011fer bu g\u00fc\u00e7l\u00fcl\u00fckt\u00fc-<br \/>Ar\u0131 duru etmeliydim, temizlemeliydim.<br \/>\u00d6nce onlardan \u00e7ok iyi y\u00fcz g\u00f6rd\u00fcm.<br \/>Beni elimden tutar belliyordum.<br \/>Ona, Sinan&#8217;a -Bizi kov- dedim.<br \/>Onun kovdu\u011fu bizi \u00f6deyecekti.<br \/>Onun g\u00f6z\u00fcnde kovulmu\u015f olacakt\u0131k ama, biz kendimizi kutsanm\u0131\u015f belleyecektik.<br \/>O, Sinan bizi kovmad\u0131.<br \/>\u0130nsanlar\u0131n adaletini, yani \u00f6c\u00fc, aramaya ba\u015fvurdu.<br \/>Bizi yakalad\u0131lar.<br \/>Yani G\u00fclbeyaz&#8217;\u0131 ve beni, Beni. Ak\u00e7aburgaz&#8217;l\u0131 Yekta&#8217;y\u0131. otuzunda.<br \/>Yarg\u0131\u00e7lar\u0131n kat\u0131na diktiler umudum nerdedir.<br \/>Bizim inanarak etti\u011fimizi yerlere \u00e7ald\u0131lar, ululu\u011fu nerdedir.<br \/>Biz onu bulmu\u015ftuk, t\u00fck\u00fcrd\u00fcler.<br \/>Bizi kirlettiler, yaz\u0131klar oldu bize.<br \/>Benim donumu ve G\u00fclbeyaz&#8217;\u0131n donunu<br \/>Ve yatt\u0131\u011f\u0131m\u0131z yata\u011f\u0131n \u00f6rt\u00fcs\u00fcn\u00fc<br \/>Y\u00fcreksiz ki\u015filere g\u00f6sterip onlar\u0131 g\u00fcld\u00fcrd\u00fcler.<br \/>Halbuki biz o \u00f6rt\u00fclerde yatarken,<br \/>Akl\u0131m\u0131z en ulu yerlerdeydi g\u00fcc\u00fcm\u00fcz.<br \/>Biz o zaman yapt\u0131klar\u0131m\u0131z\u0131n g\u00fcnah\u0131n\u0131 de\u011fil, y\u00fcceli\u011fini biliyorduk. Bu, iki<br \/>g\u00fcc\u00fcn bir yeniye varmas\u0131, bir yeni yaratmas\u0131yd\u0131. Bu \u00e7iftle\u015fme de\u011fil<br \/>tekle\u015fmeydi. Tekle\u015fmenin bir y\u00f6n\u00fcyd\u00fc. Yaz\u0131k bize. O zaman b\u00fct\u00fcn insanlara<br \/>inan\u0131yorduk. Y\u0131kmak istediler y\u0131kt\u0131lar. Yaz\u0131k bize. Herkesin bir g\u00fcn<br \/>a\u011flayabilece\u011fi, herkesin varamad\u0131\u011f\u0131 i\u00e7in kutsall\u0131\u011f\u0131n\u0131 bulamad\u0131\u011f\u0131 bir yere g\u00f6t\u00fcr\u00fcp, y\u00fcreksizleri g\u00fcld\u00fcrd\u00fcler, bizi al\u00e7alt\u0131p a\u011flatt\u0131lar. Yaz\u0131k bize.<br \/>Olsun yapt\u0131lar \u015fimdi kime s\u0131\u011f\u0131nal\u0131m.<br \/>Nereye gitsek o y\u0131k\u0131nt\u0131 bizimle art\u0131k.<br \/>Yeniden kursak korkar\u0131z.<br \/>Bu y\u0131k\u0131nt\u0131 toz duman. Donumuzu g\u00f6sterdiler.<br \/>Yaz\u0131k bize \u015fimdi nereyi tutal\u0131m.<br \/>Hangi yolu belleyip oraya d\u00fc\u015felim.<br \/>\u00d6nceleri onlardan iyi y\u00fcz g\u00f6r\u00fcrd\u00fcm<br \/>Bana elmadan s\u0131k\u0131lm\u0131\u015f sular sunarlard\u0131.<br \/>Serin minderleri vard\u0131, Ben, Ak\u00e7aburgaz&#8217;l\u0131 Yekta, Cahil \u00e7ocuksuz, bunlar\u0131<br \/>pek ho\u015f bulurdum.<br \/>Yan\u0131lmad\u0131m pi\u015fman de\u011filim bu da vard\u0131.<\/p>\n<p>Turgut UYAR<\/p>\n","protected":false},"excerpt":{"rendered":"<p>\u00a0 \u00d6nce onlar\u0131n yan\u0131nda \u00e7ok iyi y\u00fcz g\u00f6rd\u00fcm. Beni kap\u0131dan kar\u015f\u0131lay\u0131p a\u011f\u0131rlarlard\u0131.Sofralar\u0131na konuk ederlerdi.Onlar iki ki\u015fiydi ben birdim.Bana elmadan s\u0131k\u0131lm\u0131\u015f so\u011fuk sular sunarlard\u0131. Kap\u0131lar\u0131n\u0131 kap\u0131m bellemi\u015ftim.Evlerinde oturacak yerim vard\u0131.\u00d6nce onlar\u0131n yan\u0131nda \u00e7ok iyi y\u00fcz g\u00f6rd\u00fcm.Evleri g\u00fcr\u00fclt\u00fcl\u00fc \u015fehirden iki bin ayak uzaktayd\u0131.Tahtadan yap\u0131lm\u0131\u015ft\u0131.Beni kap\u0131dan al\u0131rlard\u0131, -ho\u015f geldin- derlerdi, onlar\u0131 sevindirirdim.Birlikte ya\u015f\u0131yorlard\u0131, \u00e7ocuksuzdular.Birinin ad\u0131 G\u00fclbeyaz&#8217;d\u0131, o kad\u0131nd\u0131, [&hellip;]<\/p>\n","protected":false},"author":1,"featured_media":0,"comment_status":"open","ping_status":"open","sticky":false,"template":"","format":"standard","meta":{"footnotes":""},"categories":[65],"tags":[],"class_list":{"0":"post-1221","1":"post","2":"type-post","3":"status-publish","4":"format-standard","6":"category-turgut-uyar"},"yoast_head":"<!-- This site is optimized with the Yoast SEO Premium plugin v24.9 (Yoast SEO v24.9) - https:\/\/yoast.com\/wordpress\/plugins\/seo\/ -->\n<title>AK\u00c7ABURGAZLI YEKTA&#039;NIN MAHKEME KARARINI ALDI\u011eINDA S\u00d6YLED\u0130\u011e\u0130 MEZMURDUR - narteks.net<\/title>\n<meta name=\"robots\" content=\"index, follow, max-snippet:-1, max-image-preview:large, max-video-preview:-1\" \/>\n<link rel=\"canonical\" href=\"https:\/\/narteks.net\/index.php\/2009\/11\/06\/akcaburgazli-yektanin-mahkeme-kararini-aldiginda-soyledigi-mezmurdur\/\" \/>\n<meta property=\"og:locale\" content=\"tr_TR\" \/>\n<meta property=\"og:type\" content=\"article\" \/>\n<meta property=\"og:title\" content=\"AK\u00c7ABURGAZLI YEKTA&#039;NIN MAHKEME KARARINI ALDI\u011eINDA S\u00d6YLED\u0130\u011e\u0130 MEZMURDUR\" \/>\n<meta property=\"og:description\" content=\"\u00a0 \u00d6nce onlar\u0131n yan\u0131nda \u00e7ok iyi y\u00fcz g\u00f6rd\u00fcm. Beni kap\u0131dan kar\u015f\u0131lay\u0131p a\u011f\u0131rlarlard\u0131.Sofralar\u0131na konuk ederlerdi.Onlar iki ki\u015fiydi ben birdim.Bana elmadan s\u0131k\u0131lm\u0131\u015f so\u011fuk sular sunarlard\u0131. Kap\u0131lar\u0131n\u0131 kap\u0131m bellemi\u015ftim.Evlerinde oturacak yerim vard\u0131.\u00d6nce onlar\u0131n yan\u0131nda \u00e7ok iyi y\u00fcz g\u00f6rd\u00fcm.Evleri g\u00fcr\u00fclt\u00fcl\u00fc \u015fehirden iki bin ayak uzaktayd\u0131.Tahtadan yap\u0131lm\u0131\u015ft\u0131.Beni kap\u0131dan al\u0131rlard\u0131, -ho\u015f geldin- derlerdi, onlar\u0131 sevindirirdim.Birlikte ya\u015f\u0131yorlard\u0131, \u00e7ocuksuzdular.Birinin ad\u0131 G\u00fclbeyaz&#8217;d\u0131, o kad\u0131nd\u0131, [&hellip;]\" \/>\n<meta property=\"og:url\" content=\"https:\/\/narteks.net\/index.php\/2009\/11\/06\/akcaburgazli-yektanin-mahkeme-kararini-aldiginda-soyledigi-mezmurdur\/\" \/>\n<meta property=\"og:site_name\" content=\"narteks.net\" \/>\n<meta property=\"article:published_time\" content=\"2009-11-06T08:12:08+00:00\" \/>\n<meta property=\"og:image\" content=\"https:\/\/narteks.net\/wp-content\/uploads\/narteks.png\" \/>\n\t<meta property=\"og:image:width\" content=\"300\" \/>\n\t<meta property=\"og:image:height\" content=\"90\" \/>\n\t<meta property=\"og:image:type\" content=\"image\/png\" \/>\n<meta name=\"author\" content=\"Tar\u0131k\" \/>\n<meta name=\"twitter:card\" content=\"summary_large_image\" \/>\n<meta name=\"twitter:creator\" content=\"@narteks\" \/>\n<meta name=\"twitter:site\" content=\"@narteks\" \/>\n<meta name=\"twitter:label1\" content=\"Yazan:\" \/>\n\t<meta name=\"twitter:data1\" content=\"Tar\u0131k\" \/>\n\t<meta name=\"twitter:label2\" content=\"Tahmini okuma s\u00fcresi\" \/>\n\t<meta name=\"twitter:data2\" content=\"6 dakika\" \/>\n<script type=\"application\/ld+json\" class=\"yoast-schema-graph\">{\"@context\":\"https:\/\/schema.org\",\"@graph\":[{\"@type\":\"Article\",\"@id\":\"https:\/\/narteks.net\/index.php\/2009\/11\/06\/akcaburgazli-yektanin-mahkeme-kararini-aldiginda-soyledigi-mezmurdur\/#article\",\"isPartOf\":{\"@id\":\"https:\/\/narteks.net\/index.php\/2009\/11\/06\/akcaburgazli-yektanin-mahkeme-kararini-aldiginda-soyledigi-mezmurdur\/\"},\"author\":{\"name\":\"Tar\u0131k\",\"@id\":\"https:\/\/narteks.net\/#\/schema\/person\/61f37d9834294b72d31d274e7ed79bca\"},\"headline\":\"AK\u00c7ABURGAZLI YEKTA&#8217;NIN MAHKEME KARARINI ALDI\u011eINDA S\u00d6YLED\u0130\u011e\u0130 MEZMURDUR\",\"datePublished\":\"2009-11-06T08:12:08+00:00\",\"mainEntityOfPage\":{\"@id\":\"https:\/\/narteks.net\/index.php\/2009\/11\/06\/akcaburgazli-yektanin-mahkeme-kararini-aldiginda-soyledigi-mezmurdur\/\"},\"wordCount\":1288,\"commentCount\":0,\"publisher\":{\"@id\":\"https:\/\/narteks.net\/#organization\"},\"articleSection\":[\"Turgut UYAR\"],\"inLanguage\":\"tr\",\"potentialAction\":[{\"@type\":\"CommentAction\",\"name\":\"Comment\",\"target\":[\"https:\/\/narteks.net\/index.php\/2009\/11\/06\/akcaburgazli-yektanin-mahkeme-kararini-aldiginda-soyledigi-mezmurdur\/#respond\"]}]},{\"@type\":\"WebPage\",\"@id\":\"https:\/\/narteks.net\/index.php\/2009\/11\/06\/akcaburgazli-yektanin-mahkeme-kararini-aldiginda-soyledigi-mezmurdur\/\",\"url\":\"https:\/\/narteks.net\/index.php\/2009\/11\/06\/akcaburgazli-yektanin-mahkeme-kararini-aldiginda-soyledigi-mezmurdur\/\",\"name\":\"AK\u00c7ABURGAZLI YEKTA'NIN MAHKEME KARARINI ALDI\u011eINDA S\u00d6YLED\u0130\u011e\u0130 MEZMURDUR - narteks.net\",\"isPartOf\":{\"@id\":\"https:\/\/narteks.net\/#website\"},\"datePublished\":\"2009-11-06T08:12:08+00:00\",\"breadcrumb\":{\"@id\":\"https:\/\/narteks.net\/index.php\/2009\/11\/06\/akcaburgazli-yektanin-mahkeme-kararini-aldiginda-soyledigi-mezmurdur\/#breadcrumb\"},\"inLanguage\":\"tr\",\"potentialAction\":[{\"@type\":\"ReadAction\",\"target\":[\"https:\/\/narteks.net\/index.php\/2009\/11\/06\/akcaburgazli-yektanin-mahkeme-kararini-aldiginda-soyledigi-mezmurdur\/\"]}]},{\"@type\":\"BreadcrumbList\",\"@id\":\"https:\/\/narteks.net\/index.php\/2009\/11\/06\/akcaburgazli-yektanin-mahkeme-kararini-aldiginda-soyledigi-mezmurdur\/#breadcrumb\",\"itemListElement\":[{\"@type\":\"ListItem\",\"position\":1,\"name\":\"Anasayfa\",\"item\":\"https:\/\/narteks.net\/\"},{\"@type\":\"ListItem\",\"position\":2,\"name\":\"AK\u00c7ABURGAZLI YEKTA&#8217;NIN MAHKEME KARARINI ALDI\u011eINDA S\u00d6YLED\u0130\u011e\u0130 MEZMURDUR\"}]},{\"@type\":\"WebSite\",\"@id\":\"https:\/\/narteks.net\/#website\",\"url\":\"https:\/\/narteks.net\/\",\"name\":\"narteks.net\",\"description\":\"K\u00fclt\u00fcr Sanat Edebiyat Felsefe\",\"publisher\":{\"@id\":\"https:\/\/narteks.net\/#organization\"},\"alternateName\":\"K\u00fclt\u00fcr Sanat Edebiyat Felsefe\",\"potentialAction\":[{\"@type\":\"SearchAction\",\"target\":{\"@type\":\"EntryPoint\",\"urlTemplate\":\"https:\/\/narteks.net\/?s={search_term_string}\"},\"query-input\":{\"@type\":\"PropertyValueSpecification\",\"valueRequired\":true,\"valueName\":\"search_term_string\"}}],\"inLanguage\":\"tr\"},{\"@type\":\"Organization\",\"@id\":\"https:\/\/narteks.net\/#organization\",\"name\":\"narteks.net\",\"url\":\"https:\/\/narteks.net\/\",\"logo\":{\"@type\":\"ImageObject\",\"inLanguage\":\"tr\",\"@id\":\"https:\/\/narteks.net\/#\/schema\/logo\/image\/\",\"url\":\"https:\/\/narteks.net\/wp-content\/uploads\/narteks.png\",\"contentUrl\":\"https:\/\/narteks.net\/wp-content\/uploads\/narteks.png\",\"width\":300,\"height\":90,\"caption\":\"narteks.net\"},\"image\":{\"@id\":\"https:\/\/narteks.net\/#\/schema\/logo\/image\/\"},\"sameAs\":[\"https:\/\/x.com\/narteks\",\"https:\/\/instagram.com\/narteksnet\"]},{\"@type\":\"Person\",\"@id\":\"https:\/\/narteks.net\/#\/schema\/person\/61f37d9834294b72d31d274e7ed79bca\",\"name\":\"Tar\u0131k\",\"image\":{\"@type\":\"ImageObject\",\"inLanguage\":\"tr\",\"@id\":\"https:\/\/narteks.net\/#\/schema\/person\/image\/\",\"url\":\"https:\/\/secure.gravatar.com\/avatar\/50865afb55632c4ae467e0af0930f6510aa2297d8014be502a55b14f3b7550cf?s=96&d=mm&r=g\",\"contentUrl\":\"https:\/\/secure.gravatar.com\/avatar\/50865afb55632c4ae467e0af0930f6510aa2297d8014be502a55b14f3b7550cf?s=96&d=mm&r=g\",\"caption\":\"Tar\u0131k\"},\"sameAs\":[\"http:\/\/narteks.net\"],\"url\":\"https:\/\/narteks.net\/index.php\/author\/narbak\/\"}]}<\/script>\n<!-- \/ Yoast SEO Premium plugin. -->","yoast_head_json":{"title":"AK\u00c7ABURGAZLI YEKTA'NIN MAHKEME KARARINI ALDI\u011eINDA S\u00d6YLED\u0130\u011e\u0130 MEZMURDUR - narteks.net","robots":{"index":"index","follow":"follow","max-snippet":"max-snippet:-1","max-image-preview":"max-image-preview:large","max-video-preview":"max-video-preview:-1"},"canonical":"https:\/\/narteks.net\/index.php\/2009\/11\/06\/akcaburgazli-yektanin-mahkeme-kararini-aldiginda-soyledigi-mezmurdur\/","og_locale":"tr_TR","og_type":"article","og_title":"AK\u00c7ABURGAZLI YEKTA'NIN MAHKEME KARARINI ALDI\u011eINDA S\u00d6YLED\u0130\u011e\u0130 MEZMURDUR","og_description":"\u00a0 \u00d6nce onlar\u0131n yan\u0131nda \u00e7ok iyi y\u00fcz g\u00f6rd\u00fcm. Beni kap\u0131dan kar\u015f\u0131lay\u0131p a\u011f\u0131rlarlard\u0131.Sofralar\u0131na konuk ederlerdi.Onlar iki ki\u015fiydi ben birdim.Bana elmadan s\u0131k\u0131lm\u0131\u015f so\u011fuk sular sunarlard\u0131. Kap\u0131lar\u0131n\u0131 kap\u0131m bellemi\u015ftim.Evlerinde oturacak yerim vard\u0131.\u00d6nce onlar\u0131n yan\u0131nda \u00e7ok iyi y\u00fcz g\u00f6rd\u00fcm.Evleri g\u00fcr\u00fclt\u00fcl\u00fc \u015fehirden iki bin ayak uzaktayd\u0131.Tahtadan yap\u0131lm\u0131\u015ft\u0131.Beni kap\u0131dan al\u0131rlard\u0131, -ho\u015f geldin- derlerdi, onlar\u0131 sevindirirdim.Birlikte ya\u015f\u0131yorlard\u0131, \u00e7ocuksuzdular.Birinin ad\u0131 G\u00fclbeyaz&#8217;d\u0131, o kad\u0131nd\u0131, [&hellip;]","og_url":"https:\/\/narteks.net\/index.php\/2009\/11\/06\/akcaburgazli-yektanin-mahkeme-kararini-aldiginda-soyledigi-mezmurdur\/","og_site_name":"narteks.net","article_published_time":"2009-11-06T08:12:08+00:00","og_image":[{"width":300,"height":90,"url":"https:\/\/narteks.net\/wp-content\/uploads\/narteks.png","type":"image\/png"}],"author":"Tar\u0131k","twitter_card":"summary_large_image","twitter_creator":"@narteks","twitter_site":"@narteks","twitter_misc":{"Yazan:":"Tar\u0131k","Tahmini okuma s\u00fcresi":"6 dakika"},"schema":{"@context":"https:\/\/schema.org","@graph":[{"@type":"Article","@id":"https:\/\/narteks.net\/index.php\/2009\/11\/06\/akcaburgazli-yektanin-mahkeme-kararini-aldiginda-soyledigi-mezmurdur\/#article","isPartOf":{"@id":"https:\/\/narteks.net\/index.php\/2009\/11\/06\/akcaburgazli-yektanin-mahkeme-kararini-aldiginda-soyledigi-mezmurdur\/"},"author":{"name":"Tar\u0131k","@id":"https:\/\/narteks.net\/#\/schema\/person\/61f37d9834294b72d31d274e7ed79bca"},"headline":"AK\u00c7ABURGAZLI YEKTA&#8217;NIN MAHKEME KARARINI ALDI\u011eINDA S\u00d6YLED\u0130\u011e\u0130 MEZMURDUR","datePublished":"2009-11-06T08:12:08+00:00","mainEntityOfPage":{"@id":"https:\/\/narteks.net\/index.php\/2009\/11\/06\/akcaburgazli-yektanin-mahkeme-kararini-aldiginda-soyledigi-mezmurdur\/"},"wordCount":1288,"commentCount":0,"publisher":{"@id":"https:\/\/narteks.net\/#organization"},"articleSection":["Turgut UYAR"],"inLanguage":"tr","potentialAction":[{"@type":"CommentAction","name":"Comment","target":["https:\/\/narteks.net\/index.php\/2009\/11\/06\/akcaburgazli-yektanin-mahkeme-kararini-aldiginda-soyledigi-mezmurdur\/#respond"]}]},{"@type":"WebPage","@id":"https:\/\/narteks.net\/index.php\/2009\/11\/06\/akcaburgazli-yektanin-mahkeme-kararini-aldiginda-soyledigi-mezmurdur\/","url":"https:\/\/narteks.net\/index.php\/2009\/11\/06\/akcaburgazli-yektanin-mahkeme-kararini-aldiginda-soyledigi-mezmurdur\/","name":"AK\u00c7ABURGAZLI YEKTA'NIN MAHKEME KARARINI ALDI\u011eINDA S\u00d6YLED\u0130\u011e\u0130 MEZMURDUR - narteks.net","isPartOf":{"@id":"https:\/\/narteks.net\/#website"},"datePublished":"2009-11-06T08:12:08+00:00","breadcrumb":{"@id":"https:\/\/narteks.net\/index.php\/2009\/11\/06\/akcaburgazli-yektanin-mahkeme-kararini-aldiginda-soyledigi-mezmurdur\/#breadcrumb"},"inLanguage":"tr","potentialAction":[{"@type":"ReadAction","target":["https:\/\/narteks.net\/index.php\/2009\/11\/06\/akcaburgazli-yektanin-mahkeme-kararini-aldiginda-soyledigi-mezmurdur\/"]}]},{"@type":"BreadcrumbList","@id":"https:\/\/narteks.net\/index.php\/2009\/11\/06\/akcaburgazli-yektanin-mahkeme-kararini-aldiginda-soyledigi-mezmurdur\/#breadcrumb","itemListElement":[{"@type":"ListItem","position":1,"name":"Anasayfa","item":"https:\/\/narteks.net\/"},{"@type":"ListItem","position":2,"name":"AK\u00c7ABURGAZLI YEKTA&#8217;NIN MAHKEME KARARINI ALDI\u011eINDA S\u00d6YLED\u0130\u011e\u0130 MEZMURDUR"}]},{"@type":"WebSite","@id":"https:\/\/narteks.net\/#website","url":"https:\/\/narteks.net\/","name":"narteks.net","description":"K\u00fclt\u00fcr Sanat Edebiyat Felsefe","publisher":{"@id":"https:\/\/narteks.net\/#organization"},"alternateName":"K\u00fclt\u00fcr Sanat Edebiyat Felsefe","potentialAction":[{"@type":"SearchAction","target":{"@type":"EntryPoint","urlTemplate":"https:\/\/narteks.net\/?s={search_term_string}"},"query-input":{"@type":"PropertyValueSpecification","valueRequired":true,"valueName":"search_term_string"}}],"inLanguage":"tr"},{"@type":"Organization","@id":"https:\/\/narteks.net\/#organization","name":"narteks.net","url":"https:\/\/narteks.net\/","logo":{"@type":"ImageObject","inLanguage":"tr","@id":"https:\/\/narteks.net\/#\/schema\/logo\/image\/","url":"https:\/\/narteks.net\/wp-content\/uploads\/narteks.png","contentUrl":"https:\/\/narteks.net\/wp-content\/uploads\/narteks.png","width":300,"height":90,"caption":"narteks.net"},"image":{"@id":"https:\/\/narteks.net\/#\/schema\/logo\/image\/"},"sameAs":["https:\/\/x.com\/narteks","https:\/\/instagram.com\/narteksnet"]},{"@type":"Person","@id":"https:\/\/narteks.net\/#\/schema\/person\/61f37d9834294b72d31d274e7ed79bca","name":"Tar\u0131k","image":{"@type":"ImageObject","inLanguage":"tr","@id":"https:\/\/narteks.net\/#\/schema\/person\/image\/","url":"https:\/\/secure.gravatar.com\/avatar\/50865afb55632c4ae467e0af0930f6510aa2297d8014be502a55b14f3b7550cf?s=96&d=mm&r=g","contentUrl":"https:\/\/secure.gravatar.com\/avatar\/50865afb55632c4ae467e0af0930f6510aa2297d8014be502a55b14f3b7550cf?s=96&d=mm&r=g","caption":"Tar\u0131k"},"sameAs":["http:\/\/narteks.net"],"url":"https:\/\/narteks.net\/index.php\/author\/narbak\/"}]}},"_links":{"self":[{"href":"https:\/\/narteks.net\/index.php\/wp-json\/wp\/v2\/posts\/1221","targetHints":{"allow":["GET"]}}],"collection":[{"href":"https:\/\/narteks.net\/index.php\/wp-json\/wp\/v2\/posts"}],"about":[{"href":"https:\/\/narteks.net\/index.php\/wp-json\/wp\/v2\/types\/post"}],"author":[{"embeddable":true,"href":"https:\/\/narteks.net\/index.php\/wp-json\/wp\/v2\/users\/1"}],"replies":[{"embeddable":true,"href":"https:\/\/narteks.net\/index.php\/wp-json\/wp\/v2\/comments?post=1221"}],"version-history":[{"count":0,"href":"https:\/\/narteks.net\/index.php\/wp-json\/wp\/v2\/posts\/1221\/revisions"}],"wp:attachment":[{"href":"https:\/\/narteks.net\/index.php\/wp-json\/wp\/v2\/media?parent=1221"}],"wp:term":[{"taxonomy":"category","embeddable":true,"href":"https:\/\/narteks.net\/index.php\/wp-json\/wp\/v2\/categories?post=1221"},{"taxonomy":"post_tag","embeddable":true,"href":"https:\/\/narteks.net\/index.php\/wp-json\/wp\/v2\/tags?post=1221"}],"curies":[{"name":"wp","href":"https:\/\/api.w.org\/{rel}","templated":true}]}}