{"id":1223,"date":"2009-11-06T11:15:43","date_gmt":"2009-11-06T08:15:43","guid":{"rendered":"http:\/\/localhost\/wordpress\/2009\/11\/06\/ayagimin-tozuyla\/"},"modified":"2009-11-06T11:15:43","modified_gmt":"2009-11-06T08:15:43","slug":"ayagimin-tozuyla","status":"publish","type":"post","link":"https:\/\/narteks.net\/index.php\/2009\/11\/06\/ayagimin-tozuyla\/","title":{"rendered":"AYA\u011eIMIN TOZUYLA"},"content":{"rendered":"<p>\u00a0<\/p>\n<p>aya\u011f\u0131m\u0131n tozuyla girdi\u011fim mevsim yazd\u0131r<br \/>yumu\u015fakt\u0131r<br \/>insana her \u015feyi yanl\u0131\u015f an\u0131msat\u0131r<br \/>\u00e7\u00fcnk\u00fc bellek yan\u0131lmaya haz\u0131rd\u0131r<br \/>balkona koydu\u011fumuz tur\u015fu<br \/>ek\u015firken ek\u015firken g\u00fcne\u015fi parlat\u0131r<br \/>ve insan bat\u0131r\u0131r sedef kakmal\u0131 bir gemiyi<br \/>ki sahibi d\u00fcnya g\u00fczeli bir kad\u0131nd\u0131r<br \/>oysa denize bir mevsim yeter<br \/>sular ge\u00e7er bal\u0131klar ge\u00e7er<br \/>bas\u0131k bir ak\u015fam \u00fcst\u00fc bir iskelede<br \/>herkes dostuna bir \u015feyler anlat\u0131r<br \/>b\u00fcy\u00fck g\u00f6lge verir b\u00fcy\u00fck renkler<br \/>sevincin sonu yazd\u0131r<br \/>b\u00fcy\u00fck sevincin<br \/>oysa ba\u015f\u0131 say\u0131l\u0131r<br \/>bas\u0131kt\u0131r ak\u015fam \u00fcst\u00fcd\u00fcr oymal\u0131d\u0131r<br \/>suya dayanmaz<br \/>ama bana kal\u0131rsa dayanmal\u0131d\u0131r<br \/>\u015fimdi nedir ilk bak\u0131\u015fta yitirilen<br \/>ey g\u00f6zleri maden<br \/>ey ilk g\u00fcne\u015f saatinin \u00e7ubu\u011fu<br \/>de ki a\u015fk pusudad\u0131r ve bir d\u00fckkanda<br \/>\u00f6l\u00fcms\u00fczl\u00fc\u011f\u00fcn m\u00fchr\u00fcn\u00fc kaz\u0131r<br \/>suyu avucuyla \u00f6l\u00e7en ilk budun<br \/>usumu kurcal\u0131yor ne zamand\u0131r<br \/>ve ba\u015fucumda bir koku<br \/>bir koku<br \/>beni durmadan \u0131slat\u0131r<\/p>\n<p>Turgut UYAR<\/p>\n","protected":false},"excerpt":{"rendered":"<p>\u00a0 aya\u011f\u0131m\u0131n tozuyla girdi\u011fim mevsim yazd\u0131ryumu\u015fakt\u0131rinsana her \u015feyi yanl\u0131\u015f an\u0131msat\u0131r\u00e7\u00fcnk\u00fc bellek yan\u0131lmaya haz\u0131rd\u0131rbalkona koydu\u011fumuz tur\u015fuek\u015firken ek\u015firken g\u00fcne\u015fi parlat\u0131rve insan bat\u0131r\u0131r sedef kakmal\u0131 bir gemiyiki sahibi d\u00fcnya g\u00fczeli bir kad\u0131nd\u0131roysa denize bir mevsim yetersular ge\u00e7er bal\u0131klar ge\u00e7erbas\u0131k bir ak\u015fam \u00fcst\u00fc bir iskeledeherkes dostuna bir \u015feyler anlat\u0131rb\u00fcy\u00fck g\u00f6lge verir b\u00fcy\u00fck renklersevincin sonu yazd\u0131rb\u00fcy\u00fck sevincinoysa ba\u015f\u0131 say\u0131l\u0131rbas\u0131kt\u0131r ak\u015fam [&hellip;]<\/p>\n","protected":false},"author":1,"featured_media":0,"comment_status":"open","ping_status":"open","sticky":false,"template":"","format":"standard","meta":{"footnotes":""},"categories":[65],"tags":[],"class_list":{"0":"post-1223","1":"post","2":"type-post","3":"status-publish","4":"format-standard","6":"category-turgut-uyar"},"yoast_head":"<!-- This site is optimized with the Yoast SEO Premium plugin v24.9 (Yoast SEO v24.9) - https:\/\/yoast.com\/wordpress\/plugins\/seo\/ -->\n<title>AYA\u011eIMIN TOZUYLA - narteks.net<\/title>\n<meta name=\"robots\" content=\"index, follow, max-snippet:-1, max-image-preview:large, max-video-preview:-1\" \/>\n<link rel=\"canonical\" href=\"https:\/\/narteks.net\/index.php\/2009\/11\/06\/ayagimin-tozuyla\/\" \/>\n<meta property=\"og:locale\" content=\"tr_TR\" \/>\n<meta property=\"og:type\" content=\"article\" \/>\n<meta property=\"og:title\" content=\"AYA\u011eIMIN TOZUYLA\" \/>\n<meta property=\"og:description\" content=\"\u00a0 aya\u011f\u0131m\u0131n tozuyla girdi\u011fim mevsim yazd\u0131ryumu\u015fakt\u0131rinsana her \u015feyi yanl\u0131\u015f an\u0131msat\u0131r\u00e7\u00fcnk\u00fc bellek yan\u0131lmaya haz\u0131rd\u0131rbalkona koydu\u011fumuz tur\u015fuek\u015firken ek\u015firken g\u00fcne\u015fi parlat\u0131rve insan bat\u0131r\u0131r sedef kakmal\u0131 bir gemiyiki sahibi d\u00fcnya g\u00fczeli bir kad\u0131nd\u0131roysa denize bir mevsim yetersular ge\u00e7er bal\u0131klar ge\u00e7erbas\u0131k bir ak\u015fam \u00fcst\u00fc bir iskeledeherkes dostuna bir \u015feyler anlat\u0131rb\u00fcy\u00fck g\u00f6lge verir b\u00fcy\u00fck renklersevincin sonu yazd\u0131rb\u00fcy\u00fck sevincinoysa ba\u015f\u0131 say\u0131l\u0131rbas\u0131kt\u0131r ak\u015fam [&hellip;]\" \/>\n<meta property=\"og:url\" content=\"https:\/\/narteks.net\/index.php\/2009\/11\/06\/ayagimin-tozuyla\/\" \/>\n<meta property=\"og:site_name\" content=\"narteks.net\" \/>\n<meta property=\"article:published_time\" content=\"2009-11-06T08:15:43+00:00\" \/>\n<meta property=\"og:image\" content=\"https:\/\/narteks.net\/wp-content\/uploads\/narteks.png\" \/>\n\t<meta property=\"og:image:width\" content=\"300\" \/>\n\t<meta property=\"og:image:height\" content=\"90\" \/>\n\t<meta property=\"og:image:type\" content=\"image\/png\" \/>\n<meta name=\"author\" content=\"Tar\u0131k\" \/>\n<meta name=\"twitter:card\" content=\"summary_large_image\" \/>\n<meta name=\"twitter:creator\" content=\"@narteks\" \/>\n<meta name=\"twitter:site\" content=\"@narteks\" \/>\n<meta name=\"twitter:label1\" content=\"Yazan:\" \/>\n\t<meta name=\"twitter:data1\" content=\"Tar\u0131k\" \/>\n\t<meta name=\"twitter:label2\" content=\"Tahmini okuma s\u00fcresi\" \/>\n\t<meta name=\"twitter:data2\" content=\"1 dakika\" \/>\n<script type=\"application\/ld+json\" class=\"yoast-schema-graph\">{\"@context\":\"https:\/\/schema.org\",\"@graph\":[{\"@type\":\"Article\",\"@id\":\"https:\/\/narteks.net\/index.php\/2009\/11\/06\/ayagimin-tozuyla\/#article\",\"isPartOf\":{\"@id\":\"https:\/\/narteks.net\/index.php\/2009\/11\/06\/ayagimin-tozuyla\/\"},\"author\":{\"name\":\"Tar\u0131k\",\"@id\":\"https:\/\/narteks.net\/#\/schema\/person\/61f37d9834294b72d31d274e7ed79bca\"},\"headline\":\"AYA\u011eIMIN TOZUYLA\",\"datePublished\":\"2009-11-06T08:15:43+00:00\",\"mainEntityOfPage\":{\"@id\":\"https:\/\/narteks.net\/index.php\/2009\/11\/06\/ayagimin-tozuyla\/\"},\"wordCount\":167,\"commentCount\":0,\"publisher\":{\"@id\":\"https:\/\/narteks.net\/#organization\"},\"articleSection\":[\"Turgut UYAR\"],\"inLanguage\":\"tr\",\"potentialAction\":[{\"@type\":\"CommentAction\",\"name\":\"Comment\",\"target\":[\"https:\/\/narteks.net\/index.php\/2009\/11\/06\/ayagimin-tozuyla\/#respond\"]}]},{\"@type\":\"WebPage\",\"@id\":\"https:\/\/narteks.net\/index.php\/2009\/11\/06\/ayagimin-tozuyla\/\",\"url\":\"https:\/\/narteks.net\/index.php\/2009\/11\/06\/ayagimin-tozuyla\/\",\"name\":\"AYA\u011eIMIN TOZUYLA - narteks.net\",\"isPartOf\":{\"@id\":\"https:\/\/narteks.net\/#website\"},\"datePublished\":\"2009-11-06T08:15:43+00:00\",\"breadcrumb\":{\"@id\":\"https:\/\/narteks.net\/index.php\/2009\/11\/06\/ayagimin-tozuyla\/#breadcrumb\"},\"inLanguage\":\"tr\",\"potentialAction\":[{\"@type\":\"ReadAction\",\"target\":[\"https:\/\/narteks.net\/index.php\/2009\/11\/06\/ayagimin-tozuyla\/\"]}]},{\"@type\":\"BreadcrumbList\",\"@id\":\"https:\/\/narteks.net\/index.php\/2009\/11\/06\/ayagimin-tozuyla\/#breadcrumb\",\"itemListElement\":[{\"@type\":\"ListItem\",\"position\":1,\"name\":\"Anasayfa\",\"item\":\"https:\/\/narteks.net\/\"},{\"@type\":\"ListItem\",\"position\":2,\"name\":\"AYA\u011eIMIN TOZUYLA\"}]},{\"@type\":\"WebSite\",\"@id\":\"https:\/\/narteks.net\/#website\",\"url\":\"https:\/\/narteks.net\/\",\"name\":\"narteks.net\",\"description\":\"K\u00fclt\u00fcr Sanat Edebiyat Felsefe\",\"publisher\":{\"@id\":\"https:\/\/narteks.net\/#organization\"},\"alternateName\":\"K\u00fclt\u00fcr Sanat Edebiyat Felsefe\",\"potentialAction\":[{\"@type\":\"SearchAction\",\"target\":{\"@type\":\"EntryPoint\",\"urlTemplate\":\"https:\/\/narteks.net\/?s={search_term_string}\"},\"query-input\":{\"@type\":\"PropertyValueSpecification\",\"valueRequired\":true,\"valueName\":\"search_term_string\"}}],\"inLanguage\":\"tr\"},{\"@type\":\"Organization\",\"@id\":\"https:\/\/narteks.net\/#organization\",\"name\":\"narteks.net\",\"url\":\"https:\/\/narteks.net\/\",\"logo\":{\"@type\":\"ImageObject\",\"inLanguage\":\"tr\",\"@id\":\"https:\/\/narteks.net\/#\/schema\/logo\/image\/\",\"url\":\"https:\/\/narteks.net\/wp-content\/uploads\/narteks.png\",\"contentUrl\":\"https:\/\/narteks.net\/wp-content\/uploads\/narteks.png\",\"width\":300,\"height\":90,\"caption\":\"narteks.net\"},\"image\":{\"@id\":\"https:\/\/narteks.net\/#\/schema\/logo\/image\/\"},\"sameAs\":[\"https:\/\/x.com\/narteks\",\"https:\/\/instagram.com\/narteksnet\"]},{\"@type\":\"Person\",\"@id\":\"https:\/\/narteks.net\/#\/schema\/person\/61f37d9834294b72d31d274e7ed79bca\",\"name\":\"Tar\u0131k\",\"image\":{\"@type\":\"ImageObject\",\"inLanguage\":\"tr\",\"@id\":\"https:\/\/narteks.net\/#\/schema\/person\/image\/\",\"url\":\"https:\/\/secure.gravatar.com\/avatar\/50865afb55632c4ae467e0af0930f6510aa2297d8014be502a55b14f3b7550cf?s=96&d=mm&r=g\",\"contentUrl\":\"https:\/\/secure.gravatar.com\/avatar\/50865afb55632c4ae467e0af0930f6510aa2297d8014be502a55b14f3b7550cf?s=96&d=mm&r=g\",\"caption\":\"Tar\u0131k\"},\"sameAs\":[\"http:\/\/narteks.net\"],\"url\":\"https:\/\/narteks.net\/index.php\/author\/narbak\/\"}]}<\/script>\n<!-- \/ Yoast SEO Premium plugin. -->","yoast_head_json":{"title":"AYA\u011eIMIN TOZUYLA - narteks.net","robots":{"index":"index","follow":"follow","max-snippet":"max-snippet:-1","max-image-preview":"max-image-preview:large","max-video-preview":"max-video-preview:-1"},"canonical":"https:\/\/narteks.net\/index.php\/2009\/11\/06\/ayagimin-tozuyla\/","og_locale":"tr_TR","og_type":"article","og_title":"AYA\u011eIMIN TOZUYLA","og_description":"\u00a0 aya\u011f\u0131m\u0131n tozuyla girdi\u011fim mevsim yazd\u0131ryumu\u015fakt\u0131rinsana her \u015feyi yanl\u0131\u015f an\u0131msat\u0131r\u00e7\u00fcnk\u00fc bellek yan\u0131lmaya haz\u0131rd\u0131rbalkona koydu\u011fumuz tur\u015fuek\u015firken ek\u015firken g\u00fcne\u015fi parlat\u0131rve insan bat\u0131r\u0131r sedef kakmal\u0131 bir gemiyiki sahibi d\u00fcnya g\u00fczeli bir kad\u0131nd\u0131roysa denize bir mevsim yetersular ge\u00e7er bal\u0131klar ge\u00e7erbas\u0131k bir ak\u015fam \u00fcst\u00fc bir iskeledeherkes dostuna bir \u015feyler anlat\u0131rb\u00fcy\u00fck g\u00f6lge verir b\u00fcy\u00fck renklersevincin sonu yazd\u0131rb\u00fcy\u00fck sevincinoysa ba\u015f\u0131 say\u0131l\u0131rbas\u0131kt\u0131r ak\u015fam [&hellip;]","og_url":"https:\/\/narteks.net\/index.php\/2009\/11\/06\/ayagimin-tozuyla\/","og_site_name":"narteks.net","article_published_time":"2009-11-06T08:15:43+00:00","og_image":[{"width":300,"height":90,"url":"https:\/\/narteks.net\/wp-content\/uploads\/narteks.png","type":"image\/png"}],"author":"Tar\u0131k","twitter_card":"summary_large_image","twitter_creator":"@narteks","twitter_site":"@narteks","twitter_misc":{"Yazan:":"Tar\u0131k","Tahmini okuma s\u00fcresi":"1 dakika"},"schema":{"@context":"https:\/\/schema.org","@graph":[{"@type":"Article","@id":"https:\/\/narteks.net\/index.php\/2009\/11\/06\/ayagimin-tozuyla\/#article","isPartOf":{"@id":"https:\/\/narteks.net\/index.php\/2009\/11\/06\/ayagimin-tozuyla\/"},"author":{"name":"Tar\u0131k","@id":"https:\/\/narteks.net\/#\/schema\/person\/61f37d9834294b72d31d274e7ed79bca"},"headline":"AYA\u011eIMIN TOZUYLA","datePublished":"2009-11-06T08:15:43+00:00","mainEntityOfPage":{"@id":"https:\/\/narteks.net\/index.php\/2009\/11\/06\/ayagimin-tozuyla\/"},"wordCount":167,"commentCount":0,"publisher":{"@id":"https:\/\/narteks.net\/#organization"},"articleSection":["Turgut UYAR"],"inLanguage":"tr","potentialAction":[{"@type":"CommentAction","name":"Comment","target":["https:\/\/narteks.net\/index.php\/2009\/11\/06\/ayagimin-tozuyla\/#respond"]}]},{"@type":"WebPage","@id":"https:\/\/narteks.net\/index.php\/2009\/11\/06\/ayagimin-tozuyla\/","url":"https:\/\/narteks.net\/index.php\/2009\/11\/06\/ayagimin-tozuyla\/","name":"AYA\u011eIMIN TOZUYLA - narteks.net","isPartOf":{"@id":"https:\/\/narteks.net\/#website"},"datePublished":"2009-11-06T08:15:43+00:00","breadcrumb":{"@id":"https:\/\/narteks.net\/index.php\/2009\/11\/06\/ayagimin-tozuyla\/#breadcrumb"},"inLanguage":"tr","potentialAction":[{"@type":"ReadAction","target":["https:\/\/narteks.net\/index.php\/2009\/11\/06\/ayagimin-tozuyla\/"]}]},{"@type":"BreadcrumbList","@id":"https:\/\/narteks.net\/index.php\/2009\/11\/06\/ayagimin-tozuyla\/#breadcrumb","itemListElement":[{"@type":"ListItem","position":1,"name":"Anasayfa","item":"https:\/\/narteks.net\/"},{"@type":"ListItem","position":2,"name":"AYA\u011eIMIN TOZUYLA"}]},{"@type":"WebSite","@id":"https:\/\/narteks.net\/#website","url":"https:\/\/narteks.net\/","name":"narteks.net","description":"K\u00fclt\u00fcr Sanat Edebiyat Felsefe","publisher":{"@id":"https:\/\/narteks.net\/#organization"},"alternateName":"K\u00fclt\u00fcr Sanat Edebiyat Felsefe","potentialAction":[{"@type":"SearchAction","target":{"@type":"EntryPoint","urlTemplate":"https:\/\/narteks.net\/?s={search_term_string}"},"query-input":{"@type":"PropertyValueSpecification","valueRequired":true,"valueName":"search_term_string"}}],"inLanguage":"tr"},{"@type":"Organization","@id":"https:\/\/narteks.net\/#organization","name":"narteks.net","url":"https:\/\/narteks.net\/","logo":{"@type":"ImageObject","inLanguage":"tr","@id":"https:\/\/narteks.net\/#\/schema\/logo\/image\/","url":"https:\/\/narteks.net\/wp-content\/uploads\/narteks.png","contentUrl":"https:\/\/narteks.net\/wp-content\/uploads\/narteks.png","width":300,"height":90,"caption":"narteks.net"},"image":{"@id":"https:\/\/narteks.net\/#\/schema\/logo\/image\/"},"sameAs":["https:\/\/x.com\/narteks","https:\/\/instagram.com\/narteksnet"]},{"@type":"Person","@id":"https:\/\/narteks.net\/#\/schema\/person\/61f37d9834294b72d31d274e7ed79bca","name":"Tar\u0131k","image":{"@type":"ImageObject","inLanguage":"tr","@id":"https:\/\/narteks.net\/#\/schema\/person\/image\/","url":"https:\/\/secure.gravatar.com\/avatar\/50865afb55632c4ae467e0af0930f6510aa2297d8014be502a55b14f3b7550cf?s=96&d=mm&r=g","contentUrl":"https:\/\/secure.gravatar.com\/avatar\/50865afb55632c4ae467e0af0930f6510aa2297d8014be502a55b14f3b7550cf?s=96&d=mm&r=g","caption":"Tar\u0131k"},"sameAs":["http:\/\/narteks.net"],"url":"https:\/\/narteks.net\/index.php\/author\/narbak\/"}]}},"_links":{"self":[{"href":"https:\/\/narteks.net\/index.php\/wp-json\/wp\/v2\/posts\/1223","targetHints":{"allow":["GET"]}}],"collection":[{"href":"https:\/\/narteks.net\/index.php\/wp-json\/wp\/v2\/posts"}],"about":[{"href":"https:\/\/narteks.net\/index.php\/wp-json\/wp\/v2\/types\/post"}],"author":[{"embeddable":true,"href":"https:\/\/narteks.net\/index.php\/wp-json\/wp\/v2\/users\/1"}],"replies":[{"embeddable":true,"href":"https:\/\/narteks.net\/index.php\/wp-json\/wp\/v2\/comments?post=1223"}],"version-history":[{"count":0,"href":"https:\/\/narteks.net\/index.php\/wp-json\/wp\/v2\/posts\/1223\/revisions"}],"wp:attachment":[{"href":"https:\/\/narteks.net\/index.php\/wp-json\/wp\/v2\/media?parent=1223"}],"wp:term":[{"taxonomy":"category","embeddable":true,"href":"https:\/\/narteks.net\/index.php\/wp-json\/wp\/v2\/categories?post=1223"},{"taxonomy":"post_tag","embeddable":true,"href":"https:\/\/narteks.net\/index.php\/wp-json\/wp\/v2\/tags?post=1223"}],"curies":[{"name":"wp","href":"https:\/\/api.w.org\/{rel}","templated":true}]}}